{"id":2275,"date":"2020-04-22T19:31:27","date_gmt":"2020-04-22T22:31:27","guid":{"rendered":"http:\/\/cfcontabil.com\/cf\/?p=2275"},"modified":"2020-04-22T19:31:27","modified_gmt":"2020-04-22T22:31:27","slug":"gdf-determina-abertura-de-novos-espacos","status":"publish","type":"post","link":"http:\/\/cfcontabil.com\/cf\/gdf-determina-abertura-de-novos-espacos\/","title":{"rendered":"GDF determina abertura de novos espa\u00e7os"},"content":{"rendered":"<p>Medida publicada em edi\u00e7\u00e3o extra do DODF desta quarta-feira (22), libera reabertura de escrit\u00f3rios de advocacia, contabilidade, engenharia e arquitetura, al\u00e9m de imobili\u00e1rias<\/p>\n<p><a href=\"https:\/\/i0.wp.com\/cfcontabil.com\/cf\/wp-content\/uploads\/2020\/04\/abertura_contabilidade.jpeg\"><img data-recalc-dims=\"1\" fetchpriority=\"high\" decoding=\"async\" data-attachment-id=\"2276\" data-permalink=\"http:\/\/cfcontabil.com\/cf\/gdf-determina-abertura-de-novos-espacos\/abertura_contabilidade\/\" data-orig-file=\"https:\/\/i0.wp.com\/cfcontabil.com\/cf\/wp-content\/uploads\/2020\/04\/abertura_contabilidade.jpeg?fit=1080%2C1080\" data-orig-size=\"1080,1080\" data-comments-opened=\"1\" data-image-meta=\"{&quot;aperture&quot;:&quot;0&quot;,&quot;credit&quot;:&quot;&quot;,&quot;camera&quot;:&quot;&quot;,&quot;caption&quot;:&quot;&quot;,&quot;created_timestamp&quot;:&quot;0&quot;,&quot;copyright&quot;:&quot;&quot;,&quot;focal_length&quot;:&quot;0&quot;,&quot;iso&quot;:&quot;0&quot;,&quot;shutter_speed&quot;:&quot;0&quot;,&quot;title&quot;:&quot;&quot;,&quot;orientation&quot;:&quot;0&quot;}\" data-image-title=\"abertura_contabilidade\" data-image-description=\"\" data-image-caption=\"\" data-large-file=\"https:\/\/i0.wp.com\/cfcontabil.com\/cf\/wp-content\/uploads\/2020\/04\/abertura_contabilidade.jpeg?fit=1024%2C1024\" class=\"aligncenter size-full wp-image-2276\" src=\"https:\/\/i0.wp.com\/cfcontabil.com\/cf\/wp-content\/uploads\/2020\/04\/abertura_contabilidade.jpeg?resize=1080%2C1080\" alt=\"\" width=\"1080\" height=\"1080\" srcset=\"https:\/\/i0.wp.com\/cfcontabil.com\/cf\/wp-content\/uploads\/2020\/04\/abertura_contabilidade.jpeg?w=1080 1080w, https:\/\/i0.wp.com\/cfcontabil.com\/cf\/wp-content\/uploads\/2020\/04\/abertura_contabilidade.jpeg?resize=300%2C300 300w, https:\/\/i0.wp.com\/cfcontabil.com\/cf\/wp-content\/uploads\/2020\/04\/abertura_contabilidade.jpeg?resize=1024%2C1024 1024w, https:\/\/i0.wp.com\/cfcontabil.com\/cf\/wp-content\/uploads\/2020\/04\/abertura_contabilidade.jpeg?resize=150%2C150 150w, https:\/\/i0.wp.com\/cfcontabil.com\/cf\/wp-content\/uploads\/2020\/04\/abertura_contabilidade.jpeg?resize=768%2C768 768w, https:\/\/i0.wp.com\/cfcontabil.com\/cf\/wp-content\/uploads\/2020\/04\/abertura_contabilidade.jpeg?resize=370%2C370 370w, https:\/\/i0.wp.com\/cfcontabil.com\/cf\/wp-content\/uploads\/2020\/04\/abertura_contabilidade.jpeg?resize=75%2C75 75w, https:\/\/i0.wp.com\/cfcontabil.com\/cf\/wp-content\/uploads\/2020\/04\/abertura_contabilidade.jpeg?resize=770%2C770 770w\" sizes=\"(max-width: 1080px) 100vw, 1080px\" \/><\/a><\/p>\n<p>Escrit\u00f3rios de advocacia, contabilidade, engenharia e arquitetura passam a funcionar a partir de hoje (22). Decreto liberando as atividades desses setores foi publicado na tarde desta quarta-feira no Di\u00e1rio Oficial do DF. Segundo a norma, publicado em edi\u00e7\u00e3o extra, imobili\u00e1rias tamb\u00e9m voltar\u00e3o a abrir suas portas. Medida sai quase duas semanas depois de o governo autorizar a reabertura de lojas de m\u00f3veis e eletrodom\u00e9sticos. O governador Ibaneis Rocha ainda estuda possibilidade de o com\u00e9rcio voltar a funcionar no DF a partir do pr\u00f3ximo dia (3) de maio.<\/p>\n<p>Por determina\u00e7\u00e3o do decreto de n\u00famero 40.583, de 1\u00ba de abril, v\u00e1rios segmentos da sociedade est\u00e3o trabalhando em sistema de\u00a0<em>home office\u00a0<\/em>ou interromperam completamente suas atividades. Medida foi tomada para impedir o avan\u00e7o de cont\u00e1gio da Covid-19. Vale lembrar que a reabertura desses estabelecimentos acontece mediante a a\u00e7\u00f5es rigorosas no dia a dia, como o uso sistem\u00e1tico de term\u00f4metros, \u00e1lcool em gel e m\u00e1scaras.<\/p>\n<p>Fonte: Agencia Brasilia<\/p>\n","protected":false},"excerpt":{"rendered":"<p>Medida publicada em edi\u00e7\u00e3o extra do DODF desta quarta-feira (22), libera reabertura de escrit\u00f3rios de advocacia, contabilidade, engenharia e arquitetura, al\u00e9m de imobili\u00e1rias Escrit\u00f3rios de advocacia, contabilidade, engenharia e arquitetura passam a funcionar a partir de hoje (22). Decreto liberando as atividades desses setores foi publicado na tarde desta quarta-feira no Di\u00e1rio Oficial do DF. [&hellip;]<\/p>\n","protected":false},"author":1,"featured_media":2277,"comment_status":"open","ping_status":"open","sticky":false,"template":"","format":"standard","meta":{"jetpack_post_was_ever_published":false,"_jetpack_newsletter_access":"","_jetpack_dont_email_post_to_subs":false,"_jetpack_newsletter_tier_id":0,"_jetpack_memberships_contains_paywalled_content":false,"_jetpack_memberships_contains_paid_content":false,"footnotes":"","jetpack_publicize_message":"","jetpack_publicize_feature_enabled":true,"jetpack_social_post_already_shared":true,"jetpack_social_options":{"image_generator_settings":{"template":"highway","default_image_id":0,"font":"","enabled":false},"version":2}},"categories":[22],"tags":[700,21,431,792,793],"class_list":["post-2275","post","type-post","status-publish","format-standard","has-post-thumbnail","hentry","category-geral","tag-abertura","tag-contabilidade","tag-decreto","tag-escritorios","tag-profissionais"],"jetpack_publicize_connections":[],"jetpack_featured_media_url":"https:\/\/i0.wp.com\/cfcontabil.com\/cf\/wp-content\/uploads\/2020\/04\/abertura_contabilidade_blog.jpeg?fit=1280%2C720","jetpack_sharing_enabled":true,"jetpack_shortlink":"https:\/\/wp.me\/p2wklX-AH","jetpack-related-posts":[{"id":2279,"url":"http:\/\/cfcontabil.com\/cf\/coronavirus-gdf-permite-abertura-de-armarinhos-e-lojas-de-tecido\/","url_meta":{"origin":2275,"position":0},"title":"Coronav\u00edrus: GDF permite abertura de armarinhos e lojas de tecido","author":"Ab\u00edlio Gon\u00e7alves","date":"25 de abril de 2020","format":false,"excerpt":"\u00d3ticas, lojas de todo o setor moveleiro e da \u00e1rea de eletrodom\u00e9sticos j\u00e1 haviam sido autorizadas a funcionar em decreto anterior Governo do Distrito Federal (GDF) liberou a abertura de lojas de tecido e armarinhos durante o per\u00edodo de restri\u00e7\u00f5es ao com\u00e9rcio decorrentes da pandemia do\u00a0novo coronav\u00edrus. Decreto assinado pelo\u2026","rel":"","context":"Em &quot;Geral&quot;","block_context":{"text":"Geral","link":"http:\/\/cfcontabil.com\/cf\/category\/geral\/"},"img":{"alt_text":"","src":"https:\/\/i0.wp.com\/cfcontabil.com\/cf\/wp-content\/uploads\/2020\/04\/loja_tecidos.jpg?fit=460%2C242&resize=350%2C200","width":350,"height":200},"classes":[]},{"id":2267,"url":"http:\/\/cfcontabil.com\/cf\/coronavirus-governo-libera-o-funcionamento-de-oticas-no-df\/","url_meta":{"origin":2275,"position":1},"title":"Coronav\u00edrus: governo libera o funcionamento de \u00f3ticas no DF","author":"Ab\u00edlio Gon\u00e7alves","date":"15 de abril de 2020","format":false,"excerpt":"Decreto que permite a abertura das lojas foi publicado em edi\u00e7\u00e3o extra do Di\u00e1rio Oficial dessa ter\u00e7a-feira (14\/04) O Governo do Distrito Federal (GDF)\u00a0liberou a abertura de \u00f3ticas durante o per\u00edodo de restri\u00e7\u00f5es ao com\u00e9rcio decorrentes da\u00a0pandemia do novo coronav\u00edrus. A medida foi publicada em edi\u00e7\u00e3o extra do Di\u00e1rio Oficial\u2026","rel":"","context":"Em &quot;Geral&quot;","block_context":{"text":"Geral","link":"http:\/\/cfcontabil.com\/cf\/category\/geral\/"},"img":{"alt_text":"","src":"https:\/\/i0.wp.com\/cfcontabil.com\/cf\/wp-content\/uploads\/2020\/04\/otica-960x640-1.jpg?fit=960%2C640&resize=350%2C200","width":350,"height":200,"srcset":"https:\/\/i0.wp.com\/cfcontabil.com\/cf\/wp-content\/uploads\/2020\/04\/otica-960x640-1.jpg?fit=960%2C640&resize=350%2C200 1x, https:\/\/i0.wp.com\/cfcontabil.com\/cf\/wp-content\/uploads\/2020\/04\/otica-960x640-1.jpg?fit=960%2C640&resize=525%2C300 1.5x, https:\/\/i0.wp.com\/cfcontabil.com\/cf\/wp-content\/uploads\/2020\/04\/otica-960x640-1.jpg?fit=960%2C640&resize=700%2C400 2x"},"classes":[]},{"id":540,"url":"http:\/\/cfcontabil.com\/cf\/programa-de-recuperacao-de-creditos-tributarios-do-distrito-federal-recuperadf\/","url_meta":{"origin":2275,"position":2},"title":"PROGRAMA DE RECUPERA\u00c7\u00c3O DE CR\u00c9DITOS TRIBUT\u00c1RIOS DO DISTRITO FEDERAL (RECUPERA\/DF)","author":"Vin\u00edcius Moizinho","date":"25 de julho de 2014","format":false,"excerpt":"O Governador do Distrito Federal, atrav\u00e9s do Decreto n\u00ba 35.648\/2014 (DOE de 23\/07\/2014), regulamentou a Lei n\u00ba 5.365\/2014, que institui a terceira fase do Programa de Recupera\u00e7\u00e3o de Cr\u00e9ditos Tribut\u00e1rios do Distrito Federal (RECUPERA-DF), destinado a promover a recupera\u00e7\u00e3o e a regulariza\u00e7\u00e3o de cr\u00e9ditos tribut\u00e1rios, inscritos ou n\u00e3o em d\u00edvida\u2026","rel":"","context":"Em &quot;Contabilidade em geral&quot;","block_context":{"text":"Contabilidade em geral","link":"http:\/\/cfcontabil.com\/cf\/category\/contabilidade-2\/"},"img":{"alt_text":"","src":"","width":0,"height":0},"classes":[]},{"id":2293,"url":"http:\/\/cfcontabil.com\/cf\/dia-do-trabalho-pandemia-da-covid-19-trouxe-mudancas-na-rotina-dos-profissionais-da-contabilidade\/","url_meta":{"origin":2275,"position":3},"title":"Dia do Trabalho: Pandemia da Covid-19 trouxe mudan\u00e7as na rotina dos profissionais da contabilidade","author":"Ab\u00edlio Gon\u00e7alves","date":"5 de maio de 2020","format":false,"excerpt":"A limita\u00e7\u00e3o do contato social e da circula\u00e7\u00e3o de pessoas, como forma de combate e controle \u00e0 pandemia da Covid-19, e a crise econ\u00f4mica gerada pela doen\u00e7a impactaram diretamente na vida do trabalhador. Como um elo importante da cadeia econ\u00f4mica dos pa\u00edses, os profissionais da contabilidade sentem os efeitos da\u2026","rel":"","context":"Em &quot;Geral&quot;","block_context":{"text":"Geral","link":"http:\/\/cfcontabil.com\/cf\/category\/geral\/"},"img":{"alt_text":"","src":"https:\/\/i0.wp.com\/cfcontabil.com\/cf\/wp-content\/uploads\/2020\/04\/coronavirus-continentes-mundo.jpeg?resize=350%2C200","width":350,"height":200,"srcset":"https:\/\/i0.wp.com\/cfcontabil.com\/cf\/wp-content\/uploads\/2020\/04\/coronavirus-continentes-mundo.jpeg?resize=350%2C200 1x, https:\/\/i0.wp.com\/cfcontabil.com\/cf\/wp-content\/uploads\/2020\/04\/coronavirus-continentes-mundo.jpeg?resize=525%2C300 1.5x"},"classes":[]},{"id":1028,"url":"http:\/\/cfcontabil.com\/cf\/artigo-a-contabilidade-na-era-da-midia-social\/","url_meta":{"origin":2275,"position":4},"title":"Artigo: A contabilidade na era da m\u00eddia social","author":"Ab\u00edlio Gon\u00e7alves","date":"17 de outubro de 2012","format":false,"excerpt":"Um artigo interessante publicado pelo SESCON de Campinas falando sobre as m\u00eddias digitais, um exemplo para todos os contabilistas, confira a mat\u00e9ria: Como sindicatos, escrit\u00f3rios e editoras est\u00e3o utilizando a internet em busca de divulga\u00e7\u00e3o Houve uma \u00e9poca em que conseguir informa\u00e7\u00f5es sobre o mundo cont\u00e1bil era extremamente dif\u00edcil. Os\u2026","rel":"","context":"Em &quot;Geral&quot;","block_context":{"text":"Geral","link":"http:\/\/cfcontabil.com\/cf\/category\/geral\/"},"img":{"alt_text":"","src":"https:\/\/i0.wp.com\/cfcontabil.com\/cf\/wp-content\/uploads\/2012\/10\/curtirCONTABILIDADE.jpg?resize=350%2C200","width":350,"height":200},"classes":[]},{"id":338,"url":"http:\/\/cfcontabil.com\/cf\/parcelamento-tributario-recuperadf\/","url_meta":{"origin":2275,"position":5},"title":"Parcelamento Tribut\u00e1rio \u2013 RECUPERA\/DF","author":"Vin\u00edcius Moizinho","date":"16 de abril de 2013","format":false,"excerpt":"A C\u00e2mara Legislativa do Distrito Federal decretou e o Governador do Distrito Federal sancionou a Lei n\u00ba 5.096, de 10\/04\/2013, que instituiu o Recupera\/DF, novo programa de parcelamento tribut\u00e1rio\u00a0que vai ajudar os empres\u00e1rios e pessoas f\u00edsicas a sanar d\u00e9bitos contra\u00eddos com o GDF at\u00e9 31 de dezembro de 2011. Pela\u2026","rel":"","context":"Em &quot;Contabilidade em geral&quot;","block_context":{"text":"Contabilidade em geral","link":"http:\/\/cfcontabil.com\/cf\/category\/contabilidade-2\/"},"img":{"alt_text":"Governo do Distritp Federal","src":"https:\/\/i0.wp.com\/www.fernandovasconcelos.com\/wp-content\/uploads\/2012\/08\/Logomarca-do-GDF.jpg?resize=350%2C200","width":350,"height":200},"classes":[]}],"jetpack_likes_enabled":true,"_links":{"self":[{"href":"http:\/\/cfcontabil.com\/cf\/wp-json\/wp\/v2\/posts\/2275","targetHints":{"allow":["GET"]}}],"collection":[{"href":"http:\/\/cfcontabil.com\/cf\/wp-json\/wp\/v2\/posts"}],"about":[{"href":"http:\/\/cfcontabil.com\/cf\/wp-json\/wp\/v2\/types\/post"}],"author":[{"embeddable":true,"href":"http:\/\/cfcontabil.com\/cf\/wp-json\/wp\/v2\/users\/1"}],"replies":[{"embeddable":true,"href":"http:\/\/cfcontabil.com\/cf\/wp-json\/wp\/v2\/comments?post=2275"}],"version-history":[{"count":1,"href":"http:\/\/cfcontabil.com\/cf\/wp-json\/wp\/v2\/posts\/2275\/revisions"}],"predecessor-version":[{"id":2278,"href":"http:\/\/cfcontabil.com\/cf\/wp-json\/wp\/v2\/posts\/2275\/revisions\/2278"}],"wp:featuredmedia":[{"embeddable":true,"href":"http:\/\/cfcontabil.com\/cf\/wp-json\/wp\/v2\/media\/2277"}],"wp:attachment":[{"href":"http:\/\/cfcontabil.com\/cf\/wp-json\/wp\/v2\/media?parent=2275"}],"wp:term":[{"taxonomy":"category","embeddable":true,"href":"http:\/\/cfcontabil.com\/cf\/wp-json\/wp\/v2\/categories?post=2275"},{"taxonomy":"post_tag","embeddable":true,"href":"http:\/\/cfcontabil.com\/cf\/wp-json\/wp\/v2\/tags?post=2275"}],"curies":[{"name":"wp","href":"https:\/\/api.w.org\/{rel}","templated":true}]}}