{"id":2289,"date":"2020-04-30T08:57:22","date_gmt":"2020-04-30T11:57:22","guid":{"rendered":"http:\/\/cfcontabil.com\/cf\/?p=2289"},"modified":"2020-04-30T08:57:22","modified_gmt":"2020-04-30T11:57:22","slug":"multa-para-quem-circular-sem-mascara-no-df-so-sera-aplicada-em-11-de-maio","status":"publish","type":"post","link":"http:\/\/cfcontabil.com\/cf\/multa-para-quem-circular-sem-mascara-no-df-so-sera-aplicada-em-11-de-maio\/","title":{"rendered":"Multa para quem circular sem m\u00e1scara no DF s\u00f3 ser\u00e1 aplicada em 11 de maio"},"content":{"rendered":"<h2 class=\"txt-gray mb-0 h4\">Secretaria de Governo distribuir\u00e1 m\u00e1scaras a partir de hoje (30\/4) em diversos terminais e nas esta\u00e7\u00f5es de metr\u00f4.<\/h2>\n<p><img data-recalc-dims=\"1\" decoding=\"async\" src=\"https:\/\/i0.wp.com\/agenciabrasilia.df.gov.br\/wp-conteudo\/uploads\/2020\/04\/28.04.2020-O-Metr%C3%B4-DF-j%C3%A1-adquiriu-e-est%C3%A1-distribuindo-m%C3%A1scaras-de-tecido-aos-empregados-que-trabalham-na-linha-de-frente-da-Opera%C3%A7%C3%A3o.-Foto-Divulga%C3%A7%C3%A3o.jpeg?w=1170&#038;ssl=1\" alt=\"Metr\u00f4-DF vai exigir uso de m\u00e1scaras a partir de quinta-feira (30 ...\" \/><\/p>\n<p>A Companhia do Metropolitano do Distrito Federal (Metr\u00f4-DF) divulgou que ser\u00e1 exigido o uso de m\u00e1scaras por todos os usu\u00e1rios para o acesso aos trens e esta\u00e7\u00f5es a partir desta quinta-feira (30).<\/p>\n<div>Com a decis\u00e3o do governador do Distrito Federal, Ibaneis Rocha (MDB), de estender o per\u00edodo de fechamento de parte do\u00a0<strong>com\u00e9rcio<\/strong>\u00a0na capital federal, a multa para quem circular sem\u00a0<strong>m\u00e1scara <\/strong>na capital federal s\u00f3 come\u00e7ar\u00e1 a ser aplicada em 11 de maio.<\/div>\n<div><\/div>\n<div>Os usu\u00e1rios do Sistema de Transporte P\u00fablico Coletivo do Distrito Federal (STPCDF) ainda poder\u00e3o circular, portanto, nos \u00f4nibus e no metr\u00f4 sem usar o equipamento de prote\u00e7\u00e3o individual, informou a Secretaria de Mobilidade. A multa para quem circulasse sem m\u00e1scara havia sido definida tamb\u00e9m pelo GDF e passaria a valer a partir desta quinta-feira (30\/4). Agora, as operadoras do sistema de transporte est\u00e3o sendo orientadas a n\u00e3o impedir o embarque e a viagem de nenhum passageiro que n\u00e3o estiver utilizando o equipamento de prote\u00e7\u00e3o.<\/div>\n<div><\/div>\n<div>Antes de exigir o uso obrigat\u00f3rio das m\u00e1scaras, a Semob, em parceria com o Governo do Distrito Federal, far\u00e1 uma campanha educativa sobre a import\u00e2ncia do uso do equipamento durante a pandemia, refor\u00e7ou a pasta. \u201cAl\u00e9m disso, a Secretaria j\u00e1 determinou \u00e0s empresas que orientem colaboradores e passageiros sobre o uso da m\u00e1scara\u201d, destacou, em nota.<\/div>\n<div><\/div>\n<div>\n<div>A pasta ressalta, ainda, que a Secretaria de Governo est\u00e1 repassando para as operadoras do sistema m\u00e1scaras de prote\u00e7\u00e3o que ser\u00e3o distribu\u00eddas em alguns terminais rodovi\u00e1rios e do metr\u00f4 para pessoas sem condi\u00e7\u00f5es de acesso ao produto. S\u00e3o equipamentos lav\u00e1veis e reutiliz\u00e1veis, segundo portaria editada na ter\u00e7a-feira (28\/4), e \u201cser\u00e3o entregues somente \u00e0quelas pessoas que n\u00e3o tenham condi\u00e7\u00f5es de acesso ao produto, limitado ao estoque dispon\u00edvel e \u00e0 quantidade m\u00e1xima de duas unidades por pessoa\u201d.<\/div>\n<div><\/div>\n<div>Mesmo com o uso das m\u00e1scaras, as autoridades sanit\u00e1rias e os especialistas refor\u00e7am que a principal e mais eficaz medida de combate ao v\u00edrus at\u00e9 o momento \u00e9 o isolamente. Portanto, s\u00f3 deve sair de casa quem realmente precisar, e tomar as medidas de preven\u00e7\u00e3o, entre elas o uso desses equipamentos individuais de prote\u00e7\u00e3o e a higieniza\u00e7\u00e3o das m\u00e3os. \u00c9 importante tamb\u00e9m<a href=\"https:\/\/www.correiobraziliense.com.br\/app\/noticia\/cidades\/2020\/04\/28\/interna_cidadesdf,849009\/uso-de-mascaras-sera-obrigatorio-no-df-a-partir-desta-quinta-feira.shtml\">\u00a0desinfetar corretamente as m\u00e1scaras ap\u00f3s o uso<\/a>.<\/div>\n<div><\/div>\n<div>A distribui\u00e7\u00e3o come\u00e7a j\u00e1 nesta quinta-feira (30\/4), somente em dias \u00fateis, entre as 6h e as 21h. Veja em que locais as m\u00e1scaras estar\u00e3o dispon\u00edveis:<\/div>\n<div><\/div>\n<div><strong>TERMINAL BRAZL\u00c2NDIA CENTRO<\/strong><\/div>\n<div><strong>Endere\u00e7o:<\/strong>\u00a0\u00c1rea Especial, Setor Norte Lote 1<\/div>\n<div><\/div>\n<div><strong>TERMINAL BRAZL\u00c2NDIA SETOR VEREDAS\u00a0<\/strong><\/div>\n<div><strong>Endere\u00e7o:<\/strong>\u00a0Setor Veredas, Pra\u00e7a Central AE Lote 1<\/div>\n<div><\/div>\n<div><strong>TERMINAL SETOR \u201cO\u201d<\/strong><\/div>\n<div><strong>Endere\u00e7o:<\/strong>\u00a0\u00c1rea Especial C, Quadra QNO 14<\/div>\n<div><\/div>\n<div><strong>TERMINAL SETOR \u201cP SUL\u00a0<\/strong><\/div>\n<div><strong>Endere\u00e7o:<\/strong>\u00a0QNP 24, \u00c1rea Especial 1<\/div>\n<div><\/div>\n<div><strong>TERMINAL SETOR QNQ\/QNR<\/strong><\/div>\n<div><strong>Endere\u00e7o:<\/strong>\u00a0QNR 1 \u00c1rea Especial \u2013 Expans\u00e3o Ceil\u00e2ndia<\/div>\n<div><\/div>\n<div><strong>TERMINAL SETOR GAMA CENTRAL\u00a0\u00a0<\/strong><\/div>\n<div><strong>Endere\u00e7o:<\/strong>\u00a0Setor Central \u00c1rea Especial &#8211; Gama<\/div>\n<div><\/div>\n<div><strong>TERMINAL GAMA SUL\u00a0 \u00a0<\/strong><\/div>\n<div><strong>Endere\u00e7o:<\/strong>\u00a0Quadra 5, \u00c1rea especial &#8211; Gama<\/div>\n<div><\/div>\n<div><strong>TERMINAL SANTA MARIA SUL\u00a0 \u00a0<\/strong><\/div>\n<div><strong>Endere\u00e7o:<\/strong>\u00a0\u00c1rea Especial, Quadra 401 \u2013 Santa Maria Sul<\/div>\n<div><\/div>\n<div><strong>TERMINAL RECANTO DAS EMAS 1\u00a0 \u00a0 \u00a0<\/strong><\/div>\n<div><strong>Endere\u00e7o:<\/strong>\u00a0\u00c1rea Especial, Quadra 311 &#8211; Recanto das Emas<\/div>\n<div><\/div>\n<div><strong>TERMINAL RECANTO DAS EMAS 2\u00a0 \u00a0<\/strong><\/div>\n<div><strong>Endere\u00e7o:<\/strong>\u00a0Avenida Ponte Alta, Quadra 400\/600<\/div>\n<div><\/div>\n<div><strong>TERMINAL SAMAMBAIA SUL<\/strong><\/div>\n<div><strong>Endere\u00e7o:<\/strong>\u00a0QN 327, \u00c1rea Especial 1 &#8211; Samambaia Sul<\/div>\n<div><\/div>\n<div><strong>TERMINAL SAMAMBAIA NORTE\u00a0 \u00a0\u00a0<\/strong><\/div>\n<div><strong>Endere\u00e7o:<\/strong>\u00a0 QR 433 S\/N \u00c1rea Especial<\/div>\n<div><\/div>\n<div><strong>TERMINAL DO PARANO\u00c1\u00a0\u00a0<\/strong><\/div>\n<div><strong>Endere\u00e7o:<\/strong>\u00a0Quadra 33, \u00c1rea Especial, Lote 1<\/div>\n<div><\/div>\n<div><strong>TERMINAL DE PLANALTINA\u00a0<\/strong><\/div>\n<div><strong>Endere\u00e7o:\u00a0<\/strong>Avenida Independ\u00eancia, Setor de hot\u00e9is e divers\u00f5es Proje\u00e7\u00e3o O<\/div>\n<\/div>\n<div><\/div>\n<div>\n<article>\n<div class=\"txt-serif js-article-box article-box article-box-capitalize mt-15\">\n<div><strong>TERMINAL RIACHO FUNDO 1\u00a0 \u00a0\u00a0<\/strong><\/div>\n<div><strong>Endere\u00e7o:<\/strong>\u00a0Quadra 4, Lotes 6 a 8 &#8211; Riacho Fundo<\/div>\n<div><strong>TERMINAL RIACHO FUNDO 2\u00a0 \u00a0 \u00a0<\/strong><\/div>\n<div><strong>Endere\u00e7o:<\/strong>\u00a0\u00c1rea Especial QS 18 Riacho Fundo 02<\/div>\n<div><strong>TERMINAL S\u00c3O SEBASTI\u00c3O\u00a0 \u00a0 \u00a0\u00a0<\/strong><\/div>\n<div><strong>Endere\u00e7o:<\/strong>\u00a0\u00c1rea Especial EDF 135 &#8211; S\u00e3o Sebasti\u00e3o<\/div>\n<div><\/div>\n<div><strong>MINI TERMINAL SOBRADINHO 1\u00a0 \u00a0<\/strong><\/div>\n<div><strong>Endere\u00e7o:<\/strong>\u00a0Quadra 18, \u00c1rea Especial 16\/18<\/div>\n<div><\/div>\n<div><strong>TERMINAL SOBRADINHO 2<\/strong><\/div>\n<div><strong>Endere\u00e7o:<\/strong>\u00a0Quadra AR 25, Conjunto 1, Lote 2 &#8211; Sobradinho 2<\/div>\n<div><\/div>\n<div><strong>TERMINAL TAGUATINGA M NORTE\u00a0\u00a0<\/strong><\/div>\n<div><strong>Endere\u00e7o:<\/strong>\u00a0QNM 42, \u00c1rea Especial 3, Lote 3 a 7<\/div>\n<div><\/div>\n<div><strong>TERMINAL TAGUATINGA SUL<\/strong><\/div>\n<div><strong>Endere\u00e7o:<\/strong>\u00a0\u00c1rea Especial 9<\/div>\n<div><\/div>\n<div><strong>ESTA\u00c7\u00d5ES DO METR\u00d4:\u00a0<\/strong><\/div>\n<div>Ceil\u00e2ndia Norte<\/div>\n<div>Ceil\u00e2ndia Centro<\/div>\n<div>Guariroba<\/div>\n<div>Ceil\u00e2ndia Sul<\/div>\n<div>Centro Metropolitano<\/div>\n<div>Pra\u00e7a do Rel\u00f3gio<\/div>\n<div>Taguatinga Sul<\/div>\n<div>Samambaia<\/div>\n<div>Samambaia Sul<\/div>\n<div>Furnas<\/div>\n<\/div>\n<\/article>\n<\/div>\n<div class=\"  fsk_splitbox_64\"><\/div>\n<div>Fonte: CB<\/div>\n","protected":false},"excerpt":{"rendered":"<p>Secretaria de Governo distribuir\u00e1 m\u00e1scaras a partir de hoje (30\/4) em diversos terminais e nas esta\u00e7\u00f5es de metr\u00f4. A Companhia do Metropolitano do Distrito Federal (Metr\u00f4-DF) divulgou que ser\u00e1 exigido o uso de m\u00e1scaras por todos os usu\u00e1rios para o acesso aos trens e esta\u00e7\u00f5es a partir desta quinta-feira (30). Com a decis\u00e3o do governador [&hellip;]<\/p>\n","protected":false},"author":1,"featured_media":2290,"comment_status":"open","ping_status":"open","sticky":false,"template":"","format":"standard","meta":{"jetpack_post_was_ever_published":false,"_jetpack_newsletter_access":"","_jetpack_dont_email_post_to_subs":false,"_jetpack_newsletter_tier_id":0,"_jetpack_memberships_contains_paywalled_content":false,"_jetpack_memberships_contains_paid_content":false,"footnotes":"","jetpack_publicize_message":"","jetpack_publicize_feature_enabled":true,"jetpack_social_post_already_shared":true,"jetpack_social_options":{"image_generator_settings":{"template":"highway","default_image_id":0,"font":"","enabled":false},"version":2}},"categories":[22],"tags":[799,431,798,800,761,794],"class_list":["post-2289","post","type-post","status-publish","format-standard","has-post-thumbnail","hentry","category-geral","tag-atividades","tag-decreto","tag-mascara","tag-obrigatorio","tag-pandemia","tag-reabertura"],"jetpack_publicize_connections":[],"jetpack_featured_media_url":"https:\/\/i0.wp.com\/cfcontabil.com\/cf\/wp-content\/uploads\/2020\/04\/uso-de-mascaras.jpeg?fit=1280%2C720","jetpack_sharing_enabled":true,"jetpack_shortlink":"https:\/\/wp.me\/p2wklX-AV","jetpack-related-posts":[{"id":2264,"url":"http:\/\/cfcontabil.com\/cf\/df-tera-refis-mais-eficaz-de-sua-historia\/","url_meta":{"origin":2289,"position":0},"title":"DF ter\u00e1 Refis mais eficaz de sua hist\u00f3ria","author":"Ab\u00edlio Gon\u00e7alves","date":"13 de abril de 2020","format":false,"excerpt":"Secret\u00e1rio de Economia explica que novo programa tem redu\u00e7\u00f5es significativas de al\u00edquotas e pode gerar economia de R$ 823,2 milh\u00f5es \u00e0s empresas Manter a economia nos eixos \u00e9 uma das prioridades do Governo do Distrito Federal. Principalmente em momentos de crise, como \u00e9 o caso das incertezas geradas pela pandemia\u2026","rel":"","context":"Em \"Ativa\"","block_context":{"text":"Ativa","link":"http:\/\/cfcontabil.com\/cf\/tag\/ativa\/"},"img":{"alt_text":"","src":"https:\/\/i0.wp.com\/cfcontabil.com\/cf\/wp-content\/uploads\/2020\/04\/REFIS-DF.jpg?fit=512%2C287&resize=350%2C200","width":350,"height":200},"classes":[]},{"id":1427,"url":"http:\/\/cfcontabil.com\/cf\/sancionada-a-lei-de-convalidacao-de-beneficios-fiscais-no-df\/","url_meta":{"origin":2289,"position":1},"title":"Sancionada a lei de convalida\u00e7\u00e3o de benef\u00edcios fiscais no DF","author":"Ab\u00edlio Gon\u00e7alves","date":"20 de novembro de 2018","format":false,"excerpt":"Assinatura ocorreu nesta segunda (19), no Buriti. Norma permite que o Distrito Federal conceda vantagens em condi\u00e7\u00e3o de igualdade com estados do Centro-Oeste MARYNA LACERDA, DA AG\u00caNCIA BRAS\u00cdLIA A economia do Distrito Federal fica mais competitiva com a san\u00e7\u00e3o do\u00a0Projeto de Lei n\u00ba 2.063, de 2018. A norma trata da\u00a0convalida\u00e7\u00e3o\u2026","rel":"","context":"Em &quot;Consultoria Empresarial&quot;","block_context":{"text":"Consultoria Empresarial","link":"http:\/\/cfcontabil.com\/cf\/category\/consultoria\/"},"img":{"alt_text":"","src":"https:\/\/i0.wp.com\/cfcontabil.com\/cf\/wp-content\/uploads\/2016\/04\/notebook-1.jpg?fit=627%2C400&resize=350%2C200","width":350,"height":200,"srcset":"https:\/\/i0.wp.com\/cfcontabil.com\/cf\/wp-content\/uploads\/2016\/04\/notebook-1.jpg?fit=627%2C400&resize=350%2C200 1x, https:\/\/i0.wp.com\/cfcontabil.com\/cf\/wp-content\/uploads\/2016\/04\/notebook-1.jpg?fit=627%2C400&resize=525%2C300 1.5x"},"classes":[]},{"id":338,"url":"http:\/\/cfcontabil.com\/cf\/parcelamento-tributario-recuperadf\/","url_meta":{"origin":2289,"position":2},"title":"Parcelamento Tribut\u00e1rio \u2013 RECUPERA\/DF","author":"Vin\u00edcius Moizinho","date":"16 de abril de 2013","format":false,"excerpt":"A C\u00e2mara Legislativa do Distrito Federal decretou e o Governador do Distrito Federal sancionou a Lei n\u00ba 5.096, de 10\/04\/2013, que instituiu o Recupera\/DF, novo programa de parcelamento tribut\u00e1rio\u00a0que vai ajudar os empres\u00e1rios e pessoas f\u00edsicas a sanar d\u00e9bitos contra\u00eddos com o GDF at\u00e9 31 de dezembro de 2011. Pela\u2026","rel":"","context":"Em &quot;Contabilidade em geral&quot;","block_context":{"text":"Contabilidade em geral","link":"http:\/\/cfcontabil.com\/cf\/category\/contabilidade-2\/"},"img":{"alt_text":"Governo do Distritp Federal","src":"https:\/\/i0.wp.com\/www.fernandovasconcelos.com\/wp-content\/uploads\/2012\/08\/Logomarca-do-GDF.jpg?resize=350%2C200","width":350,"height":200},"classes":[]},{"id":2357,"url":"http:\/\/cfcontabil.com\/cf\/aprovacao-do-refis-salvara-diversas-empresas-afirma-fecomercio-df\/","url_meta":{"origin":2289,"position":3},"title":"\u201cAprova\u00e7\u00e3o do Refis salvar\u00e1 diversas empresas\u201d, afirma Fecom\u00e9rcio-DF","author":"Ab\u00edlio Gon\u00e7alves","date":"4 de novembro de 2020","format":false,"excerpt":"Projeto foi aprovado nesta ter\u00e7a-feira na CLDF e seguiu para san\u00e7\u00e3o do governador Ibaneis Rocha Muito aguardado pelo setor produtivo do Distrito Federal, o Programa de Incentivo \u00e0 Regulariza\u00e7\u00e3o Fiscal do Distrito Federal (Refis-DF) foi aprovado pela C\u00e2mara Legislativa na noite desta ter\u00e7a-feira (3\/11). Agora, o texto segue para an\u00e1lise\u2026","rel":"","context":"Em &quot;Departamento Fiscal&quot;","block_context":{"text":"Departamento Fiscal","link":"http:\/\/cfcontabil.com\/cf\/category\/df\/"},"img":{"alt_text":"","src":"https:\/\/i0.wp.com\/cfcontabil.com\/cf\/wp-content\/uploads\/2020\/11\/cldf-01-fb.jpg?fit=600%2C315&resize=350%2C200","width":350,"height":200,"srcset":"https:\/\/i0.wp.com\/cfcontabil.com\/cf\/wp-content\/uploads\/2020\/11\/cldf-01-fb.jpg?fit=600%2C315&resize=350%2C200 1x, https:\/\/i0.wp.com\/cfcontabil.com\/cf\/wp-content\/uploads\/2020\/11\/cldf-01-fb.jpg?fit=600%2C315&resize=525%2C300 1.5x"},"classes":[]},{"id":540,"url":"http:\/\/cfcontabil.com\/cf\/programa-de-recuperacao-de-creditos-tributarios-do-distrito-federal-recuperadf\/","url_meta":{"origin":2289,"position":4},"title":"PROGRAMA DE RECUPERA\u00c7\u00c3O DE CR\u00c9DITOS TRIBUT\u00c1RIOS DO DISTRITO FEDERAL (RECUPERA\/DF)","author":"Vin\u00edcius Moizinho","date":"25 de julho de 2014","format":false,"excerpt":"O Governador do Distrito Federal, atrav\u00e9s do Decreto n\u00ba 35.648\/2014 (DOE de 23\/07\/2014), regulamentou a Lei n\u00ba 5.365\/2014, que institui a terceira fase do Programa de Recupera\u00e7\u00e3o de Cr\u00e9ditos Tribut\u00e1rios do Distrito Federal (RECUPERA-DF), destinado a promover a recupera\u00e7\u00e3o e a regulariza\u00e7\u00e3o de cr\u00e9ditos tribut\u00e1rios, inscritos ou n\u00e3o em d\u00edvida\u2026","rel":"","context":"Em &quot;Contabilidade em geral&quot;","block_context":{"text":"Contabilidade em geral","link":"http:\/\/cfcontabil.com\/cf\/category\/contabilidade-2\/"},"img":{"alt_text":"","src":"","width":0,"height":0},"classes":[]},{"id":1768,"url":"http:\/\/cfcontabil.com\/cf\/confaz-autoriza-df-mais-sete-estados-a-fazer-novo-refis-em-2020\/","url_meta":{"origin":2289,"position":5},"title":"Confaz autoriza DF mais sete estados a fazer novo Refis em 2020","author":"Ab\u00edlio Gon\u00e7alves","date":"16 de outubro de 2019","format":false,"excerpt":"O\u00a0Conselho Nacional de Pol\u00edtica Fazend\u00e1ria (Confaz)\u00a0autorizou o Distrito Federal e sete estados a lan\u00e7ar um novo\u00a0Programa de Refinanciamento de D\u00edvidas (Refis)\u00a0em 2020. A medida permite que empresas com d\u00e9bitos relativos ao\u00a0Imposto sobre Circula\u00e7\u00e3o de Mercadorias e Servi\u00e7os (ICMS)\u00a0tenham mais prazo para quit\u00e1-los, com descontos nas multas. No caso do DF,\u2026","rel":"","context":"Em &quot;Departamento Fiscal&quot;","block_context":{"text":"Departamento Fiscal","link":"http:\/\/cfcontabil.com\/cf\/category\/df\/"},"img":{"alt_text":"","src":"https:\/\/i0.wp.com\/cfcontabil.com\/cf\/wp-content\/uploads\/2019\/10\/imposto.jpg?fit=715%2C300&resize=350%2C200","width":350,"height":200,"srcset":"https:\/\/i0.wp.com\/cfcontabil.com\/cf\/wp-content\/uploads\/2019\/10\/imposto.jpg?fit=715%2C300&resize=350%2C200 1x, https:\/\/i0.wp.com\/cfcontabil.com\/cf\/wp-content\/uploads\/2019\/10\/imposto.jpg?fit=715%2C300&resize=525%2C300 1.5x, https:\/\/i0.wp.com\/cfcontabil.com\/cf\/wp-content\/uploads\/2019\/10\/imposto.jpg?fit=715%2C300&resize=700%2C400 2x"},"classes":[]}],"jetpack_likes_enabled":true,"_links":{"self":[{"href":"http:\/\/cfcontabil.com\/cf\/wp-json\/wp\/v2\/posts\/2289","targetHints":{"allow":["GET"]}}],"collection":[{"href":"http:\/\/cfcontabil.com\/cf\/wp-json\/wp\/v2\/posts"}],"about":[{"href":"http:\/\/cfcontabil.com\/cf\/wp-json\/wp\/v2\/types\/post"}],"author":[{"embeddable":true,"href":"http:\/\/cfcontabil.com\/cf\/wp-json\/wp\/v2\/users\/1"}],"replies":[{"embeddable":true,"href":"http:\/\/cfcontabil.com\/cf\/wp-json\/wp\/v2\/comments?post=2289"}],"version-history":[{"count":1,"href":"http:\/\/cfcontabil.com\/cf\/wp-json\/wp\/v2\/posts\/2289\/revisions"}],"predecessor-version":[{"id":2291,"href":"http:\/\/cfcontabil.com\/cf\/wp-json\/wp\/v2\/posts\/2289\/revisions\/2291"}],"wp:featuredmedia":[{"embeddable":true,"href":"http:\/\/cfcontabil.com\/cf\/wp-json\/wp\/v2\/media\/2290"}],"wp:attachment":[{"href":"http:\/\/cfcontabil.com\/cf\/wp-json\/wp\/v2\/media?parent=2289"}],"wp:term":[{"taxonomy":"category","embeddable":true,"href":"http:\/\/cfcontabil.com\/cf\/wp-json\/wp\/v2\/categories?post=2289"},{"taxonomy":"post_tag","embeddable":true,"href":"http:\/\/cfcontabil.com\/cf\/wp-json\/wp\/v2\/tags?post=2289"}],"curies":[{"name":"wp","href":"https:\/\/api.w.org\/{rel}","templated":true}]}}