{"id":2296,"date":"2020-05-06T11:08:18","date_gmt":"2020-05-06T14:08:18","guid":{"rendered":"http:\/\/cfcontabil.com\/cf\/?p=2296"},"modified":"2020-05-06T11:08:18","modified_gmt":"2020-05-06T14:08:18","slug":"governo-lanca-novo-site-para-consulta-a-auxilio-emergencial-de-r-600","status":"publish","type":"post","link":"http:\/\/cfcontabil.com\/cf\/governo-lanca-novo-site-para-consulta-a-auxilio-emergencial-de-r-600\/","title":{"rendered":"Governo lan\u00e7a novo site para consulta a aux\u00edlio emergencial de R$ 600"},"content":{"rendered":"<p>Os brasileiros que fizeram a solicita\u00e7\u00e3o do aux\u00edlio emergencial de R$ 600 para trabalhadores informais poder\u00e3o consultar o andamento do pedido em um novo portal disponibilizado pela Dataprev, empresa p\u00fablica respons\u00e1vel pelo processamento dos dados.<\/p>\n<p>O novo portal pode ser acessado por meio dos endere\u00e7os\u00a0<strong><a href=\"https:\/\/consultaauxilio.dataprev.gov.br\/consulta\/#\/\" target=\"_blank\" rel=\"noopener noreferrer\" data-id=\"150\" data-m=\"{&quot;i&quot;:150,&quot;p&quot;:93,&quot;n&quot;:&quot;partnerLink&quot;,&quot;y&quot;:24,&quot;o&quot;:2}\">www.cidadania.gov.br\/consultaauxilio<\/a><\/strong>\u00a0e\u00a0<strong><a href=\"https:\/\/consultaauxilio.dataprev.gov.br\/consulta\/#\/\" target=\"_blank\" rel=\"noopener noreferrer\" data-id=\"151\" data-m=\"{&quot;i&quot;:151,&quot;p&quot;:93,&quot;n&quot;:&quot;partnerLink&quot;,&quot;y&quot;:24,&quot;o&quot;:3}\">https:\/\/consultaauxilio.dataprev.gov.br<\/a><\/strong>.<\/p>\n<p>Antes, os cidad\u00e3os s\u00f3 tinham acesso ao aplicativo e portal do aux\u00edlio emergencial disponibilizados pela Caixa. Por l\u00e1, \u00e9 poss\u00edvel saber se o pedido j\u00e1 foi respondido ou ainda est\u00e1 em an\u00e1lise. No entanto, n\u00e3o h\u00e1 informa\u00e7\u00f5es da situa\u00e7\u00e3o exata do pedido, caso ele ainda esteja sendo processado.<\/p>\n<p><a href=\"https:\/\/i0.wp.com\/cfcontabil.com\/cf\/wp-content\/uploads\/2020\/04\/auxiliopagogovernofederal.jpg\"><img data-recalc-dims=\"1\" fetchpriority=\"high\" decoding=\"async\" data-attachment-id=\"2212\" data-permalink=\"http:\/\/cfcontabil.com\/cf\/senado-aprova-extensao-de-auxilio-de-r-600-a-mais-de-30-categorias\/auxiliopagogovernofederal\/\" data-orig-file=\"https:\/\/i0.wp.com\/cfcontabil.com\/cf\/wp-content\/uploads\/2020\/04\/auxiliopagogovernofederal.jpg?fit=640%2C360\" data-orig-size=\"640,360\" data-comments-opened=\"1\" data-image-meta=\"{&quot;aperture&quot;:&quot;0&quot;,&quot;credit&quot;:&quot;&quot;,&quot;camera&quot;:&quot;&quot;,&quot;caption&quot;:&quot;&quot;,&quot;created_timestamp&quot;:&quot;0&quot;,&quot;copyright&quot;:&quot;&quot;,&quot;focal_length&quot;:&quot;0&quot;,&quot;iso&quot;:&quot;0&quot;,&quot;shutter_speed&quot;:&quot;0&quot;,&quot;title&quot;:&quot;&quot;,&quot;orientation&quot;:&quot;0&quot;}\" data-image-title=\"auxilio+pago+governo+federal\" data-image-description=\"\" data-image-caption=\"\" data-large-file=\"https:\/\/i0.wp.com\/cfcontabil.com\/cf\/wp-content\/uploads\/2020\/04\/auxiliopagogovernofederal.jpg?fit=640%2C360\" class=\"aligncenter size-full wp-image-2212\" src=\"https:\/\/i0.wp.com\/cfcontabil.com\/cf\/wp-content\/uploads\/2020\/04\/auxiliopagogovernofederal.jpg?resize=640%2C360\" alt=\"\" width=\"640\" height=\"360\" srcset=\"https:\/\/i0.wp.com\/cfcontabil.com\/cf\/wp-content\/uploads\/2020\/04\/auxiliopagogovernofederal.jpg?w=640 640w, https:\/\/i0.wp.com\/cfcontabil.com\/cf\/wp-content\/uploads\/2020\/04\/auxiliopagogovernofederal.jpg?resize=300%2C169 300w, https:\/\/i0.wp.com\/cfcontabil.com\/cf\/wp-content\/uploads\/2020\/04\/auxiliopagogovernofederal.jpg?resize=370%2C208 370w, https:\/\/i0.wp.com\/cfcontabil.com\/cf\/wp-content\/uploads\/2020\/04\/auxiliopagogovernofederal.jpg?resize=270%2C152 270w\" sizes=\"(max-width: 640px) 100vw, 640px\" \/><\/a><\/p>\n<p>O processamento tem v\u00e1rias etapas: a Caixa coleta as informa\u00e7\u00f5es e envia para a Dataprev. A empresa faz o cruzamento dos dados para ver se o cidad\u00e3o tem direito ao benef\u00edcio. Ao concluir o processamento, a Dataprev homologa os resultados com o Minist\u00e9rio da Cidadania. A partir da\u00ed, a resposta \u00e9 enviada \u00e0 Caixa, que ent\u00e3o muda o status no aplicativo e efetua o pagamento.<\/p>\n<p>Desde o in\u00edcio da opera\u00e7\u00e3o, no come\u00e7o de abril, usu\u00e1rios t\u00eam reclamado da demora na an\u00e1lise e pela falta de informa\u00e7\u00f5es sobre o real status do pedido.<\/p>\n<p>\u201cO objetivo \u00e9 dar transpar\u00eancia ao procedimento de an\u00e1lise, processamento, homologa\u00e7\u00e3o e pagamento do benef\u00edcio\u201d, disse hoje a Dataprev.<\/p>\n<p>Para a consulta, \u00e9 necess\u00e1rio informar CPF de quem pediu o benef\u00edcio, nome completo, nome da m\u00e3e e data de nascimento, tudo como consta na base de dados da Receita Federal.<\/p>\n<p>Ser\u00e1 poss\u00edvel acompanhar todo o detalhamento dos pedidos, como: resultados, datas de recebimento e envio dos dados pela Caixa \u00e0 Dataprev e vice-versa, al\u00e9m da motiva\u00e7\u00e3o da negativa do benef\u00edcio. A an\u00e1lise da segunda solicita\u00e7\u00e3o, caso tenha sido necess\u00e1ria, tamb\u00e9m poder\u00e1 ser conferida.<\/p>\n<h3 class=\"intertitulo\">Resultados<\/h3>\n<p>Em menos de um m\u00eas, 97,7 milh\u00f5es de cadastros passaram pelos sistemas de confer\u00eancia da Dataprev e foram homologados pelo Minist\u00e9rio da Cidadania, incluindo os tr\u00eas grupos de benefici\u00e1rios potenciais do aux\u00edlio: quem recebe Bolsa Fam\u00edlia, quem est\u00e1 no Cadastro \u00danico de programas sociais e trabalhadores informais, aut\u00f4nomos, microempreendedores individuais e desempregados que solicitaram pelo site ou aplicativo.<\/p>\n<p>Desse total, 50,5 milh\u00f5es foram classificados como eleg\u00edveis (atenderam aos crit\u00e9rios da lei), 32,8 milh\u00f5es foram considerados ineleg\u00edveis e 13,7 milh\u00f5es est\u00e3o inconclusivos e necessitam de complemento cadastral.<\/p>\n<p>Das 46 milh\u00f5es solicita\u00e7\u00f5es feitas pelo site ou aplicativo entre 7 e 22 de abril, a Dataprev j\u00e1 transmitiu \u00e0 Caixa o resultado de 44,9 milh\u00f5es. Os demais est\u00e3o em \u201cprocessamento adicional em fun\u00e7\u00e3o da complexidade de cen\u00e1rios e cruzamentos\u201d.<\/p>\n<p>A conclus\u00e3o do processamento dos requerimentos apresentados entre os dias 23 e 30 de abril por meio do aplicativo e portal da Caixa est\u00e1 prevista para o final desta semana.<\/p>\n<p>Fonte: Estad\u00e3o<\/p>\n","protected":false},"excerpt":{"rendered":"<p>Os brasileiros que fizeram a solicita\u00e7\u00e3o do aux\u00edlio emergencial de R$ 600 para trabalhadores informais poder\u00e3o consultar o andamento do pedido em um novo portal disponibilizado pela Dataprev, empresa p\u00fablica respons\u00e1vel pelo processamento dos dados. O novo portal pode ser acessado por meio dos endere\u00e7os\u00a0www.cidadania.gov.br\/consultaauxilio\u00a0e\u00a0https:\/\/consultaauxilio.dataprev.gov.br. Antes, os cidad\u00e3os s\u00f3 tinham acesso ao aplicativo e portal [&hellip;]<\/p>\n","protected":false},"author":1,"featured_media":2297,"comment_status":"open","ping_status":"open","sticky":false,"template":"","format":"standard","meta":{"jetpack_post_was_ever_published":false,"_jetpack_newsletter_access":"","_jetpack_dont_email_post_to_subs":false,"_jetpack_newsletter_tier_id":0,"_jetpack_memberships_contains_paywalled_content":false,"_jetpack_memberships_contains_paid_content":false,"footnotes":"","jetpack_publicize_message":"","jetpack_publicize_feature_enabled":true,"jetpack_social_post_already_shared":true,"jetpack_social_options":{"image_generator_settings":{"template":"highway","default_image_id":0,"font":"","enabled":false},"version":2}},"categories":[22],"tags":[802,493,729,314,801,773],"class_list":["post-2296","post","type-post","status-publish","format-standard","has-post-thumbnail","hentry","category-geral","tag-802","tag-auxilio","tag-bem","tag-beneficio","tag-coronovirus","tag-emergencial"],"jetpack_publicize_connections":[],"jetpack_featured_media_url":"https:\/\/i0.wp.com\/cfcontabil.com\/cf\/wp-content\/uploads\/2020\/05\/auxilio-emergencial-novo-site.jpg?fit=932%2C536","jetpack_sharing_enabled":true,"jetpack_shortlink":"https:\/\/wp.me\/p2wklX-B2","jetpack-related-posts":[{"id":2343,"url":"http:\/\/cfcontabil.com\/cf\/decreto-define-regras-para-pagamento-de-auxilio-emergencial-de-r-300\/","url_meta":{"origin":2296,"position":0},"title":"Decreto define regras para pagamento de aux\u00edlio emergencial de R$ 300","author":"Ab\u00edlio Gon\u00e7alves","date":"18 de setembro de 2020","format":false,"excerpt":"A medida foi publicada no Di\u00e1rio Oficial As regras para a concess\u00e3o do aux\u00edlio emergencial residual de R$ 300 foram publicadas em edi\u00e7\u00e3o extra do\u00a0Di\u00e1rio Oficial da Uni\u00e3o\u00a0(DOU) dessa quarta-feira (16). O\u00a0Decreto\u00a0n\u00ba 10.488 regulamenta a Medida Provis\u00f3ria n\u00ba 1.000, de 2 de setembro de 2020, que concede o aux\u00edlio emergencial\u2026","rel":"","context":"Em &quot;Geral&quot;","block_context":{"text":"Geral","link":"http:\/\/cfcontabil.com\/cf\/category\/geral\/"},"img":{"alt_text":"","src":"https:\/\/i0.wp.com\/cfcontabil.com\/cf\/wp-content\/uploads\/2020\/09\/caixa_economica_federal0505202674.jpg?fit=1170%2C700&resize=350%2C200","width":350,"height":200,"srcset":"https:\/\/i0.wp.com\/cfcontabil.com\/cf\/wp-content\/uploads\/2020\/09\/caixa_economica_federal0505202674.jpg?fit=1170%2C700&resize=350%2C200 1x, https:\/\/i0.wp.com\/cfcontabil.com\/cf\/wp-content\/uploads\/2020\/09\/caixa_economica_federal0505202674.jpg?fit=1170%2C700&resize=525%2C300 1.5x, https:\/\/i0.wp.com\/cfcontabil.com\/cf\/wp-content\/uploads\/2020\/09\/caixa_economica_federal0505202674.jpg?fit=1170%2C700&resize=700%2C400 2x, https:\/\/i0.wp.com\/cfcontabil.com\/cf\/wp-content\/uploads\/2020\/09\/caixa_economica_federal0505202674.jpg?fit=1170%2C700&resize=1050%2C600 3x"},"classes":[]},{"id":2311,"url":"http:\/\/cfcontabil.com\/cf\/caixa-deposita-2a-parcela-de-r-600-de-nascidos-em-janeiro-ou-fevereiro\/","url_meta":{"origin":2296,"position":1},"title":"Caixa deposita 2\u00aa parcela de R$ 600 de nascidos em janeiro ou fevereiro","author":"Ab\u00edlio Gon\u00e7alves","date":"20 de maio de 2020","format":false,"excerpt":"O governo deposita nesta quarta-feira (20) a segunda parcela do aux\u00edlio emergencial de R$ 600 para quem nasceu em janeiro ou fevereiro e recebeu a primeira parcela entre 1\u00ba e 30 de abril. A exce\u00e7\u00e3o \u00e9 o benefici\u00e1rio do Bolsa Fam\u00edlia, que recebe de acordo com outro calend\u00e1rio. O calend\u00e1rio\u2026","rel":"","context":"Em &quot;Geral&quot;","block_context":{"text":"Geral","link":"http:\/\/cfcontabil.com\/cf\/category\/geral\/"},"img":{"alt_text":"","src":"https:\/\/i0.wp.com\/cfcontabil.com\/cf\/wp-content\/uploads\/2020\/05\/auxilio-emergencial-caixa-economica-federal-2020-1024x572-1.jpg?fit=1024%2C572&resize=350%2C200","width":350,"height":200,"srcset":"https:\/\/i0.wp.com\/cfcontabil.com\/cf\/wp-content\/uploads\/2020\/05\/auxilio-emergencial-caixa-economica-federal-2020-1024x572-1.jpg?fit=1024%2C572&resize=350%2C200 1x, https:\/\/i0.wp.com\/cfcontabil.com\/cf\/wp-content\/uploads\/2020\/05\/auxilio-emergencial-caixa-economica-federal-2020-1024x572-1.jpg?fit=1024%2C572&resize=525%2C300 1.5x, https:\/\/i0.wp.com\/cfcontabil.com\/cf\/wp-content\/uploads\/2020\/05\/auxilio-emergencial-caixa-economica-federal-2020-1024x572-1.jpg?fit=1024%2C572&resize=700%2C400 2x"},"classes":[]},{"id":2247,"url":"http:\/\/cfcontabil.com\/cf\/regularizar-cpf\/","url_meta":{"origin":2296,"position":2},"title":"Regularizar CPF","author":"Ab\u00edlio Gon\u00e7alves","date":"8 de abril de 2020","format":false,"excerpt":"Nota de esclarecimento sobre regulariza\u00e7\u00e3o do CPF para recebimento de aux\u00edlio emergencial de R$ 600,00 para trabalhadores informais, desempregados, MEIs e contribuintes individuais do INSS Servi\u00e7o de regulariza\u00e7\u00e3o est\u00e1 dispon\u00edvel 24 horas por dia, 7 dias da semana. Conforme amplamente anunciado, o Governo Federal disponibilizou aux\u00edlio emergencial de R$ 600,00\u2026","rel":"","context":"Em \"altera\u00e7\u00e3o\"","block_context":{"text":"altera\u00e7\u00e3o","link":"http:\/\/cfcontabil.com\/cf\/tag\/alteracao\/"},"img":{"alt_text":"","src":"https:\/\/i0.wp.com\/cfcontabil.com\/cf\/wp-content\/uploads\/2020\/04\/cpf.png?fit=400%2C256&resize=350%2C200","width":350,"height":200},"classes":[]},{"id":2196,"url":"http:\/\/cfcontabil.com\/cf\/coronavirus-camara-aprova-projeto-que-preve-r-600-por-mes-para-trabalhador-informal\/","url_meta":{"origin":2296,"position":3},"title":"Coronav\u00edrus: C\u00e2mara aprova projeto que prev\u00ea R$ 600 por m\u00eas para trabalhador informal","author":"Ab\u00edlio Gon\u00e7alves","date":"27 de mar\u00e7o de 2020","format":false,"excerpt":"Texto vai ao Senado e prev\u00ea repasse por 3 meses. Aut\u00f4nomo dever\u00e1 cumprir requisitos como ter mais de 18 anos e n\u00e3o receber benef\u00edcio previdenci\u00e1rio ou assistencial. A\u00a0C\u00e2mara dos Deputados\u00a0aprovou nesta quinta-feira (26) um projeto que prev\u00ea o pagamento de R$ 600 a trabalhadores informais por tr\u00eas meses em raz\u00e3o\u2026","rel":"","context":"Em \"aux\u00edlio\"","block_context":{"text":"aux\u00edlio","link":"http:\/\/cfcontabil.com\/cf\/tag\/auxilio\/"},"img":{"alt_text":"","src":"https:\/\/i0.wp.com\/cfcontabil.com\/cf\/wp-content\/uploads\/2020\/03\/plenario-camara.jpg?fit=640%2C419&resize=350%2C200","width":350,"height":200,"srcset":"https:\/\/i0.wp.com\/cfcontabil.com\/cf\/wp-content\/uploads\/2020\/03\/plenario-camara.jpg?fit=640%2C419&resize=350%2C200 1x, https:\/\/i0.wp.com\/cfcontabil.com\/cf\/wp-content\/uploads\/2020\/03\/plenario-camara.jpg?fit=640%2C419&resize=525%2C300 1.5x"},"classes":[]},{"id":2242,"url":"http:\/\/cfcontabil.com\/cf\/sistema-liberado-beneficio-emergencial-empregadores-ja-podem-comunicar-reducao-e-suspensao-salarial\/","url_meta":{"origin":2296,"position":4},"title":"SISTEMA LIBERADO: Benef\u00edcio Emergencial &#8211; Empregadores j\u00e1 podem comunicar redu\u00e7\u00e3o e suspens\u00e3o salarial","author":"Ab\u00edlio Gon\u00e7alves","date":"6 de abril de 2020","format":false,"excerpt":"Empregadores devem comunicar a redu\u00e7\u00e3o salarial de seus funcion\u00e1rios para ter direito ao Benef\u00edcio Emergencial. O\u00a0Sistema Empregador Web\u00a0foi atualizado para o envio das informa\u00e7\u00f5es contratuais conforme a Medida Provis\u00f3ria 936\/2020, que permite a redu\u00e7\u00e3o de jornada e renda.\u00a0Acesse o leiaute. Benef\u00edcio Emergencial de Preven\u00e7\u00e3o do Emprego e Renda O empregador\u2026","rel":"","context":"Em &quot;Departamento Pessoal&quot;","block_context":{"text":"Departamento Pessoal","link":"http:\/\/cfcontabil.com\/cf\/category\/dp\/"},"img":{"alt_text":"","src":"https:\/\/i0.wp.com\/cfcontabil.com\/cf\/wp-content\/uploads\/2020\/04\/empregador_web.jpg?fit=1200%2C675&resize=350%2C200","width":350,"height":200,"srcset":"https:\/\/i0.wp.com\/cfcontabil.com\/cf\/wp-content\/uploads\/2020\/04\/empregador_web.jpg?fit=1200%2C675&resize=350%2C200 1x, https:\/\/i0.wp.com\/cfcontabil.com\/cf\/wp-content\/uploads\/2020\/04\/empregador_web.jpg?fit=1200%2C675&resize=525%2C300 1.5x, https:\/\/i0.wp.com\/cfcontabil.com\/cf\/wp-content\/uploads\/2020\/04\/empregador_web.jpg?fit=1200%2C675&resize=700%2C400 2x, https:\/\/i0.wp.com\/cfcontabil.com\/cf\/wp-content\/uploads\/2020\/04\/empregador_web.jpg?fit=1200%2C675&resize=1050%2C600 3x"},"classes":[]},{"id":2215,"url":"http:\/\/cfcontabil.com\/cf\/ponto-a-ponto-mp-936-2020-entenda-cortes-salariais-suspensoes-e-beneficio\/","url_meta":{"origin":2296,"position":5},"title":"Ponto a ponto MP 936\/2020: Entenda cortes salariais, suspens\u00f5es e benef\u00edcio","author":"Ab\u00edlio Gon\u00e7alves","date":"2 de abril de 2020","format":false,"excerpt":"A MP 936\/2020 possibilita o corte salarial de at\u00e9 70%, suspens\u00e3o do contrato de trabalho e benef\u00edcio emergencial. Entenda ponto a ponto O Di\u00e1rio Oficial da Uni\u00e3o publicou nesta quarta-feira, 01, a MP 936\/2020 que institui o Programa Emergencial de Manuten\u00e7\u00e3o do Emprego e da Renda. Em suma, a norma\u2026","rel":"","context":"Em &quot;Departamento Pessoal&quot;","block_context":{"text":"Departamento Pessoal","link":"http:\/\/cfcontabil.com\/cf\/category\/dp\/"},"img":{"alt_text":"","src":"https:\/\/i0.wp.com\/cfcontabil.com\/cf\/wp-content\/uploads\/2020\/04\/emprego-4.jpg.pagespeed.ic_.4H7FnGacfP.jpg?fit=1086%2C652&resize=350%2C200","width":350,"height":200,"srcset":"https:\/\/i0.wp.com\/cfcontabil.com\/cf\/wp-content\/uploads\/2020\/04\/emprego-4.jpg.pagespeed.ic_.4H7FnGacfP.jpg?fit=1086%2C652&resize=350%2C200 1x, https:\/\/i0.wp.com\/cfcontabil.com\/cf\/wp-content\/uploads\/2020\/04\/emprego-4.jpg.pagespeed.ic_.4H7FnGacfP.jpg?fit=1086%2C652&resize=525%2C300 1.5x, https:\/\/i0.wp.com\/cfcontabil.com\/cf\/wp-content\/uploads\/2020\/04\/emprego-4.jpg.pagespeed.ic_.4H7FnGacfP.jpg?fit=1086%2C652&resize=700%2C400 2x, https:\/\/i0.wp.com\/cfcontabil.com\/cf\/wp-content\/uploads\/2020\/04\/emprego-4.jpg.pagespeed.ic_.4H7FnGacfP.jpg?fit=1086%2C652&resize=1050%2C600 3x"},"classes":[]}],"jetpack_likes_enabled":true,"_links":{"self":[{"href":"http:\/\/cfcontabil.com\/cf\/wp-json\/wp\/v2\/posts\/2296","targetHints":{"allow":["GET"]}}],"collection":[{"href":"http:\/\/cfcontabil.com\/cf\/wp-json\/wp\/v2\/posts"}],"about":[{"href":"http:\/\/cfcontabil.com\/cf\/wp-json\/wp\/v2\/types\/post"}],"author":[{"embeddable":true,"href":"http:\/\/cfcontabil.com\/cf\/wp-json\/wp\/v2\/users\/1"}],"replies":[{"embeddable":true,"href":"http:\/\/cfcontabil.com\/cf\/wp-json\/wp\/v2\/comments?post=2296"}],"version-history":[{"count":1,"href":"http:\/\/cfcontabil.com\/cf\/wp-json\/wp\/v2\/posts\/2296\/revisions"}],"predecessor-version":[{"id":2298,"href":"http:\/\/cfcontabil.com\/cf\/wp-json\/wp\/v2\/posts\/2296\/revisions\/2298"}],"wp:featuredmedia":[{"embeddable":true,"href":"http:\/\/cfcontabil.com\/cf\/wp-json\/wp\/v2\/media\/2297"}],"wp:attachment":[{"href":"http:\/\/cfcontabil.com\/cf\/wp-json\/wp\/v2\/media?parent=2296"}],"wp:term":[{"taxonomy":"category","embeddable":true,"href":"http:\/\/cfcontabil.com\/cf\/wp-json\/wp\/v2\/categories?post=2296"},{"taxonomy":"post_tag","embeddable":true,"href":"http:\/\/cfcontabil.com\/cf\/wp-json\/wp\/v2\/tags?post=2296"}],"curies":[{"name":"wp","href":"https:\/\/api.w.org\/{rel}","templated":true}]}}