{"id":2300,"date":"2020-05-13T10:54:26","date_gmt":"2020-05-13T13:54:26","guid":{"rendered":"http:\/\/cfcontabil.com\/cf\/?p=2300"},"modified":"2020-05-13T10:54:26","modified_gmt":"2020-05-13T13:54:26","slug":"redesim-mais-de-70-dos-pedidos-de-abertura-de-empresas-realizados-no-mes-de-abril-foram-concluidos-em-ate-3-dias","status":"publish","type":"post","link":"http:\/\/cfcontabil.com\/cf\/redesim-mais-de-70-dos-pedidos-de-abertura-de-empresas-realizados-no-mes-de-abril-foram-concluidos-em-ate-3-dias\/","title":{"rendered":"REDESIM: Mais de 70% dos pedidos de abertura de empresas realizados no m\u00eas de abril foram conclu\u00eddos em at\u00e9 3 dias"},"content":{"rendered":"<p>Agilidade impacta positivamente o ambiente de neg\u00f3cios do pa\u00eds<\/p>\n<p><a href=\"https:\/\/i0.wp.com\/cfcontabil.com\/cf\/wp-content\/uploads\/2020\/05\/redesim-1.png\"><img data-recalc-dims=\"1\" fetchpriority=\"high\" decoding=\"async\" data-attachment-id=\"2302\" data-permalink=\"http:\/\/cfcontabil.com\/cf\/redesim-mais-de-70-dos-pedidos-de-abertura-de-empresas-realizados-no-mes-de-abril-foram-concluidos-em-ate-3-dias\/redesim-1\/\" data-orig-file=\"https:\/\/i0.wp.com\/cfcontabil.com\/cf\/wp-content\/uploads\/2020\/05\/redesim-1.png?fit=298%2C169\" data-orig-size=\"298,169\" data-comments-opened=\"1\" data-image-meta=\"{&quot;aperture&quot;:&quot;0&quot;,&quot;credit&quot;:&quot;&quot;,&quot;camera&quot;:&quot;&quot;,&quot;caption&quot;:&quot;&quot;,&quot;created_timestamp&quot;:&quot;0&quot;,&quot;copyright&quot;:&quot;&quot;,&quot;focal_length&quot;:&quot;0&quot;,&quot;iso&quot;:&quot;0&quot;,&quot;shutter_speed&quot;:&quot;0&quot;,&quot;title&quot;:&quot;&quot;,&quot;orientation&quot;:&quot;0&quot;}\" data-image-title=\"redesim (1)\" data-image-description=\"\" data-image-caption=\"\" data-large-file=\"https:\/\/i0.wp.com\/cfcontabil.com\/cf\/wp-content\/uploads\/2020\/05\/redesim-1.png?fit=298%2C169\" class=\"aligncenter size-full wp-image-2302\" src=\"https:\/\/i0.wp.com\/cfcontabil.com\/cf\/wp-content\/uploads\/2020\/05\/redesim-1.png?resize=298%2C169\" alt=\"\" width=\"298\" height=\"169\" srcset=\"https:\/\/i0.wp.com\/cfcontabil.com\/cf\/wp-content\/uploads\/2020\/05\/redesim-1.png?w=298 298w, https:\/\/i0.wp.com\/cfcontabil.com\/cf\/wp-content\/uploads\/2020\/05\/redesim-1.png?resize=270%2C152 270w\" sizes=\"(max-width: 298px) 100vw, 298px\" \/><\/a><\/p>\n<p>No m\u00eas de abril deste ano, mais de 70% dos processos de abertura de empresas e neg\u00f3cios no pa\u00eds foram realizados em menos de tr\u00eas dias. As a\u00e7\u00f5es de simplifica\u00e7\u00e3o introduzidas ao longo de 2019, como o deferimento exclusivo na Junta Comercial onde se localiza a Matriz e a Tabela Nacional de Baixo Risco foram important\u00edssimas para o alcance deste resultado.<\/p>\n<p>Mesmo no per\u00edodo de pandemia com isolamento social, o trabalho virtual realizado pelos \u00f3rg\u00e3os de registro, administra\u00e7\u00f5es tribut\u00e1rias e outros participantes deste processo, melhorou a velocidade de an\u00e1lise e deferimento dos pedidos de abertura.<\/p>\n<p>O sistema de monitoramento da Rede Nacional para a Simplifica\u00e7\u00e3o do Registro e da Legaliza\u00e7\u00e3o de Empresas e Neg\u00f3cios \u2013 REDESIM mediu em abril\/2020 a maior velocidade na an\u00e1lise dos processos na abertura de empresas conforme destacado abaixo:<\/p>\n<ul>\n<li>71% em at\u00e9 3 dias;<\/li>\n<li>11% entre 3 e 5 dias;<\/li>\n<li>5% entre 5 e 7 dias;<\/li>\n<li class=\"last-item\">13% maior que 7 dias.<\/li>\n<\/ul>\n<p>Comparando com os per\u00edodos entre janeiro e abril deste ano com o ano de 2019 houve redu\u00e7\u00e3o na m\u00e9dia do tempo de abertura de empresas de cerca de 5 para 4 dias. O quadro comparativo abaixo mostra a evolu\u00e7\u00e3o no processo de abertura de empresas.<\/p>\n<p><b>Sobre a REDESIM<\/b><\/p>\n<p>A REDESIM, criada pela Lei 11.598\/2007, \u00e9 composta por diversos \u00f3rg\u00e3os que integram o processo de registro e legaliza\u00e7\u00e3o de pessoas jur\u00eddicas. Os expressivos resultados s\u00f3 foram poss\u00edveis em virtude da parceria estabelecida entre \u00f3rg\u00e3os federais, estaduais e municipais que a comp\u00f5em.<\/p>\n<p>S\u00e3o mais de 3.800 munic\u00edpios integrados a esta grande Rede, abrangendo cerca de 90% das pessoas jur\u00eddicas ativas do Pa\u00eds.<\/p>\n<p>Para saber mais sobre a REDESIM acesse\u00a0<a class=\"external-link\" href=\"http:\/\/www.redesim.gov.br\/\">www.redesim.gov.br<\/a>.<\/p>\n","protected":false},"excerpt":{"rendered":"<p>Agilidade impacta positivamente o ambiente de neg\u00f3cios do pa\u00eds No m\u00eas de abril deste ano, mais de 70% dos processos de abertura de empresas e neg\u00f3cios no pa\u00eds foram realizados em menos de tr\u00eas dias. As a\u00e7\u00f5es de simplifica\u00e7\u00e3o introduzidas ao longo de 2019, como o deferimento exclusivo na Junta Comercial onde se localiza a [&hellip;]<\/p>\n","protected":false},"author":1,"featured_media":2301,"comment_status":"open","ping_status":"open","sticky":false,"template":"","format":"standard","meta":{"jetpack_post_was_ever_published":false,"_jetpack_newsletter_access":"","_jetpack_dont_email_post_to_subs":false,"_jetpack_newsletter_tier_id":0,"_jetpack_memberships_contains_paywalled_content":false,"_jetpack_memberships_contains_paid_content":false,"footnotes":"","jetpack_publicize_message":"","jetpack_publicize_feature_enabled":true,"jetpack_social_post_already_shared":true,"jetpack_social_options":{"image_generator_settings":{"template":"highway","default_image_id":0,"font":"","enabled":false},"version":2}},"categories":[22],"tags":[],"class_list":["post-2300","post","type-post","status-publish","format-standard","has-post-thumbnail","hentry","category-geral"],"jetpack_publicize_connections":[],"jetpack_featured_media_url":"https:\/\/i0.wp.com\/cfcontabil.com\/cf\/wp-content\/uploads\/2020\/05\/redesim.png?fit=945%2C540","jetpack_sharing_enabled":true,"jetpack_shortlink":"https:\/\/wp.me\/p2wklX-B6","jetpack-related-posts":[{"id":1864,"url":"http:\/\/cfcontabil.com\/cf\/empresas-poderao-abrir-filiais-em-outros-estados-instantaneamente\/","url_meta":{"origin":2300,"position":0},"title":"Empresas poder\u00e3o abrir filiais em outros estados instantaneamente","author":"Ab\u00edlio Gon\u00e7alves","date":"8 de novembro de 2019","format":false,"excerpt":"Altera\u00e7\u00f5es, transfer\u00eancias e extin\u00e7\u00f5es tamb\u00e9m ficam mais r\u00e1pidas. At\u00e9 recentemente, a abertura de filiais em outros estados demorava v\u00e1rias semanas. A abertura de filiais de empresas em estados fora da sede passou a ser instant\u00e2nea. Por meio da integra\u00e7\u00e3o digital das juntas comerciais, o registro de outras unidades em outros\u2026","rel":"","context":"Em &quot;Consultoria Empresarial&quot;","block_context":{"text":"Consultoria Empresarial","link":"http:\/\/cfcontabil.com\/cf\/category\/consultoria\/"},"img":{"alt_text":"","src":"https:\/\/i0.wp.com\/cfcontabil.com\/cf\/wp-content\/uploads\/2019\/11\/filial-filiais.jpg?fit=600%2C340&resize=350%2C200","width":350,"height":200,"srcset":"https:\/\/i0.wp.com\/cfcontabil.com\/cf\/wp-content\/uploads\/2019\/11\/filial-filiais.jpg?fit=600%2C340&resize=350%2C200 1x, https:\/\/i0.wp.com\/cfcontabil.com\/cf\/wp-content\/uploads\/2019\/11\/filial-filiais.jpg?fit=600%2C340&resize=525%2C300 1.5x"},"classes":[]},{"id":861,"url":"http:\/\/cfcontabil.com\/cf\/opcao-pelo-simples-nacional\/","url_meta":{"origin":2300,"position":1},"title":"Op\u00e7\u00e3o pelo Simples Nacional","author":"Ab\u00edlio Gon\u00e7alves","date":"23 de janeiro de 2017","format":false,"excerpt":"Podem optar pelo Simples Nacional as microempresas (ME) e empresas de pequeno porte (EPP) que n\u00e3o incorram em nenhuma das veda\u00e7\u00f5es previstas na Lei Complementar 123, de 2006. A empresa poder\u00e1 fazer novo pedido de op\u00e7\u00e3o pelo Simples Nacional at\u00e9 o dia 31\/01\/2017. Conhe\u00e7a os detalhes previstos para a situa\u00e7\u00e3o\u2026","rel":"","context":"Em &quot;Consultoria Empresarial&quot;","block_context":{"text":"Consultoria Empresarial","link":"http:\/\/cfcontabil.com\/cf\/category\/consultoria\/"},"img":{"alt_text":"","src":"https:\/\/i0.wp.com\/cfcontabil.com\/cf\/wp-content\/uploads\/2017\/01\/simples-1.jpg?fit=520%2C271&resize=350%2C200","width":350,"height":200},"classes":[]},{"id":2372,"url":"http:\/\/cfcontabil.com\/cf\/outubro-tem-saldo-de-mais-de-231-mil-novas-empresas-abertas-no-pais\/","url_meta":{"origin":2300,"position":2},"title":"Outubro tem saldo de mais de 231 mil novas empresas abertas no pa\u00eds","author":"Ab\u00edlio Gon\u00e7alves","date":"10 de novembro de 2020","format":false,"excerpt":"Segundo o Mapa de Empresas, do Minist\u00e9rio da Economia, foram abertas 320.559 firmas e 89.306 fecharam. Tempo m\u00e9dio da burocracia diminuiu: menos de tr\u00eas dias O Mapa de Empresas, ferramenta digital do Minist\u00e9rio da Economia que acompanha dados sobre registro empresarial no Brasil, apontou que, em outubro, houve saldo positivo\u2026","rel":"","context":"Em &quot;Consultoria Empresarial&quot;","block_context":{"text":"Consultoria Empresarial","link":"http:\/\/cfcontabil.com\/cf\/category\/consultoria\/"},"img":{"alt_text":"","src":"https:\/\/i0.wp.com\/cfcontabil.com\/cf\/wp-content\/uploads\/2019\/12\/abertura-de-Empresas.jpg?fit=1080%2C640&resize=350%2C200","width":350,"height":200,"srcset":"https:\/\/i0.wp.com\/cfcontabil.com\/cf\/wp-content\/uploads\/2019\/12\/abertura-de-Empresas.jpg?fit=1080%2C640&resize=350%2C200 1x, https:\/\/i0.wp.com\/cfcontabil.com\/cf\/wp-content\/uploads\/2019\/12\/abertura-de-Empresas.jpg?fit=1080%2C640&resize=525%2C300 1.5x, https:\/\/i0.wp.com\/cfcontabil.com\/cf\/wp-content\/uploads\/2019\/12\/abertura-de-Empresas.jpg?fit=1080%2C640&resize=700%2C400 2x, https:\/\/i0.wp.com\/cfcontabil.com\/cf\/wp-content\/uploads\/2019\/12\/abertura-de-Empresas.jpg?fit=1080%2C640&resize=1050%2C600 3x"},"classes":[]},{"id":2044,"url":"http:\/\/cfcontabil.com\/cf\/decreto-facilita-combate-a-fraude-em-abertura-de-empresas\/","url_meta":{"origin":2300,"position":3},"title":"Decreto facilita combate \u00e0 fraude em abertura de empresas","author":"Ab\u00edlio Gon\u00e7alves","date":"6 de janeiro de 2020","format":false,"excerpt":"DESBUROCRATIZA\u00c7\u00c3O Novas regras simplificam a identifica\u00e7\u00e3o de falsifica\u00e7\u00f5es e melhora ambiente de neg\u00f3cios no pa\u00eds O\u00a0Decreto n\u00ba 10.173, de 16 de dezembro de 2019, tem o objetivo de simplificar a vida das pessoas que foram v\u00edtimas de falsifica\u00e7\u00f5es de documentos durante a abertura ou outros atos relacionados a empresas no\u2026","rel":"","context":"Em &quot;Geral&quot;","block_context":{"text":"Geral","link":"http:\/\/cfcontabil.com\/cf\/category\/geral\/"},"img":{"alt_text":"","src":"https:\/\/i0.wp.com\/cfcontabil.com\/cf\/wp-content\/uploads\/2020\/01\/desburocratizacao.jpg?fit=606%2C454&resize=350%2C200","width":350,"height":200,"srcset":"https:\/\/i0.wp.com\/cfcontabil.com\/cf\/wp-content\/uploads\/2020\/01\/desburocratizacao.jpg?fit=606%2C454&resize=350%2C200 1x, https:\/\/i0.wp.com\/cfcontabil.com\/cf\/wp-content\/uploads\/2020\/01\/desburocratizacao.jpg?fit=606%2C454&resize=525%2C300 1.5x"},"classes":[]},{"id":2401,"url":"http:\/\/cfcontabil.com\/cf\/pequenas-empresas-tem-ate-o-dia-29-de-janeiro-para-aderir-ao-simples-nacional\/","url_meta":{"origin":2300,"position":4},"title":"Pequenas empresas t\u00eam at\u00e9 o dia 29 de janeiro para aderir ao Simples Nacional","author":"Ab\u00edlio Gon\u00e7alves","date":"12 de janeiro de 2021","format":false,"excerpt":"Solicita\u00e7\u00e3o \u00e9 realizada somente pela internet e pode ser feita tanto por empresas j\u00e1 em atividade como para as que est\u00e3o em in\u00edcio de funcionamento. As microempresas e empresas de pequeno porte t\u00eam at\u00e9 o dia 29 de janeiro para optar pelo regime tribut\u00e1rio do Simples Nacional. A solicita\u00e7\u00e3o pode\u2026","rel":"","context":"Em &quot;Contabilidade em geral&quot;","block_context":{"text":"Contabilidade em geral","link":"http:\/\/cfcontabil.com\/cf\/category\/contabilidade-2\/"},"img":{"alt_text":"","src":"https:\/\/i0.wp.com\/cfcontabil.com\/cf\/wp-content\/uploads\/2020\/11\/Simples_Blog.jpg.600x335_q85_box-022957556_crop_detail.jpg?fit=600%2C335&resize=350%2C200","width":350,"height":200,"srcset":"https:\/\/i0.wp.com\/cfcontabil.com\/cf\/wp-content\/uploads\/2020\/11\/Simples_Blog.jpg.600x335_q85_box-022957556_crop_detail.jpg?fit=600%2C335&resize=350%2C200 1x, https:\/\/i0.wp.com\/cfcontabil.com\/cf\/wp-content\/uploads\/2020\/11\/Simples_Blog.jpg.600x335_q85_box-022957556_crop_detail.jpg?fit=600%2C335&resize=525%2C300 1.5x"},"classes":[]},{"id":1978,"url":"http:\/\/cfcontabil.com\/cf\/mutirao-da-simplificacao-atende-quase-15-mil-pessoas-em-taguatinga\/","url_meta":{"origin":2300,"position":5},"title":"Mutir\u00e3o da Simplifica\u00e7\u00e3o atende quase 1,5 mil pessoas em Taguatinga","author":"Ab\u00edlio Gon\u00e7alves","date":"4 de dezembro de 2019","format":false,"excerpt":"Iniciativa do governo e do Sebrae-DF promoveu orienta\u00e7\u00f5es sobre abertura de empresas e capacita\u00e7\u00f5es relacionadas \u00e0 atividade empreendedora O\u00a0Mutir\u00e3o da Simplifica\u00e7\u00e3o\u00a0atendeu, em quatro dias, quase 1,5 mil empres\u00e1rios e potenciais empreendedores na regi\u00e3o de\u00a0Taguatinga. Entre os dias 26 e 29, a iniciativa promoveu o acesso a orienta\u00e7\u00f5es sobre registro e\u2026","rel":"","context":"Em &quot;Consultoria Empresarial&quot;","block_context":{"text":"Consultoria Empresarial","link":"http:\/\/cfcontabil.com\/cf\/category\/consultoria\/"},"img":{"alt_text":"","src":"https:\/\/i0.wp.com\/cfcontabil.com\/cf\/wp-content\/uploads\/2019\/12\/sebrae-no-df.jpg?fit=678%2C452&resize=350%2C200","width":350,"height":200,"srcset":"https:\/\/i0.wp.com\/cfcontabil.com\/cf\/wp-content\/uploads\/2019\/12\/sebrae-no-df.jpg?fit=678%2C452&resize=350%2C200 1x, https:\/\/i0.wp.com\/cfcontabil.com\/cf\/wp-content\/uploads\/2019\/12\/sebrae-no-df.jpg?fit=678%2C452&resize=525%2C300 1.5x"},"classes":[]}],"jetpack_likes_enabled":true,"_links":{"self":[{"href":"http:\/\/cfcontabil.com\/cf\/wp-json\/wp\/v2\/posts\/2300","targetHints":{"allow":["GET"]}}],"collection":[{"href":"http:\/\/cfcontabil.com\/cf\/wp-json\/wp\/v2\/posts"}],"about":[{"href":"http:\/\/cfcontabil.com\/cf\/wp-json\/wp\/v2\/types\/post"}],"author":[{"embeddable":true,"href":"http:\/\/cfcontabil.com\/cf\/wp-json\/wp\/v2\/users\/1"}],"replies":[{"embeddable":true,"href":"http:\/\/cfcontabil.com\/cf\/wp-json\/wp\/v2\/comments?post=2300"}],"version-history":[{"count":1,"href":"http:\/\/cfcontabil.com\/cf\/wp-json\/wp\/v2\/posts\/2300\/revisions"}],"predecessor-version":[{"id":2303,"href":"http:\/\/cfcontabil.com\/cf\/wp-json\/wp\/v2\/posts\/2300\/revisions\/2303"}],"wp:featuredmedia":[{"embeddable":true,"href":"http:\/\/cfcontabil.com\/cf\/wp-json\/wp\/v2\/media\/2301"}],"wp:attachment":[{"href":"http:\/\/cfcontabil.com\/cf\/wp-json\/wp\/v2\/media?parent=2300"}],"wp:term":[{"taxonomy":"category","embeddable":true,"href":"http:\/\/cfcontabil.com\/cf\/wp-json\/wp\/v2\/categories?post=2300"},{"taxonomy":"post_tag","embeddable":true,"href":"http:\/\/cfcontabil.com\/cf\/wp-json\/wp\/v2\/tags?post=2300"}],"curies":[{"name":"wp","href":"https:\/\/api.w.org\/{rel}","templated":true}]}}