{"id":2311,"date":"2020-05-20T08:38:38","date_gmt":"2020-05-20T11:38:38","guid":{"rendered":"http:\/\/cfcontabil.com\/cf\/?p=2311"},"modified":"2020-05-20T08:38:38","modified_gmt":"2020-05-20T11:38:38","slug":"caixa-deposita-2a-parcela-de-r-600-de-nascidos-em-janeiro-ou-fevereiro","status":"publish","type":"post","link":"http:\/\/cfcontabil.com\/cf\/caixa-deposita-2a-parcela-de-r-600-de-nascidos-em-janeiro-ou-fevereiro\/","title":{"rendered":"Caixa deposita 2\u00aa parcela de R$ 600 de nascidos em janeiro ou fevereiro"},"content":{"rendered":"<p>O governo deposita nesta quarta-feira (20) a segunda parcela do aux\u00edlio emergencial de R$ 600 para quem nasceu em janeiro ou fevereiro e recebeu a primeira parcela entre 1\u00ba e 30 de abril.<\/p>\n<p><a href=\"https:\/\/i0.wp.com\/cfcontabil.com\/cf\/wp-content\/uploads\/2020\/04\/auxiliopagogovernofederal.jpg\"><img data-recalc-dims=\"1\" fetchpriority=\"high\" decoding=\"async\" data-attachment-id=\"2212\" data-permalink=\"http:\/\/cfcontabil.com\/cf\/senado-aprova-extensao-de-auxilio-de-r-600-a-mais-de-30-categorias\/auxiliopagogovernofederal\/\" data-orig-file=\"https:\/\/i0.wp.com\/cfcontabil.com\/cf\/wp-content\/uploads\/2020\/04\/auxiliopagogovernofederal.jpg?fit=640%2C360\" data-orig-size=\"640,360\" data-comments-opened=\"1\" data-image-meta=\"{&quot;aperture&quot;:&quot;0&quot;,&quot;credit&quot;:&quot;&quot;,&quot;camera&quot;:&quot;&quot;,&quot;caption&quot;:&quot;&quot;,&quot;created_timestamp&quot;:&quot;0&quot;,&quot;copyright&quot;:&quot;&quot;,&quot;focal_length&quot;:&quot;0&quot;,&quot;iso&quot;:&quot;0&quot;,&quot;shutter_speed&quot;:&quot;0&quot;,&quot;title&quot;:&quot;&quot;,&quot;orientation&quot;:&quot;0&quot;}\" data-image-title=\"auxilio+pago+governo+federal\" data-image-description=\"\" data-image-caption=\"\" data-large-file=\"https:\/\/i0.wp.com\/cfcontabil.com\/cf\/wp-content\/uploads\/2020\/04\/auxiliopagogovernofederal.jpg?fit=640%2C360\" class=\"aligncenter size-full wp-image-2212\" src=\"https:\/\/i0.wp.com\/cfcontabil.com\/cf\/wp-content\/uploads\/2020\/04\/auxiliopagogovernofederal.jpg?resize=640%2C360\" alt=\"\" width=\"640\" height=\"360\" srcset=\"https:\/\/i0.wp.com\/cfcontabil.com\/cf\/wp-content\/uploads\/2020\/04\/auxiliopagogovernofederal.jpg?w=640 640w, https:\/\/i0.wp.com\/cfcontabil.com\/cf\/wp-content\/uploads\/2020\/04\/auxiliopagogovernofederal.jpg?resize=300%2C169 300w, https:\/\/i0.wp.com\/cfcontabil.com\/cf\/wp-content\/uploads\/2020\/04\/auxiliopagogovernofederal.jpg?resize=370%2C208 370w, https:\/\/i0.wp.com\/cfcontabil.com\/cf\/wp-content\/uploads\/2020\/04\/auxiliopagogovernofederal.jpg?resize=270%2C152 270w\" sizes=\"(max-width: 640px) 100vw, 640px\" \/><\/a><\/p>\n<p>A exce\u00e7\u00e3o \u00e9 o benefici\u00e1rio do Bolsa Fam\u00edlia, que recebe de acordo com outro calend\u00e1rio. O calend\u00e1rio que come\u00e7a hoje \u00e9 para o dep\u00f3sito na poupan\u00e7a digital da Caixa. De acordo com a Caixa, 5 milh\u00f5es de pessoas ter\u00e3o o valor da segunda parcela depositado hoje.<\/p>\n<p>Todos os benefici\u00e1rios da segunda parcela v\u00e3o receber o dinheiro em uma conta digital, mesmo aqueles que indicaram conta de outro banco no cadastro. Nesse caso, os valores poder\u00e3o ser usados apenas para pagamento de contas e boletos e para compras por meio de cart\u00e3o de d\u00e9bito virtual.<\/p>\n<p>Para sacar o dinheiro ou transferi-lo para outro banco ser\u00e1 preciso esperar alguns dias, seguindo um calend\u00e1rio que come\u00e7a no dia 30 de maio.<\/p>\n<div class=\"moveable_w\" data-object-type=\"particle\" data-content-type=\"maintitle\">\n<div class=\"maintitle\">\n<div class=\"innertext\"><span style=\"font-size: 14pt;\"><strong><span style=\"color: #107270;\">Aux\u00edlio emergencial de R$ 600 &#8211;\u00a0Pagamento da 2\u00aa parcela<\/span><\/strong><\/span><\/div>\n<\/div>\n<\/div>\n<div class=\"moveable_w\" data-object-type=\"particle\" data-content-type=\"captiontext\">\n<div class=\"moveable particle caption-text ig-theme-group-text\">\n<div class=\"captiontext\">\n<div class=\"innertext\">OBS: datas v\u00e1lidas somente para quem recebeu a primeira parcela at\u00e9 30\/4<\/div>\n<\/div>\n<\/div>\n<\/div>\n<div class=\"moveable_w\" data-object-type=\"particle\" data-content-type=\"bodytitle\">\n<div class=\"bodytitle\">\n<div class=\"innertext\">\n<h3>Calend\u00e1rio do dep\u00f3sito na conta digital<\/h3>\n<\/div>\n<\/div>\n<\/div>\n<div class=\"moveable_w\" data-object-type=\"particle\" data-content-type=\"bodytext\">\n<div class=\"moveable particle body-text ig-theme-group-text\">\n<div class=\"bodytext\">\n<div class=\"innertext\">\n<p>O valor cai na conta, mas n\u00e3o poder\u00e1 ser sacado em dinheiro nem transferido para outro banco:<\/p>\n<ul>\n<li>20\/5: nascidos em janeiro e fevereiro<\/li>\n<li>21\/5: nascidos em mar\u00e7o e abril<\/li>\n<li>22\/5: nascidos em maio e junho<\/li>\n<li>23\/5: nascidos em julho e agosto<\/li>\n<li>25\/5: nascidos em setembro e outubro<\/li>\n<li>26\/5: nascidos em novembro e dezembro<\/li>\n<\/ul>\n<\/div>\n<\/div>\n<\/div>\n<\/div>\n<div class=\"moveable_w\" data-object-type=\"particle\" data-content-type=\"bodytitle\">\n<div class=\"bodytitle\">\n<div class=\"innertext\">\n<h3>Calend\u00e1rio do saque em dinheiro<\/h3>\n<\/div>\n<\/div>\n<\/div>\n<div class=\"moveable_w\" data-object-type=\"particle\" data-content-type=\"bodytext\">\n<div class=\"moveable particle body-text ig-theme-group-text\">\n<div class=\"bodytext\">\n<div class=\"innertext\">O dinheiro fica dispon\u00edvel para saques e transfer\u00eancias:<\/p>\n<ul>\n<li>30\/5: nascidos em janeiro<\/li>\n<li>1\u00ba\/6: nascidos em fevereiro<\/li>\n<li>2\/6: nascidos em mar\u00e7o<\/li>\n<li>3\/6: nascidos em abril<\/li>\n<li>4\/6: nascidos em maio<\/li>\n<li>5\/6: nascidos em junho<\/li>\n<li>6\/6: nascidos em julho<\/li>\n<li>8\/6: nascidos em agosto<\/li>\n<li>9\/6: nascidos em setembro<\/li>\n<li>10\/6: nascidos em outubro<\/li>\n<li>12\/6: nascidos em novembro<\/li>\n<li>13\/6: nascidos em dezembro<\/li>\n<\/ul>\n<\/div>\n<\/div>\n<\/div>\n<\/div>\n<div class=\"moveable_w\" data-object-type=\"particle\" data-content-type=\"bodytitle\">\n<div class=\"bodytitle\">\n<div class=\"innertext\"><strong>Benefici\u00e1rios do Bolsa Fam\u00edlia<\/strong><\/div>\n<\/div>\n<\/div>\n<div class=\"moveable_w\" data-object-type=\"particle\" data-content-type=\"bodytext\">\n<div class=\"moveable particle body-text ig-theme-group-text\">\n<div class=\"bodytext\">\n<div class=\"innertext\">Os saques em dinheiro ocorrer\u00e3o conforme o \u00faltimo n\u00famero do NIS (N\u00famero de Identifica\u00e7\u00e3o Social):<\/p>\n<ul>\n<li>NIS 1: 18 de maio<\/li>\n<li>NIS 2: 19 de maio<\/li>\n<li>NIS 3: 20 de maio<\/li>\n<li>NIS 4: 21 de maio<\/li>\n<li>NIS 5: 22 de maio<\/li>\n<li>NIS 6: 25 de maio<\/li>\n<li>NIS 7: 26 de maio<\/li>\n<li>NIS 8: 27 de maio<\/li>\n<li>NIS 9: 28 de maio<\/li>\n<li>NIS 0: 29 de maio<\/li>\n<\/ul>\n<\/div>\n<\/div>\n<\/div>\n<\/div>\n<div class=\"moveable_w\" data-object-type=\"particle\" data-content-type=\"captiontext\">\n<div class=\"moveable particle caption-text ig-theme-group-text\">\n<div class=\"captiontext\">\n<div class=\"innertext\"><i>Fonte: Di\u00e1rio Oficial da Uni\u00e3o\/Minist\u00e9rio da Cidadania<\/i><\/div>\n<\/div>\n<\/div>\n<\/div>\n<div><\/div>\n<div><strong>Pagamento para quem est\u00e1 no Bolsa Fam\u00edlia<\/strong><\/div>\n<div><\/div>\n<div>O calend\u00e1rio do dep\u00f3sito em conta digital n\u00e3o vale para quem est\u00e1 no Bolsa Fam\u00edlia.<\/div>\n<div><\/div>\n<div>O calend\u00e1rio de pagamento deles \u00e9 diferente, de acordo com o n\u00famero do NIS (confira acima o calend\u00e1rio completo). O pagamento come\u00e7ou na segunda-feira (18) e vai at\u00e9 o dia 29 de maio. Nesta quarta-feira recebem os que t\u00eam o \u00faltimo d\u00edgito do NIS igual a 3, o que totaliza 1,9 milh\u00e3o de pessoas, segundo a Caixa.<\/div>\n<div><\/div>\n<div><strong>Dep\u00f3sito da primeira parcela para nascidos em fevereiro<\/strong><\/div>\n<div><\/div>\n<div>Milh\u00f5es de trabalhadores fizeram o pedido da primeira parcela, ainda aguardam a resposta e, portanto, n\u00e3o receberam nem a primeira parcela.<\/div>\n<div>Nesta quarta-feira (20), ser\u00e1 pago o valor para mais um grupo que ainda n\u00e3o recebeu a primeira parcela. Hoje recebem os que nasceram em fevereiro. Esse calend\u00e1rio, que tamb\u00e9m \u00e9 feito em etapas, por m\u00eas de nascimento, come\u00e7ou ontem para quem nasceu em janeiro e vai at\u00e9 29 de maio, com os dep\u00f3sitos de quem nasceu em dezembro. Ao todo, s\u00e3o 8,3 milh\u00f5es de pessoas que tiveram o pedido aprovado na semana passada e v\u00e3o receber a primeira parcela nesse per\u00edodo, de acordo com a Caixa.<\/div>\n<div>O pagamento estar\u00e1 dispon\u00edvel imediatamente para saque. Confira a seguir o calend\u00e1rio completo.<\/div>\n<div><\/div>\n<div>\n<div class=\"moveable_w\" data-object-type=\"particle\" data-content-type=\"maintitle\">\n<div class=\"maintitle\">\n<div class=\"innertext\"><strong><span style=\"color: #107270;\">Aux\u00edlio emergencial: Pagamento da 1\u00aa parcela para novos aprovados<\/span><\/strong><\/div>\n<\/div>\n<\/div>\n<div class=\"moveable_w\" data-object-type=\"particle\" data-content-type=\"captiontext\">\n<div class=\"moveable particle caption-text ig-theme-group-text\">\n<div class=\"captiontext\">\n<div class=\"innertext\">OBS: datas v\u00e1lidas somente para quem teve o cadastro aprovado mas n\u00e3o recebeu a primeira parcela at\u00e9 30\/4<\/div>\n<\/div>\n<\/div>\n<\/div>\n<div class=\"moveable_w\" data-object-type=\"particle\" data-content-type=\"bodytext\">\n<div class=\"moveable particle body-text ig-theme-group-text\">\n<div class=\"bodytext\">\n<div class=\"innertext\">\n<ul>\n<li>19\/5: nascidos em janeiro<\/li>\n<li>20\/5: nascidos em fevereiro<\/li>\n<li>21\/5: nascidos em mar\u00e7o<\/li>\n<li>22\/5: nascidos em abril<\/li>\n<li>23\/5: nascidos em maio, junho e julho<\/li>\n<li>25\/5: nascidos em agosto<\/li>\n<li>26\/5:\u00a0nascidos em\u00a0setembro<\/li>\n<li>27\/5:\u00a0nascidos em\u00a0outubro<\/li>\n<li>28\/5:\u00a0nascidos em\u00a0novembro<\/li>\n<li>29\/5:\u00a0nascidos em\u00a0dezembro<\/li>\n<\/ul>\n<\/div>\n<\/div>\n<\/div>\n<\/div>\n<div class=\"moveable_w\" data-object-type=\"particle\" data-content-type=\"captiontext\">\n<div class=\"moveable particle caption-text ig-theme-group-text\">\n<div class=\"captiontext\">\n<div class=\"innertext\"><i>Fonte: Caixa Econ\u00f4mica Federal<\/i><\/div>\n<\/div>\n<\/div>\n<div><\/div>\n<\/div>\n<\/div>\n","protected":false},"excerpt":{"rendered":"<p>O governo deposita nesta quarta-feira (20) a segunda parcela do aux\u00edlio emergencial de R$ 600 para quem nasceu em janeiro ou fevereiro e recebeu a primeira parcela entre 1\u00ba e 30 de abril. A exce\u00e7\u00e3o \u00e9 o benefici\u00e1rio do Bolsa Fam\u00edlia, que recebe de acordo com outro calend\u00e1rio. O calend\u00e1rio que come\u00e7a hoje \u00e9 para [&hellip;]<\/p>\n","protected":false},"author":1,"featured_media":2314,"comment_status":"open","ping_status":"open","sticky":false,"template":"","format":"standard","meta":{"jetpack_post_was_ever_published":false,"_jetpack_newsletter_access":"","_jetpack_dont_email_post_to_subs":false,"_jetpack_newsletter_tier_id":0,"_jetpack_memberships_contains_paywalled_content":false,"_jetpack_memberships_contains_paid_content":false,"footnotes":"","jetpack_publicize_message":"","jetpack_publicize_feature_enabled":true,"jetpack_social_post_already_shared":true,"jetpack_social_options":{"image_generator_settings":{"template":"highway","default_image_id":0,"font":"","enabled":false},"version":2}},"categories":[22],"tags":[493,430,773,313],"class_list":["post-2311","post","type-post","status-publish","format-standard","has-post-thumbnail","hentry","category-geral","tag-auxilio","tag-deposito","tag-emergencial","tag-saque"],"jetpack_publicize_connections":[],"jetpack_featured_media_url":"https:\/\/i0.wp.com\/cfcontabil.com\/cf\/wp-content\/uploads\/2020\/05\/auxilio-emergencial-caixa-economica-federal-2020-1024x572-1.jpg?fit=1024%2C572","jetpack_sharing_enabled":true,"jetpack_shortlink":"https:\/\/wp.me\/p2wklX-Bh","jetpack-related-posts":[{"id":2343,"url":"http:\/\/cfcontabil.com\/cf\/decreto-define-regras-para-pagamento-de-auxilio-emergencial-de-r-300\/","url_meta":{"origin":2311,"position":0},"title":"Decreto define regras para pagamento de aux\u00edlio emergencial de R$ 300","author":"Ab\u00edlio Gon\u00e7alves","date":"18 de setembro de 2020","format":false,"excerpt":"A medida foi publicada no Di\u00e1rio Oficial As regras para a concess\u00e3o do aux\u00edlio emergencial residual de R$ 300 foram publicadas em edi\u00e7\u00e3o extra do\u00a0Di\u00e1rio Oficial da Uni\u00e3o\u00a0(DOU) dessa quarta-feira (16). O\u00a0Decreto\u00a0n\u00ba 10.488 regulamenta a Medida Provis\u00f3ria n\u00ba 1.000, de 2 de setembro de 2020, que concede o aux\u00edlio emergencial\u2026","rel":"","context":"Em &quot;Geral&quot;","block_context":{"text":"Geral","link":"http:\/\/cfcontabil.com\/cf\/category\/geral\/"},"img":{"alt_text":"","src":"https:\/\/i0.wp.com\/cfcontabil.com\/cf\/wp-content\/uploads\/2020\/09\/caixa_economica_federal0505202674.jpg?fit=1170%2C700&resize=350%2C200","width":350,"height":200,"srcset":"https:\/\/i0.wp.com\/cfcontabil.com\/cf\/wp-content\/uploads\/2020\/09\/caixa_economica_federal0505202674.jpg?fit=1170%2C700&resize=350%2C200 1x, https:\/\/i0.wp.com\/cfcontabil.com\/cf\/wp-content\/uploads\/2020\/09\/caixa_economica_federal0505202674.jpg?fit=1170%2C700&resize=525%2C300 1.5x, https:\/\/i0.wp.com\/cfcontabil.com\/cf\/wp-content\/uploads\/2020\/09\/caixa_economica_federal0505202674.jpg?fit=1170%2C700&resize=700%2C400 2x, https:\/\/i0.wp.com\/cfcontabil.com\/cf\/wp-content\/uploads\/2020\/09\/caixa_economica_federal0505202674.jpg?fit=1170%2C700&resize=1050%2C600 3x"},"classes":[]},{"id":2296,"url":"http:\/\/cfcontabil.com\/cf\/governo-lanca-novo-site-para-consulta-a-auxilio-emergencial-de-r-600\/","url_meta":{"origin":2311,"position":1},"title":"Governo lan\u00e7a novo site para consulta a aux\u00edlio emergencial de R$ 600","author":"Ab\u00edlio Gon\u00e7alves","date":"6 de maio de 2020","format":false,"excerpt":"Os brasileiros que fizeram a solicita\u00e7\u00e3o do aux\u00edlio emergencial de R$ 600 para trabalhadores informais poder\u00e3o consultar o andamento do pedido em um novo portal disponibilizado pela Dataprev, empresa p\u00fablica respons\u00e1vel pelo processamento dos dados. O novo portal pode ser acessado por meio dos endere\u00e7os\u00a0www.cidadania.gov.br\/consultaauxilio\u00a0e\u00a0https:\/\/consultaauxilio.dataprev.gov.br. Antes, os cidad\u00e3os s\u00f3 tinham\u2026","rel":"","context":"Em &quot;Geral&quot;","block_context":{"text":"Geral","link":"http:\/\/cfcontabil.com\/cf\/category\/geral\/"},"img":{"alt_text":"","src":"https:\/\/i0.wp.com\/cfcontabil.com\/cf\/wp-content\/uploads\/2020\/05\/auxilio-emergencial-novo-site.jpg?fit=932%2C536&resize=350%2C200","width":350,"height":200,"srcset":"https:\/\/i0.wp.com\/cfcontabil.com\/cf\/wp-content\/uploads\/2020\/05\/auxilio-emergencial-novo-site.jpg?fit=932%2C536&resize=350%2C200 1x, https:\/\/i0.wp.com\/cfcontabil.com\/cf\/wp-content\/uploads\/2020\/05\/auxilio-emergencial-novo-site.jpg?fit=932%2C536&resize=525%2C300 1.5x, https:\/\/i0.wp.com\/cfcontabil.com\/cf\/wp-content\/uploads\/2020\/05\/auxilio-emergencial-novo-site.jpg?fit=932%2C536&resize=700%2C400 2x"},"classes":[]},{"id":856,"url":"http:\/\/cfcontabil.com\/cf\/tire-suas-duvidas-sobre-o-reajuste-do-seguro-desemprego\/","url_meta":{"origin":2311,"position":2},"title":"Tire suas d\u00favidas sobre o reajuste do seguro-desemprego","author":"Ab\u00edlio Gon\u00e7alves","date":"25 de janeiro de 2017","format":false,"excerpt":"Benef\u00edcio do seguro-desemprego come\u00e7ou a ser pago com reajuste a partir de\u00a0ter\u00e7a-feira (17) O Minist\u00e9rio do Trabalho liberou o lote de pagamento do Seguro-Desemprego com o reajuste das parcelas. Os novos valores levam em conta o sal\u00e1rio m\u00ednimo a partir de 1\u00b0 de janeiro de 2017 e a varia\u00e7\u00e3o do\u2026","rel":"","context":"Em &quot;Departamento Pessoal&quot;","block_context":{"text":"Departamento Pessoal","link":"http:\/\/cfcontabil.com\/cf\/category\/dp\/"},"img":{"alt_text":"","src":"https:\/\/i0.wp.com\/cfcontabil.com\/cf\/wp-content\/uploads\/2017\/01\/CTPStrabalho-1.jpg?fit=1200%2C781&resize=350%2C200","width":350,"height":200,"srcset":"https:\/\/i0.wp.com\/cfcontabil.com\/cf\/wp-content\/uploads\/2017\/01\/CTPStrabalho-1.jpg?fit=1200%2C781&resize=350%2C200 1x, https:\/\/i0.wp.com\/cfcontabil.com\/cf\/wp-content\/uploads\/2017\/01\/CTPStrabalho-1.jpg?fit=1200%2C781&resize=525%2C300 1.5x, https:\/\/i0.wp.com\/cfcontabil.com\/cf\/wp-content\/uploads\/2017\/01\/CTPStrabalho-1.jpg?fit=1200%2C781&resize=700%2C400 2x, https:\/\/i0.wp.com\/cfcontabil.com\/cf\/wp-content\/uploads\/2017\/01\/CTPStrabalho-1.jpg?fit=1200%2C781&resize=1050%2C600 3x"},"classes":[]},{"id":1455,"url":"http:\/\/cfcontabil.com\/cf\/o-perigo-da-divida-do-fgts-no-esocial\/","url_meta":{"origin":2311,"position":3},"title":"O perigo da d\u00edvida do FGTS no eSocial","author":"Ab\u00edlio Gon\u00e7alves","date":"22 de fevereiro de 2019","format":false,"excerpt":"Caso voc\u00ea ainda n\u00e3o tenha ci\u00eancia, o governo federal recentemente expediu uma lei proibindo o cr\u00e9dito a empresas devedoras do FGTS. E se voc\u00ea est\u00e1 em d\u00e9bito com o FGTS, todo o cuidado \u00e9 pouco: notifica\u00e7\u00e3o, multa e autua\u00e7\u00e3o podem bater na sua porta. A Lei n\u00ba 13.805\/19 prev\u00ea que\u2026","rel":"","context":"Em &quot;Departamento Pessoal&quot;","block_context":{"text":"Departamento Pessoal","link":"http:\/\/cfcontabil.com\/cf\/category\/dp\/"},"img":{"alt_text":"","src":"https:\/\/i0.wp.com\/cfcontabil.com\/cf\/wp-content\/uploads\/2019\/02\/fgtsCAIXA-1.jpg?fit=600%2C293&resize=350%2C200","width":350,"height":200,"srcset":"https:\/\/i0.wp.com\/cfcontabil.com\/cf\/wp-content\/uploads\/2019\/02\/fgtsCAIXA-1.jpg?fit=600%2C293&resize=350%2C200 1x, https:\/\/i0.wp.com\/cfcontabil.com\/cf\/wp-content\/uploads\/2019\/02\/fgtsCAIXA-1.jpg?fit=600%2C293&resize=525%2C300 1.5x"},"classes":[]},{"id":2196,"url":"http:\/\/cfcontabil.com\/cf\/coronavirus-camara-aprova-projeto-que-preve-r-600-por-mes-para-trabalhador-informal\/","url_meta":{"origin":2311,"position":4},"title":"Coronav\u00edrus: C\u00e2mara aprova projeto que prev\u00ea R$ 600 por m\u00eas para trabalhador informal","author":"Ab\u00edlio Gon\u00e7alves","date":"27 de mar\u00e7o de 2020","format":false,"excerpt":"Texto vai ao Senado e prev\u00ea repasse por 3 meses. Aut\u00f4nomo dever\u00e1 cumprir requisitos como ter mais de 18 anos e n\u00e3o receber benef\u00edcio previdenci\u00e1rio ou assistencial. A\u00a0C\u00e2mara dos Deputados\u00a0aprovou nesta quinta-feira (26) um projeto que prev\u00ea o pagamento de R$ 600 a trabalhadores informais por tr\u00eas meses em raz\u00e3o\u2026","rel":"","context":"Em \"aux\u00edlio\"","block_context":{"text":"aux\u00edlio","link":"http:\/\/cfcontabil.com\/cf\/tag\/auxilio\/"},"img":{"alt_text":"","src":"https:\/\/i0.wp.com\/cfcontabil.com\/cf\/wp-content\/uploads\/2020\/03\/plenario-camara.jpg?fit=640%2C419&resize=350%2C200","width":350,"height":200,"srcset":"https:\/\/i0.wp.com\/cfcontabil.com\/cf\/wp-content\/uploads\/2020\/03\/plenario-camara.jpg?fit=640%2C419&resize=350%2C200 1x, https:\/\/i0.wp.com\/cfcontabil.com\/cf\/wp-content\/uploads\/2020\/03\/plenario-camara.jpg?fit=640%2C419&resize=525%2C300 1.5x"},"classes":[]},{"id":2617,"url":"http:\/\/cfcontabil.com\/cf\/empresas-oferecem-opcao-de-parcelar-boletos-bom-negocio-ou-cilada\/","url_meta":{"origin":2311,"position":5},"title":"Empresas oferecem op\u00e7\u00e3o de parcelar boletos: bom neg\u00f3cio ou cilada?","author":"Ab\u00edlio Gon\u00e7alves","date":"12 de agosto de 2021","format":false,"excerpt":"Empresas como o PicPay e o Nubank, por exemplo, oferecem fun\u00e7\u00e3o de parcelamento. Veja se vale a pena. Aquela antiga e famosa m\u00fasica da cantora pop Kelly Key, que diz: \"mais uma noite chega, e com ela, a depress\u00e3o\", frequentemente aparece como trilha sonora de memes, por refletir bem a\u2026","rel":"","context":"Em &quot;Geral&quot;","block_context":{"text":"Geral","link":"http:\/\/cfcontabil.com\/cf\/category\/geral\/"},"img":{"alt_text":"crop cheerful asian woman using ticket machine","src":"https:\/\/i0.wp.com\/cfcontabil.com\/cf\/wp-content\/uploads\/2021\/08\/pexels-photo-5225428.jpeg?fit=1200%2C800&resize=350%2C200","width":350,"height":200,"srcset":"https:\/\/i0.wp.com\/cfcontabil.com\/cf\/wp-content\/uploads\/2021\/08\/pexels-photo-5225428.jpeg?fit=1200%2C800&resize=350%2C200 1x, https:\/\/i0.wp.com\/cfcontabil.com\/cf\/wp-content\/uploads\/2021\/08\/pexels-photo-5225428.jpeg?fit=1200%2C800&resize=525%2C300 1.5x, https:\/\/i0.wp.com\/cfcontabil.com\/cf\/wp-content\/uploads\/2021\/08\/pexels-photo-5225428.jpeg?fit=1200%2C800&resize=700%2C400 2x, https:\/\/i0.wp.com\/cfcontabil.com\/cf\/wp-content\/uploads\/2021\/08\/pexels-photo-5225428.jpeg?fit=1200%2C800&resize=1050%2C600 3x"},"classes":[]}],"jetpack_likes_enabled":true,"_links":{"self":[{"href":"http:\/\/cfcontabil.com\/cf\/wp-json\/wp\/v2\/posts\/2311","targetHints":{"allow":["GET"]}}],"collection":[{"href":"http:\/\/cfcontabil.com\/cf\/wp-json\/wp\/v2\/posts"}],"about":[{"href":"http:\/\/cfcontabil.com\/cf\/wp-json\/wp\/v2\/types\/post"}],"author":[{"embeddable":true,"href":"http:\/\/cfcontabil.com\/cf\/wp-json\/wp\/v2\/users\/1"}],"replies":[{"embeddable":true,"href":"http:\/\/cfcontabil.com\/cf\/wp-json\/wp\/v2\/comments?post=2311"}],"version-history":[{"count":1,"href":"http:\/\/cfcontabil.com\/cf\/wp-json\/wp\/v2\/posts\/2311\/revisions"}],"predecessor-version":[{"id":2315,"href":"http:\/\/cfcontabil.com\/cf\/wp-json\/wp\/v2\/posts\/2311\/revisions\/2315"}],"wp:featuredmedia":[{"embeddable":true,"href":"http:\/\/cfcontabil.com\/cf\/wp-json\/wp\/v2\/media\/2314"}],"wp:attachment":[{"href":"http:\/\/cfcontabil.com\/cf\/wp-json\/wp\/v2\/media?parent=2311"}],"wp:term":[{"taxonomy":"category","embeddable":true,"href":"http:\/\/cfcontabil.com\/cf\/wp-json\/wp\/v2\/categories?post=2311"},{"taxonomy":"post_tag","embeddable":true,"href":"http:\/\/cfcontabil.com\/cf\/wp-json\/wp\/v2\/tags?post=2311"}],"curies":[{"name":"wp","href":"https:\/\/api.w.org\/{rel}","templated":true}]}}