{"id":2316,"date":"2020-05-20T10:00:39","date_gmt":"2020-05-20T13:00:39","guid":{"rendered":"http:\/\/cfcontabil.com\/cf\/?p=2316"},"modified":"2020-05-20T08:55:44","modified_gmt":"2020-05-20T11:55:44","slug":"so-14-dos-pequenos-negocios-ja-conseguiram-credito-na-pandemia-diz-sebrae","status":"publish","type":"post","link":"http:\/\/cfcontabil.com\/cf\/so-14-dos-pequenos-negocios-ja-conseguiram-credito-na-pandemia-diz-sebrae\/","title":{"rendered":"S\u00f3 14% dos pequenos neg\u00f3cios j\u00e1 conseguiram cr\u00e9dito na pandemia, diz Sebrae"},"content":{"rendered":"<h2 class=\"txt-gray mb-0 h4\">Pesquisa do Sebrae diz que 58% das MPEs que pediram cr\u00e9dito nas \u00faltimas semanas j\u00e1 tiveram o pedido negado. Outros 18% est\u00e3o em an\u00e1lise, sendo que 53% aguardam uma resposta dos bancos h\u00e1 mais de duas semanas<\/h2>\n<p><a href=\"https:\/\/i0.wp.com\/cfcontabil.com\/cf\/wp-content\/uploads\/2019\/11\/dinheiro-notas-100.jpeg\"><img data-recalc-dims=\"1\" fetchpriority=\"high\" decoding=\"async\" data-attachment-id=\"1896\" data-permalink=\"http:\/\/cfcontabil.com\/cf\/mp-do-contribuinte-legal-negociacao-de-dividas-junto-a-uniao\/dinheiro-notas-100\/\" data-orig-file=\"https:\/\/i0.wp.com\/cfcontabil.com\/cf\/wp-content\/uploads\/2019\/11\/dinheiro-notas-100.jpeg?fit=1021%2C600\" data-orig-size=\"1021,600\" data-comments-opened=\"1\" data-image-meta=\"{&quot;aperture&quot;:&quot;0&quot;,&quot;credit&quot;:&quot;&quot;,&quot;camera&quot;:&quot;&quot;,&quot;caption&quot;:&quot;&quot;,&quot;created_timestamp&quot;:&quot;0&quot;,&quot;copyright&quot;:&quot;&quot;,&quot;focal_length&quot;:&quot;0&quot;,&quot;iso&quot;:&quot;0&quot;,&quot;shutter_speed&quot;:&quot;0&quot;,&quot;title&quot;:&quot;&quot;,&quot;orientation&quot;:&quot;0&quot;}\" data-image-title=\"dinheiro notas 100\" data-image-description=\"\" data-image-caption=\"\" data-large-file=\"https:\/\/i0.wp.com\/cfcontabil.com\/cf\/wp-content\/uploads\/2019\/11\/dinheiro-notas-100.jpeg?fit=1021%2C600\" class=\"aligncenter size-full wp-image-1896\" src=\"https:\/\/i0.wp.com\/cfcontabil.com\/cf\/wp-content\/uploads\/2019\/11\/dinheiro-notas-100.jpeg?resize=1021%2C600\" alt=\"\" width=\"1021\" height=\"600\" srcset=\"https:\/\/i0.wp.com\/cfcontabil.com\/cf\/wp-content\/uploads\/2019\/11\/dinheiro-notas-100.jpeg?w=1021 1021w, https:\/\/i0.wp.com\/cfcontabil.com\/cf\/wp-content\/uploads\/2019\/11\/dinheiro-notas-100.jpeg?resize=300%2C176 300w, https:\/\/i0.wp.com\/cfcontabil.com\/cf\/wp-content\/uploads\/2019\/11\/dinheiro-notas-100.jpeg?resize=768%2C451 768w, https:\/\/i0.wp.com\/cfcontabil.com\/cf\/wp-content\/uploads\/2019\/11\/dinheiro-notas-100.jpeg?resize=770%2C452 770w, https:\/\/i0.wp.com\/cfcontabil.com\/cf\/wp-content\/uploads\/2019\/11\/dinheiro-notas-100.jpeg?resize=370%2C217 370w\" sizes=\"(max-width: 1021px) 100vw, 1021px\" \/><\/a><\/p>\n<p>O Programa Nacional de Apoio \u00e0s Microempresas e Empresas de Pequeno Porte (Pronampe) foi sancionado nessa segunda-feira (18\/05) pelo presidente Jair Bolsonaro para tentar resolver a principal queixa das micro e pequenas empresas brasileiras durante a pandemia do novo coronav\u00edrus. O Sebrae explica que, apesar de responder por 55% dos empregos formais do pa\u00eds, o setor vem tendo diversos pedidos de cr\u00e9dito negados desde o in\u00edcio da covid-19. E a maior parte dessas negativas veio dos bancos p\u00fablicos at\u00e9 agora.<\/p>\n<div><\/div>\n<div>Pesquisa realizada pelo Sebrae em parceria com a Funda\u00e7\u00e3o Get\u00falio Vargas (FGV) explica os impactos da crise da covid-19 no setor. Segundo o estudo, que ouviu mais de 10 mil pequenos empres\u00e1rios no in\u00edcio deste m\u00eas e foi divulgado nesta ter\u00e7a-feira (19\/05), 59% dos 17,2 milh\u00f5es dos pequenos empres\u00e1rios brasileiros v\u00e3o precisar de cr\u00e9dito para conseguir manter seus neg\u00f3cios funcionando depois da covid-19. Isso porque 44% desses neg\u00f3cios precisaram fechar as portas diante das medidas de distanciamento social necess\u00e1rias \u00e0 preven\u00e7\u00e3o do coronav\u00edrus e muitos dos que ainda est\u00e3o funcionando registraram queda de receita mesmo tendo aperfei\u00e7oado as estrat\u00e9gias digitais de atendimento. Por isso, o faturamento dos pequenos neg\u00f3cios caiu em m\u00e9dia 60% nesse per\u00edodo.<\/div>\n<div><\/div>\n<div>\n<div>Apesar disso e do fato de que a maior parte dos entrevistados pelo Sebrae (29%) precisar de menos de R$ 5 mil de cr\u00e9dito para manter sua empresa de p\u00e9, os pequenos neg\u00f3cios n\u00e3o est\u00e3o tendo o mesmo sucesso das grandes empresas ao buscar capital de giro nos bancos brasileiros. Como mostrou o Correio, o setor recebeu apenas R$ 31 bilh\u00f5es dos R$ 378 bilh\u00f5es de cr\u00e9dito que foram liberados por novos financiamentos desde o in\u00edcio da pandemia no Brasil, segundo a Federa\u00e7\u00e3o Brasileira de Bancos (Febraban). O Sebrae explica que, dos 38% dos pequenos empres\u00e1rios que j\u00e1 buscaram cr\u00e9dito nesse per\u00edodo, s\u00f3 14% tiveram o pedido aprovado pelas institui\u00e7\u00f5es financeiras. Dos outros 86%, 58% j\u00e1 tiveram o pedido negado e 18% est\u00e3o em an\u00e1lise, sendo que 53% desse \u00faltimo grupo aguardam uma resposta dos bancos h\u00e1 mais de duas semanas.<\/div>\n<div><\/div>\n<div>O Sebrae ainda tentou entender o que levou esses 58% de empres\u00e1rios a terem seus pedidos de cr\u00e9dito negados e constatou que 15,5% n\u00e3o obtiveram o financiamento por falta de garantias ou avalistas, outros 5,8% n\u00e3o conseguiram aprovar o cadastro, 15,8% acharam a taxa de juros muito alta e 18,8% disseram n\u00e3o saber o motivo da recusa. S\u00f3 20,6% admitiram, portanto, que n\u00e3o conseguiram o financiamento porque j\u00e1 estavam negativadas no banco antes mesmo de ter o seu neg\u00f3cio afetado pelo coronav\u00edrus.<\/div>\n<div><\/div>\n<div>A pesquisa ainda constatou outro fator relevante nessa busca por cr\u00e9dito: apesar dos esfor\u00e7os do governo de atender o setor produtivo durante a pandemia do novo coronav\u00edrus e do conv\u00eanio firmado pelo Sebrae com a Caixa Econ\u00f4mica Federal em abril com o intuito de oferecer cr\u00e9dito simples e barato \u00e0s MPEse, os bancos p\u00fablicos ainda s\u00e3o os respons\u00e1veis pela maior parte das negativas recebidas pelos microempres\u00e1rios. Segundo o estudo, 63% dos neg\u00f3cios que pediram cr\u00e9dito nas \u00faltimas semanas recorreram aos bancos p\u00fablicos. S\u00f3 9% dos pedidos feitos a essas institui\u00e7\u00f5es, contudo, foram aprovados at\u00e9 agora.<\/div>\n<div><\/div>\n<div>&#8220;Analisando particularmente a procura de cr\u00e9dito junto aos agentes financeiros, a 3\u00aa Pesquisa do Impacto do Coronav\u00edrus nos Pequenos Neg\u00f3cios mostrou que os mais demandados, desde o in\u00edcio da crise, foram os bancos p\u00fablicos (63%), seguidos dos bancos privados (57%) e cooperativas de cr\u00e9dito (10%). Entretanto, avaliando a taxa de sucesso desses pedidos, o estudo do Sebrae mostrou que as cooperativas de cr\u00e9dito lideram na concess\u00e3o de empr\u00e9stimos (31%) e, na sequ\u00eancia, aparecem os bancos privados (12%) e os bancos p\u00fablicos (9%)&#8221;, informou o Sebrae.<\/div>\n<div><\/div>\n<div>\u00c9 por conta disso que, quando questionados sobre quais as medidas mais impactantes que o governo poderia fazer para compensar os efeitos do coronav\u00edrus no seu neg\u00f3cio, a maior parte dos microempres\u00e1rios ouvidos pelo Sebrae citou a quest\u00e3o do cr\u00e9dito. Segundo a pesquisa, 61,2% disseram que o governo poderia oferecer empr\u00e9stimos sem juros; 48,3% pediram o aumento das linhas de cr\u00e9dito; 33,5% solicitaram a redu\u00e7\u00e3o dos juros dos empr\u00e9stimos e 29,6% a suspens\u00e3o de d\u00edvidas.<\/div>\n<div><\/div>\n<div>Concomitante a isso e \u00e0 aprova\u00e7\u00e3o do Pronampe, contudo, o Sebrae tamb\u00e9m vem trabalhando para tentar oferecer outras possibilidades de financiamento para o setor. A ideia \u00e9 ampliar o n\u00famero de bancos que oferecem cr\u00e9dito para as micro e pequenas empresas com a garantia do pr\u00f3prio Sebrae, atrav\u00e9s do Fundo de Aval \u00e0s Micro e Pequenas Empresas (Fampe), j\u00e1 que a parceria firmada nesse sentido com a Caixa parece que ainda n\u00e3o engrenou.<\/div>\n<\/div>\n<div><\/div>\n<div>Fonte: CB<\/div>\n","protected":false},"excerpt":{"rendered":"<p>Pesquisa do Sebrae diz que 58% das MPEs que pediram cr\u00e9dito nas \u00faltimas semanas j\u00e1 tiveram o pedido negado. Outros 18% est\u00e3o em an\u00e1lise, sendo que 53% aguardam uma resposta dos bancos h\u00e1 mais de duas semanas O Programa Nacional de Apoio \u00e0s Microempresas e Empresas de Pequeno Porte (Pronampe) foi sancionado nessa segunda-feira (18\/05) [&hellip;]<\/p>\n","protected":false},"author":1,"featured_media":1895,"comment_status":"open","ping_status":"open","sticky":false,"template":"","format":"standard","meta":{"jetpack_post_was_ever_published":false,"_jetpack_newsletter_access":"","_jetpack_dont_email_post_to_subs":false,"_jetpack_newsletter_tier_id":0,"_jetpack_memberships_contains_paywalled_content":false,"_jetpack_memberships_contains_paid_content":false,"footnotes":"","jetpack_publicize_message":"","jetpack_publicize_feature_enabled":true,"jetpack_social_post_already_shared":true,"jetpack_social_options":{"image_generator_settings":{"template":"highway","default_image_id":0,"font":"","enabled":false},"version":2}},"categories":[1],"tags":[300,303,766,804,258,618,306],"class_list":["post-2316","post","type-post","status-publish","format-standard","has-post-thumbnail","hentry","category-uncategorized","tag-credito","tag-empresa","tag-emprestimo","tag-financiamento","tag-micro","tag-mpe","tag-pequena"],"jetpack_publicize_connections":[],"jetpack_featured_media_url":"https:\/\/i0.wp.com\/cfcontabil.com\/cf\/wp-content\/uploads\/2019\/11\/dinheiro-nota-real.jpg?fit=678%2C452","jetpack_sharing_enabled":true,"jetpack_shortlink":"https:\/\/wp.me\/p2wklX-Bm","jetpack-related-posts":[{"id":1960,"url":"http:\/\/cfcontabil.com\/cf\/donos-de-pequenos-negocios-apontam-melhoria-do-acesso-ao-credito\/","url_meta":{"origin":2316,"position":0},"title":"Donos de pequenos neg\u00f3cios apontam melhoria do acesso ao cr\u00e9dito","author":"Ab\u00edlio Gon\u00e7alves","date":"28 de novembro de 2019","format":false,"excerpt":"Pesquisa realizada pelo Sebrae mostra que mais empres\u00e1rios buscaram empr\u00e9stimos em 2019 e que houve melhora na avalia\u00e7\u00e3o do sistema financeiro A melhora dos \u00edndices de confian\u00e7a dos empres\u00e1rios brasileiros, identificada na Sondagem Conjuntural realizada pelo Sebrae, contribui para que os donos de pequenos neg\u00f3cios retomem o interesse em buscar\u2026","rel":"","context":"Em &quot;Consultoria Empresarial&quot;","block_context":{"text":"Consultoria Empresarial","link":"http:\/\/cfcontabil.com\/cf\/category\/consultoria\/"},"img":{"alt_text":"","src":"https:\/\/i0.wp.com\/cfcontabil.com\/cf\/wp-content\/uploads\/2019\/11\/pequenos-neg%C3%B3cios.jpg?fit=600%2C310&resize=350%2C200","width":350,"height":200,"srcset":"https:\/\/i0.wp.com\/cfcontabil.com\/cf\/wp-content\/uploads\/2019\/11\/pequenos-neg%C3%B3cios.jpg?fit=600%2C310&resize=350%2C200 1x, https:\/\/i0.wp.com\/cfcontabil.com\/cf\/wp-content\/uploads\/2019\/11\/pequenos-neg%C3%B3cios.jpg?fit=600%2C310&resize=525%2C300 1.5x"},"classes":[]},{"id":2158,"url":"http:\/\/cfcontabil.com\/cf\/coronavirus-sebrae-lanca-guia-de-gestao-financeira-para-orientar-pequenos-negocios\/","url_meta":{"origin":2316,"position":1},"title":"Coronav\u00edrus: Sebrae lan\u00e7a Guia de Gest\u00e3o Financeira para orientar pequenos neg\u00f3cios","author":"Ab\u00edlio Gon\u00e7alves","date":"18 de mar\u00e7o de 2020","format":false,"excerpt":"Documento orienta donos de pequenos neg\u00f3cios com recomenda\u00e7\u00f5es preparadas por especialistas. Medidas est\u00e3o alinhadas \u00e0s do Banco Central e Febraban O Guia de Gest\u00e3o Financeira do Sebrae busca apoiar os donos de pequenos neg\u00f3cios nesse momento de instabilidade econ\u00f4mica causada pelos efeitos do novo Coronav\u00edrus. O documento traz orienta\u00e7\u00f5es sobre\u2026","rel":"","context":"Em &quot;Geral&quot;","block_context":{"text":"Geral","link":"http:\/\/cfcontabil.com\/cf\/category\/geral\/"},"img":{"alt_text":"","src":"https:\/\/i0.wp.com\/cfcontabil.com\/cf\/wp-content\/uploads\/2020\/03\/coronavirus_1280x720_00124C00.jpg?fit=810%2C455&resize=350%2C200","width":350,"height":200,"srcset":"https:\/\/i0.wp.com\/cfcontabil.com\/cf\/wp-content\/uploads\/2020\/03\/coronavirus_1280x720_00124C00.jpg?fit=810%2C455&resize=350%2C200 1x, https:\/\/i0.wp.com\/cfcontabil.com\/cf\/wp-content\/uploads\/2020\/03\/coronavirus_1280x720_00124C00.jpg?fit=810%2C455&resize=525%2C300 1.5x, https:\/\/i0.wp.com\/cfcontabil.com\/cf\/wp-content\/uploads\/2020\/03\/coronavirus_1280x720_00124C00.jpg?fit=810%2C455&resize=700%2C400 2x"},"classes":[]},{"id":849,"url":"http:\/\/cfcontabil.com\/cf\/governo-vai-liberar-r-82-bi-para-pequenos-empresarios-nos-proximos-dois-anos\/","url_meta":{"origin":2316,"position":2},"title":"Governo vai liberar R$ 8,2 bi para pequenos empres\u00e1rios nos pr\u00f3ximos dois anos","author":"Ab\u00edlio Gon\u00e7alves","date":"21 de janeiro de 2017","format":false,"excerpt":"O governo federal vai disponibilizar R$ 8,2 bilh\u00f5es em cr\u00e9dito para pequenos empres\u00e1rios nos pr\u00f3ximos dois anos. Os recursos liberados s\u00e3o do Fundo de Amparo ao Trabalhador (FAT) e do Banco Nacional do Desenvolvimento Econ\u00f4mico e Social (BNDES). O objetivo \u00e9 reduzir a inadimpl\u00eancia das empresas de menor porte e\u2026","rel":"","context":"Em &quot;Geral&quot;","block_context":{"text":"Geral","link":"http:\/\/cfcontabil.com\/cf\/category\/geral\/"},"img":{"alt_text":"","src":"https:\/\/i0.wp.com\/cfcontabil.com\/cf\/wp-content\/uploads\/2017\/01\/Moedas-1-real-1.jpg?fit=810%2C455&resize=350%2C200","width":350,"height":200,"srcset":"https:\/\/i0.wp.com\/cfcontabil.com\/cf\/wp-content\/uploads\/2017\/01\/Moedas-1-real-1.jpg?fit=810%2C455&resize=350%2C200 1x, https:\/\/i0.wp.com\/cfcontabil.com\/cf\/wp-content\/uploads\/2017\/01\/Moedas-1-real-1.jpg?fit=810%2C455&resize=525%2C300 1.5x, https:\/\/i0.wp.com\/cfcontabil.com\/cf\/wp-content\/uploads\/2017\/01\/Moedas-1-real-1.jpg?fit=810%2C455&resize=700%2C400 2x"},"classes":[]},{"id":1127,"url":"http:\/\/cfcontabil.com\/cf\/projeto-preve-juros-menores-para-micro-e-pequenas-empresas\/","url_meta":{"origin":2316,"position":3},"title":"Projeto prev\u00ea juros menores para micro e pequenas empresas","author":"Ab\u00edlio Gon\u00e7alves","date":"17 de abril de 2017","format":false,"excerpt":"A proposta, em tramita\u00e7\u00e3o na C\u00e2mara, estabelece ainda a cria\u00e7\u00e3o da Empresa Simples de Cr\u00e9dito. Aumentar a oferta e reduzir o custo do cr\u00e9dito para os pequenos neg\u00f3cios.\u00a0 Esse ser\u00e1 um dos principais objetivos do Projeto de Lei Complementar (PLP) 341\/2017, que foi apresentado nesta quarta-feira, 12\/04 pela Frente Parlamentar\u2026","rel":"","context":"Em &quot;Consultoria Empresarial&quot;","block_context":{"text":"Consultoria Empresarial","link":"http:\/\/cfcontabil.com\/cf\/category\/consultoria\/"},"img":{"alt_text":"","src":"https:\/\/i0.wp.com\/cfcontabil.com\/cf\/wp-content\/uploads\/2016\/03\/dinheiro-1.jpg?fit=661%2C351&resize=350%2C200","width":350,"height":200,"srcset":"https:\/\/i0.wp.com\/cfcontabil.com\/cf\/wp-content\/uploads\/2016\/03\/dinheiro-1.jpg?fit=661%2C351&resize=350%2C200 1x, https:\/\/i0.wp.com\/cfcontabil.com\/cf\/wp-content\/uploads\/2016\/03\/dinheiro-1.jpg?fit=661%2C351&resize=525%2C300 1.5x"},"classes":[]},{"id":1900,"url":"http:\/\/cfcontabil.com\/cf\/whatsapp-quer-ajudar-6-milhoes-de-micro-e-pequenas-empresas-no-brasil\/","url_meta":{"origin":2316,"position":4},"title":"WhatsApp quer ajudar 6 milh\u00f5es de micro e pequenas empresas no Brasil","author":"Ab\u00edlio Gon\u00e7alves","date":"14 de novembro de 2019","format":false,"excerpt":"Parceria com Sebrae-SP visa ajudar MPEs a se conectar com clientes e expandir neg\u00f3cios As pessoas j\u00e1 usam o WhatsApp para fazer neg\u00f3cios, mas a empresa quer tornar tudo ainda mais claro. E o WhatsApp Business, que chegou no Brasil em janeiro de 2018, \u00e9 o principal meio de fazer\u2026","rel":"","context":"Em &quot;Consultoria Empresarial&quot;","block_context":{"text":"Consultoria Empresarial","link":"http:\/\/cfcontabil.com\/cf\/category\/consultoria\/"},"img":{"alt_text":"","src":"https:\/\/i0.wp.com\/cfcontabil.com\/cf\/wp-content\/uploads\/2019\/11\/WhatsApp-1.jpg?fit=739%2C415&resize=350%2C200","width":350,"height":200,"srcset":"https:\/\/i0.wp.com\/cfcontabil.com\/cf\/wp-content\/uploads\/2019\/11\/WhatsApp-1.jpg?fit=739%2C415&resize=350%2C200 1x, https:\/\/i0.wp.com\/cfcontabil.com\/cf\/wp-content\/uploads\/2019\/11\/WhatsApp-1.jpg?fit=739%2C415&resize=525%2C300 1.5x, https:\/\/i0.wp.com\/cfcontabil.com\/cf\/wp-content\/uploads\/2019\/11\/WhatsApp-1.jpg?fit=739%2C415&resize=700%2C400 2x"},"classes":[]},{"id":1924,"url":"http:\/\/cfcontabil.com\/cf\/lei-da-liberdade-economica-deve-ser-aplicada-diz-presidente-do-sebrae\/","url_meta":{"origin":2316,"position":5},"title":"Lei da Liberdade econ\u00f4mica deve ser aplicada, diz presidente do Sebrae","author":"Ab\u00edlio Gon\u00e7alves","date":"19 de novembro de 2019","format":false,"excerpt":"A nova\u00a0Lei da Liberdade Econ\u00f4mica\u00a0deve facilitar o ambiente de trabalho para as pequenas e m\u00e9dias empresas do pa\u00eds. Essa \u00e9 a opini\u00e3o do diretor-presidente do Servi\u00e7o Brasileiro de Apoio \u00e0s Micro e Pequenas Empresas (Sebrae), Carlos Melles. A lei foi sancionada pelo governo\u00a0h\u00e1 cerca de dois meses. \u201cA gente tem\u2026","rel":"","context":"Em &quot;Consultoria Empresarial&quot;","block_context":{"text":"Consultoria Empresarial","link":"http:\/\/cfcontabil.com\/cf\/category\/consultoria\/"},"img":{"alt_text":"","src":"https:\/\/i0.wp.com\/cfcontabil.com\/cf\/wp-content\/uploads\/2019\/11\/Liberdade.jpg?fit=600%2C310&resize=350%2C200","width":350,"height":200,"srcset":"https:\/\/i0.wp.com\/cfcontabil.com\/cf\/wp-content\/uploads\/2019\/11\/Liberdade.jpg?fit=600%2C310&resize=350%2C200 1x, https:\/\/i0.wp.com\/cfcontabil.com\/cf\/wp-content\/uploads\/2019\/11\/Liberdade.jpg?fit=600%2C310&resize=525%2C300 1.5x"},"classes":[]}],"jetpack_likes_enabled":true,"_links":{"self":[{"href":"http:\/\/cfcontabil.com\/cf\/wp-json\/wp\/v2\/posts\/2316","targetHints":{"allow":["GET"]}}],"collection":[{"href":"http:\/\/cfcontabil.com\/cf\/wp-json\/wp\/v2\/posts"}],"about":[{"href":"http:\/\/cfcontabil.com\/cf\/wp-json\/wp\/v2\/types\/post"}],"author":[{"embeddable":true,"href":"http:\/\/cfcontabil.com\/cf\/wp-json\/wp\/v2\/users\/1"}],"replies":[{"embeddable":true,"href":"http:\/\/cfcontabil.com\/cf\/wp-json\/wp\/v2\/comments?post=2316"}],"version-history":[{"count":1,"href":"http:\/\/cfcontabil.com\/cf\/wp-json\/wp\/v2\/posts\/2316\/revisions"}],"predecessor-version":[{"id":2317,"href":"http:\/\/cfcontabil.com\/cf\/wp-json\/wp\/v2\/posts\/2316\/revisions\/2317"}],"wp:featuredmedia":[{"embeddable":true,"href":"http:\/\/cfcontabil.com\/cf\/wp-json\/wp\/v2\/media\/1895"}],"wp:attachment":[{"href":"http:\/\/cfcontabil.com\/cf\/wp-json\/wp\/v2\/media?parent=2316"}],"wp:term":[{"taxonomy":"category","embeddable":true,"href":"http:\/\/cfcontabil.com\/cf\/wp-json\/wp\/v2\/categories?post=2316"},{"taxonomy":"post_tag","embeddable":true,"href":"http:\/\/cfcontabil.com\/cf\/wp-json\/wp\/v2\/tags?post=2316"}],"curies":[{"name":"wp","href":"https:\/\/api.w.org\/{rel}","templated":true}]}}