{"id":2321,"date":"2020-07-14T08:46:28","date_gmt":"2020-07-14T11:46:28","guid":{"rendered":"http:\/\/cfcontabil.com\/cf\/?p=2321"},"modified":"2020-07-14T08:46:28","modified_gmt":"2020-07-14T11:46:28","slug":"distrito-federal-ajuda-empresas-a-abrirem-mais-rapido","status":"publish","type":"post","link":"http:\/\/cfcontabil.com\/cf\/distrito-federal-ajuda-empresas-a-abrirem-mais-rapido\/","title":{"rendered":"Distrito Federal ajuda empresas a abrirem mais r\u00e1pido"},"content":{"rendered":"<p>Etapas de an\u00e1lise para obter registro empresarial tiveram, em junho, o menor tempo de execu\u00e7\u00e3o em todo o pa\u00eds<\/p>\n<p><img data-recalc-dims=\"1\" decoding=\"async\" src=\"https:\/\/i0.wp.com\/www.agenciabrasilia.df.gov.br\/wp-conteudo\/uploads\/2020\/07\/13.7.-DF-mant%C3%A9m-o-posto-de-lugar-onde-mais-se-abrem-empresas.-Jucis.-Edi%C3%A7%C3%A3o-Chico-Neto.jpg?w=1170\" \/><\/p>\n<p>Gra\u00e7as ao ambiente 100% digital, \u00e0 integra\u00e7\u00e3o entre os \u00f3rg\u00e3os e ao regime de teletrabalho implementados pela Junta Comercial, Industrial e Servi\u00e7os do Distrito Federal (Jucis-DF), empres\u00e1rios e contadores podem contar com um servi\u00e7o eficiente, mesmo com a pandemia da Covid-19. O resultado \u00e9 traduzido pelo Boletim de Empresas do Minist\u00e9rio da economia: o DF segue como a unidade federativa mais \u00e1gil em abertura de empresas no Brasil.<\/p>\n<p>Em junho deste ano, foi registrado, no Distrito Federal, o menor tempo de abertura de empresas: um dia. No comparativo com maio, isso representa uma redu\u00e7\u00e3o de 10,1%. Durante esse mesmo per\u00edodo, em n\u00edvel nacional, o maior tempo demandado para abrir uma empresa Brasil foi de 12 dias e 23 horas.<\/p>\n<blockquote class=\"olho centro\"><p><span class=\"olho__numeralha clearfix no-margin bold block\">1 dia<\/span><span class=\"olho__texto h2\">Tempo gasto, em junho, para cumprir todos os tr\u00e2mites de abertura de empresa no DF<\/span><\/p><\/blockquote>\n<p><strong>Etapas de abertura<\/strong><\/p>\n<p>Esse tempo de abertura de empresas considera as etapas de viabilidade de endere\u00e7o, feito no DF pelas administra\u00e7\u00f5es regionais; as valida\u00e7\u00f5es cadastrais tribut\u00e1rias, responsabilidade da Secretaria de Economia; e a an\u00e1lise das juntas comerciais. O estudo feito pelo Minist\u00e9rio da Economia foca na intera\u00e7\u00e3o entre todos os \u00f3rg\u00e3os envolvidos na abertura de empresas.<\/p>\n<p>\u201cSabemos das dificuldades que os setores produtivo e comercial est\u00e3o enfrentando nesse momento, por isso toda a nossa equipe est\u00e1 empenhada em oferecer o melhor atendimento poss\u00edvel\u201d, destaca o presidente da Jucis-DF, Walid Sariedine. \u201cFicamos contentes com o reconhecimento do governo federal \u00e0s pol\u00edticas p\u00fablicas do DF, em especial as adotadas pela Junta Comercial.\u201d<\/p>\n<p>O titular da autarquia lembra que esse desempenho positivo se deve \u00e0 liberdade e ao apoio recebidos do governador Ibaneis Rocha. \u201cPor\u00e9m, n\u00e3o podemos nos dar por satisfeitos\u201d, adverte. \u201cO momento agora \u00e9 de buscar, em parceria com outros \u00f3rg\u00e3os, como a Secretaria de Empreendedorismo, mais formas de ajudar o empresariado brasiliense a superar essa crise provocada pelo novo coronav\u00edrus\u201d.<\/p>\n<p>*\u00a0<em>Com informa\u00e7\u00f5es da Jucis-DF<\/em><\/p>\n","protected":false},"excerpt":{"rendered":"<p>Etapas de an\u00e1lise para obter registro empresarial tiveram, em junho, o menor tempo de execu\u00e7\u00e3o em todo o pa\u00eds Gra\u00e7as ao ambiente 100% digital, \u00e0 integra\u00e7\u00e3o entre os \u00f3rg\u00e3os e ao regime de teletrabalho implementados pela Junta Comercial, Industrial e Servi\u00e7os do Distrito Federal (Jucis-DF), empres\u00e1rios e contadores podem contar com um servi\u00e7o eficiente, mesmo [&hellip;]<\/p>\n","protected":false},"author":1,"featured_media":2025,"comment_status":"open","ping_status":"open","sticky":false,"template":"","format":"standard","meta":{"jetpack_post_was_ever_published":false,"_jetpack_newsletter_access":"","_jetpack_dont_email_post_to_subs":false,"_jetpack_newsletter_tier_id":0,"_jetpack_memberships_contains_paywalled_content":false,"_jetpack_memberships_contains_paid_content":false,"footnotes":"","jetpack_publicize_message":"","jetpack_publicize_feature_enabled":true,"jetpack_social_post_already_shared":true,"jetpack_social_options":{"image_generator_settings":{"template":"highway","default_image_id":0,"font":"","enabled":false},"version":2}},"categories":[1],"tags":[700,533,444,303,535,324],"class_list":["post-2321","post","type-post","status-publish","format-standard","has-post-thumbnail","hentry","category-uncategorized","tag-abertura","tag-comercial","tag-digital","tag-empresa","tag-junta","tag-registro"],"jetpack_publicize_connections":[],"jetpack_featured_media_url":"https:\/\/i0.wp.com\/cfcontabil.com\/cf\/wp-content\/uploads\/2019\/12\/abertura-de-Empresas.jpg?fit=1080%2C640","jetpack_sharing_enabled":true,"jetpack_shortlink":"https:\/\/wp.me\/p2wklX-Br","jetpack-related-posts":[{"id":1989,"url":"http:\/\/cfcontabil.com\/cf\/junta-comercial-passara-a-receber-apenas-documentos-digitais\/","url_meta":{"origin":2321,"position":0},"title":"Junta Comercial passar\u00e1 a receber apenas documentos digitais","author":"Ab\u00edlio Gon\u00e7alves","date":"6 de dezembro de 2019","format":false,"excerpt":"Objetivo \u00e9 dar fim \u00e0s filas no local. Atendimento presencial ser\u00e1 realizado apenas por agendamento Para acabar com filas e longas esperas, a partir do pr\u00f3ximo dia 16 de dezembro, a Junta Comercial, Industrial e Servi\u00e7os do Distrito Federal (Jucis-DF) s\u00f3 receber\u00e1 documentos digitalizados. O site do \u00f3rg\u00e3o oferecer\u00e1 um\u2026","rel":"","context":"Em &quot;Consultoria Empresarial&quot;","block_context":{"text":"Consultoria Empresarial","link":"http:\/\/cfcontabil.com\/cf\/category\/consultoria\/"},"img":{"alt_text":"","src":"","width":0,"height":0},"classes":[]},{"id":1864,"url":"http:\/\/cfcontabil.com\/cf\/empresas-poderao-abrir-filiais-em-outros-estados-instantaneamente\/","url_meta":{"origin":2321,"position":1},"title":"Empresas poder\u00e3o abrir filiais em outros estados instantaneamente","author":"Ab\u00edlio Gon\u00e7alves","date":"8 de novembro de 2019","format":false,"excerpt":"Altera\u00e7\u00f5es, transfer\u00eancias e extin\u00e7\u00f5es tamb\u00e9m ficam mais r\u00e1pidas. At\u00e9 recentemente, a abertura de filiais em outros estados demorava v\u00e1rias semanas. A abertura de filiais de empresas em estados fora da sede passou a ser instant\u00e2nea. Por meio da integra\u00e7\u00e3o digital das juntas comerciais, o registro de outras unidades em outros\u2026","rel":"","context":"Em &quot;Consultoria Empresarial&quot;","block_context":{"text":"Consultoria Empresarial","link":"http:\/\/cfcontabil.com\/cf\/category\/consultoria\/"},"img":{"alt_text":"","src":"https:\/\/i0.wp.com\/cfcontabil.com\/cf\/wp-content\/uploads\/2019\/11\/filial-filiais.jpg?fit=600%2C340&resize=350%2C200","width":350,"height":200,"srcset":"https:\/\/i0.wp.com\/cfcontabil.com\/cf\/wp-content\/uploads\/2019\/11\/filial-filiais.jpg?fit=600%2C340&resize=350%2C200 1x, https:\/\/i0.wp.com\/cfcontabil.com\/cf\/wp-content\/uploads\/2019\/11\/filial-filiais.jpg?fit=600%2C340&resize=525%2C300 1.5x"},"classes":[]},{"id":2044,"url":"http:\/\/cfcontabil.com\/cf\/decreto-facilita-combate-a-fraude-em-abertura-de-empresas\/","url_meta":{"origin":2321,"position":2},"title":"Decreto facilita combate \u00e0 fraude em abertura de empresas","author":"Ab\u00edlio Gon\u00e7alves","date":"6 de janeiro de 2020","format":false,"excerpt":"DESBUROCRATIZA\u00c7\u00c3O Novas regras simplificam a identifica\u00e7\u00e3o de falsifica\u00e7\u00f5es e melhora ambiente de neg\u00f3cios no pa\u00eds O\u00a0Decreto n\u00ba 10.173, de 16 de dezembro de 2019, tem o objetivo de simplificar a vida das pessoas que foram v\u00edtimas de falsifica\u00e7\u00f5es de documentos durante a abertura ou outros atos relacionados a empresas no\u2026","rel":"","context":"Em &quot;Geral&quot;","block_context":{"text":"Geral","link":"http:\/\/cfcontabil.com\/cf\/category\/geral\/"},"img":{"alt_text":"","src":"https:\/\/i0.wp.com\/cfcontabil.com\/cf\/wp-content\/uploads\/2020\/01\/desburocratizacao.jpg?fit=606%2C454&resize=350%2C200","width":350,"height":200,"srcset":"https:\/\/i0.wp.com\/cfcontabil.com\/cf\/wp-content\/uploads\/2020\/01\/desburocratizacao.jpg?fit=606%2C454&resize=350%2C200 1x, https:\/\/i0.wp.com\/cfcontabil.com\/cf\/wp-content\/uploads\/2020\/01\/desburocratizacao.jpg?fit=606%2C454&resize=525%2C300 1.5x"},"classes":[]},{"id":2357,"url":"http:\/\/cfcontabil.com\/cf\/aprovacao-do-refis-salvara-diversas-empresas-afirma-fecomercio-df\/","url_meta":{"origin":2321,"position":3},"title":"\u201cAprova\u00e7\u00e3o do Refis salvar\u00e1 diversas empresas\u201d, afirma Fecom\u00e9rcio-DF","author":"Ab\u00edlio Gon\u00e7alves","date":"4 de novembro de 2020","format":false,"excerpt":"Projeto foi aprovado nesta ter\u00e7a-feira na CLDF e seguiu para san\u00e7\u00e3o do governador Ibaneis Rocha Muito aguardado pelo setor produtivo do Distrito Federal, o Programa de Incentivo \u00e0 Regulariza\u00e7\u00e3o Fiscal do Distrito Federal (Refis-DF) foi aprovado pela C\u00e2mara Legislativa na noite desta ter\u00e7a-feira (3\/11). Agora, o texto segue para an\u00e1lise\u2026","rel":"","context":"Em &quot;Departamento Fiscal&quot;","block_context":{"text":"Departamento Fiscal","link":"http:\/\/cfcontabil.com\/cf\/category\/df\/"},"img":{"alt_text":"","src":"https:\/\/i0.wp.com\/cfcontabil.com\/cf\/wp-content\/uploads\/2020\/11\/cldf-01-fb.jpg?fit=600%2C315&resize=350%2C200","width":350,"height":200,"srcset":"https:\/\/i0.wp.com\/cfcontabil.com\/cf\/wp-content\/uploads\/2020\/11\/cldf-01-fb.jpg?fit=600%2C315&resize=350%2C200 1x, https:\/\/i0.wp.com\/cfcontabil.com\/cf\/wp-content\/uploads\/2020\/11\/cldf-01-fb.jpg?fit=600%2C315&resize=525%2C300 1.5x"},"classes":[]},{"id":2018,"url":"http:\/\/cfcontabil.com\/cf\/lancamento-dos-servicos-100-digitais-da-junta-comercial\/","url_meta":{"origin":2321,"position":4},"title":"Lan\u00e7amento dos servi\u00e7os 100% digitais da Junta Comercial","author":"Ab\u00edlio Gon\u00e7alves","date":"13 de dezembro de 2019","format":false,"excerpt":"Quando assumiu a gest\u00e3o da Junta Comercial, Industrial e Servi\u00e7os do DF em julho, o governador Ibaneis Rocha acordou com o setor produtivo que a autarquia rec\u00e9m-criada seria guiada pelos princ\u00edpios da transpar\u00eancia e da celeridade, al\u00e9m de ter todo o acervo digitalizado at\u00e9 o fim deste ano. Esta foi\u2026","rel":"","context":"Em &quot;Consultoria Empresarial&quot;","block_context":{"text":"Consultoria Empresarial","link":"http:\/\/cfcontabil.com\/cf\/category\/consultoria\/"},"img":{"alt_text":"","src":"https:\/\/i0.wp.com\/cfcontabil.com\/cf\/wp-content\/uploads\/2019\/12\/JUCIS-DF.jpg?fit=500%2C333&resize=350%2C200","width":350,"height":200},"classes":[]},{"id":2615,"url":"http:\/\/cfcontabil.com\/cf\/comercio-e-servicos-do-df-reagem-a-crise-e-voltam-a-contratar\/","url_meta":{"origin":2321,"position":5},"title":"Com\u00e9rcio e servi\u00e7os do DF reagem \u00e0 crise e voltam a contratar","author":"Ab\u00edlio Gon\u00e7alves","date":"9 de agosto de 2021","format":false,"excerpt":"O n\u00famero de empregados aumentou 12,3% em junho de 2021, se comparado ao mesmo per\u00edodo do ano passado Governo e empres\u00e1rios est\u00e3o animados porque, finalmente, o com\u00e9rcio e os servi\u00e7os est\u00e3o se recuperando, segundo empregadores, depois de um longo tempo em recess\u00e3o. O aquecimento desses setores gerou 24 mil novos\u2026","rel":"","context":"Em &quot;Geral&quot;","block_context":{"text":"Geral","link":"http:\/\/cfcontabil.com\/cf\/category\/geral\/"},"img":{"alt_text":"","src":"https:\/\/i0.wp.com\/cfcontabil.com\/cf\/wp-content\/uploads\/2017\/05\/carteira-de-trabalho-1.jpg?fit=590%2C302&resize=350%2C200","width":350,"height":200,"srcset":"https:\/\/i0.wp.com\/cfcontabil.com\/cf\/wp-content\/uploads\/2017\/05\/carteira-de-trabalho-1.jpg?fit=590%2C302&resize=350%2C200 1x, https:\/\/i0.wp.com\/cfcontabil.com\/cf\/wp-content\/uploads\/2017\/05\/carteira-de-trabalho-1.jpg?fit=590%2C302&resize=525%2C300 1.5x"},"classes":[]}],"jetpack_likes_enabled":true,"_links":{"self":[{"href":"http:\/\/cfcontabil.com\/cf\/wp-json\/wp\/v2\/posts\/2321","targetHints":{"allow":["GET"]}}],"collection":[{"href":"http:\/\/cfcontabil.com\/cf\/wp-json\/wp\/v2\/posts"}],"about":[{"href":"http:\/\/cfcontabil.com\/cf\/wp-json\/wp\/v2\/types\/post"}],"author":[{"embeddable":true,"href":"http:\/\/cfcontabil.com\/cf\/wp-json\/wp\/v2\/users\/1"}],"replies":[{"embeddable":true,"href":"http:\/\/cfcontabil.com\/cf\/wp-json\/wp\/v2\/comments?post=2321"}],"version-history":[{"count":1,"href":"http:\/\/cfcontabil.com\/cf\/wp-json\/wp\/v2\/posts\/2321\/revisions"}],"predecessor-version":[{"id":2322,"href":"http:\/\/cfcontabil.com\/cf\/wp-json\/wp\/v2\/posts\/2321\/revisions\/2322"}],"wp:featuredmedia":[{"embeddable":true,"href":"http:\/\/cfcontabil.com\/cf\/wp-json\/wp\/v2\/media\/2025"}],"wp:attachment":[{"href":"http:\/\/cfcontabil.com\/cf\/wp-json\/wp\/v2\/media?parent=2321"}],"wp:term":[{"taxonomy":"category","embeddable":true,"href":"http:\/\/cfcontabil.com\/cf\/wp-json\/wp\/v2\/categories?post=2321"},{"taxonomy":"post_tag","embeddable":true,"href":"http:\/\/cfcontabil.com\/cf\/wp-json\/wp\/v2\/tags?post=2321"}],"curies":[{"name":"wp","href":"https:\/\/api.w.org\/{rel}","templated":true}]}}