{"id":2329,"date":"2020-08-24T14:30:48","date_gmt":"2020-08-24T17:30:48","guid":{"rendered":"http:\/\/cfcontabil.com\/cf\/?p=2329"},"modified":"2020-08-24T14:30:48","modified_gmt":"2020-08-24T17:30:48","slug":"receita-federal-cria-servico-online-para-validacao-da-procuracao-rfb-com-firma-reconhecida","status":"publish","type":"post","link":"http:\/\/cfcontabil.com\/cf\/receita-federal-cria-servico-online-para-validacao-da-procuracao-rfb-com-firma-reconhecida\/","title":{"rendered":"Receita Federal cria servi\u00e7o online para valida\u00e7\u00e3o da Procura\u00e7\u00e3o RFB com firma reconhecida"},"content":{"rendered":"<h4 class=\"subtitulo\">Medida, dispon\u00edvel no Portal e-CAC, permitir\u00e1 a redu\u00e7\u00e3o do atendimento presencial em cerca de 25%<\/h4>\n<div class=\"fotodestaque\"><img data-recalc-dims=\"1\" decoding=\"async\" src=\"https:\/\/i0.wp.com\/fenacon.org.br\/media\/uploads\/noticias\/2020\/08\/receita-federal-foto-ebc-418x235.jpg.600x335_q85_box-0%2C1%2C418%2C234_crop_detail.jpg?w=1170\" alt=\"\" \/><\/div>\n<div class=\"articleTexto\">\n<p>A Receita Federal do Brasil (RFB) passou a oferecer ao contribuinte, no\u00a0<a href=\"https:\/\/cav.receita.fazenda.gov.br\/autenticacao\/login\">Portal e-CAC<\/a>, o servi\u00e7o Procura\u00e7\u00e3o RFB com firma reconhecida em cart\u00f3rio por meio do Dossi\u00ea Digital de Atendimento (DDA). A medida visa reduzir o atendimento presencial em cerca de 25%, ao permitir a solicita\u00e7\u00e3o virtual do servi\u00e7o. Neste tipo de outorga, apenas o procurador deve possuir certificado digital.<\/p>\n<p>&nbsp;<\/p>\n<p>O servi\u00e7o de Procura\u00e7\u00e3o RFB, por meio de DDA, ter\u00e1 os seguintes procedimentos:<\/p>\n<p>I \u2013 o contribuinte emite a Procura\u00e7\u00e3o RFB a partir de aplicativo dispon\u00edvel no site da RFB na internet e reconhece firma em cart\u00f3rio;<\/p>\n<p>II \u2013 o contribuinte acessa o e-CAC, abre o dossi\u00ea digital de atendimento e solicita juntada da Procura\u00e7\u00e3o RFB para valida\u00e7\u00e3o, devendo ser observadas as orienta\u00e7\u00f5es publicadas no Ato Declarat\u00f3rio Executivo (ADE)\u00a0<a href=\"http:\/\/normas.receita.fazenda.gov.br\/sijut2consulta\/link.action?visao=anotado&amp;idAto=111484\">Cogea n\u00ba 4<\/a>, de 31 de julho \u00faltimo.<\/p>\n<p>III \u2013 os servidores do atendimento da RFB validam a Procura\u00e7\u00e3o RFB no sistema de Procura\u00e7\u00f5es, em duas etapas, conferidos os crit\u00e9rios de integridade documental, pela compara\u00e7\u00e3o das informa\u00e7\u00f5es constantes na Procura\u00e7\u00e3o RFB apresentada com o sistema de Procura\u00e7\u00f5es; e legitimidade do signat\u00e1rio, por meio da verifica\u00e7\u00e3o de autenticidade do selo cartorial com reconhecimento de firma.<\/p>\n<p>A Procura\u00e7\u00e3o RFB \u00e9 um documento originariamente eletr\u00f4nico, emitido exclusivamente a partir de aplicativo dispon\u00edvel no site da Receita na internet.<\/p>\n<p><strong>Agilidade<\/strong><\/p>\n<p>No ano de 2019, a entrega de Procura\u00e7\u00e3o RFB foi um dos servi\u00e7os mais demandados nas unidades de atendimento presenciais, somando 729.209 entregas registradas. Como o procedimento passa por duas etapas de valida\u00e7\u00e3o, se somada a segunda etapa os n\u00fameros sobem para 1,221 milh\u00e3o de servi\u00e7os prestados, ou seja, 8,9% do total de atendimentos registrados no pa\u00eds.<\/p>\n<p>A disponibiliza\u00e7\u00e3o da entrega de Procura\u00e7\u00e3o RFB por meio do Portal e-CAC, com a utiliza\u00e7\u00e3o do c\u00f3digo de acesso ou do login \u00fanico gov.br, facilita a entrega da demanda pelo servi\u00e7o na medida em que desobriga o contribuinte a comparecer a uma unidade presencial de atendimento.<\/p>\n<p><strong>Estrat\u00e9gia de Governo Digital<\/strong><\/p>\n<p>Este novo servi\u00e7o encontra apoio no recente\u00a0<a href=\"https:\/\/www.in.gov.br\/en\/web\/dou\/-\/decreto-n-10.332-de-28-de-abril-de-2020-254430358\">Decreto n\u00ba 10.332, de 28 de abril de 2020<\/a>, que institui a Estrat\u00e9gia de Governo Digital para o per\u00edodo de 2020 a 2022, no \u00e2mbito dos \u00f3rg\u00e3os e das entidades da Administra\u00e7\u00e3o P\u00fablica Federal.<\/p>\n<p>A iniciativa est\u00e1 organizada em princ\u00edpios, objetivos e a\u00e7\u00f5es que nortear\u00e3o a transforma\u00e7\u00e3o do governo por meio do uso de tecnologias digitais, com a promo\u00e7\u00e3o da efetividade das pol\u00edticas e da qualidade dos servi\u00e7os p\u00fablicos e com o objetivo final de reconquistar a confian\u00e7a dos brasileiros.<\/p>\n<p>&nbsp;<\/p>\n<\/div>\n<p><!--more--><\/p>\n","protected":false},"excerpt":{"rendered":"<p>Medida, dispon\u00edvel no Portal e-CAC, permitir\u00e1 a redu\u00e7\u00e3o do atendimento presencial em cerca de 25% A Receita Federal do Brasil (RFB) passou a oferecer ao contribuinte, no\u00a0Portal e-CAC, o servi\u00e7o Procura\u00e7\u00e3o RFB com firma reconhecida em cart\u00f3rio por meio do Dossi\u00ea Digital de Atendimento (DDA). A medida visa reduzir o atendimento presencial em cerca de [&hellip;]<\/p>\n","protected":false},"author":1,"featured_media":2183,"comment_status":"open","ping_status":"open","sticky":false,"template":"","format":"standard","meta":{"jetpack_post_was_ever_published":false,"_jetpack_newsletter_access":"","_jetpack_dont_email_post_to_subs":false,"_jetpack_newsletter_tier_id":0,"_jetpack_memberships_contains_paywalled_content":false,"_jetpack_memberships_contains_paid_content":false,"footnotes":"","jetpack_publicize_message":"","jetpack_publicize_feature_enabled":true,"jetpack_social_post_already_shared":true,"jetpack_social_options":{"image_generator_settings":{"template":"highway","default_image_id":0,"font":"","enabled":false},"version":2}},"categories":[60],"tags":[71,805,74],"class_list":["post-2329","post","type-post","status-publish","format-standard","has-post-thumbnail","hentry","category-consultoria","tag-federal","tag-procuracao","tag-receita"],"jetpack_publicize_connections":[],"jetpack_featured_media_url":"https:\/\/i0.wp.com\/cfcontabil.com\/cf\/wp-content\/uploads\/2020\/03\/RECEITA_FEDERAL.jpeg?fit=768%2C512","jetpack_sharing_enabled":true,"jetpack_shortlink":"https:\/\/wp.me\/p2wklX-Bz","jetpack-related-posts":[{"id":1976,"url":"http:\/\/cfcontabil.com\/cf\/receita-federal-publica-instrucao-normativa-com-orientacao-para-abertura-de-dossie-digital-a-distancia-dda-de-cnpj\/","url_meta":{"origin":2329,"position":0},"title":"Receita Federal publica Instru\u00e7\u00e3o Normativa com orienta\u00e7\u00e3o para abertura de Dossi\u00ea Digital a Dist\u00e2ncia (DDA) de CNPJ","author":"Ab\u00edlio Gon\u00e7alves","date":"4 de dezembro de 2019","format":false,"excerpt":"Foi publicada em 26 de novembro a\u00a0IN RFB n\u00ba 1.914\/2019\u00a0determinando que as empresas tributadas com base no lucro real, presumido ou arbitrado devem apresentar o Documento B\u00e1sico de Entrada obrigatoriamente via\u00a0DDA e-CAC. Para dar mais agilidade \u00e0 an\u00e1lise de atos relativos ao CNPJ (inscri\u00e7\u00e3o, altera\u00e7\u00e3o, baixa), a equipe de atendimento\u2026","rel":"","context":"Em &quot;Departamento Fiscal&quot;","block_context":{"text":"Departamento Fiscal","link":"http:\/\/cfcontabil.com\/cf\/category\/df\/"},"img":{"alt_text":"","src":"https:\/\/i0.wp.com\/cfcontabil.com\/cf\/wp-content\/uploads\/2017\/02\/receita-federal-1-1.png?fit=702%2C325&resize=350%2C200","width":350,"height":200,"srcset":"https:\/\/i0.wp.com\/cfcontabil.com\/cf\/wp-content\/uploads\/2017\/02\/receita-federal-1-1.png?fit=702%2C325&resize=350%2C200 1x, https:\/\/i0.wp.com\/cfcontabil.com\/cf\/wp-content\/uploads\/2017\/02\/receita-federal-1-1.png?fit=702%2C325&resize=525%2C300 1.5x, https:\/\/i0.wp.com\/cfcontabil.com\/cf\/wp-content\/uploads\/2017\/02\/receita-federal-1-1.png?fit=702%2C325&resize=700%2C400 2x"},"classes":[]},{"id":1418,"url":"http:\/\/cfcontabil.com\/cf\/receita-federal-realiza-mudancas-no-atendimento\/","url_meta":{"origin":2329,"position":1},"title":"Receita Federal realiza mudan\u00e7as no atendimento","author":"Ab\u00edlio Gon\u00e7alves","date":"31 de outubro de 2018","format":false,"excerpt":"Para\u00a0servi\u00e7os Pessoa Jur\u00eddica em Minas Gerais e em Bras\u00edlia visando maior agilidade A partir do dia 5 de novembro de 2018, alguns servi\u00e7os de pessoa jur\u00eddica nas unidades de atendimento da Receita Federal em Minas Gerais e no Centro de Atendimento ao Contribuinte (CAC) em Bras\u00edlia ter\u00e3o o fluxo de\u2026","rel":"","context":"Em &quot;Departamento Fiscal&quot;","block_context":{"text":"Departamento Fiscal","link":"http:\/\/cfcontabil.com\/cf\/category\/df\/"},"img":{"alt_text":"","src":"https:\/\/i0.wp.com\/cfcontabil.com\/cf\/wp-content\/uploads\/2017\/02\/receita-federal-1-1.png?fit=702%2C325&resize=350%2C200","width":350,"height":200,"srcset":"https:\/\/i0.wp.com\/cfcontabil.com\/cf\/wp-content\/uploads\/2017\/02\/receita-federal-1-1.png?fit=702%2C325&resize=350%2C200 1x, https:\/\/i0.wp.com\/cfcontabil.com\/cf\/wp-content\/uploads\/2017\/02\/receita-federal-1-1.png?fit=702%2C325&resize=525%2C300 1.5x, https:\/\/i0.wp.com\/cfcontabil.com\/cf\/wp-content\/uploads\/2017\/02\/receita-federal-1-1.png?fit=702%2C325&resize=700%2C400 2x"},"classes":[]},{"id":1213,"url":"http:\/\/cfcontabil.com\/cf\/receita-divulga-orientacoes-para-adesao-ao-programa-de-regularizacao-tributaria\/","url_meta":{"origin":2329,"position":2},"title":"Receita divulga orienta\u00e7\u00f5es para ades\u00e3o ao Programa de Regulariza\u00e7\u00e3o Tribut\u00e1ria","author":"Ab\u00edlio Gon\u00e7alves","date":"15 de fevereiro de 2017","format":false,"excerpt":"A op\u00e7\u00e3o pelo Programa ocorrer\u00e1 exclusivamente no Ambiente Virtual (e-CAC) Com o intuito de facilitar a compreens\u00e3o das regras do Programa, foi publicado no s\u00edtio da Receita Federal do Brasil, na internet, documento contendo informa\u00e7\u00f5es b\u00e1sicas ao contribuinte, bem como um passo a passo com o roteiro para a ades\u00e3o.\u2026","rel":"","context":"Em &quot;Departamento Fiscal&quot;","block_context":{"text":"Departamento Fiscal","link":"http:\/\/cfcontabil.com\/cf\/category\/df\/"},"img":{"alt_text":"","src":"https:\/\/i0.wp.com\/cfcontabil.com\/cf\/wp-content\/uploads\/2017\/01\/Moedas-1-real-1.jpg?fit=810%2C455&resize=350%2C200","width":350,"height":200,"srcset":"https:\/\/i0.wp.com\/cfcontabil.com\/cf\/wp-content\/uploads\/2017\/01\/Moedas-1-real-1.jpg?fit=810%2C455&resize=350%2C200 1x, https:\/\/i0.wp.com\/cfcontabil.com\/cf\/wp-content\/uploads\/2017\/01\/Moedas-1-real-1.jpg?fit=810%2C455&resize=525%2C300 1.5x, https:\/\/i0.wp.com\/cfcontabil.com\/cf\/wp-content\/uploads\/2017\/01\/Moedas-1-real-1.jpg?fit=810%2C455&resize=700%2C400 2x"},"classes":[]},{"id":1216,"url":"http:\/\/cfcontabil.com\/cf\/entenda-como-aderir-ao-programa-de-regularizacao-tributaria\/","url_meta":{"origin":2329,"position":3},"title":"Entenda como aderir ao Programa de Regulariza\u00e7\u00e3o Tribut\u00e1ria","author":"Ab\u00edlio Gon\u00e7alves","date":"21 de fevereiro de 2017","format":false,"excerpt":"A op\u00e7\u00e3o pelo Programa \u00e9 feita no site da Receita Federal Com o intuito de facilitar a compreens\u00e3o das regras do Programa, foi publicado no s\u00edtio da Receita Federal, na Internet, documento contendo informa\u00e7\u00f5es b\u00e1sicas ao contribuinte, bem como um passo a passo com o roteiro para a ades\u00e3o. A\u2026","rel":"","context":"Em &quot;Departamento Fiscal&quot;","block_context":{"text":"Departamento Fiscal","link":"http:\/\/cfcontabil.com\/cf\/category\/df\/"},"img":{"alt_text":"","src":"https:\/\/i0.wp.com\/cfcontabil.com\/cf\/wp-content\/uploads\/2017\/02\/receita-federal-1-1.png?fit=702%2C325&resize=350%2C200","width":350,"height":200,"srcset":"https:\/\/i0.wp.com\/cfcontabil.com\/cf\/wp-content\/uploads\/2017\/02\/receita-federal-1-1.png?fit=702%2C325&resize=350%2C200 1x, https:\/\/i0.wp.com\/cfcontabil.com\/cf\/wp-content\/uploads\/2017\/02\/receita-federal-1-1.png?fit=702%2C325&resize=525%2C300 1.5x, https:\/\/i0.wp.com\/cfcontabil.com\/cf\/wp-content\/uploads\/2017\/02\/receita-federal-1-1.png?fit=702%2C325&resize=700%2C400 2x"},"classes":[]},{"id":2541,"url":"http:\/\/cfcontabil.com\/cf\/receita-federal-novos-servicos-por-processo-digital\/","url_meta":{"origin":2329,"position":4},"title":"Receita Federal: novos servi\u00e7os por processo digital","author":"Ab\u00edlio Gon\u00e7alves","date":"5 de agosto de 2021","format":false,"excerpt":"A partir de agora, servi\u00e7os relativos ao CAEPF e CNO que dependem de an\u00e1lise de um servidor da Receita Federal poder\u00e3o ser solicitados via processo digital, aberto pelo pr\u00f3prio contribuinte no e-CAC. A Receita Federal disponibilizou nesta segunda-feira, 02 de agosto, novos servi\u00e7os que passam a ser solicitados por meio\u2026","rel":"","context":"Em &quot;Geral&quot;","block_context":{"text":"Geral","link":"http:\/\/cfcontabil.com\/cf\/category\/geral\/"},"img":{"alt_text":"","src":"https:\/\/i0.wp.com\/cfcontabil.com\/cf\/wp-content\/uploads\/2017\/02\/receita-federal-1-1.png?fit=702%2C325&resize=350%2C200","width":350,"height":200,"srcset":"https:\/\/i0.wp.com\/cfcontabil.com\/cf\/wp-content\/uploads\/2017\/02\/receita-federal-1-1.png?fit=702%2C325&resize=350%2C200 1x, https:\/\/i0.wp.com\/cfcontabil.com\/cf\/wp-content\/uploads\/2017\/02\/receita-federal-1-1.png?fit=702%2C325&resize=525%2C300 1.5x, https:\/\/i0.wp.com\/cfcontabil.com\/cf\/wp-content\/uploads\/2017\/02\/receita-federal-1-1.png?fit=702%2C325&resize=700%2C400 2x"},"classes":[]},{"id":730,"url":"http:\/\/cfcontabil.com\/cf\/receita-vai-ampliar-marcacao-de-atendimento-presencial-pela-internet\/","url_meta":{"origin":2329,"position":5},"title":"Receita vai ampliar marca\u00e7\u00e3o de atendimento presencial pela internet","author":"Ab\u00edlio Gon\u00e7alves","date":"4 de abril de 2016","format":false,"excerpt":"A Receita Federal ampliar\u00e1 o servi\u00e7o de agendamento na internet para os contribuintes que necessitam de atendimento presencial como parte do projeto de moderniza\u00e7\u00e3o do Fisco. As mudan\u00e7as est\u00e3o na Portaria 457, de 28 de mar\u00e7o deste ano, que regulamenta um conjunto de procedimentos relativos ao atendimento presencial da Receita,\u2026","rel":"","context":"Em &quot;Consultoria Empresarial&quot;","block_context":{"text":"Consultoria Empresarial","link":"http:\/\/cfcontabil.com\/cf\/category\/consultoria\/"},"img":{"alt_text":"","src":"https:\/\/i0.wp.com\/cfcontabil.com\/cf\/wp-content\/uploads\/2016\/04\/notebook-1.jpg?fit=627%2C400&resize=350%2C200","width":350,"height":200,"srcset":"https:\/\/i0.wp.com\/cfcontabil.com\/cf\/wp-content\/uploads\/2016\/04\/notebook-1.jpg?fit=627%2C400&resize=350%2C200 1x, https:\/\/i0.wp.com\/cfcontabil.com\/cf\/wp-content\/uploads\/2016\/04\/notebook-1.jpg?fit=627%2C400&resize=525%2C300 1.5x"},"classes":[]}],"jetpack_likes_enabled":true,"_links":{"self":[{"href":"http:\/\/cfcontabil.com\/cf\/wp-json\/wp\/v2\/posts\/2329","targetHints":{"allow":["GET"]}}],"collection":[{"href":"http:\/\/cfcontabil.com\/cf\/wp-json\/wp\/v2\/posts"}],"about":[{"href":"http:\/\/cfcontabil.com\/cf\/wp-json\/wp\/v2\/types\/post"}],"author":[{"embeddable":true,"href":"http:\/\/cfcontabil.com\/cf\/wp-json\/wp\/v2\/users\/1"}],"replies":[{"embeddable":true,"href":"http:\/\/cfcontabil.com\/cf\/wp-json\/wp\/v2\/comments?post=2329"}],"version-history":[{"count":1,"href":"http:\/\/cfcontabil.com\/cf\/wp-json\/wp\/v2\/posts\/2329\/revisions"}],"predecessor-version":[{"id":2330,"href":"http:\/\/cfcontabil.com\/cf\/wp-json\/wp\/v2\/posts\/2329\/revisions\/2330"}],"wp:featuredmedia":[{"embeddable":true,"href":"http:\/\/cfcontabil.com\/cf\/wp-json\/wp\/v2\/media\/2183"}],"wp:attachment":[{"href":"http:\/\/cfcontabil.com\/cf\/wp-json\/wp\/v2\/media?parent=2329"}],"wp:term":[{"taxonomy":"category","embeddable":true,"href":"http:\/\/cfcontabil.com\/cf\/wp-json\/wp\/v2\/categories?post=2329"},{"taxonomy":"post_tag","embeddable":true,"href":"http:\/\/cfcontabil.com\/cf\/wp-json\/wp\/v2\/tags?post=2329"}],"curies":[{"name":"wp","href":"https:\/\/api.w.org\/{rel}","templated":true}]}}