{"id":2339,"date":"2020-09-14T14:12:13","date_gmt":"2020-09-14T17:12:13","guid":{"rendered":"http:\/\/cfcontabil.com\/cf\/?p=2339"},"modified":"2020-09-14T15:19:51","modified_gmt":"2020-09-14T18:19:51","slug":"lgpd-como-garantir-a-seguranca-dos-dados-no-home-office","status":"publish","type":"post","link":"http:\/\/cfcontabil.com\/cf\/lgpd-como-garantir-a-seguranca-dos-dados-no-home-office\/","title":{"rendered":"LGPD: Como garantir a seguran\u00e7a dos dados no home office?"},"content":{"rendered":"\n<p>A san\u00e7\u00e3o da Lei Geral de Prote\u00e7\u00e3o de Dados (LGPD) completou dois anos em 14 de agosto e o Senado votou no \u00faltimo dia 26 de agosto a medida provis\u00f3ria 959\/20, que prop\u00f4s o adiamento da LGPD. Mas, na pr\u00e1tica, a lei ainda n\u00e3o est\u00e1 em vigor e o in\u00edcio de sua vig\u00eancia depende da san\u00e7\u00e3o do presidente da Rep\u00fablica.<\/p>\n\n\n\n<p>Com isso, muitas empresas est\u00e3o correndo para se adaptar, assim como diversos sites e aplicativos est\u00e3o atualizando as suas pol\u00edticas de privacidade nos \u00faltimos dias.<\/p>\n\n\n\n<p>O fato \u00e9 que, cedo ou tarde, a LGPD vai come\u00e7ar a valer. Mas em tempos de pandemia e home office, a nova lei traz consigo mais um desafio: manter a informa\u00e7\u00e3o segura tamb\u00e9m na casa do colaborador.<\/p>\n\n\n\n<p>Um estudo da consultoria Betania Tanure Associados, em mar\u00e7o deste ano, mostra que 43% das empresas brasileiras adotaram o trabalho remoto, desde ent\u00e3o. Mesmo com a retomada, esse n\u00famero aumentou, isso porque, algumas companhias decidiram seguir no home office. E como cuidar dos dados nesse novo cen\u00e1rio? Juliane Borsato Beckedorff Pinto, consultora de p\u00f3s-venda da ao\u00b3, exemplifica a situa\u00e7\u00e3o.<\/p>\n\n\n\n<p><\/p>\n\n\n\n<p>\u201cVamos imaginar que um funcion\u00e1rio enviou um atestado ao RH por e-mail e o respons\u00e1vel precisou imprimir &#8211; porque ainda utiliza um modelo f\u00edsico de arquivamento &#8211; e deixou o papel na impressora por alguns minutos. Nesse meio tempo, outro morador da casa foi buscar uma impress\u00e3o e acabou vendo que o Jo\u00e3o, o tal funcion\u00e1rio, ficou tr\u00eas dias afastado porque estava com gripe. Para a nova lei, esse dado \u00e9 sens\u00edvel e se ele vazar, a empresa ser\u00e1 penalizada &#8211; n\u00e3o importa se ele estava no escrit\u00f3rio ou na casa do colaborador.<\/p>\n\n\n\n<p>Segundo a especialista, o exemplo acima, que parece exagero, mostra na pr\u00e1tica o n\u00edvel de cuidado que a LGPD exige. Uma sa\u00edda ser\u00e1 apostar cada vez mais em solu\u00e7\u00f5es digitais, que n\u00e3o usam papel, t\u00eam total rastreabilidade e rigorosos protocolos de seguran\u00e7a. Por\u00e9m, algumas medidas podem ajudar neste novo momento e a especialista separou as principais para que voc\u00ea possa compreender.<\/p>\n\n\n\n<p><strong>Treinamentos<br><\/strong>Conscientize sobre a import\u00e2ncia da seguran\u00e7a da informa\u00e7\u00e3o no dia a dia de cada um. Informe por que as medidas est\u00e3o sendo tomadas e quais os seus impactos para tornar o ambiente mais seguro, mostrando os riscos de cada \u00e1rea e trazendo o contexto da prote\u00e7\u00e3o para atividade di\u00e1ria. O profissional do RH precisa saber que deixar o atestado na impressora \u00e9 um risco.<\/p>\n\n\n\n<p><strong>Pol\u00edticas<\/strong><br>Crie protocolos para evitar que pessoas n\u00e3o autorizadas acessem a rede interna da organiza\u00e7\u00e3o. Atualize a sua pol\u00edtica de prote\u00e7\u00e3o e se for o caso, o contrato de confidencialidade dos seus contratados. Al\u00e9m disso, n\u00e3o se esque\u00e7a de outros documentos essenciais como a pol\u00edtica de privacidade e a pol\u00edtica e cronograma de reten\u00e7\u00e3o de dados.<\/p>\n\n\n\n<p><strong>Tecnologia segura<br><\/strong>Acesse a rede da empresa por uma VPN (sigla em ingl\u00eas para rede privada virtual), que permite um n\u00edvel de seguran\u00e7a maior para a rede interna por ser criptografada. Tamb\u00e9m disponibilize antiv\u00edrus licenciado e atualizado para todos. Esse tipo de solu\u00e7\u00e3o protege contra alguns tipos de ransomware, software malicioso que infecta o computador e sequestra as informa\u00e7\u00f5es.<\/p>\n\n\n\n<p><strong>Bloqueio<\/strong><br>Crie a cultura do bloqueio de tela. Oriente o colaborador sobre a import\u00e2ncia de bloquear o computador quando estiver longe, mesmo que seja para pegar um caf\u00e9. Com o home office, o tempo daquela parada para fazer um lanche pode ser o suficiente para, por exemplo, uma crian\u00e7a enviar sem querer aquele e-mail incompleto.<\/p>\n\n\n\n<p>Juliana refor\u00e7a que a entrada em vigor da LGDP segue aguardando a san\u00e7\u00e3o presidencial, mas j\u00e1 h\u00e1 uma certeza: a nova regulamenta\u00e7\u00e3o vir\u00e1, e com todos trabalhando de casa, as companhias precisam prover prote\u00e7\u00e3o e treinar as pessoas para que ferramentas e processos estejam em compliance.<\/p>\n\n\n\n<p>Vale lembrar que a lideran\u00e7a tamb\u00e9m precisa se engajar e dar o suporte necess\u00e1rio para a propaga\u00e7\u00e3o da cultura de seguran\u00e7a e cumprimento da lei.<\/p>\n\n\n\n<p><em>Fonte: Contabeis<\/em><\/p>\n","protected":false},"excerpt":{"rendered":"<p>A san\u00e7\u00e3o da Lei Geral de Prote\u00e7\u00e3o de Dados (LGPD) completou dois anos em 14 de agosto e o Senado votou no \u00faltimo dia 26 de agosto a medida provis\u00f3ria 959\/20, que prop\u00f4s o adiamento da LGPD. Mas, na pr\u00e1tica, a lei ainda n\u00e3o est\u00e1 em vigor e o in\u00edcio de sua vig\u00eancia depende da [&hellip;]<\/p>\n","protected":false},"author":1,"featured_media":2340,"comment_status":"open","ping_status":"open","sticky":false,"template":"","format":"standard","meta":{"jetpack_post_was_ever_published":false,"_jetpack_newsletter_access":"","_jetpack_dont_email_post_to_subs":false,"_jetpack_newsletter_tier_id":0,"_jetpack_memberships_contains_paywalled_content":false,"_jetpack_memberships_contains_paid_content":false,"footnotes":"","jetpack_publicize_message":"","jetpack_publicize_feature_enabled":true,"jetpack_social_post_already_shared":true,"jetpack_social_options":{"image_generator_settings":{"template":"highway","default_image_id":0,"font":"","enabled":false},"version":2}},"categories":[22],"tags":[806,674],"class_list":["post-2339","post","type-post","status-publish","format-standard","has-post-thumbnail","hentry","category-geral","tag-home","tag-lgpd"],"jetpack_publicize_connections":[],"jetpack_featured_media_url":"https:\/\/i0.wp.com\/cfcontabil.com\/cf\/wp-content\/uploads\/2020\/09\/LGPD-cadeado-1.jpg?fit=870%2C450","jetpack_sharing_enabled":true,"jetpack_shortlink":"https:\/\/wp.me\/p2wklX-BJ","jetpack-related-posts":[{"id":1784,"url":"http:\/\/cfcontabil.com\/cf\/lgpd-sua-empresa-esta-preparada-conheca-a-lei-geral-de-protecao-de-dados\/","url_meta":{"origin":2339,"position":0},"title":"LGPD, sua empresa est\u00e1 preparada? Conhe\u00e7a a Lei Geral de Prote\u00e7\u00e3o de Dados!","author":"Ab\u00edlio Gon\u00e7alves","date":"19 de outubro de 2019","format":false,"excerpt":"A Lei Geral de Prote\u00e7\u00e3o de Dados vem com o intuito de garantir ao usu\u00e1rio uma maior privacidade e controle dos seus dados, tendo uma maior seguran\u00e7a contra o uso indevido por parte de empresas ou pessoas mal intencionadas. Bom vamos pensar em um cen\u00e1rio, \u00e9 \u00e9poca de elei\u00e7\u00f5es e\u2026","rel":"","context":"Em &quot;Consultoria Empresarial&quot;","block_context":{"text":"Consultoria Empresarial","link":"http:\/\/cfcontabil.com\/cf\/category\/consultoria\/"},"img":{"alt_text":"","src":"https:\/\/i0.wp.com\/cfcontabil.com\/cf\/wp-content\/uploads\/2019\/10\/LGPD.png?fit=682%2C450&resize=350%2C200","width":350,"height":200,"srcset":"https:\/\/i0.wp.com\/cfcontabil.com\/cf\/wp-content\/uploads\/2019\/10\/LGPD.png?fit=682%2C450&resize=350%2C200 1x, https:\/\/i0.wp.com\/cfcontabil.com\/cf\/wp-content\/uploads\/2019\/10\/LGPD.png?fit=682%2C450&resize=525%2C300 1.5x"},"classes":[]},{"id":1792,"url":"http:\/\/cfcontabil.com\/cf\/o-que-muda-com-a-lgpd\/","url_meta":{"origin":2339,"position":1},"title":"O QUE MUDA COM A LGPD","author":"Ab\u00edlio Gon\u00e7alves","date":"21 de outubro de 2019","format":false,"excerpt":"O que \u00e9 a Lei Geral de Prote\u00e7\u00e3o de Dados Pessoais? D\u00ea um \"giro\" pela lei e conhe\u00e7a desde j\u00e1 as principais transforma\u00e7\u00f5es que ela traz para o pa\u00eds De compras on-line a redes sociais, de hospitais a bancos, de escolas a teatros, de hot\u00e9is a \u00f3rg\u00e3os p\u00fablicos, da publicidade\u2026","rel":"","context":"Em &quot;Consultoria Empresarial&quot;","block_context":{"text":"Consultoria Empresarial","link":"http:\/\/cfcontabil.com\/cf\/category\/consultoria\/"},"img":{"alt_text":"","src":"https:\/\/i0.wp.com\/cfcontabil.com\/cf\/wp-content\/uploads\/2019\/10\/LGPD-cadeado.jpg?fit=619%2C496&resize=350%2C200","width":350,"height":200,"srcset":"https:\/\/i0.wp.com\/cfcontabil.com\/cf\/wp-content\/uploads\/2019\/10\/LGPD-cadeado.jpg?fit=619%2C496&resize=350%2C200 1x, https:\/\/i0.wp.com\/cfcontabil.com\/cf\/wp-content\/uploads\/2019\/10\/LGPD-cadeado.jpg?fit=619%2C496&resize=525%2C300 1.5x"},"classes":[]},{"id":1922,"url":"http:\/\/cfcontabil.com\/cf\/empresas-devem-criar-banco-de-dados-para-guardar-informacoes-de-clientes\/","url_meta":{"origin":2339,"position":2},"title":"Empresas devem criar banco de dados para guardar informa\u00e7\u00f5es de clientes","author":"Ab\u00edlio Gon\u00e7alves","date":"19 de novembro de 2019","format":false,"excerpt":"A proposta trata-se de um compilado de regulamenta\u00e7\u00f5es que abarca diversos pontos do C\u00f3digo de Defesa do Consumidor. A lei n\u00ba 13.709\/18, que trata da\u00a0Lei Geral de Prote\u00e7\u00e3o de Dados (LGPD), entrar\u00e1 em vigor em agosto de 2020. A proposta trata-se de um compilado de regulamenta\u00e7\u00f5es que abarca diversos pontos\u2026","rel":"","context":"Em &quot;Consultoria Empresarial&quot;","block_context":{"text":"Consultoria Empresarial","link":"http:\/\/cfcontabil.com\/cf\/category\/consultoria\/"},"img":{"alt_text":"","src":"https:\/\/i0.wp.com\/cfcontabil.com\/cf\/wp-content\/uploads\/2019\/10\/LGPD-cadeado.jpg?fit=619%2C496&resize=350%2C200","width":350,"height":200,"srcset":"https:\/\/i0.wp.com\/cfcontabil.com\/cf\/wp-content\/uploads\/2019\/10\/LGPD-cadeado.jpg?fit=619%2C496&resize=350%2C200 1x, https:\/\/i0.wp.com\/cfcontabil.com\/cf\/wp-content\/uploads\/2019\/10\/LGPD-cadeado.jpg?fit=619%2C496&resize=525%2C300 1.5x"},"classes":[]},{"id":2392,"url":"http:\/\/cfcontabil.com\/cf\/com-o-fim-de-medida-empresas-retomam-horario-e-salario-integrais\/","url_meta":{"origin":2339,"position":3},"title":"Com o fim de medida, empresas retomam hor\u00e1rio e sal\u00e1rio integrais","author":"Ab\u00edlio Gon\u00e7alves","date":"6 de janeiro de 2021","format":false,"excerpt":"A medida do governo que permitia o corte de sal\u00e1rios e a redu\u00e7\u00e3o da jornada de trabalho, como forma de proteger os empregos no per\u00edodo de pandemia, terminou em 31 de dezembro de 2020. Desde o in\u00edcio do m\u00eas, os empregadores devem retornar com o hor\u00e1rio e pagamento integrais aos\u2026","rel":"","context":"Em &quot;Geral&quot;","block_context":{"text":"Geral","link":"http:\/\/cfcontabil.com\/cf\/category\/geral\/"},"img":{"alt_text":"","src":"https:\/\/i0.wp.com\/cfcontabil.com\/cf\/wp-content\/uploads\/2020\/04\/emprego-4.jpg.pagespeed.ic_.4H7FnGacfP.jpg?fit=1086%2C652&resize=350%2C200","width":350,"height":200,"srcset":"https:\/\/i0.wp.com\/cfcontabil.com\/cf\/wp-content\/uploads\/2020\/04\/emprego-4.jpg.pagespeed.ic_.4H7FnGacfP.jpg?fit=1086%2C652&resize=350%2C200 1x, https:\/\/i0.wp.com\/cfcontabil.com\/cf\/wp-content\/uploads\/2020\/04\/emprego-4.jpg.pagespeed.ic_.4H7FnGacfP.jpg?fit=1086%2C652&resize=525%2C300 1.5x, https:\/\/i0.wp.com\/cfcontabil.com\/cf\/wp-content\/uploads\/2020\/04\/emprego-4.jpg.pagespeed.ic_.4H7FnGacfP.jpg?fit=1086%2C652&resize=700%2C400 2x, https:\/\/i0.wp.com\/cfcontabil.com\/cf\/wp-content\/uploads\/2020\/04\/emprego-4.jpg.pagespeed.ic_.4H7FnGacfP.jpg?fit=1086%2C652&resize=1050%2C600 3x"},"classes":[]},{"id":1427,"url":"http:\/\/cfcontabil.com\/cf\/sancionada-a-lei-de-convalidacao-de-beneficios-fiscais-no-df\/","url_meta":{"origin":2339,"position":4},"title":"Sancionada a lei de convalida\u00e7\u00e3o de benef\u00edcios fiscais no DF","author":"Ab\u00edlio Gon\u00e7alves","date":"20 de novembro de 2018","format":false,"excerpt":"Assinatura ocorreu nesta segunda (19), no Buriti. Norma permite que o Distrito Federal conceda vantagens em condi\u00e7\u00e3o de igualdade com estados do Centro-Oeste MARYNA LACERDA, DA AG\u00caNCIA BRAS\u00cdLIA A economia do Distrito Federal fica mais competitiva com a san\u00e7\u00e3o do\u00a0Projeto de Lei n\u00ba 2.063, de 2018. A norma trata da\u00a0convalida\u00e7\u00e3o\u2026","rel":"","context":"Em &quot;Consultoria Empresarial&quot;","block_context":{"text":"Consultoria Empresarial","link":"http:\/\/cfcontabil.com\/cf\/category\/consultoria\/"},"img":{"alt_text":"","src":"https:\/\/i0.wp.com\/cfcontabil.com\/cf\/wp-content\/uploads\/2016\/04\/notebook-1.jpg?fit=627%2C400&resize=350%2C200","width":350,"height":200,"srcset":"https:\/\/i0.wp.com\/cfcontabil.com\/cf\/wp-content\/uploads\/2016\/04\/notebook-1.jpg?fit=627%2C400&resize=350%2C200 1x, https:\/\/i0.wp.com\/cfcontabil.com\/cf\/wp-content\/uploads\/2016\/04\/notebook-1.jpg?fit=627%2C400&resize=525%2C300 1.5x"},"classes":[]},{"id":2555,"url":"http:\/\/cfcontabil.com\/cf\/volta-ao-escritorio-no-modelo-hibrido-inaugura-a-era-dos-sem-mesa\/","url_meta":{"origin":2339,"position":5},"title":"Volta ao escrit\u00f3rio no modelo h\u00edbrido inaugura a era dos &#8216;sem mesa&#8217;","author":"Ab\u00edlio Gon\u00e7alves","date":"6 de agosto de 2021","format":false,"excerpt":"Quem volta ao escrit\u00f3rio n\u00e3o volta mais para a sua mesa, mas para um espa\u00e7o compartilhado, que muitas vezes precisa ser agendado com anteced\u00eancia, por aplicativo. Com quase metade da popula\u00e7\u00e3o brasileira tendo recebido ao menos uma dose da vacina contra a Covid-19 e estados dispostos a retomar as aulas\u2026","rel":"","context":"Em &quot;Geral&quot;","block_context":{"text":"Geral","link":"http:\/\/cfcontabil.com\/cf\/category\/geral\/"},"img":{"alt_text":"","src":"https:\/\/i0.wp.com\/cfcontabil.com\/cf\/wp-content\/uploads\/2021\/08\/home_office.jpg?fit=840%2C560&resize=350%2C200","width":350,"height":200,"srcset":"https:\/\/i0.wp.com\/cfcontabil.com\/cf\/wp-content\/uploads\/2021\/08\/home_office.jpg?fit=840%2C560&resize=350%2C200 1x, https:\/\/i0.wp.com\/cfcontabil.com\/cf\/wp-content\/uploads\/2021\/08\/home_office.jpg?fit=840%2C560&resize=525%2C300 1.5x, https:\/\/i0.wp.com\/cfcontabil.com\/cf\/wp-content\/uploads\/2021\/08\/home_office.jpg?fit=840%2C560&resize=700%2C400 2x"},"classes":[]}],"jetpack_likes_enabled":true,"_links":{"self":[{"href":"http:\/\/cfcontabil.com\/cf\/wp-json\/wp\/v2\/posts\/2339","targetHints":{"allow":["GET"]}}],"collection":[{"href":"http:\/\/cfcontabil.com\/cf\/wp-json\/wp\/v2\/posts"}],"about":[{"href":"http:\/\/cfcontabil.com\/cf\/wp-json\/wp\/v2\/types\/post"}],"author":[{"embeddable":true,"href":"http:\/\/cfcontabil.com\/cf\/wp-json\/wp\/v2\/users\/1"}],"replies":[{"embeddable":true,"href":"http:\/\/cfcontabil.com\/cf\/wp-json\/wp\/v2\/comments?post=2339"}],"version-history":[{"count":2,"href":"http:\/\/cfcontabil.com\/cf\/wp-json\/wp\/v2\/posts\/2339\/revisions"}],"predecessor-version":[{"id":2342,"href":"http:\/\/cfcontabil.com\/cf\/wp-json\/wp\/v2\/posts\/2339\/revisions\/2342"}],"wp:featuredmedia":[{"embeddable":true,"href":"http:\/\/cfcontabil.com\/cf\/wp-json\/wp\/v2\/media\/2340"}],"wp:attachment":[{"href":"http:\/\/cfcontabil.com\/cf\/wp-json\/wp\/v2\/media?parent=2339"}],"wp:term":[{"taxonomy":"category","embeddable":true,"href":"http:\/\/cfcontabil.com\/cf\/wp-json\/wp\/v2\/categories?post=2339"},{"taxonomy":"post_tag","embeddable":true,"href":"http:\/\/cfcontabil.com\/cf\/wp-json\/wp\/v2\/tags?post=2339"}],"curies":[{"name":"wp","href":"https:\/\/api.w.org\/{rel}","templated":true}]}}