{"id":2343,"date":"2020-09-18T13:54:40","date_gmt":"2020-09-18T16:54:40","guid":{"rendered":"http:\/\/cfcontabil.com\/cf\/?p=2343"},"modified":"2020-09-18T13:54:45","modified_gmt":"2020-09-18T16:54:45","slug":"decreto-define-regras-para-pagamento-de-auxilio-emergencial-de-r-300","status":"publish","type":"post","link":"http:\/\/cfcontabil.com\/cf\/decreto-define-regras-para-pagamento-de-auxilio-emergencial-de-r-300\/","title":{"rendered":"Decreto define regras para pagamento de aux\u00edlio emergencial de R$ 300"},"content":{"rendered":"\n<p>A medida foi publicada no Di\u00e1rio Oficial<\/p>\n\n\n\n<p>As regras para a concess\u00e3o do aux\u00edlio emergencial residual de R$ 300 foram publicadas em edi\u00e7\u00e3o extra do&nbsp;<em>Di\u00e1rio Oficial da Uni\u00e3o&nbsp;<\/em>(DOU) dessa quarta-feira (16).<img data-recalc-dims=\"1\" decoding=\"async\" src=\"https:\/\/i0.wp.com\/agenciabrasil.ebc.com.br\/ebc.png?w=1170&#038;ssl=1\"><img data-recalc-dims=\"1\" decoding=\"async\" src=\"https:\/\/i0.wp.com\/agenciabrasil.ebc.com.br\/ebc.gif?w=1170&#038;ssl=1\"><\/p>\n\n\n\n<p>O\u00a0<a href=\"https:\/\/www.in.gov.br\/en\/web\/dou\/-\/decreto-n-10.488-de-16-de-setembro-de-2020-277742753\" target=\"_blank\" rel=\"noreferrer noopener\">Decreto<\/a>\u00a0n\u00ba 10.488 regulamenta a Medida Provis\u00f3ria n\u00ba 1.000, de 2 de setembro de 2020, que concede o aux\u00edlio emergencial residual de R$ 300 ou R$ 600 para m\u00e3es solteiras.<\/p>\n\n\n\n<!--more-->\n\n\n\n<p>Institu\u00eddo em abril, para conter os efeitos da pandemia sobre a popula\u00e7\u00e3o mais pobre e os trabalhadores informais, o aux\u00edlio emergencial come\u00e7ou com parcelas de R$ 600 ou R$ 1.200 (no caso das m\u00e3es chefes de fam\u00edlia), por m\u00eas, a cada benefici\u00e1rio. Inicialmente projetado para durar tr\u00eas meses, o aux\u00edlio foi estendido para o total de cinco parcelas. E a partir de hoje, ser\u00e1 pago o aux\u00edlio emergencial residual no valor de R$ 300 em at\u00e9 quatro parcelas mensais.<\/p>\n\n\n\n<p>Os&nbsp;<a href=\"https:\/\/agenciabrasil.ebc.com.br\/economia\/noticia\/2020-09\/caixa-inicia-pagamento-do-auxilio-emergencial-extensao\" target=\"_blank\" rel=\"noreferrer noopener\">primeiros a receber<\/a>&nbsp;ser\u00e3o os benefici\u00e1rios do Bolsa Fam\u00edlia. Segundo a Caixa, 12,6 milh\u00f5es de fam\u00edlias cadastradas no Programa Bolsa Fam\u00edlia receber\u00e3o o novo do benef\u00edcio a partir de hoje. De acordo com o decreto, o calend\u00e1rio de pagamentos do aux\u00edlio emergencial residual ser\u00e1 id\u00eantico ao de pagamentos vigente para as fam\u00edlias benefici\u00e1rias do Programa Bolsa Fam\u00edlia.<\/p>\n\n\n\n<p>No total, as parcelas de R$ 300 ser\u00e3o pagas para mais de 16,3 milh\u00f5es de pessoas, no montante de R$ 4,3 bilh\u00f5es.&nbsp;<a href=\"https:\/\/www.in.gov.br\/en\/web\/dou\/-\/portaria-n-491-de-16-de-setembro-de-2020-277742754\" target=\"_blank\" rel=\"noreferrer noopener\">Portaria<\/a>&nbsp;tamb\u00e9m publicada na edi\u00e7\u00e3o extra do DOU define que a Caixa fica respons\u00e1vel por divulgar o calend\u00e1rio de pagamentos do aux\u00edlio emergencial residual definido pelo Minist\u00e9rio da Cidadania para os benefici\u00e1rios que n\u00e3o s\u00e3o cadastrados no Bolsa Fam\u00edlia. A Caixa ainda n\u00e3o divulgou o novo calend\u00e1rio.<\/p>\n\n\n\n<h2 class=\"wp-block-heading\">Parcelas<\/h2>\n\n\n\n<p>O aux\u00edlio emergencial residual ser\u00e1 devido at\u00e9 31 de dezembro de 2020, independentemente do n\u00famero de parcelas recebidas pelo benefici\u00e1rio. O n\u00famero de parcelas depender\u00e1 da data de concess\u00e3o do aux\u00edlio emergencial residual, limitado a quatro parcelas.<\/p>\n\n\n\n<p>Segundo o Minist\u00e9rio da Cidadania, quem come\u00e7ou a receber o aux\u00edlio emergencial em abril ter\u00e1 direito \u00e0s quatro parcelas. Quem passou a receber a partir de julho, por exemplo, ter\u00e1 direito \u00e0s cinco parcelas de R$ 600 e a mais uma parcela do novo benef\u00edcio (de R$ 300), que ser\u00e1 paga no m\u00eas de dezembro.<\/p>\n\n\n\n<h2 class=\"wp-block-heading\">Crit\u00e9rios<\/h2>\n\n\n\n<p>O decreto define que o aux\u00edlio residual n\u00e3o ser\u00e1 devido ao trabalhador que:<\/p>\n\n\n\n<p>I &#8211; tenha v\u00ednculo de emprego formal ativo adquirido ap\u00f3s o recebimento do aux\u00edlio emergencial;<\/p>\n\n\n\n<p>II &#8211; receba benef\u00edcio previdenci\u00e1rio ou assistencial ou benef\u00edcio do seguro-desemprego ou de programa de transfer\u00eancia de renda federal, adquirido ap\u00f3s o recebimento do aux\u00edlio emergencial, ressalvados os benef\u00edcios do Programa Bolsa Fam\u00edlia;<\/p>\n\n\n\n<p>III &#8211; aufira renda familiar mensal per capita (por pessoa) acima de meio sal\u00e1rio m\u00ednimo e renda familiar mensal total acima de tr\u00eas sal\u00e1rios m\u00ednimos;<\/p>\n\n\n\n<p>IV &#8211; seja residente no exterior;<\/p>\n\n\n\n<p>V &#8211; tenha recebido, no ano de 2019, rendimentos tribut\u00e1veis (Imposto de Renda) acima de R$ 28.559,70;<\/p>\n\n\n\n<p>VI &#8211; tinha, em 31 de dezembro de 2019, a posse ou a propriedade de bens ou direitos, inclu\u00edda a terra nua, de valor total superior a R$ 300.000;<\/p>\n\n\n\n<p>VII &#8211; tenha recebido, no ano de 2019, rendimentos isentos, n\u00e3o tribut\u00e1veis ou tributados exclusivamente na fonte, cuja soma tenha sido superior a R$ 40.000;<\/p>\n\n\n\n<p>VIII &#8211; tenha sido inclu\u00eddo, no ano de 2019, como dependente de declarante do Imposto sobre a Renda da Pessoa F\u00edsica como c\u00f4njuge, companheiro com o qual o contribuinte tenha filho ou com o qual conviva h\u00e1 mais de cinco anos ou filho ou enteado com menos de 21 anos de idade ou com menos de 24 anos de idade que esteja matriculado em estabelecimento de ensino superior ou de ensino t\u00e9cnico de n\u00edvel m\u00e9dio;<\/p>\n\n\n\n<p>IX &#8211; esteja preso em regime fechado;<\/p>\n\n\n\n<p>X &#8211; tenha menos de 18 anos de idade, exceto no caso de m\u00e3es adolescentes; ou<\/p>\n\n\n\n<p>XI &#8211; possua indicativo de \u00f3bito nas bases de dados do Governo federal.<\/p>\n\n\n\n<p>O decreto diz ainda que n\u00e3o est\u00e3o impedidos de receber o aux\u00edlio emergencial residual estagi\u00e1rios, residentes m\u00e9dicos e multiprofissionais, benefici\u00e1rios de bolsa de estudos da Coordena\u00e7\u00e3o de Aperfei\u00e7oamento de Pessoal de N\u00edvel Superior (Capes) e do Fundo de Financiamento Estudantil.<\/p>\n\n\n\n<p>O decreto tamb\u00e9m define que \u00e9 obrigat\u00f3ria a inscri\u00e7\u00e3o do trabalhador no Cadastro de Pessoas F\u00edsicas (CPF) para o pagamento do aux\u00edlio emergencial residual e a sua situa\u00e7\u00e3o dever\u00e1 estar regularizada junto \u00e0 Secretaria Especial da Receita Federal do Brasil do Minist\u00e9rio da Economia. A exce\u00e7\u00e3o \u00e9 para o caso de trabalhadores integrantes de fam\u00edlias benefici\u00e1rias do Programa Bolsa Fam\u00edlia, que poder\u00e3o receber por meio do n\u00famero de inscri\u00e7\u00e3o no CPF ou do N\u00famero de Identifica\u00e7\u00e3o Social (NIS).<\/p>\n\n\n\n<p>O recebimento do aux\u00edlio emergencial residual est\u00e1 limitado a duas cotas por fam\u00edlia. A m\u00e3e solteira receber\u00e1 duas cotas do aux\u00edlio emergencial residual.<\/p>\n\n\n\n<p>As parcelas de R$ 300 ser\u00e3o pagas apenas para quem j\u00e1 t\u00eam o aux\u00edlio emergencial. Ou seja, os trabalhadores que n\u00e3o s\u00e3o benefici\u00e1rios do aux\u00edlio emergencial n\u00e3o poder\u00e3o solicitar o aux\u00edlio emergencial residual.<\/p>\n\n\n\n<p>O pagamento das parcelas residuais ser\u00e3o pagas automaticamente, independentemente de requerimento.<\/p>\n\n\n\n<p>O decreto define que caso n\u00e3o seja poss\u00edvel verificar a elegibilidade ao aux\u00edlio emergencial residual em raz\u00e3o da aus\u00eancia de informa\u00e7\u00f5es fornecidas pelo Poder P\u00fablico, ser\u00e3o devidas, de forma retroativa, as parcelas a que o trabalhador tiver direito.<\/p>\n\n\n\n<p>Fonte: Ag\u00eancia Brasil<\/p>\n","protected":false},"excerpt":{"rendered":"<p>A medida foi publicada no Di\u00e1rio Oficial As regras para a concess\u00e3o do aux\u00edlio emergencial residual de R$ 300 foram publicadas em edi\u00e7\u00e3o extra do&nbsp;Di\u00e1rio Oficial da Uni\u00e3o&nbsp;(DOU) dessa quarta-feira (16). O\u00a0Decreto\u00a0n\u00ba 10.488 regulamenta a Medida Provis\u00f3ria n\u00ba 1.000, de 2 de setembro de 2020, que concede o aux\u00edlio emergencial residual de R$ 300 ou [&hellip;]<\/p>\n","protected":false},"author":1,"featured_media":2344,"comment_status":"open","ping_status":"open","sticky":false,"template":"","format":"standard","meta":{"jetpack_post_was_ever_published":false,"_jetpack_newsletter_access":"","_jetpack_dont_email_post_to_subs":false,"_jetpack_newsletter_tier_id":0,"_jetpack_memberships_contains_paywalled_content":false,"_jetpack_memberships_contains_paid_content":false,"footnotes":"","jetpack_publicize_message":"","jetpack_publicize_feature_enabled":true,"jetpack_social_post_already_shared":true,"jetpack_social_options":{"image_generator_settings":{"template":"highway","default_image_id":0,"font":"","enabled":false},"version":2}},"categories":[22],"tags":[808,209],"class_list":["post-2343","post","type-post","status-publish","format-standard","has-post-thumbnail","hentry","category-geral","tag-auxilia","tag-trabalhadores"],"jetpack_publicize_connections":[],"jetpack_featured_media_url":"https:\/\/i0.wp.com\/cfcontabil.com\/cf\/wp-content\/uploads\/2020\/09\/caixa_economica_federal0505202674.jpg?fit=1170%2C700","jetpack_sharing_enabled":true,"jetpack_shortlink":"https:\/\/wp.me\/p2wklX-BN","jetpack-related-posts":[{"id":2296,"url":"http:\/\/cfcontabil.com\/cf\/governo-lanca-novo-site-para-consulta-a-auxilio-emergencial-de-r-600\/","url_meta":{"origin":2343,"position":0},"title":"Governo lan\u00e7a novo site para consulta a aux\u00edlio emergencial de R$ 600","author":"Ab\u00edlio Gon\u00e7alves","date":"6 de maio de 2020","format":false,"excerpt":"Os brasileiros que fizeram a solicita\u00e7\u00e3o do aux\u00edlio emergencial de R$ 600 para trabalhadores informais poder\u00e3o consultar o andamento do pedido em um novo portal disponibilizado pela Dataprev, empresa p\u00fablica respons\u00e1vel pelo processamento dos dados. O novo portal pode ser acessado por meio dos endere\u00e7os\u00a0www.cidadania.gov.br\/consultaauxilio\u00a0e\u00a0https:\/\/consultaauxilio.dataprev.gov.br. Antes, os cidad\u00e3os s\u00f3 tinham\u2026","rel":"","context":"Em &quot;Geral&quot;","block_context":{"text":"Geral","link":"http:\/\/cfcontabil.com\/cf\/category\/geral\/"},"img":{"alt_text":"","src":"https:\/\/i0.wp.com\/cfcontabil.com\/cf\/wp-content\/uploads\/2020\/05\/auxilio-emergencial-novo-site.jpg?fit=932%2C536&resize=350%2C200","width":350,"height":200,"srcset":"https:\/\/i0.wp.com\/cfcontabil.com\/cf\/wp-content\/uploads\/2020\/05\/auxilio-emergencial-novo-site.jpg?fit=932%2C536&resize=350%2C200 1x, https:\/\/i0.wp.com\/cfcontabil.com\/cf\/wp-content\/uploads\/2020\/05\/auxilio-emergencial-novo-site.jpg?fit=932%2C536&resize=525%2C300 1.5x, https:\/\/i0.wp.com\/cfcontabil.com\/cf\/wp-content\/uploads\/2020\/05\/auxilio-emergencial-novo-site.jpg?fit=932%2C536&resize=700%2C400 2x"},"classes":[]},{"id":2196,"url":"http:\/\/cfcontabil.com\/cf\/coronavirus-camara-aprova-projeto-que-preve-r-600-por-mes-para-trabalhador-informal\/","url_meta":{"origin":2343,"position":1},"title":"Coronav\u00edrus: C\u00e2mara aprova projeto que prev\u00ea R$ 600 por m\u00eas para trabalhador informal","author":"Ab\u00edlio Gon\u00e7alves","date":"27 de mar\u00e7o de 2020","format":false,"excerpt":"Texto vai ao Senado e prev\u00ea repasse por 3 meses. Aut\u00f4nomo dever\u00e1 cumprir requisitos como ter mais de 18 anos e n\u00e3o receber benef\u00edcio previdenci\u00e1rio ou assistencial. A\u00a0C\u00e2mara dos Deputados\u00a0aprovou nesta quinta-feira (26) um projeto que prev\u00ea o pagamento de R$ 600 a trabalhadores informais por tr\u00eas meses em raz\u00e3o\u2026","rel":"","context":"Em \"aux\u00edlio\"","block_context":{"text":"aux\u00edlio","link":"http:\/\/cfcontabil.com\/cf\/tag\/auxilio\/"},"img":{"alt_text":"","src":"https:\/\/i0.wp.com\/cfcontabil.com\/cf\/wp-content\/uploads\/2020\/03\/plenario-camara.jpg?fit=640%2C419&resize=350%2C200","width":350,"height":200,"srcset":"https:\/\/i0.wp.com\/cfcontabil.com\/cf\/wp-content\/uploads\/2020\/03\/plenario-camara.jpg?fit=640%2C419&resize=350%2C200 1x, https:\/\/i0.wp.com\/cfcontabil.com\/cf\/wp-content\/uploads\/2020\/03\/plenario-camara.jpg?fit=640%2C419&resize=525%2C300 1.5x"},"classes":[]},{"id":2247,"url":"http:\/\/cfcontabil.com\/cf\/regularizar-cpf\/","url_meta":{"origin":2343,"position":2},"title":"Regularizar CPF","author":"Ab\u00edlio Gon\u00e7alves","date":"8 de abril de 2020","format":false,"excerpt":"Nota de esclarecimento sobre regulariza\u00e7\u00e3o do CPF para recebimento de aux\u00edlio emergencial de R$ 600,00 para trabalhadores informais, desempregados, MEIs e contribuintes individuais do INSS Servi\u00e7o de regulariza\u00e7\u00e3o est\u00e1 dispon\u00edvel 24 horas por dia, 7 dias da semana. Conforme amplamente anunciado, o Governo Federal disponibilizou aux\u00edlio emergencial de R$ 600,00\u2026","rel":"","context":"Em \"altera\u00e7\u00e3o\"","block_context":{"text":"altera\u00e7\u00e3o","link":"http:\/\/cfcontabil.com\/cf\/tag\/alteracao\/"},"img":{"alt_text":"","src":"https:\/\/i0.wp.com\/cfcontabil.com\/cf\/wp-content\/uploads\/2020\/04\/cpf.png?fit=400%2C256&resize=350%2C200","width":350,"height":200},"classes":[]},{"id":2311,"url":"http:\/\/cfcontabil.com\/cf\/caixa-deposita-2a-parcela-de-r-600-de-nascidos-em-janeiro-ou-fevereiro\/","url_meta":{"origin":2343,"position":3},"title":"Caixa deposita 2\u00aa parcela de R$ 600 de nascidos em janeiro ou fevereiro","author":"Ab\u00edlio Gon\u00e7alves","date":"20 de maio de 2020","format":false,"excerpt":"O governo deposita nesta quarta-feira (20) a segunda parcela do aux\u00edlio emergencial de R$ 600 para quem nasceu em janeiro ou fevereiro e recebeu a primeira parcela entre 1\u00ba e 30 de abril. A exce\u00e7\u00e3o \u00e9 o benefici\u00e1rio do Bolsa Fam\u00edlia, que recebe de acordo com outro calend\u00e1rio. O calend\u00e1rio\u2026","rel":"","context":"Em &quot;Geral&quot;","block_context":{"text":"Geral","link":"http:\/\/cfcontabil.com\/cf\/category\/geral\/"},"img":{"alt_text":"","src":"https:\/\/i0.wp.com\/cfcontabil.com\/cf\/wp-content\/uploads\/2020\/05\/auxilio-emergencial-caixa-economica-federal-2020-1024x572-1.jpg?fit=1024%2C572&resize=350%2C200","width":350,"height":200,"srcset":"https:\/\/i0.wp.com\/cfcontabil.com\/cf\/wp-content\/uploads\/2020\/05\/auxilio-emergencial-caixa-economica-federal-2020-1024x572-1.jpg?fit=1024%2C572&resize=350%2C200 1x, https:\/\/i0.wp.com\/cfcontabil.com\/cf\/wp-content\/uploads\/2020\/05\/auxilio-emergencial-caixa-economica-federal-2020-1024x572-1.jpg?fit=1024%2C572&resize=525%2C300 1.5x, https:\/\/i0.wp.com\/cfcontabil.com\/cf\/wp-content\/uploads\/2020\/05\/auxilio-emergencial-caixa-economica-federal-2020-1024x572-1.jpg?fit=1024%2C572&resize=700%2C400 2x"},"classes":[]},{"id":2748,"url":"http:\/\/cfcontabil.com\/cf\/imposto-de-renda-2022-prepare-seus-documentos-esta-semana\/","url_meta":{"origin":2343,"position":4},"title":"Imposto de Renda 2022: prepare seus documentos esta semana!","author":"Ab\u00edlio Gon\u00e7alves","date":"23 de fevereiro de 2022","format":false,"excerpt":"Separe seus documentos para fazer a declara\u00e7\u00e3o a partir de 2 de mar\u00e7o.","rel":"","context":"Em &quot;Imposto de Renda&quot;","block_context":{"text":"Imposto de Renda","link":"http:\/\/cfcontabil.com\/cf\/category\/imposto-de-renda\/"},"img":{"alt_text":"","src":"https:\/\/i0.wp.com\/cfcontabil.com\/cf\/wp-content\/uploads\/2022\/02\/Banner-na-imposto-de-renda-Miniatura-do-YouTube.png?fit=1200%2C675&resize=350%2C200","width":350,"height":200,"srcset":"https:\/\/i0.wp.com\/cfcontabil.com\/cf\/wp-content\/uploads\/2022\/02\/Banner-na-imposto-de-renda-Miniatura-do-YouTube.png?fit=1200%2C675&resize=350%2C200 1x, https:\/\/i0.wp.com\/cfcontabil.com\/cf\/wp-content\/uploads\/2022\/02\/Banner-na-imposto-de-renda-Miniatura-do-YouTube.png?fit=1200%2C675&resize=525%2C300 1.5x, https:\/\/i0.wp.com\/cfcontabil.com\/cf\/wp-content\/uploads\/2022\/02\/Banner-na-imposto-de-renda-Miniatura-do-YouTube.png?fit=1200%2C675&resize=700%2C400 2x, https:\/\/i0.wp.com\/cfcontabil.com\/cf\/wp-content\/uploads\/2022\/02\/Banner-na-imposto-de-renda-Miniatura-do-YouTube.png?fit=1200%2C675&resize=1050%2C600 3x"},"classes":[]},{"id":2215,"url":"http:\/\/cfcontabil.com\/cf\/ponto-a-ponto-mp-936-2020-entenda-cortes-salariais-suspensoes-e-beneficio\/","url_meta":{"origin":2343,"position":5},"title":"Ponto a ponto MP 936\/2020: Entenda cortes salariais, suspens\u00f5es e benef\u00edcio","author":"Ab\u00edlio Gon\u00e7alves","date":"2 de abril de 2020","format":false,"excerpt":"A MP 936\/2020 possibilita o corte salarial de at\u00e9 70%, suspens\u00e3o do contrato de trabalho e benef\u00edcio emergencial. Entenda ponto a ponto O Di\u00e1rio Oficial da Uni\u00e3o publicou nesta quarta-feira, 01, a MP 936\/2020 que institui o Programa Emergencial de Manuten\u00e7\u00e3o do Emprego e da Renda. Em suma, a norma\u2026","rel":"","context":"Em &quot;Departamento Pessoal&quot;","block_context":{"text":"Departamento Pessoal","link":"http:\/\/cfcontabil.com\/cf\/category\/dp\/"},"img":{"alt_text":"","src":"https:\/\/i0.wp.com\/cfcontabil.com\/cf\/wp-content\/uploads\/2020\/04\/emprego-4.jpg.pagespeed.ic_.4H7FnGacfP.jpg?fit=1086%2C652&resize=350%2C200","width":350,"height":200,"srcset":"https:\/\/i0.wp.com\/cfcontabil.com\/cf\/wp-content\/uploads\/2020\/04\/emprego-4.jpg.pagespeed.ic_.4H7FnGacfP.jpg?fit=1086%2C652&resize=350%2C200 1x, https:\/\/i0.wp.com\/cfcontabil.com\/cf\/wp-content\/uploads\/2020\/04\/emprego-4.jpg.pagespeed.ic_.4H7FnGacfP.jpg?fit=1086%2C652&resize=525%2C300 1.5x, https:\/\/i0.wp.com\/cfcontabil.com\/cf\/wp-content\/uploads\/2020\/04\/emprego-4.jpg.pagespeed.ic_.4H7FnGacfP.jpg?fit=1086%2C652&resize=700%2C400 2x, https:\/\/i0.wp.com\/cfcontabil.com\/cf\/wp-content\/uploads\/2020\/04\/emprego-4.jpg.pagespeed.ic_.4H7FnGacfP.jpg?fit=1086%2C652&resize=1050%2C600 3x"},"classes":[]}],"jetpack_likes_enabled":true,"_links":{"self":[{"href":"http:\/\/cfcontabil.com\/cf\/wp-json\/wp\/v2\/posts\/2343","targetHints":{"allow":["GET"]}}],"collection":[{"href":"http:\/\/cfcontabil.com\/cf\/wp-json\/wp\/v2\/posts"}],"about":[{"href":"http:\/\/cfcontabil.com\/cf\/wp-json\/wp\/v2\/types\/post"}],"author":[{"embeddable":true,"href":"http:\/\/cfcontabil.com\/cf\/wp-json\/wp\/v2\/users\/1"}],"replies":[{"embeddable":true,"href":"http:\/\/cfcontabil.com\/cf\/wp-json\/wp\/v2\/comments?post=2343"}],"version-history":[{"count":1,"href":"http:\/\/cfcontabil.com\/cf\/wp-json\/wp\/v2\/posts\/2343\/revisions"}],"predecessor-version":[{"id":2345,"href":"http:\/\/cfcontabil.com\/cf\/wp-json\/wp\/v2\/posts\/2343\/revisions\/2345"}],"wp:featuredmedia":[{"embeddable":true,"href":"http:\/\/cfcontabil.com\/cf\/wp-json\/wp\/v2\/media\/2344"}],"wp:attachment":[{"href":"http:\/\/cfcontabil.com\/cf\/wp-json\/wp\/v2\/media?parent=2343"}],"wp:term":[{"taxonomy":"category","embeddable":true,"href":"http:\/\/cfcontabil.com\/cf\/wp-json\/wp\/v2\/categories?post=2343"},{"taxonomy":"post_tag","embeddable":true,"href":"http:\/\/cfcontabil.com\/cf\/wp-json\/wp\/v2\/tags?post=2343"}],"curies":[{"name":"wp","href":"https:\/\/api.w.org\/{rel}","templated":true}]}}