{"id":2354,"date":"2020-11-04T08:43:26","date_gmt":"2020-11-04T11:43:26","guid":{"rendered":"http:\/\/cfcontabil.com\/cf\/?p=2354"},"modified":"2020-11-04T13:09:44","modified_gmt":"2020-11-04T16:09:44","slug":"reparcelamento-de-debitos-do-simples-nacional","status":"publish","type":"post","link":"http:\/\/cfcontabil.com\/cf\/reparcelamento-de-debitos-do-simples-nacional\/","title":{"rendered":"Reparcelamento de d\u00e9bitos do Simples Nacional"},"content":{"rendered":"\n<p>A partir desta ter\u00e7a (03\/11)&nbsp;est\u00e1 dispon\u00edvel, no portal do Simples Nacional ou no portal e-CAC, o m\u00f3dulo para reparcelamento de d\u00e9bitos apurados pelo Regime Especial Unificado de Arrecada\u00e7\u00e3o de Tributos e Contribui\u00e7\u00f5es devidos pelas Microempresas e Empresas de Pequeno Porte (Simples Nacional).<\/p>\n\n\n\n<figure class=\"wp-block-image size-large\"><img data-recalc-dims=\"1\" fetchpriority=\"high\" decoding=\"async\" width=\"660\" height=\"360\" data-attachment-id=\"1952\" data-permalink=\"http:\/\/cfcontabil.com\/cf\/pequenos-devem-regularizar-debitos-com-a-receita\/simples-nacional-opcao\/\" data-orig-file=\"https:\/\/i0.wp.com\/cfcontabil.com\/cf\/wp-content\/uploads\/2019\/11\/simples-nacional-opcao.jpeg?fit=660%2C360\" data-orig-size=\"660,360\" data-comments-opened=\"1\" data-image-meta=\"{&quot;aperture&quot;:&quot;0&quot;,&quot;credit&quot;:&quot;&quot;,&quot;camera&quot;:&quot;&quot;,&quot;caption&quot;:&quot;&quot;,&quot;created_timestamp&quot;:&quot;0&quot;,&quot;copyright&quot;:&quot;&quot;,&quot;focal_length&quot;:&quot;0&quot;,&quot;iso&quot;:&quot;0&quot;,&quot;shutter_speed&quot;:&quot;0&quot;,&quot;title&quot;:&quot;&quot;,&quot;orientation&quot;:&quot;0&quot;}\" data-image-title=\"simples-nacional-opcao\" data-image-description=\"\" data-image-caption=\"\" data-large-file=\"https:\/\/i0.wp.com\/cfcontabil.com\/cf\/wp-content\/uploads\/2019\/11\/simples-nacional-opcao.jpeg?fit=660%2C360\" src=\"https:\/\/i0.wp.com\/cfcontabil.com\/cf\/wp-content\/uploads\/2019\/11\/simples-nacional-opcao.jpeg?resize=660%2C360\" alt=\"\" class=\"wp-image-1952\" srcset=\"https:\/\/i0.wp.com\/cfcontabil.com\/cf\/wp-content\/uploads\/2019\/11\/simples-nacional-opcao.jpeg?w=660 660w, https:\/\/i0.wp.com\/cfcontabil.com\/cf\/wp-content\/uploads\/2019\/11\/simples-nacional-opcao.jpeg?resize=300%2C164 300w, https:\/\/i0.wp.com\/cfcontabil.com\/cf\/wp-content\/uploads\/2019\/11\/simples-nacional-opcao.jpeg?resize=370%2C202 370w\" sizes=\"(max-width: 660px) 100vw, 660px\" \/><\/figure>\n\n\n\n<p>O limite de 1 pedido de parcelamento por ano para os d\u00e9bitos apurados no \u00e2mbito do Simples Nacional foi exclu\u00eddo pela Instru\u00e7\u00e3o Normativa RFB n\u00ba 1.981, de 9 de outubro de 2020.<\/p>\n\n\n\n<p>Dessa maneira, o contribuinte poder\u00e1 reparcelar sua d\u00edvida no \u00e2mbito do Simples Nacional quantas vezes quiser.<\/p>\n\n\n\n<p>A a\u00e7\u00e3o visa estimular a regulariza\u00e7\u00e3o tribut\u00e1ria dos contribuintes e, consequentemente, evitar a\u00e7\u00f5es de cobran\u00e7a da RFB que podem ocasionar a exclus\u00e3o do Simples Nacional.<\/p>\n\n\n\n<p>A condi\u00e7\u00e3o para o reparcelamento \u00e9 o pagamento da primeira parcela nos percentuais abaixo:<\/p>\n\n\n\n<p>I &#8211; 10% (dez por cento) do total dos d\u00e9bitos consolidados; ou<br>II &#8211; 20% (vinte por cento) do total dos d\u00e9bitos consolidados, caso haja d\u00e9bito com hist\u00f3rico de reparcelamento anterior.<\/p>\n\n\n\n<p>O pedido de reparcelamento dever\u00e1 ser feito exclusivamente por meio do site da RFB na Internet, nos Portais e-CAC ou Simples Nacional.<\/p>\n\n\n\n<p>Para maiores informa\u00e7\u00f5es sobre o reparcelamento, acessar o&nbsp;<a href=\"http:\/\/www8.receita.fazenda.gov.br\/SimplesNacional\/Arquivos\/manual\/MANUAL_PARCELAMENTO.pdf\">Manual de Parcelamento do Simples Nacional<\/a>.&nbsp;<\/p>\n\n\n\n<p>SECRETARIA-EXECUTIVA DO COMIT\u00ca GESTOR DO SIMPLES NACIONAL<\/p>\n","protected":false},"excerpt":{"rendered":"<p>A partir desta ter\u00e7a (03\/11)&nbsp;est\u00e1 dispon\u00edvel, no portal do Simples Nacional ou no portal e-CAC, o m\u00f3dulo para reparcelamento de d\u00e9bitos apurados pelo Regime Especial Unificado de Arrecada\u00e7\u00e3o de Tributos e Contribui\u00e7\u00f5es devidos pelas Microempresas e Empresas de Pequeno Porte (Simples Nacional). O limite de 1 pedido de parcelamento por ano para os d\u00e9bitos apurados [&hellip;]<\/p>\n","protected":false},"author":1,"featured_media":2355,"comment_status":"open","ping_status":"open","sticky":false,"template":"","format":"standard","meta":{"jetpack_post_was_ever_published":false,"_jetpack_newsletter_access":"","_jetpack_dont_email_post_to_subs":false,"_jetpack_newsletter_tier_id":0,"_jetpack_memberships_contains_paywalled_content":false,"_jetpack_memberships_contains_paid_content":false,"footnotes":"","jetpack_publicize_message":"","jetpack_publicize_feature_enabled":true,"jetpack_social_post_already_shared":true,"jetpack_social_options":{"image_generator_settings":{"template":"highway","default_image_id":0,"font":"","enabled":false},"version":2}},"categories":[46],"tags":[108,211,213],"class_list":["post-2354","post","type-post","status-publish","format-standard","has-post-thumbnail","hentry","category-df","tag-imposto","tag-nacional","tag-simples"],"jetpack_publicize_connections":[],"jetpack_featured_media_url":"https:\/\/i0.wp.com\/cfcontabil.com\/cf\/wp-content\/uploads\/2020\/11\/Simples_Blog.jpg.600x335_q85_box-022957556_crop_detail.jpg?fit=600%2C335","jetpack_sharing_enabled":true,"jetpack_shortlink":"https:\/\/wp.me\/p2wklX-BY","jetpack-related-posts":[{"id":1950,"url":"http:\/\/cfcontabil.com\/cf\/pequenos-devem-regularizar-debitos-com-a-receita\/","url_meta":{"origin":2354,"position":0},"title":"Pequenos devem regularizar d\u00e9bitos com a Receita","author":"Ab\u00edlio Gon\u00e7alves","date":"27 de novembro de 2019","format":false,"excerpt":"Empresas optantes pelo Simples Nacional com irregularidades t\u00eam at\u00e9 30 dias para quitar d\u00edvidas. Exclus\u00e3o ter\u00e1 efeitos a partir de 2020 A Receita Federal notifica micro e pequenas empresas optantes pelo Simples Nacional com d\u00e9bitos junto \u00e0 Secretaria Especial da Receita Federal ou \u00e0 Procuradoria-Geral da Fazenda Nacional. Ap\u00f3s conhecimento\u2026","rel":"","context":"Em &quot;Departamento Fiscal&quot;","block_context":{"text":"Departamento Fiscal","link":"http:\/\/cfcontabil.com\/cf\/category\/df\/"},"img":{"alt_text":"","src":"https:\/\/i0.wp.com\/cfcontabil.com\/cf\/wp-content\/uploads\/2019\/11\/simples-nacional-empresa.jpg?fit=660%2C350&resize=350%2C200","width":350,"height":200,"srcset":"https:\/\/i0.wp.com\/cfcontabil.com\/cf\/wp-content\/uploads\/2019\/11\/simples-nacional-empresa.jpg?fit=660%2C350&resize=350%2C200 1x, https:\/\/i0.wp.com\/cfcontabil.com\/cf\/wp-content\/uploads\/2019\/11\/simples-nacional-empresa.jpg?fit=660%2C350&resize=525%2C300 1.5x"},"classes":[]},{"id":861,"url":"http:\/\/cfcontabil.com\/cf\/opcao-pelo-simples-nacional\/","url_meta":{"origin":2354,"position":1},"title":"Op\u00e7\u00e3o pelo Simples Nacional","author":"Ab\u00edlio Gon\u00e7alves","date":"23 de janeiro de 2017","format":false,"excerpt":"Podem optar pelo Simples Nacional as microempresas (ME) e empresas de pequeno porte (EPP) que n\u00e3o incorram em nenhuma das veda\u00e7\u00f5es previstas na Lei Complementar 123, de 2006. A empresa poder\u00e1 fazer novo pedido de op\u00e7\u00e3o pelo Simples Nacional at\u00e9 o dia 31\/01\/2017. Conhe\u00e7a os detalhes previstos para a situa\u00e7\u00e3o\u2026","rel":"","context":"Em &quot;Consultoria Empresarial&quot;","block_context":{"text":"Consultoria Empresarial","link":"http:\/\/cfcontabil.com\/cf\/category\/consultoria\/"},"img":{"alt_text":"","src":"https:\/\/i0.wp.com\/cfcontabil.com\/cf\/wp-content\/uploads\/2017\/01\/simples-1.jpg?fit=520%2C271&resize=350%2C200","width":350,"height":200},"classes":[]},{"id":2047,"url":"http:\/\/cfcontabil.com\/cf\/empresas-que-nao-regularizaram-pendencias-sao-excluidas-do-simples\/","url_meta":{"origin":2354,"position":2},"title":"Empresas que n\u00e3o regularizaram pend\u00eancias s\u00e3o exclu\u00eddas do Simples","author":"Ab\u00edlio Gon\u00e7alves","date":"14 de janeiro de 2020","format":false,"excerpt":"Contribuinte que resolver situa\u00e7\u00e3o poder\u00e1 pedir reinclus\u00e3o no regime As micro e pequenas empresas que n\u00e3o regularizaram as pend\u00eancias com o Simples Nacional \u2013 regime tribut\u00e1rio especial para pequenos neg\u00f3cios \u2013 foram exclu\u00eddas do programa no in\u00edcio de 2020 (dia 1\u00ba). Elas ter\u00e3o at\u00e9 31 de janeiro para resolverem a\u2026","rel":"","context":"Em \"Exclus\u00e3o\"","block_context":{"text":"Exclus\u00e3o","link":"http:\/\/cfcontabil.com\/cf\/tag\/exclusao\/"},"img":{"alt_text":"","src":"https:\/\/i0.wp.com\/cfcontabil.com\/cf\/wp-content\/uploads\/2020\/01\/exclusao-simples-nacional.jpg?fit=600%2C310&resize=350%2C200","width":350,"height":200,"srcset":"https:\/\/i0.wp.com\/cfcontabil.com\/cf\/wp-content\/uploads\/2020\/01\/exclusao-simples-nacional.jpg?fit=600%2C310&resize=350%2C200 1x, https:\/\/i0.wp.com\/cfcontabil.com\/cf\/wp-content\/uploads\/2020\/01\/exclusao-simples-nacional.jpg?fit=600%2C310&resize=525%2C300 1.5x"},"classes":[]},{"id":1869,"url":"http:\/\/cfcontabil.com\/cf\/receita-federal-ameaca-17-mil-empresas-por-dividas-no-df\/","url_meta":{"origin":2354,"position":3},"title":"Receita Federal amea\u00e7a 17 mil empresas por d\u00edvidas no DF","author":"Ab\u00edlio Gon\u00e7alves","date":"11 de novembro de 2019","format":false,"excerpt":"Inadimpl\u00eancia deve ser quitada at\u00e9 fim do ano para que empresariado n\u00e3o seja for\u00e7ado a deixar o Simples Nacional e ver riscos ao neg\u00f3cio Receita Federal\u00a0decidiu mirar em 17.304 microempresas e empresas de pequeno porte do Distrito Federal que optaram pelo sistema\u00a0Simples Nacional\u00a0e mant\u00eam d\u00edvidas com o Fisco nacional. A\u2026","rel":"","context":"Em &quot;Departamento Fiscal&quot;","block_context":{"text":"Departamento Fiscal","link":"http:\/\/cfcontabil.com\/cf\/category\/df\/"},"img":{"alt_text":"","src":"https:\/\/i0.wp.com\/cfcontabil.com\/cf\/wp-content\/uploads\/2017\/02\/receita-federal-1-1.png?fit=702%2C325&resize=350%2C200","width":350,"height":200,"srcset":"https:\/\/i0.wp.com\/cfcontabil.com\/cf\/wp-content\/uploads\/2017\/02\/receita-federal-1-1.png?fit=702%2C325&resize=350%2C200 1x, https:\/\/i0.wp.com\/cfcontabil.com\/cf\/wp-content\/uploads\/2017\/02\/receita-federal-1-1.png?fit=702%2C325&resize=525%2C300 1.5x, https:\/\/i0.wp.com\/cfcontabil.com\/cf\/wp-content\/uploads\/2017\/02\/receita-federal-1-1.png?fit=702%2C325&resize=700%2C400 2x"},"classes":[]},{"id":1045,"url":"http:\/\/cfcontabil.com\/cf\/adesao-ao-parcelamento-especial-de-debitos-do-simples-nacional-se-encerra-no-proximo-dia-10\/","url_meta":{"origin":2354,"position":4},"title":"Ades\u00e3o ao parcelamento especial de d\u00e9bitos do Simples Nacional se encerra no pr\u00f3ximo dia 10","author":"Ab\u00edlio Gon\u00e7alves","date":"9 de mar\u00e7o de 2017","format":false,"excerpt":"O contribuinte que pretende aderir ao parcelamento especial de d\u00e9bitos do Simples Nacional inscritos em D\u00edvida Ativa da Uni\u00e3o (DAU) precisa estar atento. O prazo para ades\u00e3o a essa modalidade de parcelamento se encerra no pr\u00f3ximo dia 10 de mar\u00e7o. O parcelamento foi regulamentado pela Portaria PGFN n\u00b0 1.110 de\u2026","rel":"","context":"Em &quot;Departamento Fiscal&quot;","block_context":{"text":"Departamento Fiscal","link":"http:\/\/cfcontabil.com\/cf\/category\/df\/"},"img":{"alt_text":"","src":"https:\/\/i0.wp.com\/cfcontabil.com\/cf\/wp-content\/uploads\/2017\/01\/simples-1.jpg?fit=520%2C271&resize=350%2C200","width":350,"height":200},"classes":[]},{"id":1384,"url":"http:\/\/cfcontabil.com\/cf\/receita-vai-permitir-novos-parcelamentos-de-dividas-para-empresas-no-simples\/","url_meta":{"origin":2354,"position":5},"title":"Receita vai permitir novos parcelamentos de d\u00edvidas para empresas no Simples","author":"Ab\u00edlio Gon\u00e7alves","date":"1 de setembro de 2018","format":false,"excerpt":"Aten\u00e7\u00e3o que o efeito pr\u00e1tico a partir de 2019 A Receita Federal vai permitir que micro e pequenas empresas optantes do Simples possam fazer novos parcelamentos de d\u00e9bitos. Uma nova resolu\u00e7\u00e3o do Comit\u00ea Gestor do Simples Nacional (142\/18) prev\u00ea a possibilidade de negocia\u00e7\u00e3o de mais de dois reparcelamentos anuais.\u00a0 A\u2026","rel":"","context":"Em &quot;Departamento Fiscal&quot;","block_context":{"text":"Departamento Fiscal","link":"http:\/\/cfcontabil.com\/cf\/category\/df\/"},"img":{"alt_text":"","src":"https:\/\/i0.wp.com\/cfcontabil.com\/cf\/wp-content\/uploads\/2017\/01\/simples-1.jpg?fit=520%2C271&resize=350%2C200","width":350,"height":200},"classes":[]}],"jetpack_likes_enabled":true,"_links":{"self":[{"href":"http:\/\/cfcontabil.com\/cf\/wp-json\/wp\/v2\/posts\/2354","targetHints":{"allow":["GET"]}}],"collection":[{"href":"http:\/\/cfcontabil.com\/cf\/wp-json\/wp\/v2\/posts"}],"about":[{"href":"http:\/\/cfcontabil.com\/cf\/wp-json\/wp\/v2\/types\/post"}],"author":[{"embeddable":true,"href":"http:\/\/cfcontabil.com\/cf\/wp-json\/wp\/v2\/users\/1"}],"replies":[{"embeddable":true,"href":"http:\/\/cfcontabil.com\/cf\/wp-json\/wp\/v2\/comments?post=2354"}],"version-history":[{"count":1,"href":"http:\/\/cfcontabil.com\/cf\/wp-json\/wp\/v2\/posts\/2354\/revisions"}],"predecessor-version":[{"id":2356,"href":"http:\/\/cfcontabil.com\/cf\/wp-json\/wp\/v2\/posts\/2354\/revisions\/2356"}],"wp:featuredmedia":[{"embeddable":true,"href":"http:\/\/cfcontabil.com\/cf\/wp-json\/wp\/v2\/media\/2355"}],"wp:attachment":[{"href":"http:\/\/cfcontabil.com\/cf\/wp-json\/wp\/v2\/media?parent=2354"}],"wp:term":[{"taxonomy":"category","embeddable":true,"href":"http:\/\/cfcontabil.com\/cf\/wp-json\/wp\/v2\/categories?post=2354"},{"taxonomy":"post_tag","embeddable":true,"href":"http:\/\/cfcontabil.com\/cf\/wp-json\/wp\/v2\/tags?post=2354"}],"curies":[{"name":"wp","href":"https:\/\/api.w.org\/{rel}","templated":true}]}}