{"id":2357,"date":"2020-11-04T13:04:29","date_gmt":"2020-11-04T16:04:29","guid":{"rendered":"http:\/\/cfcontabil.com\/cf\/?p=2357"},"modified":"2020-11-04T13:04:39","modified_gmt":"2020-11-04T16:04:39","slug":"aprovacao-do-refis-salvara-diversas-empresas-afirma-fecomercio-df","status":"publish","type":"post","link":"http:\/\/cfcontabil.com\/cf\/aprovacao-do-refis-salvara-diversas-empresas-afirma-fecomercio-df\/","title":{"rendered":"\u201cAprova\u00e7\u00e3o do Refis salvar\u00e1 diversas empresas\u201d, afirma Fecom\u00e9rcio-DF"},"content":{"rendered":"\n<p>Projeto foi aprovado nesta ter\u00e7a-feira na CLDF e seguiu para san\u00e7\u00e3o do governador Ibaneis Rocha<\/p>\n\n\n\n<figure class=\"wp-block-image size-large\"><img data-recalc-dims=\"1\" fetchpriority=\"high\" decoding=\"async\" width=\"604\" height=\"228\" data-attachment-id=\"2358\" data-permalink=\"http:\/\/cfcontabil.com\/cf\/aprovacao-do-refis-salvara-diversas-empresas-afirma-fecomercio-df\/cldf\/\" data-orig-file=\"https:\/\/i0.wp.com\/cfcontabil.com\/cf\/wp-content\/uploads\/2020\/11\/cldf.jpg?fit=604%2C228\" data-orig-size=\"604,228\" data-comments-opened=\"1\" data-image-meta=\"{&quot;aperture&quot;:&quot;0&quot;,&quot;credit&quot;:&quot;&quot;,&quot;camera&quot;:&quot;&quot;,&quot;caption&quot;:&quot;&quot;,&quot;created_timestamp&quot;:&quot;0&quot;,&quot;copyright&quot;:&quot;&quot;,&quot;focal_length&quot;:&quot;0&quot;,&quot;iso&quot;:&quot;0&quot;,&quot;shutter_speed&quot;:&quot;0&quot;,&quot;title&quot;:&quot;&quot;,&quot;orientation&quot;:&quot;0&quot;}\" data-image-title=\"cldf\" data-image-description=\"\" data-image-caption=\"\" data-large-file=\"https:\/\/i0.wp.com\/cfcontabil.com\/cf\/wp-content\/uploads\/2020\/11\/cldf.jpg?fit=604%2C228\" src=\"https:\/\/i0.wp.com\/cfcontabil.com\/cf\/wp-content\/uploads\/2020\/11\/cldf.jpg?resize=604%2C228\" alt=\"\" class=\"wp-image-2358\" srcset=\"https:\/\/i0.wp.com\/cfcontabil.com\/cf\/wp-content\/uploads\/2020\/11\/cldf.jpg?w=604 604w, https:\/\/i0.wp.com\/cfcontabil.com\/cf\/wp-content\/uploads\/2020\/11\/cldf.jpg?resize=300%2C113 300w, https:\/\/i0.wp.com\/cfcontabil.com\/cf\/wp-content\/uploads\/2020\/11\/cldf.jpg?resize=370%2C140 370w\" sizes=\"(max-width: 604px) 100vw, 604px\" \/><\/figure>\n\n\n\n<p>Muito aguardado pelo setor produtivo do Distrito Federal, o Programa de Incentivo \u00e0 Regulariza\u00e7\u00e3o Fiscal do Distrito Federal (Refis-DF) foi aprovado pela C\u00e2mara Legislativa na noite desta ter\u00e7a-feira (3\/11). Agora, o texto segue para an\u00e1lise e san\u00e7\u00e3o do governador Ibaneis Rocha (MDB).<\/p>\n\n\n\n<p>Ao comemorar a aprova\u00e7\u00e3o da mat\u00e9ria, o presidente da Federa\u00e7\u00e3o do Com\u00e9rcio de Bens, Servi\u00e7os e Turismo do Distrito Federal (Fecom\u00e9rcio-DF), Francisco Maia, destacou que o Refis permitir\u00e1 que as empresas se regularizem com o fisco. Com isso, segundo Maia, os empreendedores poder\u00e3o negociar novamente com o governo, fornecendo bens e servi\u00e7os para o setor p\u00fablico local.<\/p>\n\n\n\n<p><strong>\u201cAcredito que o Refis ajudar\u00e1 a reabilitar diversas empresas que est\u00e3o com dificuldades financeiras em decorr\u00eancia da crise [da Covid-19], al\u00e9m de ajudar a aumentar o caixa do Estado com o pagamento dos tributos\u201d<\/strong>, destacou o presidente da Fecom\u00e9rcio-DF.<\/p>\n\n\n\n<p>\u201cAs empresas est\u00e3o na UTI e o Refis \u00e9 um rem\u00e9dio que possibilita que elas voltem \u00e0 plenitude de sua atividade comercial, podendo contratar empr\u00e9stimos e participar de licita\u00e7\u00f5es\u201d, completou o presidente da C\u00e2mara de Tributa\u00e7\u00e3o e Finan\u00e7as P\u00fablicas da Fecom\u00e9rcio, Charles Dickens.<\/p>\n\n\n\n<p>O Refis foi encaminhado para a C\u00e2mara Legislativa no dia 14 de outubro e sugere descontos escalonados de 50% a 95%, para que pessoas f\u00edsicas e jur\u00eddicas possam quitar as suas d\u00edvidas com o governo. Os devedores poder\u00e3o optar por quitar os d\u00e9bitos \u00e0 vista ou em at\u00e9 120 vezes, com teto de R$ 100 milh\u00f5es.<\/p>\n\n\n\n<p>De acordo com levantamentos da Secretaria de Economia do DF, a proposta de renegocia\u00e7\u00e3o de d\u00edvidas poder\u00e1 injetar at\u00e9 meio bilh\u00e3o de reais nos cofres do GDF.<\/p>\n\n\n\n<p>Fonte: Metropolis<\/p>\n","protected":false},"excerpt":{"rendered":"<p>Projeto foi aprovado nesta ter\u00e7a-feira na CLDF e seguiu para san\u00e7\u00e3o do governador Ibaneis Rocha Muito aguardado pelo setor produtivo do Distrito Federal, o Programa de Incentivo \u00e0 Regulariza\u00e7\u00e3o Fiscal do Distrito Federal (Refis-DF) foi aprovado pela C\u00e2mara Legislativa na noite desta ter\u00e7a-feira (3\/11). Agora, o texto segue para an\u00e1lise e san\u00e7\u00e3o do governador Ibaneis [&hellip;]<\/p>\n","protected":false},"author":1,"featured_media":2359,"comment_status":"open","ping_status":"open","sticky":false,"template":"","format":"standard","meta":{"jetpack_post_was_ever_published":false,"_jetpack_newsletter_access":"","_jetpack_dont_email_post_to_subs":false,"_jetpack_newsletter_tier_id":0,"_jetpack_memberships_contains_paywalled_content":false,"_jetpack_memberships_contains_paid_content":false,"footnotes":"","jetpack_publicize_message":"","jetpack_publicize_feature_enabled":true,"jetpack_social_post_already_shared":true,"jetpack_social_options":{"image_generator_settings":{"template":"highway","default_image_id":0,"font":"","enabled":false},"version":2}},"categories":[46],"tags":[172,71],"class_list":["post-2357","post","type-post","status-publish","format-standard","has-post-thumbnail","hentry","category-df","tag-distrito","tag-federal"],"jetpack_publicize_connections":[],"jetpack_featured_media_url":"https:\/\/i0.wp.com\/cfcontabil.com\/cf\/wp-content\/uploads\/2020\/11\/cldf-01-fb.jpg?fit=600%2C315","jetpack_sharing_enabled":true,"jetpack_shortlink":"https:\/\/wp.me\/p2wklX-C1","jetpack-related-posts":[{"id":2361,"url":"http:\/\/cfcontabil.com\/cf\/ibaneis-sanciona-novo-refis-para-ajudar-no-resgate-da-economia-do-distrito-federal\/","url_meta":{"origin":2357,"position":0},"title":"Ibaneis sanciona novo Refis para ajudar no resgate da economia do Distrito Federal","author":"Ab\u00edlio Gon\u00e7alves","date":"9 de novembro de 2020","format":false,"excerpt":"Foi sancionada\u00a0 nesta segunda-feira (9), pelo governador Ibaneis Rocha, a lei do novo Programa de Incentivo \u00e0 Regulariza\u00e7\u00e3o Fiscal (Refis 2020). A medida, aprovada\u00a0 pela C\u00e2mara Legislativa, tem como objetivo, segundo o chefe do Executivo local, de resgatar a economia do DF. O governador disse que\u00a0 o novo refis era\u2026","rel":"","context":"Em &quot;Departamento Fiscal&quot;","block_context":{"text":"Departamento Fiscal","link":"http:\/\/cfcontabil.com\/cf\/category\/df\/"},"img":{"alt_text":"","src":"https:\/\/i0.wp.com\/cfcontabil.com\/cf\/wp-content\/uploads\/2020\/11\/ibaneis-refis.jpg?fit=971%2C533&resize=350%2C200","width":350,"height":200,"srcset":"https:\/\/i0.wp.com\/cfcontabil.com\/cf\/wp-content\/uploads\/2020\/11\/ibaneis-refis.jpg?fit=971%2C533&resize=350%2C200 1x, https:\/\/i0.wp.com\/cfcontabil.com\/cf\/wp-content\/uploads\/2020\/11\/ibaneis-refis.jpg?fit=971%2C533&resize=525%2C300 1.5x, https:\/\/i0.wp.com\/cfcontabil.com\/cf\/wp-content\/uploads\/2020\/11\/ibaneis-refis.jpg?fit=971%2C533&resize=700%2C400 2x"},"classes":[]},{"id":1772,"url":"http:\/\/cfcontabil.com\/cf\/ibaneis-aprova-lei-fixando-prazo-de-7-dias-para-o-governo-liberar-alvara-de-construcao-no-df\/","url_meta":{"origin":2357,"position":1},"title":"Ibaneis aprova lei fixando prazo de 7 dias para o governo liberar alvar\u00e1 de constru\u00e7\u00e3o no DF","author":"Ab\u00edlio Gon\u00e7alves","date":"16 de outubro de 2019","format":false,"excerpt":"Tamb\u00e9m foram criados pontos de apoio para caminhoneiros nas vias de acesso \u00e0s cidades do DF O governador do Distrito Federal, Ibaneis Rocha (MDB), obteve vit\u00f3rias expressivas na vota\u00e7\u00e3o de projetos de origem do Poder Executivo nesta ter\u00e7a-feira (15), na C\u00e2mara Legislativa. Foram seus projetos aprovados no total, incluindo o\u2026","rel":"","context":"Em &quot;Consultoria Empresarial&quot;","block_context":{"text":"Consultoria Empresarial","link":"http:\/\/cfcontabil.com\/cf\/category\/consultoria\/"},"img":{"alt_text":"","src":"https:\/\/i0.wp.com\/cfcontabil.com\/cf\/wp-content\/uploads\/2019\/10\/alvara.jpg?fit=767%2C400&resize=350%2C200","width":350,"height":200,"srcset":"https:\/\/i0.wp.com\/cfcontabil.com\/cf\/wp-content\/uploads\/2019\/10\/alvara.jpg?fit=767%2C400&resize=350%2C200 1x, https:\/\/i0.wp.com\/cfcontabil.com\/cf\/wp-content\/uploads\/2019\/10\/alvara.jpg?fit=767%2C400&resize=525%2C300 1.5x, https:\/\/i0.wp.com\/cfcontabil.com\/cf\/wp-content\/uploads\/2019\/10\/alvara.jpg?fit=767%2C400&resize=700%2C400 2x"},"classes":[]},{"id":2264,"url":"http:\/\/cfcontabil.com\/cf\/df-tera-refis-mais-eficaz-de-sua-historia\/","url_meta":{"origin":2357,"position":2},"title":"DF ter\u00e1 Refis mais eficaz de sua hist\u00f3ria","author":"Ab\u00edlio Gon\u00e7alves","date":"13 de abril de 2020","format":false,"excerpt":"Secret\u00e1rio de Economia explica que novo programa tem redu\u00e7\u00f5es significativas de al\u00edquotas e pode gerar economia de R$ 823,2 milh\u00f5es \u00e0s empresas Manter a economia nos eixos \u00e9 uma das prioridades do Governo do Distrito Federal. Principalmente em momentos de crise, como \u00e9 o caso das incertezas geradas pela pandemia\u2026","rel":"","context":"Em \"Ativa\"","block_context":{"text":"Ativa","link":"http:\/\/cfcontabil.com\/cf\/tag\/ativa\/"},"img":{"alt_text":"","src":"https:\/\/i0.wp.com\/cfcontabil.com\/cf\/wp-content\/uploads\/2020\/04\/REFIS-DF.jpg?fit=512%2C287&resize=350%2C200","width":350,"height":200},"classes":[]},{"id":2321,"url":"http:\/\/cfcontabil.com\/cf\/distrito-federal-ajuda-empresas-a-abrirem-mais-rapido\/","url_meta":{"origin":2357,"position":3},"title":"Distrito Federal ajuda empresas a abrirem mais r\u00e1pido","author":"Ab\u00edlio Gon\u00e7alves","date":"14 de julho de 2020","format":false,"excerpt":"Etapas de an\u00e1lise para obter registro empresarial tiveram, em junho, o menor tempo de execu\u00e7\u00e3o em todo o pa\u00eds Gra\u00e7as ao ambiente 100% digital, \u00e0 integra\u00e7\u00e3o entre os \u00f3rg\u00e3os e ao regime de teletrabalho implementados pela Junta Comercial, Industrial e Servi\u00e7os do Distrito Federal (Jucis-DF), empres\u00e1rios e contadores podem contar\u2026","rel":"","context":"Em \"abertura\"","block_context":{"text":"abertura","link":"http:\/\/cfcontabil.com\/cf\/tag\/abertura\/"},"img":{"alt_text":"","src":"https:\/\/i0.wp.com\/cfcontabil.com\/cf\/wp-content\/uploads\/2019\/12\/abertura-de-Empresas.jpg?fit=1080%2C640&resize=350%2C200","width":350,"height":200,"srcset":"https:\/\/i0.wp.com\/cfcontabil.com\/cf\/wp-content\/uploads\/2019\/12\/abertura-de-Empresas.jpg?fit=1080%2C640&resize=350%2C200 1x, https:\/\/i0.wp.com\/cfcontabil.com\/cf\/wp-content\/uploads\/2019\/12\/abertura-de-Empresas.jpg?fit=1080%2C640&resize=525%2C300 1.5x, https:\/\/i0.wp.com\/cfcontabil.com\/cf\/wp-content\/uploads\/2019\/12\/abertura-de-Empresas.jpg?fit=1080%2C640&resize=700%2C400 2x, https:\/\/i0.wp.com\/cfcontabil.com\/cf\/wp-content\/uploads\/2019\/12\/abertura-de-Empresas.jpg?fit=1080%2C640&resize=1050%2C600 3x"},"classes":[]},{"id":1427,"url":"http:\/\/cfcontabil.com\/cf\/sancionada-a-lei-de-convalidacao-de-beneficios-fiscais-no-df\/","url_meta":{"origin":2357,"position":4},"title":"Sancionada a lei de convalida\u00e7\u00e3o de benef\u00edcios fiscais no DF","author":"Ab\u00edlio Gon\u00e7alves","date":"20 de novembro de 2018","format":false,"excerpt":"Assinatura ocorreu nesta segunda (19), no Buriti. Norma permite que o Distrito Federal conceda vantagens em condi\u00e7\u00e3o de igualdade com estados do Centro-Oeste MARYNA LACERDA, DA AG\u00caNCIA BRAS\u00cdLIA A economia do Distrito Federal fica mais competitiva com a san\u00e7\u00e3o do\u00a0Projeto de Lei n\u00ba 2.063, de 2018. A norma trata da\u00a0convalida\u00e7\u00e3o\u2026","rel":"","context":"Em &quot;Consultoria Empresarial&quot;","block_context":{"text":"Consultoria Empresarial","link":"http:\/\/cfcontabil.com\/cf\/category\/consultoria\/"},"img":{"alt_text":"","src":"https:\/\/i0.wp.com\/cfcontabil.com\/cf\/wp-content\/uploads\/2016\/04\/notebook-1.jpg?fit=627%2C400&resize=350%2C200","width":350,"height":200,"srcset":"https:\/\/i0.wp.com\/cfcontabil.com\/cf\/wp-content\/uploads\/2016\/04\/notebook-1.jpg?fit=627%2C400&resize=350%2C200 1x, https:\/\/i0.wp.com\/cfcontabil.com\/cf\/wp-content\/uploads\/2016\/04\/notebook-1.jpg?fit=627%2C400&resize=525%2C300 1.5x"},"classes":[]},{"id":2382,"url":"http:\/\/cfcontabil.com\/cf\/contribuintes-tem-ate-hoje-quarta-feira-16-para-aderir-ao-refis\/","url_meta":{"origin":2357,"position":5},"title":"Contribuintes t\u00eam at\u00e9 hoje (quarta-feira, 16) para aderir ao Refis","author":"Ab\u00edlio Gon\u00e7alves","date":"16 de dezembro de 2020","format":false,"excerpt":"O acesso ao portal de servi\u00e7os da Receita do DF pode ser feito por pessoas jur\u00eddicas, mediante certifica\u00e7\u00e3o digital; e por pessoas f\u00edsicas, por certifica\u00e7\u00e3o digital ou mediante login\/senha. Pessoas f\u00edsicas e jur\u00eddicas t\u00eam at\u00e9 quarta-feira (16) para aderir ao Programa de Incentivo \u00e0 Regulariza\u00e7\u00e3o Fiscal \u2013 Refis 2020. Quem\u2026","rel":"","context":"Em &quot;Departamento Fiscal&quot;","block_context":{"text":"Departamento Fiscal","link":"http:\/\/cfcontabil.com\/cf\/category\/df\/"},"img":{"alt_text":"","src":"https:\/\/i0.wp.com\/cfcontabil.com\/cf\/wp-content\/uploads\/2020\/12\/refis-df.jpeg?fit=1200%2C799&resize=350%2C200","width":350,"height":200,"srcset":"https:\/\/i0.wp.com\/cfcontabil.com\/cf\/wp-content\/uploads\/2020\/12\/refis-df.jpeg?fit=1200%2C799&resize=350%2C200 1x, https:\/\/i0.wp.com\/cfcontabil.com\/cf\/wp-content\/uploads\/2020\/12\/refis-df.jpeg?fit=1200%2C799&resize=525%2C300 1.5x, https:\/\/i0.wp.com\/cfcontabil.com\/cf\/wp-content\/uploads\/2020\/12\/refis-df.jpeg?fit=1200%2C799&resize=700%2C400 2x, https:\/\/i0.wp.com\/cfcontabil.com\/cf\/wp-content\/uploads\/2020\/12\/refis-df.jpeg?fit=1200%2C799&resize=1050%2C600 3x"},"classes":[]}],"jetpack_likes_enabled":true,"_links":{"self":[{"href":"http:\/\/cfcontabil.com\/cf\/wp-json\/wp\/v2\/posts\/2357","targetHints":{"allow":["GET"]}}],"collection":[{"href":"http:\/\/cfcontabil.com\/cf\/wp-json\/wp\/v2\/posts"}],"about":[{"href":"http:\/\/cfcontabil.com\/cf\/wp-json\/wp\/v2\/types\/post"}],"author":[{"embeddable":true,"href":"http:\/\/cfcontabil.com\/cf\/wp-json\/wp\/v2\/users\/1"}],"replies":[{"embeddable":true,"href":"http:\/\/cfcontabil.com\/cf\/wp-json\/wp\/v2\/comments?post=2357"}],"version-history":[{"count":1,"href":"http:\/\/cfcontabil.com\/cf\/wp-json\/wp\/v2\/posts\/2357\/revisions"}],"predecessor-version":[{"id":2360,"href":"http:\/\/cfcontabil.com\/cf\/wp-json\/wp\/v2\/posts\/2357\/revisions\/2360"}],"wp:featuredmedia":[{"embeddable":true,"href":"http:\/\/cfcontabil.com\/cf\/wp-json\/wp\/v2\/media\/2359"}],"wp:attachment":[{"href":"http:\/\/cfcontabil.com\/cf\/wp-json\/wp\/v2\/media?parent=2357"}],"wp:term":[{"taxonomy":"category","embeddable":true,"href":"http:\/\/cfcontabil.com\/cf\/wp-json\/wp\/v2\/categories?post=2357"},{"taxonomy":"post_tag","embeddable":true,"href":"http:\/\/cfcontabil.com\/cf\/wp-json\/wp\/v2\/tags?post=2357"}],"curies":[{"name":"wp","href":"https:\/\/api.w.org\/{rel}","templated":true}]}}