{"id":2366,"date":"2020-11-10T11:34:25","date_gmt":"2020-11-10T14:34:25","guid":{"rendered":"http:\/\/cfcontabil.com\/cf\/?p=2366"},"modified":"2021-08-13T10:44:52","modified_gmt":"2021-08-13T13:44:52","slug":"inss-inicia-pericia-por-telemedicina-a-partir-da-proxima-semana","status":"publish","type":"post","link":"http:\/\/cfcontabil.com\/cf\/inss-inicia-pericia-por-telemedicina-a-partir-da-proxima-semana\/","title":{"rendered":"INSS inicia per\u00edcia por telemedicina a partir da pr\u00f3xima semana"},"content":{"rendered":"\n<p>Projeto piloto vai at\u00e9 31 de janeiro do pr\u00f3ximo ano<\/p>\n\n\n\n<p>Os atendimentos da experi\u00eancia piloto de realiza\u00e7\u00e3o de per\u00edcias m\u00e9dicas com uso da telemedicina ocorrer\u00e3o a partir da pr\u00f3xima segunda-feira (16) at\u00e9 o dia 31 de janeiro de 2021.<br \/>&nbsp;<br \/>De acordo com a Secretaria Especial de Previd\u00eancia e Trabalho, o protocolo da experi\u00eancia piloto foi aperfei\u00e7oado para dar seguran\u00e7a ao ato pericial dos peritos m\u00e9dicos federais, que ficam autorizados a realizar per\u00edcias m\u00e9dicas por telemedicina, durante o per\u00edodo de enfrentamento da pandemia da covi-19. A medida foi tomada em cumprimento a decis\u00e3o do Tribunal de Contas da Uni\u00e3o (TCU).<br \/>&nbsp;<br \/>\u201cA Secretaria Especial de Previd\u00eancia e Trabalho e o Instituto Nacional do Seguro Social realizaram reuni\u00f5es com o Conselho Federal de Medicina e a Associa\u00e7\u00e3o Nacional de Medicina do Trabalho para aperfei\u00e7oar o protocolo e dar cumprimento \u00e0 decis\u00e3o do tribunal\u201d, informou a secretaria.<br \/>&nbsp;<br \/>De acordo com a secretaria, houve consenso entre os \u00f3rg\u00e3os sobre a necessidade de se promover ajustes no protocolo formalizado pela Subsecretaria da Per\u00edcia M\u00e9dica Federal e INSS no dia 7 de outubro, especialmente no que diz respeito \u00e0 atua\u00e7\u00e3o do m\u00e9dico do trabalho.&nbsp;A secretaria informou ainda que as entidades trabalharam no roteiro de procedimentos.<\/p>\n\n\n\n<p>O INSS disponibilizar\u00e1 \u00e0s empresas, por meio eletr\u00f4nico, o Termo de Ades\u00e3o de Participa\u00e7\u00e3o da Experi\u00eancia Piloto de Realiza\u00e7\u00e3o de Per\u00edcias M\u00e9dicas com Uso da Telemedicina (Pmut), a partir de desta sexta-feira (9).<\/p>\n\n\n\n<p>Por<strong>&nbsp;Ag\u00eancia Brasil<\/strong><\/p>\n\n\n\n<p><small>09\/11\/20 \u00e0s 11H15&nbsp;atualizado em 09\/11\/20 \u00e0s 18H01<\/small><\/p>\n","protected":false},"excerpt":{"rendered":"<p>Projeto piloto vai at\u00e9 31 de janeiro do pr\u00f3ximo ano Os atendimentos da experi\u00eancia piloto de realiza\u00e7\u00e3o de per\u00edcias m\u00e9dicas com uso da telemedicina ocorrer\u00e3o a partir da pr\u00f3xima segunda-feira (16) at\u00e9 o dia 31 de janeiro de 2021.&nbsp;De acordo com a Secretaria Especial de Previd\u00eancia e Trabalho, o protocolo da experi\u00eancia piloto foi aperfei\u00e7oado [&hellip;]<\/p>\n","protected":false},"author":1,"featured_media":823,"comment_status":"open","ping_status":"open","sticky":false,"template":"","format":"standard","meta":{"jetpack_post_was_ever_published":false,"_jetpack_newsletter_access":"","_jetpack_dont_email_post_to_subs":false,"_jetpack_newsletter_tier_id":0,"_jetpack_memberships_contains_paywalled_content":false,"_jetpack_memberships_contains_paid_content":false,"footnotes":"","jetpack_publicize_message":"","jetpack_publicize_feature_enabled":true,"jetpack_social_post_already_shared":true,"jetpack_social_options":{"image_generator_settings":{"template":"highway","default_image_id":0,"font":"","enabled":false},"version":2}},"categories":[1],"tags":[],"class_list":["post-2366","post","type-post","status-publish","format-standard","has-post-thumbnail","hentry","category-uncategorized"],"jetpack_publicize_connections":[],"jetpack_featured_media_url":"https:\/\/i0.wp.com\/cfcontabil.com\/cf\/wp-content\/uploads\/2017\/01\/logo-inss-previdencia-social-1.png?fit=1000%2C604","jetpack_sharing_enabled":true,"jetpack_shortlink":"https:\/\/wp.me\/p2wklX-Ca","jetpack-related-posts":[{"id":2257,"url":"http:\/\/cfcontabil.com\/cf\/inss-recebe-atestado-por-aplicativo-e-auxilio-pode-ser-pago-sem-pericia\/","url_meta":{"origin":2366,"position":0},"title":"INSS recebe atestado por aplicativo; e aux\u00edlio pode ser pago sem per\u00edcia","author":"Ab\u00edlio Gon\u00e7alves","date":"13 de abril de 2020","format":false,"excerpt":"Segurados da Previd\u00eancia agora precisam pedir o aux\u00edlio-doen\u00e7a podem, a partir de agora, enviar o atestado m\u00e9dico pelo aplicativo para celular Meu INSS ou pelo computador (no site meu.inss.gov.br). O INSS informou nesta sexta-feira (10) que os segurados da Previd\u00eancia que precisam pedir o aux\u00edlio-doen\u00e7a podem, a partir de agora,\u2026","rel":"","context":"Em &quot;Departamento Pessoal&quot;","block_context":{"text":"Departamento Pessoal","link":"http:\/\/cfcontabil.com\/cf\/category\/dp\/"},"img":{"alt_text":"","src":"https:\/\/i0.wp.com\/cfcontabil.com\/cf\/wp-content\/uploads\/2020\/04\/celular.jpg?fit=475%2C365&resize=350%2C200","width":350,"height":200},"classes":[]},{"id":611,"url":"http:\/\/cfcontabil.com\/cf\/x-convencao-de-contabildade-do-distrito-federal\/","url_meta":{"origin":2366,"position":1},"title":"X Conven\u00e7\u00e3o de Contabildade do Distrito Federal","author":"Ab\u00edlio Gon\u00e7alves","date":"10 de setembro de 2015","format":false,"excerpt":"\u201cCom a Contabilidade o Brasil se faz Transparente\u201d Com este tema que o Conselho Regional de Contabilidade do Distrito Federal (CRCDF) realizou a X Conven\u00e7\u00e3o de Contabilidade do Distrito Federal, \u00a0nos dias 20 e 21 de agosto\u00a0na sede da LBV, situada na SGAS 915 Sul. A Conven\u00e7\u00e3o de\u00a0Contabilidade \u00e9 um\u2026","rel":"","context":"Em &quot;Consultoria Empresarial&quot;","block_context":{"text":"Consultoria Empresarial","link":"http:\/\/cfcontabil.com\/cf\/category\/consultoria\/"},"img":{"alt_text":"","src":"https:\/\/i0.wp.com\/cfcontabil.com\/cf\/wp-content\/uploads\/2015\/09\/xconvencaocontabilidadedf-tema-2.png?fit=600%2C600&resize=350%2C200","width":350,"height":200,"srcset":"https:\/\/i0.wp.com\/cfcontabil.com\/cf\/wp-content\/uploads\/2015\/09\/xconvencaocontabilidadedf-tema-2.png?fit=600%2C600&resize=350%2C200 1x, https:\/\/i0.wp.com\/cfcontabil.com\/cf\/wp-content\/uploads\/2015\/09\/xconvencaocontabilidadedf-tema-2.png?fit=600%2C600&resize=525%2C300 1.5x"},"classes":[]},{"id":1174,"url":"http:\/\/cfcontabil.com\/cf\/prazo-para-entrega-da-declaracao-anual-do-mei-termina-quarta-feira-31\/","url_meta":{"origin":2366,"position":2},"title":"Prazo para entrega da declara\u00e7\u00e3o anual do MEI termina quarta-feira (31)","author":"Ab\u00edlio Gon\u00e7alves","date":"31 de maio de 2017","format":false,"excerpt":"Procurar ajuda de um empres\u00e1rio cont\u00e1bil pode facilitar, destaca o presidente da Fenacon.\u00a0Microempreendedor Individual que enviar o documento ap\u00f3s a data paga multa m\u00ednima de R$ 50. O prazo para entrega da Declara\u00e7\u00e3o Anual Simplificada para o Microempreendedor Individual 2017 (DASN-SIMEI) termina na quarta-feira (31). Todos os MEIs com registro\u2026","rel":"","context":"Em &quot;Departamento Fiscal&quot;","block_context":{"text":"Departamento Fiscal","link":"http:\/\/cfcontabil.com\/cf\/category\/df\/"},"img":{"alt_text":"","src":"https:\/\/i0.wp.com\/cfcontabil.com\/cf\/wp-content\/uploads\/2017\/03\/mei-micro-empreendedor-individual-696x287-1.jpg?fit=696%2C287&resize=350%2C200","width":350,"height":200,"srcset":"https:\/\/i0.wp.com\/cfcontabil.com\/cf\/wp-content\/uploads\/2017\/03\/mei-micro-empreendedor-individual-696x287-1.jpg?fit=696%2C287&resize=350%2C200 1x, https:\/\/i0.wp.com\/cfcontabil.com\/cf\/wp-content\/uploads\/2017\/03\/mei-micro-empreendedor-individual-696x287-1.jpg?fit=696%2C287&resize=525%2C300 1.5x"},"classes":[]},{"id":1262,"url":"http:\/\/cfcontabil.com\/cf\/receita-lanca-ambiente-de-teste-do-esocial-para-empresas\/","url_meta":{"origin":2366,"position":3},"title":"Receita lan\u00e7a ambiente de teste do eSocial para empresas","author":"Ab\u00edlio Gon\u00e7alves","date":"29 de julho de 2017","format":false,"excerpt":"Segundo a Fenacon as empresas tamb\u00e9m poder\u00e3o contribuir para o aprimoramento do ambiente A Secretaria da Receita Federal disponibilizou o ambiente de produ\u00e7\u00e3o restrita do eSocial, que d\u00e1 in\u00edcio a uma fase de testes do projeto para as empresas. O acesso ser\u00e1 permitido em duas etapas, sendo a primeira no\u2026","rel":"","context":"Em &quot;Departamento Pessoal&quot;","block_context":{"text":"Departamento Pessoal","link":"http:\/\/cfcontabil.com\/cf\/category\/dp\/"},"img":{"alt_text":"","src":"https:\/\/i0.wp.com\/cfcontabil.com\/cf\/wp-content\/uploads\/2017\/06\/esocial-pasta-1.jpg?fit=1000%2C591&resize=350%2C200","width":350,"height":200,"srcset":"https:\/\/i0.wp.com\/cfcontabil.com\/cf\/wp-content\/uploads\/2017\/06\/esocial-pasta-1.jpg?fit=1000%2C591&resize=350%2C200 1x, https:\/\/i0.wp.com\/cfcontabil.com\/cf\/wp-content\/uploads\/2017\/06\/esocial-pasta-1.jpg?fit=1000%2C591&resize=525%2C300 1.5x, https:\/\/i0.wp.com\/cfcontabil.com\/cf\/wp-content\/uploads\/2017\/06\/esocial-pasta-1.jpg?fit=1000%2C591&resize=700%2C400 2x"},"classes":[]},{"id":1950,"url":"http:\/\/cfcontabil.com\/cf\/pequenos-devem-regularizar-debitos-com-a-receita\/","url_meta":{"origin":2366,"position":4},"title":"Pequenos devem regularizar d\u00e9bitos com a Receita","author":"Ab\u00edlio Gon\u00e7alves","date":"27 de novembro de 2019","format":false,"excerpt":"Empresas optantes pelo Simples Nacional com irregularidades t\u00eam at\u00e9 30 dias para quitar d\u00edvidas. Exclus\u00e3o ter\u00e1 efeitos a partir de 2020 A Receita Federal notifica micro e pequenas empresas optantes pelo Simples Nacional com d\u00e9bitos junto \u00e0 Secretaria Especial da Receita Federal ou \u00e0 Procuradoria-Geral da Fazenda Nacional. Ap\u00f3s conhecimento\u2026","rel":"","context":"Em &quot;Departamento Fiscal&quot;","block_context":{"text":"Departamento Fiscal","link":"http:\/\/cfcontabil.com\/cf\/category\/df\/"},"img":{"alt_text":"","src":"https:\/\/i0.wp.com\/cfcontabil.com\/cf\/wp-content\/uploads\/2019\/11\/simples-nacional-empresa.jpg?fit=660%2C350&resize=350%2C200","width":350,"height":200,"srcset":"https:\/\/i0.wp.com\/cfcontabil.com\/cf\/wp-content\/uploads\/2019\/11\/simples-nacional-empresa.jpg?fit=660%2C350&resize=350%2C200 1x, https:\/\/i0.wp.com\/cfcontabil.com\/cf\/wp-content\/uploads\/2019\/11\/simples-nacional-empresa.jpg?fit=660%2C350&resize=525%2C300 1.5x"},"classes":[]},{"id":1302,"url":"http:\/\/cfcontabil.com\/cf\/empresas-com-funcionarios-tem-ate-julho-para-aderir-ao-esocial\/","url_meta":{"origin":2366,"position":5},"title":"Empresas com funcion\u00e1rios t\u00eam at\u00e9 julho para aderir ao eSocial","author":"Ab\u00edlio Gon\u00e7alves","date":"4 de junho de 2018","format":false,"excerpt":"Pesquisa da FENACON apontou que menos de 10% das micro e pequenas empresas est\u00e3o informadas Sistema substitui 15 presta\u00e7\u00f5es de informa\u00e7\u00f5es fiscais, trabalhistas e previdenci\u00e1rias passar\u00e1 a valer a todo o setor privado e implicar\u00e1 em multas sobre faturamento em caso de descumprimento Todas as empresas do setor privado t\u00eam\u2026","rel":"","context":"Em &quot;Departamento Pessoal&quot;","block_context":{"text":"Departamento Pessoal","link":"http:\/\/cfcontabil.com\/cf\/category\/dp\/"},"img":{"alt_text":"","src":"https:\/\/i0.wp.com\/cfcontabil.com\/cf\/wp-content\/uploads\/2017\/06\/esocial-pasta-1.jpg?fit=1000%2C591&resize=350%2C200","width":350,"height":200,"srcset":"https:\/\/i0.wp.com\/cfcontabil.com\/cf\/wp-content\/uploads\/2017\/06\/esocial-pasta-1.jpg?fit=1000%2C591&resize=350%2C200 1x, https:\/\/i0.wp.com\/cfcontabil.com\/cf\/wp-content\/uploads\/2017\/06\/esocial-pasta-1.jpg?fit=1000%2C591&resize=525%2C300 1.5x, https:\/\/i0.wp.com\/cfcontabil.com\/cf\/wp-content\/uploads\/2017\/06\/esocial-pasta-1.jpg?fit=1000%2C591&resize=700%2C400 2x"},"classes":[]}],"jetpack_likes_enabled":true,"_links":{"self":[{"href":"http:\/\/cfcontabil.com\/cf\/wp-json\/wp\/v2\/posts\/2366","targetHints":{"allow":["GET"]}}],"collection":[{"href":"http:\/\/cfcontabil.com\/cf\/wp-json\/wp\/v2\/posts"}],"about":[{"href":"http:\/\/cfcontabil.com\/cf\/wp-json\/wp\/v2\/types\/post"}],"author":[{"embeddable":true,"href":"http:\/\/cfcontabil.com\/cf\/wp-json\/wp\/v2\/users\/1"}],"replies":[{"embeddable":true,"href":"http:\/\/cfcontabil.com\/cf\/wp-json\/wp\/v2\/comments?post=2366"}],"version-history":[{"count":3,"href":"http:\/\/cfcontabil.com\/cf\/wp-json\/wp\/v2\/posts\/2366\/revisions"}],"predecessor-version":[{"id":2627,"href":"http:\/\/cfcontabil.com\/cf\/wp-json\/wp\/v2\/posts\/2366\/revisions\/2627"}],"wp:featuredmedia":[{"embeddable":true,"href":"http:\/\/cfcontabil.com\/cf\/wp-json\/wp\/v2\/media\/823"}],"wp:attachment":[{"href":"http:\/\/cfcontabil.com\/cf\/wp-json\/wp\/v2\/media?parent=2366"}],"wp:term":[{"taxonomy":"category","embeddable":true,"href":"http:\/\/cfcontabil.com\/cf\/wp-json\/wp\/v2\/categories?post=2366"},{"taxonomy":"post_tag","embeddable":true,"href":"http:\/\/cfcontabil.com\/cf\/wp-json\/wp\/v2\/tags?post=2366"}],"curies":[{"name":"wp","href":"https:\/\/api.w.org\/{rel}","templated":true}]}}