{"id":2370,"date":"2020-11-10T18:30:01","date_gmt":"2020-11-10T21:30:01","guid":{"rendered":"http:\/\/cfcontabil.com\/cf\/?p=2370"},"modified":"2020-11-10T11:52:12","modified_gmt":"2020-11-10T14:52:12","slug":"proposta-institui-programa-de-regularizacao-tributaria-em-razao-da-pandemia","status":"publish","type":"post","link":"http:\/\/cfcontabil.com\/cf\/proposta-institui-programa-de-regularizacao-tributaria-em-razao-da-pandemia\/","title":{"rendered":"Proposta institui programa de regulariza\u00e7\u00e3o tribut\u00e1ria em raz\u00e3o da pandemia"},"content":{"rendered":"\n<p>Empresas optantes pelo Simples poder\u00e3o pagar impostos em at\u00e9 180 parcelas<\/p>\n\n\n\n<p>O Projeto de Lei Complementar (PLP) 130\/20 institui, para as micro e pequenas empresas optantes pelo <a href=\"https:\/\/www2.camara.leg.br\/legin\/fed\/leicom\/2006\/leicomplementar-123-14-dezembro-2006-548099-publicacaooriginal-156405-pl.html\">Simples Nacional<\/a>, o Programa Especial de Regulariza\u00e7\u00e3o Tribut\u00e1ria em raz\u00e3o da Covid-19 (PertCovid).<\/p>\n\n\n\n<p>Em mar\u00e7o, o Congresso Nacional reconheceu estado de calamidade p\u00fablica no Pa\u00eds devido \u00e0 pandemia. O PertCovid parcelar\u00e1 d\u00e9bitos tribut\u00e1rios apurados at\u00e9 maio, e a ades\u00e3o dever\u00e1 ocorrer at\u00e9 o m\u00eas subsequente ao fim do estado de calamidade.<em>Maryanna Oliveira\/C\u00e2mara dos Deputados<\/em><\/p>\n\n\n\n<figure class=\"wp-block-image\"><img data-recalc-dims=\"1\" height=\"326\" width=\"490\" decoding=\"async\" src=\"https:\/\/i0.wp.com\/www.camara.leg.br\/midias\/image\/2020\/11\/sessao-extraordinaria-deliberativa-virtual-497-490x326.jpg?resize=490%2C326&#038;ssl=1\" alt=\"Dep. M\u00e1rio Heringer (PDT - MG) em sess\u00e3o virtual\"\/><\/figure>\n\n\n\n<p>M\u00e1rio Heringer quer evitar a fal\u00eancia de empresas por causa da pandemia<\/p>\n\n\n\n<p>\u201cO endividamento tem sido uma constante no Brasil, deixando \u00e0 beira da fal\u00eancia um grande n\u00famero de empresas que, neste momento de pandemia, demandam o socorro do poder p\u00fablico\u201d, afirmou o autor, deputado <a href=\"https:\/\/www.camara.leg.br\/deputados\/74158\">M\u00e1rio Heringer (PDT-MG)<\/a>.<\/p>\n\n\n\n<p><strong>Detalhamento<\/strong><br>Pelo texto em tramita\u00e7\u00e3o na C\u00e2mara dos Deputados, a ades\u00e3o ser\u00e1 formalizada com a quita\u00e7\u00e3o da primeira parcela e implicar\u00e1 desist\u00eancia de programas similares. A parcela m\u00ednima ser\u00e1 de R$ 300 e sobre ela incidir\u00e3o, ao m\u00eas, juros (Selic) mais 1%.<\/p>\n\n\n\n<p>Conforme prazos e descontos, as firmas ter\u00e3o tr\u00eas op\u00e7\u00f5es:<br>&#8211; em at\u00e9 6 parcelas mensais e sucessivas, com redu\u00e7\u00e3o de 100% dos juros de mora; de 70% das multas de mora, de of\u00edcio ou isoladas; e de 100% dos encargos legais, inclusive honor\u00e1rios advocat\u00edcios;<br>&#8211; em at\u00e9 120 parcelas mensais e sucessivas, com redu\u00e7\u00e3o de 80% dos juros de mora; de 50% das multas de mora, de of\u00edcio ou isoladas; e de 100% dos encargos legais, inclusive honor\u00e1rios advocat\u00edcios; ou<br>&#8211; em at\u00e9 180 parcelas mensais e sucessivas, com redu\u00e7\u00e3o de 60% dos juros de mora; de 40% das multas de mora, de of\u00edcio ou isoladas; e de 100%, inclusive honor\u00e1rios advocat\u00edcios.<\/p>\n\n\n\n<p><strong>Tramita\u00e7\u00e3o<\/strong><br>A proposta ser\u00e1 analisada pelas comiss\u00f5es de Desenvolvimento Econ\u00f4mico, Ind\u00fastria, Com\u00e9rcio e Servi\u00e7os; de Finan\u00e7as e Tributa\u00e7\u00e3o; e de Constitui\u00e7\u00e3o e Justi\u00e7a e de Cidadania. Depois seguir\u00e1 para o Plen\u00e1rio.<\/p>\n\n\n\n<p><a href=\"https:\/\/www.camara.leg.br\/noticias\/606442-conheca-a-tramitacao-de-projetos-de-lei-complementar\/\">Saiba mais sobre a tramita\u00e7\u00e3o de projetos de lei complementar<\/a><\/p>\n\n\n\n<p>Reportagem \u2013 Ralph Machado<br>Edi\u00e7\u00e3o \u2013 Cl\u00e1udia Lemos<\/p>\n\n\n\n<p>Fonte: Ag\u00eancia C\u00e2mara de Not\u00edcias<\/p>\n","protected":false},"excerpt":{"rendered":"<p>Empresas optantes pelo Simples poder\u00e3o pagar impostos em at\u00e9 180 parcelas O Projeto de Lei Complementar (PLP) 130\/20 institui, para as micro e pequenas empresas optantes pelo Simples Nacional, o Programa Especial de Regulariza\u00e7\u00e3o Tribut\u00e1ria em raz\u00e3o da Covid-19 (PertCovid). Em mar\u00e7o, o Congresso Nacional reconheceu estado de calamidade p\u00fablica no Pa\u00eds devido \u00e0 pandemia. [&hellip;]<\/p>\n","protected":false},"author":1,"featured_media":2193,"comment_status":"open","ping_status":"open","sticky":false,"template":"","format":"standard","meta":{"jetpack_post_was_ever_published":false,"_jetpack_newsletter_access":"","_jetpack_dont_email_post_to_subs":false,"_jetpack_newsletter_tier_id":0,"_jetpack_memberships_contains_paywalled_content":false,"_jetpack_memberships_contains_paid_content":false,"footnotes":"","jetpack_publicize_message":"","jetpack_publicize_feature_enabled":true,"jetpack_social_post_already_shared":true,"jetpack_social_options":{"image_generator_settings":{"template":"highway","default_image_id":0,"font":"","enabled":false},"version":2}},"categories":[46],"tags":[342,761],"class_list":["post-2370","post","type-post","status-publish","format-standard","has-post-thumbnail","hentry","category-df","tag-lei","tag-pandemia"],"jetpack_publicize_connections":[],"jetpack_featured_media_url":"https:\/\/i0.wp.com\/cfcontabil.com\/cf\/wp-content\/uploads\/2020\/03\/dinheiro-caneta.jpg?fit=600%2C310","jetpack_sharing_enabled":true,"jetpack_shortlink":"https:\/\/wp.me\/p2wklX-Ce","jetpack-related-posts":[{"id":1950,"url":"http:\/\/cfcontabil.com\/cf\/pequenos-devem-regularizar-debitos-com-a-receita\/","url_meta":{"origin":2370,"position":0},"title":"Pequenos devem regularizar d\u00e9bitos com a Receita","author":"Ab\u00edlio Gon\u00e7alves","date":"27 de novembro de 2019","format":false,"excerpt":"Empresas optantes pelo Simples Nacional com irregularidades t\u00eam at\u00e9 30 dias para quitar d\u00edvidas. Exclus\u00e3o ter\u00e1 efeitos a partir de 2020 A Receita Federal notifica micro e pequenas empresas optantes pelo Simples Nacional com d\u00e9bitos junto \u00e0 Secretaria Especial da Receita Federal ou \u00e0 Procuradoria-Geral da Fazenda Nacional. Ap\u00f3s conhecimento\u2026","rel":"","context":"Em &quot;Departamento Fiscal&quot;","block_context":{"text":"Departamento Fiscal","link":"http:\/\/cfcontabil.com\/cf\/category\/df\/"},"img":{"alt_text":"","src":"https:\/\/i0.wp.com\/cfcontabil.com\/cf\/wp-content\/uploads\/2019\/11\/simples-nacional-empresa.jpg?fit=660%2C350&resize=350%2C200","width":350,"height":200,"srcset":"https:\/\/i0.wp.com\/cfcontabil.com\/cf\/wp-content\/uploads\/2019\/11\/simples-nacional-empresa.jpg?fit=660%2C350&resize=350%2C200 1x, https:\/\/i0.wp.com\/cfcontabil.com\/cf\/wp-content\/uploads\/2019\/11\/simples-nacional-empresa.jpg?fit=660%2C350&resize=525%2C300 1.5x"},"classes":[]},{"id":861,"url":"http:\/\/cfcontabil.com\/cf\/opcao-pelo-simples-nacional\/","url_meta":{"origin":2370,"position":1},"title":"Op\u00e7\u00e3o pelo Simples Nacional","author":"Ab\u00edlio Gon\u00e7alves","date":"23 de janeiro de 2017","format":false,"excerpt":"Podem optar pelo Simples Nacional as microempresas (ME) e empresas de pequeno porte (EPP) que n\u00e3o incorram em nenhuma das veda\u00e7\u00f5es previstas na Lei Complementar 123, de 2006. A empresa poder\u00e1 fazer novo pedido de op\u00e7\u00e3o pelo Simples Nacional at\u00e9 o dia 31\/01\/2017. Conhe\u00e7a os detalhes previstos para a situa\u00e7\u00e3o\u2026","rel":"","context":"Em &quot;Consultoria Empresarial&quot;","block_context":{"text":"Consultoria Empresarial","link":"http:\/\/cfcontabil.com\/cf\/category\/consultoria\/"},"img":{"alt_text":"","src":"https:\/\/i0.wp.com\/cfcontabil.com\/cf\/wp-content\/uploads\/2017\/01\/simples-1.jpg?fit=520%2C271&resize=350%2C200","width":350,"height":200},"classes":[]},{"id":2604,"url":"http:\/\/cfcontabil.com\/cf\/senado-aprova-parcelamento-de-dividas-fiscais-de-micro-e-pequenas-empresas\/","url_meta":{"origin":2370,"position":2},"title":"Senado aprova parcelamento de d\u00edvidas fiscais de micro e pequenas empresas","author":"Ab\u00edlio Gon\u00e7alves","date":"6 de agosto de 2021","format":false,"excerpt":"Por 68 votos favor\u00e1veis e nenhum contr\u00e1rio, os senadores aprovaram, nesta quinta-feira (5), substitutivo do senador Fernando Bezerra Coelho (MDB-PE) que permite o pagamento em at\u00e9 15 anos das d\u00edvidas das micro e pequenas empresas com a Uni\u00e3o, inclusive de microempreendedores individuais. O Projeto de Lei Complementar (PLP)\u00a046\/2021, que apresenta\u2026","rel":"","context":"Em &quot;Geral&quot;","block_context":{"text":"Geral","link":"http:\/\/cfcontabil.com\/cf\/category\/geral\/"},"img":{"alt_text":"","src":"https:\/\/i0.wp.com\/cfcontabil.com\/cf\/wp-content\/uploads\/2021\/08\/parcelamento-dinheiro.jpg?fit=600%2C310&resize=350%2C200","width":350,"height":200,"srcset":"https:\/\/i0.wp.com\/cfcontabil.com\/cf\/wp-content\/uploads\/2021\/08\/parcelamento-dinheiro.jpg?fit=600%2C310&resize=350%2C200 1x, https:\/\/i0.wp.com\/cfcontabil.com\/cf\/wp-content\/uploads\/2021\/08\/parcelamento-dinheiro.jpg?fit=600%2C310&resize=525%2C300 1.5x"},"classes":[]},{"id":1869,"url":"http:\/\/cfcontabil.com\/cf\/receita-federal-ameaca-17-mil-empresas-por-dividas-no-df\/","url_meta":{"origin":2370,"position":3},"title":"Receita Federal amea\u00e7a 17 mil empresas por d\u00edvidas no DF","author":"Ab\u00edlio Gon\u00e7alves","date":"11 de novembro de 2019","format":false,"excerpt":"Inadimpl\u00eancia deve ser quitada at\u00e9 fim do ano para que empresariado n\u00e3o seja for\u00e7ado a deixar o Simples Nacional e ver riscos ao neg\u00f3cio Receita Federal\u00a0decidiu mirar em 17.304 microempresas e empresas de pequeno porte do Distrito Federal que optaram pelo sistema\u00a0Simples Nacional\u00a0e mant\u00eam d\u00edvidas com o Fisco nacional. A\u2026","rel":"","context":"Em &quot;Departamento Fiscal&quot;","block_context":{"text":"Departamento Fiscal","link":"http:\/\/cfcontabil.com\/cf\/category\/df\/"},"img":{"alt_text":"","src":"https:\/\/i0.wp.com\/cfcontabil.com\/cf\/wp-content\/uploads\/2017\/02\/receita-federal-1-1.png?fit=702%2C325&resize=350%2C200","width":350,"height":200,"srcset":"https:\/\/i0.wp.com\/cfcontabil.com\/cf\/wp-content\/uploads\/2017\/02\/receita-federal-1-1.png?fit=702%2C325&resize=350%2C200 1x, https:\/\/i0.wp.com\/cfcontabil.com\/cf\/wp-content\/uploads\/2017\/02\/receita-federal-1-1.png?fit=702%2C325&resize=525%2C300 1.5x, https:\/\/i0.wp.com\/cfcontabil.com\/cf\/wp-content\/uploads\/2017\/02\/receita-federal-1-1.png?fit=702%2C325&resize=700%2C400 2x"},"classes":[]},{"id":1240,"url":"http:\/\/cfcontabil.com\/cf\/novas-regras-para-aderir-ao-pert\/","url_meta":{"origin":2370,"position":4},"title":"Novas regras para aderir ao PERT","author":"Ab\u00edlio Gon\u00e7alves","date":"28 de junho de 2017","format":false,"excerpt":"A\u00a0Receita Federal do Brasil e a Procuradoria Geral da Fazenda Nacional\u00a0publicaram na \u00faltima semana as regras para ades\u00e3o ao seu\u00a0Programa de Parcelamento de D\u00edvidas Tribut\u00e1rias, conhecido como\u00a0PERT. O intuito destes \u00f3rg\u00e3os \u00e9\u00a0aumentar a arrecada\u00e7\u00e3o\u00a0ao\u00a0facilitar o pagamento\u00a0de d\u00e9bitos dos contribuintes. Sendo assim, o papel do Contador nesta hist\u00f3ria \u00e9 ajudar o\u2026","rel":"","context":"Em &quot;Departamento Fiscal&quot;","block_context":{"text":"Departamento Fiscal","link":"http:\/\/cfcontabil.com\/cf\/category\/df\/"},"img":{"alt_text":"","src":"","width":0,"height":0},"classes":[]},{"id":2613,"url":"http:\/\/cfcontabil.com\/cf\/microempreendedores-individuais-mei-devem-regularizar-dividas-ate-31-de-agosto\/","url_meta":{"origin":2370,"position":5},"title":"Microempreendedores Individuais (MEI) devem regularizar d\u00edvidas at\u00e9 31 de agosto","author":"Ab\u00edlio Gon\u00e7alves","date":"10 de agosto de 2021","format":false,"excerpt":"Os Microempreendedores Individuais (MEI) que est\u00e3o devendo impostos, poder\u00e3o regularizar suas d\u00edvidas at\u00e9 o final deste m\u00eas. A situa\u00e7\u00e3o pode ser resolvida pelo pagamento dos d\u00e9bitos, utilizando o Documento de Arrecada\u00e7\u00e3o do Simples Nacional (DAS), ou parcelamento, que deve ser realizado at\u00e9 o dia 31\/08\/2021.\u00a0Tanto a emiss\u00e3o do DAS para\u2026","rel":"","context":"Em &quot;Geral&quot;","block_context":{"text":"Geral","link":"http:\/\/cfcontabil.com\/cf\/category\/geral\/"},"img":{"alt_text":"","src":"https:\/\/i0.wp.com\/cfcontabil.com\/cf\/wp-content\/uploads\/2020\/04\/MEI-1200x675-1.png?fit=1200%2C675&resize=350%2C200","width":350,"height":200,"srcset":"https:\/\/i0.wp.com\/cfcontabil.com\/cf\/wp-content\/uploads\/2020\/04\/MEI-1200x675-1.png?fit=1200%2C675&resize=350%2C200 1x, https:\/\/i0.wp.com\/cfcontabil.com\/cf\/wp-content\/uploads\/2020\/04\/MEI-1200x675-1.png?fit=1200%2C675&resize=525%2C300 1.5x, https:\/\/i0.wp.com\/cfcontabil.com\/cf\/wp-content\/uploads\/2020\/04\/MEI-1200x675-1.png?fit=1200%2C675&resize=700%2C400 2x, https:\/\/i0.wp.com\/cfcontabil.com\/cf\/wp-content\/uploads\/2020\/04\/MEI-1200x675-1.png?fit=1200%2C675&resize=1050%2C600 3x"},"classes":[]}],"jetpack_likes_enabled":true,"_links":{"self":[{"href":"http:\/\/cfcontabil.com\/cf\/wp-json\/wp\/v2\/posts\/2370","targetHints":{"allow":["GET"]}}],"collection":[{"href":"http:\/\/cfcontabil.com\/cf\/wp-json\/wp\/v2\/posts"}],"about":[{"href":"http:\/\/cfcontabil.com\/cf\/wp-json\/wp\/v2\/types\/post"}],"author":[{"embeddable":true,"href":"http:\/\/cfcontabil.com\/cf\/wp-json\/wp\/v2\/users\/1"}],"replies":[{"embeddable":true,"href":"http:\/\/cfcontabil.com\/cf\/wp-json\/wp\/v2\/comments?post=2370"}],"version-history":[{"count":1,"href":"http:\/\/cfcontabil.com\/cf\/wp-json\/wp\/v2\/posts\/2370\/revisions"}],"predecessor-version":[{"id":2371,"href":"http:\/\/cfcontabil.com\/cf\/wp-json\/wp\/v2\/posts\/2370\/revisions\/2371"}],"wp:featuredmedia":[{"embeddable":true,"href":"http:\/\/cfcontabil.com\/cf\/wp-json\/wp\/v2\/media\/2193"}],"wp:attachment":[{"href":"http:\/\/cfcontabil.com\/cf\/wp-json\/wp\/v2\/media?parent=2370"}],"wp:term":[{"taxonomy":"category","embeddable":true,"href":"http:\/\/cfcontabil.com\/cf\/wp-json\/wp\/v2\/categories?post=2370"},{"taxonomy":"post_tag","embeddable":true,"href":"http:\/\/cfcontabil.com\/cf\/wp-json\/wp\/v2\/tags?post=2370"}],"curies":[{"name":"wp","href":"https:\/\/api.w.org\/{rel}","templated":true}]}}