{"id":2372,"date":"2020-11-10T11:47:58","date_gmt":"2020-11-10T14:47:58","guid":{"rendered":"http:\/\/cfcontabil.com\/cf\/?p=2372"},"modified":"2020-11-10T11:48:04","modified_gmt":"2020-11-10T14:48:04","slug":"outubro-tem-saldo-de-mais-de-231-mil-novas-empresas-abertas-no-pais","status":"publish","type":"post","link":"http:\/\/cfcontabil.com\/cf\/outubro-tem-saldo-de-mais-de-231-mil-novas-empresas-abertas-no-pais\/","title":{"rendered":"Outubro tem saldo de mais de 231 mil novas empresas abertas no pa\u00eds"},"content":{"rendered":"\n<p>Segundo o Mapa de Empresas, do Minist\u00e9rio da Economia, foram abertas 320.559 firmas e 89.306 fecharam. Tempo m\u00e9dio da burocracia diminuiu: menos de tr\u00eas dias<\/p>\n\n\n\n<p>O Mapa de Empresas, ferramenta digital do Minist\u00e9rio da Economia que acompanha dados sobre registro empresarial no Brasil, apontou que, em outubro, houve saldo positivo de 231.253 novos neg\u00f3cios abertos em todo o pa\u00eds. No per\u00edodo, foram abertas 320.559 firmas, enquanto 89.306 foram fechadas. E o tempo m\u00e9dio para levantar novos neg\u00f3cios foi o menor da s\u00e9rie hist\u00f3rica: dois dias e 17 horas<\/p>\n\n\n\n<p>O Amap\u00e1 registrou o maior aumento percentual entre os estados, para o registro de novas empresas, com 755 empreendimentos abertos, 15,62% a mais do que setembro. Em seguida, v\u00eam Mato Grosso (5,13% acima de setembro) e Rond\u00f4nia (3,71% a mais). Na outra ponta, Tocantins teve o maior n\u00famero de empresas fechadas: em outubro, 601 neg\u00f3cios foram finalizados no estado, um aumento de 19,48% em rela\u00e7\u00e3o ao m\u00eas anterior.<\/p>\n\n\n\n<p>O Mapa de Empresas assinala que a atividade econ\u00f4mica com maior crescimento em outubro foi com\u00e9rcio varejista de bebidas, com alta de 4,81% nos novos neg\u00f3cios, na compara\u00e7\u00e3o com o m\u00eas anterior. Transporte rodovi\u00e1rio de cargas (4,77%) e promo\u00e7\u00e3o de vendas (3,26%) tamb\u00e9m apontaram varia\u00e7\u00f5es positivas.<\/p>\n\n\n\n<p>\u201cOs n\u00fameros de outubro s\u00e3o mais uma evid\u00eancia da retomada da atividade econ\u00f4mica brasileira, ap\u00f3s os impactos mais fortes causados pela pandemia do novo coronav\u00edrus no pa\u00eds\u201d, avalia o secret\u00e1rio de Governo Digital do Minist\u00e9rio da Economia, Luis Felipe Monteiro.<\/p>\n\n\n\n<p>\u201cAs medidas de simplifica\u00e7\u00e3o que estamos implementando nesta gest\u00e3o t\u00eam impacto forte nesse processo, com o intuito de melhorar ainda mais o ambiente de neg\u00f3cios no pa\u00eds\u201d, complementa Monteiro.<\/p>\n\n\n\n<h3 class=\"wp-block-heading\">Tempo de abertura<\/h3>\n\n\n\n<p>Nos c\u00e1lculos do Minist\u00e9rio da Economia, para se abrir uma empresa no pa\u00eds no m\u00eas de outubro o empreendedor levou, em m\u00e9dia,&nbsp;dois dias e 17 horas. O tempo \u00e9&nbsp;quatro horas menor que o registrado em setembro. A medi\u00e7\u00e3o registrada&nbsp;em outubro \u00e9 a menor para a s\u00e9rie hist\u00f3rica do Mapa, iniciada em janeiro de 2020.<\/p>\n\n\n\n<p>Goi\u00e1s segue na lideran\u00e7a como a unidade da Federa\u00e7\u00e3o mais r\u00e1pida no processo de abertura de empresas no Brasil: em m\u00e9dia,&nbsp;um dia e 2 horas para registrar um novo neg\u00f3cio, segundo dados de outubro da ferramenta digital do Minist\u00e9rio da Economia. A Bahia \u00e9 onde o empreendedor leva mais tempo para iniciar sua empresa:&nbsp;seis dias e&nbsp;seis horas.<\/p>\n\n\n\n<p>\u201cA transforma\u00e7\u00e3o digital \u00e9 fundamental para tornar mais simples e r\u00e1pido o registro de uma empresa pelo empreendedor brasileiro. E a digitaliza\u00e7\u00e3o crescente das juntas comerciais faz parte desse esfor\u00e7o\u201d, afirma Monteiro.<\/p>\n\n\n\n<p>Fonte: CB<\/p>\n","protected":false},"excerpt":{"rendered":"<p>Segundo o Mapa de Empresas, do Minist\u00e9rio da Economia, foram abertas 320.559 firmas e 89.306 fecharam. Tempo m\u00e9dio da burocracia diminuiu: menos de tr\u00eas dias O Mapa de Empresas, ferramenta digital do Minist\u00e9rio da Economia que acompanha dados sobre registro empresarial no Brasil, apontou que, em outubro, houve saldo positivo de 231.253 novos neg\u00f3cios abertos [&hellip;]<\/p>\n","protected":false},"author":1,"featured_media":2025,"comment_status":"open","ping_status":"open","sticky":false,"template":"","format":"standard","meta":{"jetpack_post_was_ever_published":false,"_jetpack_newsletter_access":"","_jetpack_dont_email_post_to_subs":false,"_jetpack_newsletter_tier_id":0,"_jetpack_memberships_contains_paywalled_content":false,"_jetpack_memberships_contains_paid_content":false,"footnotes":"","jetpack_publicize_message":"","jetpack_publicize_feature_enabled":true,"jetpack_social_post_already_shared":true,"jetpack_social_options":{"image_generator_settings":{"template":"highway","default_image_id":0,"font":"","enabled":false},"version":2}},"categories":[60],"tags":[700,303],"class_list":["post-2372","post","type-post","status-publish","format-standard","has-post-thumbnail","hentry","category-consultoria","tag-abertura","tag-empresa"],"jetpack_publicize_connections":[],"jetpack_featured_media_url":"https:\/\/i0.wp.com\/cfcontabil.com\/cf\/wp-content\/uploads\/2019\/12\/abertura-de-Empresas.jpg?fit=1080%2C640","jetpack_sharing_enabled":true,"jetpack_shortlink":"https:\/\/wp.me\/p2wklX-Cg","jetpack-related-posts":[{"id":2024,"url":"http:\/\/cfcontabil.com\/cf\/numero-de-empresas-abertas-no-pais-cresce-308-em-outubro\/","url_meta":{"origin":2372,"position":0},"title":"N\u00famero de empresas abertas no pa\u00eds cresce 30,8% em outubro","author":"Ab\u00edlio Gon\u00e7alves","date":"23 de dezembro de 2019","format":false,"excerpt":"S\u00e3o quase 10 mil novos empreendimentos por dia, diz Serasa Experian O n\u00famero de empresas abertas em outubro deste ano aumentou 30,8%, ante o mesmo per\u00edodo de 2018, com o surgimento de 307.443 novos empreendimentos, quase 10 mil por dia, segundo levantamento da Serasa Experian. O acumulado de janeiro a\u2026","rel":"","context":"Em &quot;Consultoria Empresarial&quot;","block_context":{"text":"Consultoria Empresarial","link":"http:\/\/cfcontabil.com\/cf\/category\/consultoria\/"},"img":{"alt_text":"","src":"https:\/\/i0.wp.com\/cfcontabil.com\/cf\/wp-content\/uploads\/2019\/12\/abertura-de-Empresas.jpg?fit=1080%2C640&resize=350%2C200","width":350,"height":200,"srcset":"https:\/\/i0.wp.com\/cfcontabil.com\/cf\/wp-content\/uploads\/2019\/12\/abertura-de-Empresas.jpg?fit=1080%2C640&resize=350%2C200 1x, https:\/\/i0.wp.com\/cfcontabil.com\/cf\/wp-content\/uploads\/2019\/12\/abertura-de-Empresas.jpg?fit=1080%2C640&resize=525%2C300 1.5x, https:\/\/i0.wp.com\/cfcontabil.com\/cf\/wp-content\/uploads\/2019\/12\/abertura-de-Empresas.jpg?fit=1080%2C640&resize=700%2C400 2x, https:\/\/i0.wp.com\/cfcontabil.com\/cf\/wp-content\/uploads\/2019\/12\/abertura-de-Empresas.jpg?fit=1080%2C640&resize=1050%2C600 3x"},"classes":[]},{"id":2044,"url":"http:\/\/cfcontabil.com\/cf\/decreto-facilita-combate-a-fraude-em-abertura-de-empresas\/","url_meta":{"origin":2372,"position":1},"title":"Decreto facilita combate \u00e0 fraude em abertura de empresas","author":"Ab\u00edlio Gon\u00e7alves","date":"6 de janeiro de 2020","format":false,"excerpt":"DESBUROCRATIZA\u00c7\u00c3O Novas regras simplificam a identifica\u00e7\u00e3o de falsifica\u00e7\u00f5es e melhora ambiente de neg\u00f3cios no pa\u00eds O\u00a0Decreto n\u00ba 10.173, de 16 de dezembro de 2019, tem o objetivo de simplificar a vida das pessoas que foram v\u00edtimas de falsifica\u00e7\u00f5es de documentos durante a abertura ou outros atos relacionados a empresas no\u2026","rel":"","context":"Em &quot;Geral&quot;","block_context":{"text":"Geral","link":"http:\/\/cfcontabil.com\/cf\/category\/geral\/"},"img":{"alt_text":"","src":"https:\/\/i0.wp.com\/cfcontabil.com\/cf\/wp-content\/uploads\/2020\/01\/desburocratizacao.jpg?fit=606%2C454&resize=350%2C200","width":350,"height":200,"srcset":"https:\/\/i0.wp.com\/cfcontabil.com\/cf\/wp-content\/uploads\/2020\/01\/desburocratizacao.jpg?fit=606%2C454&resize=350%2C200 1x, https:\/\/i0.wp.com\/cfcontabil.com\/cf\/wp-content\/uploads\/2020\/01\/desburocratizacao.jpg?fit=606%2C454&resize=525%2C300 1.5x"},"classes":[]},{"id":1944,"url":"http:\/\/cfcontabil.com\/cf\/brasil-cria-mais-de-70-mil-novos-empregos-formais-em-outubro\/","url_meta":{"origin":2372,"position":2},"title":"Brasil cria mais de 70 mil novos empregos formais em outubro","author":"Ab\u00edlio Gon\u00e7alves","date":"22 de novembro de 2019","format":false,"excerpt":"Os n\u00fameros, divulgados pelo Minist\u00e9rio da Economia nesta quinta-feira (21\/11), mostram o s\u00e9timo m\u00eas consecutivo de saldo positivo para o mercado de trabalho formal O Cadastro Geral de Empregados e Desempregados (Caged) registrou 70.852 novos trabalhadores por carteira assinada em outubro, na compara\u00e7\u00e3o com o m\u00eas anterior. O resultado \u00e9\u2026","rel":"","context":"Em &quot;Departamento Pessoal&quot;","block_context":{"text":"Departamento Pessoal","link":"http:\/\/cfcontabil.com\/cf\/category\/dp\/"},"img":{"alt_text":"","src":"https:\/\/i0.wp.com\/cfcontabil.com\/cf\/wp-content\/uploads\/2019\/11\/carteira-trabalho.jpg?fit=826%2C371&resize=350%2C200","width":350,"height":200,"srcset":"https:\/\/i0.wp.com\/cfcontabil.com\/cf\/wp-content\/uploads\/2019\/11\/carteira-trabalho.jpg?fit=826%2C371&resize=350%2C200 1x, https:\/\/i0.wp.com\/cfcontabil.com\/cf\/wp-content\/uploads\/2019\/11\/carteira-trabalho.jpg?fit=826%2C371&resize=525%2C300 1.5x, https:\/\/i0.wp.com\/cfcontabil.com\/cf\/wp-content\/uploads\/2019\/11\/carteira-trabalho.jpg?fit=826%2C371&resize=700%2C400 2x"},"classes":[]},{"id":1864,"url":"http:\/\/cfcontabil.com\/cf\/empresas-poderao-abrir-filiais-em-outros-estados-instantaneamente\/","url_meta":{"origin":2372,"position":3},"title":"Empresas poder\u00e3o abrir filiais em outros estados instantaneamente","author":"Ab\u00edlio Gon\u00e7alves","date":"8 de novembro de 2019","format":false,"excerpt":"Altera\u00e7\u00f5es, transfer\u00eancias e extin\u00e7\u00f5es tamb\u00e9m ficam mais r\u00e1pidas. At\u00e9 recentemente, a abertura de filiais em outros estados demorava v\u00e1rias semanas. A abertura de filiais de empresas em estados fora da sede passou a ser instant\u00e2nea. Por meio da integra\u00e7\u00e3o digital das juntas comerciais, o registro de outras unidades em outros\u2026","rel":"","context":"Em &quot;Consultoria Empresarial&quot;","block_context":{"text":"Consultoria Empresarial","link":"http:\/\/cfcontabil.com\/cf\/category\/consultoria\/"},"img":{"alt_text":"","src":"https:\/\/i0.wp.com\/cfcontabil.com\/cf\/wp-content\/uploads\/2019\/11\/filial-filiais.jpg?fit=600%2C340&resize=350%2C200","width":350,"height":200,"srcset":"https:\/\/i0.wp.com\/cfcontabil.com\/cf\/wp-content\/uploads\/2019\/11\/filial-filiais.jpg?fit=600%2C340&resize=350%2C200 1x, https:\/\/i0.wp.com\/cfcontabil.com\/cf\/wp-content\/uploads\/2019\/11\/filial-filiais.jpg?fit=600%2C340&resize=525%2C300 1.5x"},"classes":[]},{"id":2321,"url":"http:\/\/cfcontabil.com\/cf\/distrito-federal-ajuda-empresas-a-abrirem-mais-rapido\/","url_meta":{"origin":2372,"position":4},"title":"Distrito Federal ajuda empresas a abrirem mais r\u00e1pido","author":"Ab\u00edlio Gon\u00e7alves","date":"14 de julho de 2020","format":false,"excerpt":"Etapas de an\u00e1lise para obter registro empresarial tiveram, em junho, o menor tempo de execu\u00e7\u00e3o em todo o pa\u00eds Gra\u00e7as ao ambiente 100% digital, \u00e0 integra\u00e7\u00e3o entre os \u00f3rg\u00e3os e ao regime de teletrabalho implementados pela Junta Comercial, Industrial e Servi\u00e7os do Distrito Federal (Jucis-DF), empres\u00e1rios e contadores podem contar\u2026","rel":"","context":"Em \"abertura\"","block_context":{"text":"abertura","link":"http:\/\/cfcontabil.com\/cf\/tag\/abertura\/"},"img":{"alt_text":"","src":"https:\/\/i0.wp.com\/cfcontabil.com\/cf\/wp-content\/uploads\/2019\/12\/abertura-de-Empresas.jpg?fit=1080%2C640&resize=350%2C200","width":350,"height":200,"srcset":"https:\/\/i0.wp.com\/cfcontabil.com\/cf\/wp-content\/uploads\/2019\/12\/abertura-de-Empresas.jpg?fit=1080%2C640&resize=350%2C200 1x, https:\/\/i0.wp.com\/cfcontabil.com\/cf\/wp-content\/uploads\/2019\/12\/abertura-de-Empresas.jpg?fit=1080%2C640&resize=525%2C300 1.5x, https:\/\/i0.wp.com\/cfcontabil.com\/cf\/wp-content\/uploads\/2019\/12\/abertura-de-Empresas.jpg?fit=1080%2C640&resize=700%2C400 2x, https:\/\/i0.wp.com\/cfcontabil.com\/cf\/wp-content\/uploads\/2019\/12\/abertura-de-Empresas.jpg?fit=1080%2C640&resize=1050%2C600 3x"},"classes":[]},{"id":1835,"url":"http:\/\/cfcontabil.com\/cf\/empresarios-mais-confiantes-e-com-intencao-de-contratar\/","url_meta":{"origin":2372,"position":5},"title":"Empres\u00e1rios: mais confiantes e com inten\u00e7\u00e3o de contratar","author":"Ab\u00edlio Gon\u00e7alves","date":"30 de outubro de 2019","format":false,"excerpt":"Indicador da FecomercioSP registrou a segunda alta consecutiva em outubro, puxada pela queda dos juros com tend\u00eancia de redu\u00e7\u00e3o devido \u00e0 Reforma da Previd\u00eancia A\u00a0confian\u00e7a\u00a0do empres\u00e1rio registrou a segunda alta consecutiva em outubro (2,7%) ao passar de 115,3 pontos, em setembro, para os atuais 118,4. Na compara\u00e7\u00e3o com o mesmo\u2026","rel":"","context":"Em &quot;Consultoria Empresarial&quot;","block_context":{"text":"Consultoria Empresarial","link":"http:\/\/cfcontabil.com\/cf\/category\/consultoria\/"},"img":{"alt_text":"","src":"https:\/\/i0.wp.com\/cfcontabil.com\/cf\/wp-content\/uploads\/2019\/10\/empresarios.jpg?fit=640%2C433&resize=350%2C200","width":350,"height":200,"srcset":"https:\/\/i0.wp.com\/cfcontabil.com\/cf\/wp-content\/uploads\/2019\/10\/empresarios.jpg?fit=640%2C433&resize=350%2C200 1x, https:\/\/i0.wp.com\/cfcontabil.com\/cf\/wp-content\/uploads\/2019\/10\/empresarios.jpg?fit=640%2C433&resize=525%2C300 1.5x"},"classes":[]}],"jetpack_likes_enabled":true,"_links":{"self":[{"href":"http:\/\/cfcontabil.com\/cf\/wp-json\/wp\/v2\/posts\/2372","targetHints":{"allow":["GET"]}}],"collection":[{"href":"http:\/\/cfcontabil.com\/cf\/wp-json\/wp\/v2\/posts"}],"about":[{"href":"http:\/\/cfcontabil.com\/cf\/wp-json\/wp\/v2\/types\/post"}],"author":[{"embeddable":true,"href":"http:\/\/cfcontabil.com\/cf\/wp-json\/wp\/v2\/users\/1"}],"replies":[{"embeddable":true,"href":"http:\/\/cfcontabil.com\/cf\/wp-json\/wp\/v2\/comments?post=2372"}],"version-history":[{"count":1,"href":"http:\/\/cfcontabil.com\/cf\/wp-json\/wp\/v2\/posts\/2372\/revisions"}],"predecessor-version":[{"id":2373,"href":"http:\/\/cfcontabil.com\/cf\/wp-json\/wp\/v2\/posts\/2372\/revisions\/2373"}],"wp:featuredmedia":[{"embeddable":true,"href":"http:\/\/cfcontabil.com\/cf\/wp-json\/wp\/v2\/media\/2025"}],"wp:attachment":[{"href":"http:\/\/cfcontabil.com\/cf\/wp-json\/wp\/v2\/media?parent=2372"}],"wp:term":[{"taxonomy":"category","embeddable":true,"href":"http:\/\/cfcontabil.com\/cf\/wp-json\/wp\/v2\/categories?post=2372"},{"taxonomy":"post_tag","embeddable":true,"href":"http:\/\/cfcontabil.com\/cf\/wp-json\/wp\/v2\/tags?post=2372"}],"curies":[{"name":"wp","href":"https:\/\/api.w.org\/{rel}","templated":true}]}}