{"id":2375,"date":"2020-11-18T13:28:32","date_gmt":"2020-11-18T16:28:32","guid":{"rendered":"http:\/\/cfcontabil.com\/cf\/?p=2375"},"modified":"2020-11-18T13:28:36","modified_gmt":"2020-11-18T16:28:36","slug":"13o-salario-deve-ser-integral-para-quem-teve-jornada-reduzida-diz-governo","status":"publish","type":"post","link":"http:\/\/cfcontabil.com\/cf\/13o-salario-deve-ser-integral-para-quem-teve-jornada-reduzida-diz-governo\/","title":{"rendered":"13\u00ba sal\u00e1rio deve ser integral para quem teve jornada reduzida, diz governo"},"content":{"rendered":"\n<p>Segundo o documento, o benef\u00edcio natalino \u00e9 calculado com base na remunera\u00e7\u00e3o integral do m\u00eas de dezembro, sem influ\u00eancia das redu\u00e7\u00f5es tempor\u00e1rias de jornada e sal\u00e1rio.<\/p>\n\n\n\n<div class=\"wp-block-file\"><a href=\"http:\/\/cfcontabil.com\/cf\/wp-content\/uploads\/2020\/11\/SEI_ME-11826535-Nota-Te?cnica.pdf\"><strong>BAIXE O ARQUIVO COMPLETO:<\/strong> SEI_ME-11826535-Nota-T\u00e9cnica<\/a><a href=\"http:\/\/cfcontabil.com\/cf\/wp-content\/uploads\/2020\/11\/SEI_ME-11826535-Nota-Te?cnica.pdf\" class=\"wp-block-file__button\" download>Baixar<\/a><\/div>\n\n\n\n<p>O governo divulgou uma nota t\u00e9cnica em que define que&nbsp;<strong>o 13\u00ba sal\u00e1rio deve ser pago integramente para quem teve a jornada de trabalho reduzida em fun\u00e7\u00e3o da pandemia<\/strong>. Segundo o documento,&nbsp;o benef\u00edcio natalino deve ser calculado com base na remunera\u00e7\u00e3o integral do m\u00eas de dezembro, sem influ\u00eancia das redu\u00e7\u00f5es tempor\u00e1rias de jornada e sal\u00e1rio.<\/p>\n\n\n\n<p>O pagamento integral vale mesmo que, em dezembro, o funcion\u00e1rio esteja recebendo remunera\u00e7\u00e3o menor em fun\u00e7\u00e3o da jornada reduzida.<\/p>\n\n\n\n<p><strong>No caso dos contratos suspensos, o per\u00edodo em que o funcion\u00e1rio n\u00e3o trabalhou n\u00e3o ser\u00e1 considerado para o c\u00e1lculo do 13\u00ba<\/strong>, a n\u00e3o ser que ele tenha prestado servi\u00e7o por mais de 15 dias no m\u00eas. Neste caso, o m\u00eas ser\u00e1 considerado para o pagamento do benef\u00edcio.<\/p>\n\n\n\n<h2 class=\"wp-block-heading\"><strong>Resumo<\/strong><\/h2>\n\n\n\n<p><strong>Trabalhador com redu\u00e7\u00e3o de jornada<\/strong><\/p>\n\n\n\n<ul class=\"wp-block-list\"><li><strong>13\u00ba<\/strong>&nbsp;: recebe integral, equivalente \u00e0 remunera\u00e7\u00e3o de dezembro (sem considerar a redu\u00e7\u00e3o)<\/li><li><strong>F\u00e9rias<\/strong>: tem direito a f\u00e9rias normalmente, ap\u00f3s 12 meses trabalhados, com pagamento do m\u00eas integral mais 1\/3<\/li><\/ul>\n\n\n\n<p><strong>Trabalhador que teve o contrato suspenso<\/strong><\/p>\n\n\n\n<ul class=\"wp-block-list\"><li><strong>13\u00ba<\/strong>: o c\u00e1lculo \u00e9 feito sobre o sal\u00e1rio de registro, relativo a dezembro. Por\u00e9m, s\u00e3o computados apenas os meses trabalhados, sendo 1\/12 de sal\u00e1rio por m\u00eas trabalhado. S\u00e3o considerados meses trabalhados aqueles em que a pessoa trabalhou pelo menos 15 dias. Assim, quem ficou tr\u00eas meses com o contrato suspenso, por exemplo, vai receber 9\/12 de sal\u00e1rio como 13\u00ba.<\/li><li><strong>F\u00e9rias<\/strong>: o per\u00edodo em que o contrato ficou suspenso n\u00e3o conta para as f\u00e9rias. O trabalhador ter\u00e1 direito a f\u00e9rias quando completar 12 meses trabalhados. O pagamento das f\u00e9rias ser\u00e1 integral, mais 1\/3.<\/li><\/ul>\n\n\n\n<p>Segundo Ricardo Calcini, professor de Direito do Trabalho da P\u00f3s-Gradua\u00e7\u00e3o da FMU e especialista nas rela\u00e7\u00f5es trabalhistas e sindicais, embora n\u00e3o tenha for\u00e7a de lei, a nota t\u00e9cnica dever\u00e1 ser seguida pelas empresas, &#8220;salvo aquelas que desejam judicializar a quest\u00e3o&#8221;. &#8220;Ela servir\u00e1 de norte orientativo para os \u00f3rg\u00e3os de fiscaliza\u00e7\u00e3o das rela\u00e7\u00f5es do Trabalho&#8221;, aponta.<\/p>\n\n\n\n<p><strong>F\u00e9rias<\/strong><br>A mesma regra vale para as f\u00e9rias. A nota t\u00e9cnica define que os per\u00edodos de suspens\u00e3o do contrato de trabalho n\u00e3o ser\u00e3o levados em conta para o per\u00edodo aquisitivo de f\u00e9rias. Assim, o trabalhador ter\u00e1 direito \u00e0s f\u00e9rias somente ap\u00f3s completar 12 meses de trabalho.<\/p>\n\n\n\n<p>J\u00e1 a jornada reduzida n\u00e3o deve ter impacto sobre o pagamento da remunera\u00e7\u00e3o e adicional de f\u00e9rias.<\/p>\n\n\n\n<p>A Secretaria do Trabalho informou que a nota t\u00e9cnica foi publicada devido aos questionamentos di\u00e1rios que recebeu sobre o assunto. &#8220;N\u00e3o se mostra razo\u00e1vel n\u00e3o emitir um direcionamento claro \u00e0 sociedade, considerando que a aus\u00eancia de posicionamento causa inseguran\u00e7a jur\u00eddica no planejamento dos empregadores sobre os c\u00e1lculos que devem observar&#8221;, diz na nota.<\/p>\n\n\n\n<p>Segundo a secretaria, o posicionamento &#8220;\u00e9 o meio adequado para orientar a fiscaliza\u00e7\u00e3o do trabalho e o p\u00fablico em geral, dado o entendimento de que h\u00e1 subtrato jur\u00eddico suficiente na legisla\u00e7\u00e3o para esclarecimento do tema&#8221;.<\/p>\n\n\n\n<p>A nota t\u00e9cnica informa que n\u00e3o h\u00e1 impedimento para que o 13\u00ba ou as f\u00e9rias sejam pagos ao trabalhador com contrato suspenso, seja por meio de conven\u00e7\u00e3o coletiva, acordo coletivo ou individual ou mesmo por liberalidade do empregador.<\/p>\n\n\n\n<p>A primeira parcela do 13\u00ba deve ser paga at\u00e9 30 de novembro, e a segunda, at\u00e9 18 de dezembro. T\u00eam direito ao 13\u00ba sal\u00e1rio todos os trabalhadores do servi\u00e7o p\u00fablico e da iniciativa privada, urbano ou rural, avulso e dom\u00e9stico, al\u00e9m dos aposentados e pensionistas do Instituto Nacional de Seguridade Social (INSS). Os trabalhadores que possuem, por exemplo, menos de um ano na empresa t\u00eam direito ao 13\u00ba sal\u00e1rio proporcional aos meses trabalhados por mais de 15 dias.<\/p>\n\n\n\n<p>Simula\u00e7\u00f5es<br>Um trabalhador que teve o contrato suspenso por quatro meses, sem trabalhar ao menos 15 dias no m\u00eas, e com sal\u00e1rio de R$ 2.000 no m\u00eas de dezembro, dever\u00e1 receber R$ 1.333,33 como 13\u00ba. Caso tivesse trabalhado os 12 meses do ano, esse valor seria de R$ 2.000. A conta do valor efeito \u00e9 feita dividindo o sal\u00e1rio integral (R$ 2.000) por 12, e multiplicando pelo n\u00famero de meses efetivamente trabalhados (a partir de 15 dias de trabalho).<\/p>\n\n\n\n<p>Se a suspens\u00e3o come\u00e7ou, por exemplo, em 1\u00ba de abril e foi at\u00e9 30 de maio, o funcion\u00e1rio deixou de trabalhar dois meses inteiros e, por isso, esses meses n\u00e3o contam. Mas, se a suspens\u00e3o come\u00e7ou dia 20 de abril, o funcion\u00e1rio trabalhou 19 dias naquele m\u00eas, ent\u00e3o este m\u00eas conta, porque ele trabalhou mais que 15 dias.<\/p>\n\n\n\n<p><strong>Veja mais simula\u00e7\u00f5es:<\/strong><\/p>\n\n\n\n<p>Sal\u00e1rio de R$ 1.045<\/p>\n\n\n\n<p>Suspens\u00e3o de contrato por tr\u00eas meses<br>Valor do 13\u00ba: R$ 783,75<br>Sal\u00e1rio de R$ 1.500<\/p>\n\n\n\n<p>Suspens\u00e3o de contrato por seis meses<br>Valor do 13\u00ba: R$ 750<br>Sal\u00e1rio de R$ 5.000<\/p>\n\n\n\n<p>Suspens\u00e3o de contrato por quatro meses<br>Valor do 13\u00ba: R$ 3.333<br>Sal\u00e1rio de R$ 2.000<\/p>\n\n\n\n<p>Suspens\u00e3o de contrato por cinco meses<br>Valor do 13\u00ba: R$ 1.166<br><\/p>\n\n\n\n<p><strong>Corte e suspens\u00e3o<\/strong><br>A suspens\u00e3o de contratos e redu\u00e7\u00e3o de remunera\u00e7\u00e3o e jornada foram permitidos por meio do Programa Emergencial de Manuten\u00e7\u00e3o do Emprego e da Renda, do governo federal.<\/p>\n\n\n\n<p>Lei autoriza redu\u00e7\u00e3o de jornada e sal\u00e1rio at\u00e9 dezembro; veja perguntas e respostas<br>O programa permite aos empregadores suspenderem os contratos de trabalho ou reduzir as remunera\u00e7\u00f5es e as jornadas em 25%, 50% ou 70% at\u00e9 31 de dezembro.<\/p>\n\n\n\n<p>No caso dos contratos suspensos, os sal\u00e1rios s\u00e3o cobertos pelo governo at\u00e9 o limite do teto do seguro-desemprego (R$ 1.813,03) para funcion\u00e1rios de empresas com receita bruta at\u00e9 R$ 4,8 milh\u00f5es. J\u00e1 quem teve a jornada reduzida recebe o sal\u00e1rio proporcional da empresa e um complemento relativo a uma parte do valor do seguro-desemprego.<\/p>\n\n\n\n<p>Em ambos os casos, os trabalhadores t\u00eam direito \u00e0 estabilidade pelo tempo equivalente \u00e0 suspens\u00e3o ou redu\u00e7\u00e3o.<\/p>\n\n\n\n<p>Veja como ficam os pagamentos dos benef\u00edcios para preserva\u00e7\u00e3o de emprego:<\/p>\n\n\n\n<p>Suspens\u00e3o do contrato de trabalho: recebe 100% da parcela do seguro-desemprego, que pode variar de R$ 1.045 a R$ 1.813,03 (exceto no caso de funcion\u00e1rio de empresa com receita bruta superior a R$ 4,8 milh\u00f5es \u2013 neste caso: recebe 30% do sal\u00e1rio + 70% da parcela do seguro-desemprego)<br>Redu\u00e7\u00e3o de 25% na jornada: recebe 75% do sal\u00e1rio + 25% da parcela do seguro-desemprego<br>Redu\u00e7\u00e3o de 50% na jornada: recebe 50% do sal\u00e1rio + 50% da parcela do seguro-desemprego<br>Redu\u00e7\u00e3o de 70% na jornada: recebe 30% do sal\u00e1rio + 70% da parcela do seguro-desemprego<br>Nenhum trabalhador vai ganhar menos do que um sal\u00e1rio m\u00ednimo<\/p>\n\n\n\n<p><\/p>\n\n\n\n<p>Fonte: G1<\/p>\n","protected":false},"excerpt":{"rendered":"<p>Segundo o documento, o benef\u00edcio natalino \u00e9 calculado com base na remunera\u00e7\u00e3o integral do m\u00eas de dezembro, sem influ\u00eancia das redu\u00e7\u00f5es tempor\u00e1rias de jornada e sal\u00e1rio. O governo divulgou uma nota t\u00e9cnica em que define que&nbsp;o 13\u00ba sal\u00e1rio deve ser pago integramente para quem teve a jornada de trabalho reduzida em fun\u00e7\u00e3o da pandemia. Segundo [&hellip;]<\/p>\n","protected":false},"author":1,"featured_media":1809,"comment_status":"open","ping_status":"open","sticky":false,"template":"","format":"standard","meta":{"jetpack_post_was_ever_published":false,"_jetpack_newsletter_access":"","_jetpack_dont_email_post_to_subs":false,"_jetpack_newsletter_tier_id":0,"_jetpack_memberships_contains_paywalled_content":false,"_jetpack_memberships_contains_paid_content":false,"footnotes":"","jetpack_publicize_message":"","jetpack_publicize_feature_enabled":true,"jetpack_social_post_already_shared":true,"jetpack_social_options":{"image_generator_settings":{"template":"highway","default_image_id":0,"font":"","enabled":false},"version":2}},"categories":[29],"tags":[],"class_list":["post-2375","post","type-post","status-publish","format-standard","has-post-thumbnail","hentry","category-dp"],"jetpack_publicize_connections":[],"jetpack_featured_media_url":"https:\/\/i0.wp.com\/cfcontabil.com\/cf\/wp-content\/uploads\/2019\/10\/dinheiro.jpg?fit=670%2C400","jetpack_sharing_enabled":true,"jetpack_shortlink":"https:\/\/wp.me\/p2wklX-Cj","jetpack-related-posts":[{"id":229,"url":"http:\/\/cfcontabil.com\/cf\/decimo-terceiro-salario-calculo-das-parcelas\/","url_meta":{"origin":2375,"position":0},"title":"D\u00e9cimo Terceiro Sal\u00e1rio &#8211; C\u00e1lculo das parcelas","author":"Juc\u00e9lia Martins","date":"22 de novembro de 2012","format":false,"excerpt":"Com o final do ano se aproximando, muitos j\u00e1 pensam na gratifica\u00e7\u00e3o natalina, ou d\u00e9cimo terceiro sal\u00e1rio, como \u00e9 popularmente conhecido, seja para quitar d\u00edvidas, ajudar nas confraterniza\u00e7\u00f5es que marcam essa \u00e9poca, comprar presentes de natal, amigo secreto, ou at\u00e9 mesmo investir. A gratifica\u00e7\u00e3o natalina, \u00e9 um direito trabalhista\u00a0institu\u00eddo\u00a0pela\u00a0\u00a0Lei 4.090\/62\u2026","rel":"","context":"Em &quot;Departamento Pessoal&quot;","block_context":{"text":"Departamento Pessoal","link":"http:\/\/cfcontabil.com\/cf\/category\/dp\/"},"img":{"alt_text":"","src":"https:\/\/i0.wp.com\/www.guiamuriae.com.br\/wp-content\/uploads\/2012\/08\/decimo-terceiro-salario.jpg?resize=350%2C200","width":350,"height":200},"classes":[]},{"id":2215,"url":"http:\/\/cfcontabil.com\/cf\/ponto-a-ponto-mp-936-2020-entenda-cortes-salariais-suspensoes-e-beneficio\/","url_meta":{"origin":2375,"position":1},"title":"Ponto a ponto MP 936\/2020: Entenda cortes salariais, suspens\u00f5es e benef\u00edcio","author":"Ab\u00edlio Gon\u00e7alves","date":"2 de abril de 2020","format":false,"excerpt":"A MP 936\/2020 possibilita o corte salarial de at\u00e9 70%, suspens\u00e3o do contrato de trabalho e benef\u00edcio emergencial. Entenda ponto a ponto O Di\u00e1rio Oficial da Uni\u00e3o publicou nesta quarta-feira, 01, a MP 936\/2020 que institui o Programa Emergencial de Manuten\u00e7\u00e3o do Emprego e da Renda. Em suma, a norma\u2026","rel":"","context":"Em &quot;Departamento Pessoal&quot;","block_context":{"text":"Departamento Pessoal","link":"http:\/\/cfcontabil.com\/cf\/category\/dp\/"},"img":{"alt_text":"","src":"https:\/\/i0.wp.com\/cfcontabil.com\/cf\/wp-content\/uploads\/2020\/04\/emprego-4.jpg.pagespeed.ic_.4H7FnGacfP.jpg?fit=1086%2C652&resize=350%2C200","width":350,"height":200,"srcset":"https:\/\/i0.wp.com\/cfcontabil.com\/cf\/wp-content\/uploads\/2020\/04\/emprego-4.jpg.pagespeed.ic_.4H7FnGacfP.jpg?fit=1086%2C652&resize=350%2C200 1x, https:\/\/i0.wp.com\/cfcontabil.com\/cf\/wp-content\/uploads\/2020\/04\/emprego-4.jpg.pagespeed.ic_.4H7FnGacfP.jpg?fit=1086%2C652&resize=525%2C300 1.5x, https:\/\/i0.wp.com\/cfcontabil.com\/cf\/wp-content\/uploads\/2020\/04\/emprego-4.jpg.pagespeed.ic_.4H7FnGacfP.jpg?fit=1086%2C652&resize=700%2C400 2x, https:\/\/i0.wp.com\/cfcontabil.com\/cf\/wp-content\/uploads\/2020\/04\/emprego-4.jpg.pagespeed.ic_.4H7FnGacfP.jpg?fit=1086%2C652&resize=1050%2C600 3x"},"classes":[]},{"id":2352,"url":"http:\/\/cfcontabil.com\/cf\/governo-ainda-nao-definiu-como-sera-o-13o-de-quem-teve-corte-salarial\/","url_meta":{"origin":2375,"position":2},"title":"Governo ainda n\u00e3o definiu como ser\u00e1 o 13\u00ba de quem teve corte salarial","author":"Ab\u00edlio Gon\u00e7alves","date":"30 de outubro de 2020","format":false,"excerpt":"Empres\u00e1rios acreditam que benef\u00edcio deve ser menor para os trabalhadores que fizeram acordos de redu\u00e7\u00e3o salarial, mas querem aval do governo. Apesar da data de pagamento do 13\u00ba sal\u00e1rio estar chegando, o governo federal ainda n\u00e3o definiu como deve ser feito o c\u00e1lculo do benef\u00edcio de quem teve o sal\u00e1rio\u2026","rel":"","context":"Em \"Benef\u00edcio\"","block_context":{"text":"Benef\u00edcio","link":"http:\/\/cfcontabil.com\/cf\/tag\/beneficio\/"},"img":{"alt_text":"","src":"https:\/\/i0.wp.com\/cfcontabil.com\/cf\/wp-content\/uploads\/2020\/03\/dinheiro-caneta.jpg?fit=600%2C310&resize=350%2C200","width":350,"height":200,"srcset":"https:\/\/i0.wp.com\/cfcontabil.com\/cf\/wp-content\/uploads\/2020\/03\/dinheiro-caneta.jpg?fit=600%2C310&resize=350%2C200 1x, https:\/\/i0.wp.com\/cfcontabil.com\/cf\/wp-content\/uploads\/2020\/03\/dinheiro-caneta.jpg?fit=600%2C310&resize=525%2C300 1.5x"},"classes":[]},{"id":2242,"url":"http:\/\/cfcontabil.com\/cf\/sistema-liberado-beneficio-emergencial-empregadores-ja-podem-comunicar-reducao-e-suspensao-salarial\/","url_meta":{"origin":2375,"position":3},"title":"SISTEMA LIBERADO: Benef\u00edcio Emergencial &#8211; Empregadores j\u00e1 podem comunicar redu\u00e7\u00e3o e suspens\u00e3o salarial","author":"Ab\u00edlio Gon\u00e7alves","date":"6 de abril de 2020","format":false,"excerpt":"Empregadores devem comunicar a redu\u00e7\u00e3o salarial de seus funcion\u00e1rios para ter direito ao Benef\u00edcio Emergencial. O\u00a0Sistema Empregador Web\u00a0foi atualizado para o envio das informa\u00e7\u00f5es contratuais conforme a Medida Provis\u00f3ria 936\/2020, que permite a redu\u00e7\u00e3o de jornada e renda.\u00a0Acesse o leiaute. Benef\u00edcio Emergencial de Preven\u00e7\u00e3o do Emprego e Renda O empregador\u2026","rel":"","context":"Em &quot;Departamento Pessoal&quot;","block_context":{"text":"Departamento Pessoal","link":"http:\/\/cfcontabil.com\/cf\/category\/dp\/"},"img":{"alt_text":"","src":"https:\/\/i0.wp.com\/cfcontabil.com\/cf\/wp-content\/uploads\/2020\/04\/empregador_web.jpg?fit=1200%2C675&resize=350%2C200","width":350,"height":200,"srcset":"https:\/\/i0.wp.com\/cfcontabil.com\/cf\/wp-content\/uploads\/2020\/04\/empregador_web.jpg?fit=1200%2C675&resize=350%2C200 1x, https:\/\/i0.wp.com\/cfcontabil.com\/cf\/wp-content\/uploads\/2020\/04\/empregador_web.jpg?fit=1200%2C675&resize=525%2C300 1.5x, https:\/\/i0.wp.com\/cfcontabil.com\/cf\/wp-content\/uploads\/2020\/04\/empregador_web.jpg?fit=1200%2C675&resize=700%2C400 2x, https:\/\/i0.wp.com\/cfcontabil.com\/cf\/wp-content\/uploads\/2020\/04\/empregador_web.jpg?fit=1200%2C675&resize=1050%2C600 3x"},"classes":[]},{"id":1339,"url":"http:\/\/cfcontabil.com\/cf\/empregado-domestico-2\/","url_meta":{"origin":2375,"position":4},"title":"Empregado Dom\u00e9stico","author":"Ab\u00edlio Gon\u00e7alves","date":"10 de julho de 2018","format":false,"excerpt":"Considera\u00e7\u00f5es sobre contrato de trabalho, encargos sociais e eSocial O trabalho dom\u00e9stico \u00e9 regido pela Lei Complementar (LC) n\u00ba 150, de 1\u00ba de junho de 2015, que regulamentou os principais direitos da categoria, estabeleceu a aplica\u00e7\u00e3o subsidi\u00e1ria da Consolida\u00e7\u00e3o das Leis do Trabalho\u00a0(CLT)\u00a0e a implanta\u00e7\u00e3o do\u00a0Simples Dom\u00e9sticoconsolidado pelo M\u00f3dulo Web\u2026","rel":"","context":"Em &quot;Geral&quot;","block_context":{"text":"Geral","link":"http:\/\/cfcontabil.com\/cf\/category\/geral\/"},"img":{"alt_text":"","src":"https:\/\/i0.wp.com\/cfcontabil.com\/cf\/wp-content\/uploads\/2016\/03\/domestica-1.jpeg?fit=600%2C315&resize=350%2C200","width":350,"height":200,"srcset":"https:\/\/i0.wp.com\/cfcontabil.com\/cf\/wp-content\/uploads\/2016\/03\/domestica-1.jpeg?fit=600%2C315&resize=350%2C200 1x, https:\/\/i0.wp.com\/cfcontabil.com\/cf\/wp-content\/uploads\/2016\/03\/domestica-1.jpeg?fit=600%2C315&resize=525%2C300 1.5x"},"classes":[]},{"id":911,"url":"http:\/\/cfcontabil.com\/cf\/pispasep-4611-dos-trabalhadores-sacaram-o-abono-salarial-ano-base-2015\/","url_meta":{"origin":2375,"position":5},"title":"PIS\/PASEP. 46,11% dos trabalhadores sacaram o Abono Salarial ano-base 2015","author":"Ab\u00edlio Gon\u00e7alves","date":"3 de fevereiro de 2017","format":false,"excerpt":"Pagamentos est\u00e3o sendo feitos conforme calend\u00e1rio estabelecido pelo Conselho Deliberativo do Fundo de Amparo ao Trabalhador (Codefat) Cerca de 11,2 milh\u00f5es de trabalhadores sacaram o Abono Salarial do PIS\/Pasep ano-base 2015, que come\u00e7ou a ser pago em julho do ano passado. Isso corresponde a 46,11% do total de pessoas com\u2026","rel":"","context":"Em &quot;Departamento Pessoal&quot;","block_context":{"text":"Departamento Pessoal","link":"http:\/\/cfcontabil.com\/cf\/category\/dp\/"},"img":{"alt_text":"","src":"https:\/\/i0.wp.com\/cfcontabil.com\/cf\/wp-content\/uploads\/2017\/01\/cartao_do_cidadao-1.png?fit=460%2C322&resize=350%2C200","width":350,"height":200},"classes":[]}],"jetpack_likes_enabled":true,"_links":{"self":[{"href":"http:\/\/cfcontabil.com\/cf\/wp-json\/wp\/v2\/posts\/2375","targetHints":{"allow":["GET"]}}],"collection":[{"href":"http:\/\/cfcontabil.com\/cf\/wp-json\/wp\/v2\/posts"}],"about":[{"href":"http:\/\/cfcontabil.com\/cf\/wp-json\/wp\/v2\/types\/post"}],"author":[{"embeddable":true,"href":"http:\/\/cfcontabil.com\/cf\/wp-json\/wp\/v2\/users\/1"}],"replies":[{"embeddable":true,"href":"http:\/\/cfcontabil.com\/cf\/wp-json\/wp\/v2\/comments?post=2375"}],"version-history":[{"count":1,"href":"http:\/\/cfcontabil.com\/cf\/wp-json\/wp\/v2\/posts\/2375\/revisions"}],"predecessor-version":[{"id":2378,"href":"http:\/\/cfcontabil.com\/cf\/wp-json\/wp\/v2\/posts\/2375\/revisions\/2378"}],"wp:featuredmedia":[{"embeddable":true,"href":"http:\/\/cfcontabil.com\/cf\/wp-json\/wp\/v2\/media\/1809"}],"wp:attachment":[{"href":"http:\/\/cfcontabil.com\/cf\/wp-json\/wp\/v2\/media?parent=2375"}],"wp:term":[{"taxonomy":"category","embeddable":true,"href":"http:\/\/cfcontabil.com\/cf\/wp-json\/wp\/v2\/categories?post=2375"},{"taxonomy":"post_tag","embeddable":true,"href":"http:\/\/cfcontabil.com\/cf\/wp-json\/wp\/v2\/tags?post=2375"}],"curies":[{"name":"wp","href":"https:\/\/api.w.org\/{rel}","templated":true}]}}