{"id":2382,"date":"2020-12-16T09:19:03","date_gmt":"2020-12-16T12:19:03","guid":{"rendered":"http:\/\/cfcontabil.com\/cf\/?p=2382"},"modified":"2020-12-16T09:19:06","modified_gmt":"2020-12-16T12:19:06","slug":"contribuintes-tem-ate-hoje-quarta-feira-16-para-aderir-ao-refis","status":"publish","type":"post","link":"http:\/\/cfcontabil.com\/cf\/contribuintes-tem-ate-hoje-quarta-feira-16-para-aderir-ao-refis\/","title":{"rendered":"Contribuintes t\u00eam at\u00e9 hoje (quarta-feira, 16) para aderir ao Refis"},"content":{"rendered":"\n<p>O acesso ao portal de servi\u00e7os da Receita do DF pode ser feito por pessoas jur\u00eddicas, mediante certifica\u00e7\u00e3o digital; e por pessoas f\u00edsicas, por certifica\u00e7\u00e3o digital ou mediante login\/senha.<\/p>\n\n\n\n<p>Pessoas f\u00edsicas e jur\u00eddicas t\u00eam at\u00e9 quarta-feira (16) para aderir ao Programa de Incentivo \u00e0 Regulariza\u00e7\u00e3o Fiscal \u2013 Refis 2020. Quem tiver d\u00e9bitos com o GDF pode simular valores e condi\u00e7\u00f5es, negociar os d\u00e9bitos e gerar documentos para o pagamento, no Portal de Servi\u00e7os da Receita do Distrito Federal. No site, h\u00e1 um link para o acesso direto ao Refis 2020, outro para informa\u00e7\u00f5es e d\u00favidas frequentes sobre o programa, al\u00e9m da op\u00e7\u00e3o pelo Atendimento Virtual.<br>No Atendimento Virtual, na op\u00e7\u00e3o Refis-DF 2020, o contribuinte pode tirar d\u00favidas sobre como aderir ao Refis e ter aux\u00edlio para fazer as simula\u00e7\u00f5es, a ades\u00e3o e a gera\u00e7\u00e3o de documentos para pagamento. Esse atendimento pode ser acessado em qualquer hor\u00e1rio.<\/p>\n\n\n\n<p>Quem preferir atendimento presencial pode ir a uma das ag\u00eancias de atendimento da Receita do DF e nas unidades do Na Hora. \u00c9 preciso agendar hor\u00e1rio pelo site, devido \u00e0s medidas de isolamento social impostas pela pandemia de Covid-19, para evitar aglomera\u00e7\u00f5es.<\/p>\n\n\n\n<p>Descontos<br>O novo Refis \u00e9 o mais arrojado de todos que j\u00e1 foram elaborados no Distrito Federal. Pela primeira vez, o GDF concede descontos tanto no valor principal da d\u00edvida quanto em juros e multas. No caso do desconto no valor principal, vale para d\u00e9bitos atualizados de at\u00e9 R$ 100 milh\u00f5es, consolidados por CPF ou CNPJ.<br>O programa alcan\u00e7a mais de 78,4 mil pessoas jur\u00eddicas e 266 mil pessoas f\u00edsicas. A expectativa de arrecada\u00e7\u00e3o era de R$ 500 milh\u00f5es. A meta, no entanto, foi batida em apenas 11 dias. At\u00e9 a tarde desta segunda-feira (14), j\u00e1 havia sido refinanciado um total de R$ 914 milh\u00f5es. Mais de 17,6 mil pessoas f\u00edsicas e de 3,4 mil pessoas jur\u00eddicas j\u00e1 aderiram ao Refis 2020.<\/p>\n\n\n\n<p>O acesso ao portal de servi\u00e7os da Receita do DF pode ser feito por pessoas jur\u00eddicas, mediante certifica\u00e7\u00e3o digital; e, por pessoas f\u00edsicas, por certifica\u00e7\u00e3o digital ou mediante login\/senha.<br>Nos casos de pagamento de d\u00e9bito com im\u00f3vel (da\u00e7\u00e3o em pagamento) e migra\u00e7\u00e3o de parcelamentos anteriores, o contribuinte deve utilizar o Atendimento Virtual, no Portal da Receita, e fazer seu pedido na op\u00e7\u00e3o Refis-DF 2020.<br>J\u00e1 para compensa\u00e7\u00e3o de d\u00e9bitos com precat\u00f3rio, desmembramento de autos de infra\u00e7\u00e3o e confiss\u00e3o espont\u00e2nea de d\u00e9bito, o contribuinte tinha at\u00e9 9 de dezembro para realizar esses procedimentos.<br>O programa alcan\u00e7a mais de 78,4 mil pessoas jur\u00eddicas e 266 mil pessoas f\u00edsicas. A expectativa de arrecada\u00e7\u00e3o era de R$ 500 milh\u00f5es. A meta, no entanto, foi batida em apenas 11 dias. At\u00e9 a tarde desta segunda-feira (14), j\u00e1 havia sido refinanciado um total de R$ 914 milh\u00f5es. Mais de 17,6 mil pessoas f\u00edsicas e de 3,4 mil pessoas jur\u00eddicas j\u00e1 aderiram ao Refis 2020.<\/p>\n\n\n\n<p>A ades\u00e3o ao Refis \u00e9 formalizada com o pagamento da d\u00edvida \u00e0 vista ou da primeira parcela, quando a op\u00e7\u00e3o for o parcelamento. Ap\u00f3s esse primeiro pagamento, o contribuinte pode retirar certid\u00e3o positiva com efeito de negativa, desde que n\u00e3o haja outros d\u00e9bitos em atraso atribu\u00eddos ao mesmo CPF ou CNPJ. Sem certid\u00f5es negativas da Receita do DF, ou positivas com efeito de negativas, institui\u00e7\u00f5es financeiras n\u00e3o liberam cr\u00e9dito \u00e0s empresas, que tamb\u00e9m ficam impedidas de participar de licita\u00e7\u00f5es.<br>Nos casos de parcelamento, o valor de cada parcela n\u00e3o poder\u00e1 ser inferior a R$ 400, quando se tratar de d\u00e9bito de pessoa jur\u00eddica, e a R$ 100, quando for d\u00e9bito de pessoa f\u00edsica.<\/p>\n\n\n\n<p>Poder\u00e3o ser inclu\u00eddos no Refis 2020 os d\u00e9bitos de fatos geradores ocorridos at\u00e9 31 de dezembro de 2018, assim como os saldos de parcelamentos referentes a fatos geradores ocorridos at\u00e9 a mesma data.<br>O Refis incentiva a regulariza\u00e7\u00e3o de d\u00e9bitos tribut\u00e1rios e n\u00e3o tribut\u00e1rios de compet\u00eancia do DF, mediante:<br>1. Redu\u00e7\u00e3o do valor principal do imposto atualizado nas seguintes propor\u00e7\u00f5es:<br>a) 50% do seu valor para d\u00e9bitos inscritos em d\u00edvida ativa at\u00e9 31 de dezembro de 2002;<br>b) 40% do seu valor para d\u00e9bitos inscritos em d\u00edvida ativa entre 1\u00b0 de janeiro de 2003 e 31 de dezembro de 2008;<br>c) 30% do seu valor para d\u00e9bitos inscritos em d\u00edvida ativa entre 1\u00b0 de janeiro de 2009 e 31 de dezembro de 2012.<br>2. Redu\u00e7\u00e3o de juros e multas, inclusive as de car\u00e1ter morat\u00f3rio, nas seguintes propor\u00e7\u00f5es:<br>a) 95% do seu valor, para pagamento \u00e0 vista ou em at\u00e9 5 parcelas;<br>b) 90% do seu valor, para pagamento em 6 a 12 parcelas;<br>c) 80% do seu valor, para pagamento em 13 a 24 parcelas;<br>d) 70% do seu valor, para pagamento em 25 a 36 parcelas;<br>e) 60% do seu valor, para pagamento em 37 a 48 parcelas;<br>f) 55% do seu valor, para pagamento em 49 a 60 parcelas; e<br>g) 50% do seu valor, para pagamento em 61 a 120 parcelas.<\/p>\n\n\n\n<p>O Refis 2020 aplica-se aos d\u00e9bitos relativos ao:<\/p>\n\n\n\n<p>? Imposto sobre Opera\u00e7\u00f5es Relativas \u00e0 Circula\u00e7\u00e3o de Mercadorias (ICM) e ao Imposto sobre Opera\u00e7\u00f5es Relativas \u00e0 Circula\u00e7\u00e3o de Mercadorias e sobre Presta\u00e7\u00f5es de Servi\u00e7os de Transporte Interestadual e Intermunicipal e de Comunica\u00e7\u00e3o (ICMS);<br>? Regime Tribut\u00e1rio Simplificado do Distrito Federal (Simples Candango);<br>? Imposto sobre Servi\u00e7os de Qualquer Natureza (ISS), inclusive o devido pelos profissionais aut\u00f4nomos e sociedades uniprofissionais de que tratam o artigo 90, par\u00e1grafos 1\u00ba e 3\u00ba, e o artigo 94 do Decreto-Lei n\u00ba 82, de 26 de dezembro de 1966;<br>? Imposto sobre a Propriedade Predial e Territorial Urbana (IPTU);<br>? Imposto sobre a Propriedade de Ve\u00edculos Automotores (IPVA);<br>? Imposto sobre a Transmiss\u00e3o Inter Vivos de Bens Im\u00f3veis por Natureza ou Acess\u00e3o F\u00edsica e de Direitos Reais sobre Im\u00f3veis (ITBI);<br>? Imposto sobre a Transmiss\u00e3o Causa Mortis ou Doa\u00e7\u00e3o de Bens e Direitos (ITCD);<br>? Taxa de Limpeza P\u00fablica (TLP);<br>? D\u00e9bitos n\u00e3o-tribut\u00e1rios, na forma do regulamento, estabelecido do decreto regulamentador.<\/p>\n\n\n\n<p>Atendimento presencial:<br>Para atendimento presencial em uma das ag\u00eancias de atendimento da Receita do DF ou nas unidades do Na Hora, \u00e9 necess\u00e1rio agendar hor\u00e1rio neste site.<\/p>\n\n\n\n<p>*Com informa\u00e7\u00f5es da Secretaria de Economia<\/p>\n","protected":false},"excerpt":{"rendered":"<p>O acesso ao portal de servi\u00e7os da Receita do DF pode ser feito por pessoas jur\u00eddicas, mediante certifica\u00e7\u00e3o digital; e por pessoas f\u00edsicas, por certifica\u00e7\u00e3o digital ou mediante login\/senha. Pessoas f\u00edsicas e jur\u00eddicas t\u00eam at\u00e9 quarta-feira (16) para aderir ao Programa de Incentivo \u00e0 Regulariza\u00e7\u00e3o Fiscal \u2013 Refis 2020. Quem tiver d\u00e9bitos com o GDF [&hellip;]<\/p>\n","protected":false},"author":1,"featured_media":2383,"comment_status":"open","ping_status":"open","sticky":false,"template":"","format":"standard","meta":{"jetpack_post_was_ever_published":false,"_jetpack_newsletter_access":"","_jetpack_dont_email_post_to_subs":false,"_jetpack_newsletter_tier_id":0,"_jetpack_memberships_contains_paywalled_content":false,"_jetpack_memberships_contains_paid_content":false,"footnotes":"","jetpack_publicize_message":"","jetpack_publicize_feature_enabled":true,"jetpack_social_post_already_shared":true,"jetpack_social_options":{"image_generator_settings":{"template":"highway","default_image_id":0,"font":"","enabled":false},"version":2}},"categories":[46],"tags":[126],"class_list":["post-2382","post","type-post","status-publish","format-standard","has-post-thumbnail","hentry","category-df","tag-refis"],"jetpack_publicize_connections":[],"jetpack_featured_media_url":"https:\/\/i0.wp.com\/cfcontabil.com\/cf\/wp-content\/uploads\/2020\/12\/refis-df.jpeg?fit=1280%2C852","jetpack_sharing_enabled":true,"jetpack_shortlink":"https:\/\/wp.me\/p2wklX-Cq","jetpack-related-posts":[{"id":840,"url":"http:\/\/cfcontabil.com\/cf\/vice-presidente-do-cfc-alerta-contribuinte-ja-pode-se-preparar-para-novo-refis\/","url_meta":{"origin":2382,"position":0},"title":"Vice-presidente do CFC alerta: Contribuinte j\u00e1 pode se preparar para \u201cnovo Refis\u201d","author":"Ab\u00edlio Gon\u00e7alves","date":"20 de janeiro de 2017","format":false,"excerpt":"Separar d\u00e9bitos at\u00e9 a data estipulada pelo governo \u00e9 o primeiro passo para quem pretende aderir ao Programa Ap\u00f3s o an\u00fancio pelo governo da Medida Provis\u00f3ria (MP) 766, que institui o Programa de Regulariza\u00e7\u00e3o Tribut\u00e1ria (PRT), os contribuintes - pessoas f\u00edsicas e empresas - j\u00e1 podem se preparar para regularizar\u2026","rel":"","context":"Em &quot;Consultoria Empresarial&quot;","block_context":{"text":"Consultoria Empresarial","link":"http:\/\/cfcontabil.com\/cf\/category\/consultoria\/"},"img":{"alt_text":"","src":"https:\/\/i0.wp.com\/cfcontabil.com\/cf\/wp-content\/uploads\/2017\/01\/PLANEJAMENTO_ESTRATGICO_2-1.jpg?fit=580%2C400&resize=350%2C200","width":350,"height":200,"srcset":"https:\/\/i0.wp.com\/cfcontabil.com\/cf\/wp-content\/uploads\/2017\/01\/PLANEJAMENTO_ESTRATGICO_2-1.jpg?fit=580%2C400&resize=350%2C200 1x, https:\/\/i0.wp.com\/cfcontabil.com\/cf\/wp-content\/uploads\/2017\/01\/PLANEJAMENTO_ESTRATGICO_2-1.jpg?fit=580%2C400&resize=525%2C300 1.5x"},"classes":[]},{"id":1768,"url":"http:\/\/cfcontabil.com\/cf\/confaz-autoriza-df-mais-sete-estados-a-fazer-novo-refis-em-2020\/","url_meta":{"origin":2382,"position":1},"title":"Confaz autoriza DF mais sete estados a fazer novo Refis em 2020","author":"Ab\u00edlio Gon\u00e7alves","date":"16 de outubro de 2019","format":false,"excerpt":"O\u00a0Conselho Nacional de Pol\u00edtica Fazend\u00e1ria (Confaz)\u00a0autorizou o Distrito Federal e sete estados a lan\u00e7ar um novo\u00a0Programa de Refinanciamento de D\u00edvidas (Refis)\u00a0em 2020. A medida permite que empresas com d\u00e9bitos relativos ao\u00a0Imposto sobre Circula\u00e7\u00e3o de Mercadorias e Servi\u00e7os (ICMS)\u00a0tenham mais prazo para quit\u00e1-los, com descontos nas multas. No caso do DF,\u2026","rel":"","context":"Em &quot;Departamento Fiscal&quot;","block_context":{"text":"Departamento Fiscal","link":"http:\/\/cfcontabil.com\/cf\/category\/df\/"},"img":{"alt_text":"","src":"https:\/\/i0.wp.com\/cfcontabil.com\/cf\/wp-content\/uploads\/2019\/10\/imposto.jpg?fit=715%2C300&resize=350%2C200","width":350,"height":200,"srcset":"https:\/\/i0.wp.com\/cfcontabil.com\/cf\/wp-content\/uploads\/2019\/10\/imposto.jpg?fit=715%2C300&resize=350%2C200 1x, https:\/\/i0.wp.com\/cfcontabil.com\/cf\/wp-content\/uploads\/2019\/10\/imposto.jpg?fit=715%2C300&resize=525%2C300 1.5x, https:\/\/i0.wp.com\/cfcontabil.com\/cf\/wp-content\/uploads\/2019\/10\/imposto.jpg?fit=715%2C300&resize=700%2C400 2x"},"classes":[]},{"id":2264,"url":"http:\/\/cfcontabil.com\/cf\/df-tera-refis-mais-eficaz-de-sua-historia\/","url_meta":{"origin":2382,"position":2},"title":"DF ter\u00e1 Refis mais eficaz de sua hist\u00f3ria","author":"Ab\u00edlio Gon\u00e7alves","date":"13 de abril de 2020","format":false,"excerpt":"Secret\u00e1rio de Economia explica que novo programa tem redu\u00e7\u00f5es significativas de al\u00edquotas e pode gerar economia de R$ 823,2 milh\u00f5es \u00e0s empresas Manter a economia nos eixos \u00e9 uma das prioridades do Governo do Distrito Federal. Principalmente em momentos de crise, como \u00e9 o caso das incertezas geradas pela pandemia\u2026","rel":"","context":"Em \"Ativa\"","block_context":{"text":"Ativa","link":"http:\/\/cfcontabil.com\/cf\/tag\/ativa\/"},"img":{"alt_text":"","src":"https:\/\/i0.wp.com\/cfcontabil.com\/cf\/wp-content\/uploads\/2020\/04\/REFIS-DF.jpg?fit=512%2C287&resize=350%2C200","width":350,"height":200},"classes":[]},{"id":2357,"url":"http:\/\/cfcontabil.com\/cf\/aprovacao-do-refis-salvara-diversas-empresas-afirma-fecomercio-df\/","url_meta":{"origin":2382,"position":3},"title":"\u201cAprova\u00e7\u00e3o do Refis salvar\u00e1 diversas empresas\u201d, afirma Fecom\u00e9rcio-DF","author":"Ab\u00edlio Gon\u00e7alves","date":"4 de novembro de 2020","format":false,"excerpt":"Projeto foi aprovado nesta ter\u00e7a-feira na CLDF e seguiu para san\u00e7\u00e3o do governador Ibaneis Rocha Muito aguardado pelo setor produtivo do Distrito Federal, o Programa de Incentivo \u00e0 Regulariza\u00e7\u00e3o Fiscal do Distrito Federal (Refis-DF) foi aprovado pela C\u00e2mara Legislativa na noite desta ter\u00e7a-feira (3\/11). Agora, o texto segue para an\u00e1lise\u2026","rel":"","context":"Em &quot;Departamento Fiscal&quot;","block_context":{"text":"Departamento Fiscal","link":"http:\/\/cfcontabil.com\/cf\/category\/df\/"},"img":{"alt_text":"","src":"https:\/\/i0.wp.com\/cfcontabil.com\/cf\/wp-content\/uploads\/2020\/11\/cldf-01-fb.jpg?fit=600%2C315&resize=350%2C200","width":350,"height":200,"srcset":"https:\/\/i0.wp.com\/cfcontabil.com\/cf\/wp-content\/uploads\/2020\/11\/cldf-01-fb.jpg?fit=600%2C315&resize=350%2C200 1x, https:\/\/i0.wp.com\/cfcontabil.com\/cf\/wp-content\/uploads\/2020\/11\/cldf-01-fb.jpg?fit=600%2C315&resize=525%2C300 1.5x"},"classes":[]},{"id":1240,"url":"http:\/\/cfcontabil.com\/cf\/novas-regras-para-aderir-ao-pert\/","url_meta":{"origin":2382,"position":4},"title":"Novas regras para aderir ao PERT","author":"Ab\u00edlio Gon\u00e7alves","date":"28 de junho de 2017","format":false,"excerpt":"A\u00a0Receita Federal do Brasil e a Procuradoria Geral da Fazenda Nacional\u00a0publicaram na \u00faltima semana as regras para ades\u00e3o ao seu\u00a0Programa de Parcelamento de D\u00edvidas Tribut\u00e1rias, conhecido como\u00a0PERT. O intuito destes \u00f3rg\u00e3os \u00e9\u00a0aumentar a arrecada\u00e7\u00e3o\u00a0ao\u00a0facilitar o pagamento\u00a0de d\u00e9bitos dos contribuintes. Sendo assim, o papel do Contador nesta hist\u00f3ria \u00e9 ajudar o\u2026","rel":"","context":"Em &quot;Departamento Fiscal&quot;","block_context":{"text":"Departamento Fiscal","link":"http:\/\/cfcontabil.com\/cf\/category\/df\/"},"img":{"alt_text":"","src":"","width":0,"height":0},"classes":[]},{"id":1216,"url":"http:\/\/cfcontabil.com\/cf\/entenda-como-aderir-ao-programa-de-regularizacao-tributaria\/","url_meta":{"origin":2382,"position":5},"title":"Entenda como aderir ao Programa de Regulariza\u00e7\u00e3o Tribut\u00e1ria","author":"Ab\u00edlio Gon\u00e7alves","date":"21 de fevereiro de 2017","format":false,"excerpt":"A op\u00e7\u00e3o pelo Programa \u00e9 feita no site da Receita Federal Com o intuito de facilitar a compreens\u00e3o das regras do Programa, foi publicado no s\u00edtio da Receita Federal, na Internet, documento contendo informa\u00e7\u00f5es b\u00e1sicas ao contribuinte, bem como um passo a passo com o roteiro para a ades\u00e3o. A\u2026","rel":"","context":"Em &quot;Departamento Fiscal&quot;","block_context":{"text":"Departamento Fiscal","link":"http:\/\/cfcontabil.com\/cf\/category\/df\/"},"img":{"alt_text":"","src":"https:\/\/i0.wp.com\/cfcontabil.com\/cf\/wp-content\/uploads\/2017\/02\/receita-federal-1-1.png?fit=702%2C325&resize=350%2C200","width":350,"height":200,"srcset":"https:\/\/i0.wp.com\/cfcontabil.com\/cf\/wp-content\/uploads\/2017\/02\/receita-federal-1-1.png?fit=702%2C325&resize=350%2C200 1x, https:\/\/i0.wp.com\/cfcontabil.com\/cf\/wp-content\/uploads\/2017\/02\/receita-federal-1-1.png?fit=702%2C325&resize=525%2C300 1.5x, https:\/\/i0.wp.com\/cfcontabil.com\/cf\/wp-content\/uploads\/2017\/02\/receita-federal-1-1.png?fit=702%2C325&resize=700%2C400 2x"},"classes":[]}],"jetpack_likes_enabled":true,"_links":{"self":[{"href":"http:\/\/cfcontabil.com\/cf\/wp-json\/wp\/v2\/posts\/2382","targetHints":{"allow":["GET"]}}],"collection":[{"href":"http:\/\/cfcontabil.com\/cf\/wp-json\/wp\/v2\/posts"}],"about":[{"href":"http:\/\/cfcontabil.com\/cf\/wp-json\/wp\/v2\/types\/post"}],"author":[{"embeddable":true,"href":"http:\/\/cfcontabil.com\/cf\/wp-json\/wp\/v2\/users\/1"}],"replies":[{"embeddable":true,"href":"http:\/\/cfcontabil.com\/cf\/wp-json\/wp\/v2\/comments?post=2382"}],"version-history":[{"count":1,"href":"http:\/\/cfcontabil.com\/cf\/wp-json\/wp\/v2\/posts\/2382\/revisions"}],"predecessor-version":[{"id":2384,"href":"http:\/\/cfcontabil.com\/cf\/wp-json\/wp\/v2\/posts\/2382\/revisions\/2384"}],"wp:featuredmedia":[{"embeddable":true,"href":"http:\/\/cfcontabil.com\/cf\/wp-json\/wp\/v2\/media\/2383"}],"wp:attachment":[{"href":"http:\/\/cfcontabil.com\/cf\/wp-json\/wp\/v2\/media?parent=2382"}],"wp:term":[{"taxonomy":"category","embeddable":true,"href":"http:\/\/cfcontabil.com\/cf\/wp-json\/wp\/v2\/categories?post=2382"},{"taxonomy":"post_tag","embeddable":true,"href":"http:\/\/cfcontabil.com\/cf\/wp-json\/wp\/v2\/tags?post=2382"}],"curies":[{"name":"wp","href":"https:\/\/api.w.org\/{rel}","templated":true}]}}