{"id":2392,"date":"2021-01-06T14:50:36","date_gmt":"2021-01-06T17:50:36","guid":{"rendered":"http:\/\/cfcontabil.com\/cf\/?p=2392"},"modified":"2021-01-06T14:50:42","modified_gmt":"2021-01-06T17:50:42","slug":"com-o-fim-de-medida-empresas-retomam-horario-e-salario-integrais","status":"publish","type":"post","link":"http:\/\/cfcontabil.com\/cf\/com-o-fim-de-medida-empresas-retomam-horario-e-salario-integrais\/","title":{"rendered":"Com o fim de medida, empresas retomam hor\u00e1rio e sal\u00e1rio integrais"},"content":{"rendered":"\n<p>A medida do governo que permitia o corte de sal\u00e1rios e a redu\u00e7\u00e3o da jornada de trabalho, como forma de proteger os empregos no per\u00edodo de pandemia, terminou em 31 de dezembro de 2020. Desde o in\u00edcio do m\u00eas, os empregadores devem retornar com o hor\u00e1rio e pagamento integrais aos colaboradores. Por\u00e9m, alguns setores ainda pleiteiam manuten\u00e7\u00e3o da medida para neg\u00f3cios, j\u00e1 que ainda h\u00e1 dificuldades econ\u00f4micas e incertezas quanto ao combate \u00e0 Covid-19 e sobre como manter os empregos.<\/p>\n\n\n\n<p>A ANR (Associa\u00e7\u00e3o Nacional dos Restaurantes) conversa com o Minist\u00e9rio da Economia sobre o assunto. O pleito \u00e9 para que um novo programa seja anunciado aos segmentos mais afetados, a exemplo do de bares e restaurantes. \u201cDo nosso ponto de vista, neste momento de pandemia setores como o nosso e o turismo precisam ser mais estimulados, porque foram extremamente prejudicados\u201d, afirmou o diretor executivo da associa\u00e7\u00e3o, Fernando Blower. \u201cMesmo com a volta das atividades, estamos com hor\u00e1rio reduzido, o que prejudica os empregos, j\u00e1 que ainda n\u00e3o estamos com a capacidade total. Inicialmente, era esperado que em dezembro a situa\u00e7\u00e3o j\u00e1 estivesse melhor.\u201d<\/p>\n\n\n\n<p>Segundo Blower, o programa de benef\u00edcio emergencial do governo federal para suspens\u00e3o de sal\u00e1rio e redu\u00e7\u00e3o de jornada utilizou, at\u00e9 dezembro, R$ 33,5 bilh\u00f5es. \u201cSe foram disponibilizados R$ 51,5 bilh\u00f5es inicialmente, a previs\u00e3o \u00e9 a de que sobrou cerca de R$ 17 bilh\u00f5es no fim do ano\u201d, disse, afirmando que as conversas com a pasta de Economia est\u00e3o em curso, mas ainda n\u00e3o h\u00e1 \u201csinaliza\u00e7\u00e3o positiva.\u201d<\/p>\n\n\n\n<p>Fl\u00e1via Bonhin, propriet\u00e1ria do restaurante GhulaGulah, em S\u00e3o Caetano, foi uma das empres\u00e1rias da regi\u00e3o que fez uso da medida. \u201cSe n\u00e3o fosse isso, n\u00e3o sei se a gente teria continuado com as portas abertas\u201d, contou. Em abril, ela utilizou a suspens\u00e3o do contrato de trabalho para metade da equipe de funcion\u00e1rios por 60 dias. Com a reabertura autorizada, em junho, ela retornou com 20 funcion\u00e1rios \u2013 anteriormente eram 32. \u201cA partir da\u00ed, eu fiz redu\u00e7\u00e3o de 50%. Uma semana trabalhava uma equipe e, na outra semana, outra equipe. No m\u00eas de dezembro, utilizamos a redu\u00e7\u00e3o de 50% e mesmo assim est\u00e1 muito dif\u00edcil, porque o movimento voltou em torno de 40% do que seria em cen\u00e1rio sem a pandemia. A gente fez negocia\u00e7\u00f5es para diminuir o valor de aluguel, mas est\u00e1 bem complicado, ainda mais agora que acabou o aux\u00edlio emergencial.\u201d<\/p>\n\n\n\n<p>Para a advogada do Sehal (Sindicato das Empresas de Hospedagem e Alimenta\u00e7\u00e3o do Grande ABC) Denize Tonelotto, as empresas do setor ficam em uma situa\u00e7\u00e3o complicada. \u201cTivemos o retorno da fase amarela para vermelha por alguns dias em dezembro (no Plano S\u00e3o Paulo, em que s\u00f3 servi\u00e7os essenciais podem abrir)\u201d, disse. \u201cComo a empresa vai colocar o trabalhador na mesma carga hor\u00e1ria de antes se est\u00e1 operando, no m\u00e1ximo, com 40% da capacidade? Elas est\u00e3o entre a cruz e a espada.\u201d<\/p>\n\n\n\n<p>NOVA REALIDADE<\/p>\n\n\n\n<p>Enquanto n\u00e3o h\u00e1 novas determina\u00e7\u00f5es por parte do governo, por\u00e9m, as empresas j\u00e1 precisam se adequar imediatamente \u00e0 nova realidade, ou seja, o que j\u00e1 foi acordado com os funcion\u00e1rios no contrato de trabalho..<\/p>\n\n\n\n<p>\u201cEssa MP (Medida Provis\u00f3ria) chegou a ser prorrogada e convertida em lei, mas ela tinha um prazo at\u00e9 31 de dezembro de 2020, ou seja, agora n\u00e3o tem mais efeito nenhum. O que pode acontecer \u00e9 o governo federal editar uma nova MP, mas at\u00e9 agora pelo menos ele n\u00e3o demonstrou essa inten\u00e7\u00e3o\u201d, disse o advogado trabalhista Ruslan Stuchi, s\u00f3cio do escrit\u00f3rio Stuchi Advogados.<\/p>\n\n\n\n<p>Conforme o especialista, a medida n\u00e3o afeta o home office, modalidade amplamente utilizada pelas empresas, principalmente, em setores administrativos. \u201cAcredito que o home office continue a ser uma tend\u00eancia. Existe aconselhamento de que pessoas do grupo de risco fiquem em casa, mas n\u00e3o existe lei. Vai depender de cada empresa e do setor\u201d, afirmou.<br><br>Ou seja, o fato de a firma voltar a operar na carga hor\u00e1ria normal e a pagar sal\u00e1rio integral n\u00e3o implica que os trabalhadores devem atuar in loco. A CLT (Consolida\u00e7\u00e3o das Leis do Trabalho) regulamenta o teletrabalho \u2013 home office \u2013, desde que a reforma trabalhista entrou em vigor, h\u00e1 tr\u00eas anos.<\/p>\n\n\n\n<p><br>Ramos industrial e comercial tamb\u00e9m defendem redu\u00e7\u00e3o por mais tempo<\/p>\n\n\n\n<p>Os setores industrial e comercial da regi\u00e3o tamb\u00e9m defendem a manuten\u00e7\u00e3o do programa de redu\u00e7\u00e3o de sal\u00e1rios e jornada de trabalho. No atual per\u00edodo de incerteza, empres\u00e1rios afirmam que h\u00e1 necessidade da medida para a prote\u00e7\u00e3o de empregos.<\/p>\n\n\n\n<p>Afetado pela diminui\u00e7\u00e3o do hor\u00e1rio de funcionamento, o com\u00e9rcio tinha expectativa pela prorroga\u00e7\u00e3o. \u201cEra esperado isso, at\u00e9 porque os fatos continuam os mesmos. Agora com toda essa situa\u00e7\u00e3o, os empres\u00e1rios v\u00e3o precisar de novo planejamento financeiro para manter os funcion\u00e1rios. Se n\u00e3o houver decis\u00e3o semelhante a essa, infelizmente teremos mais uma rodada de desemprego em todo o Pa\u00eds\u201d, disse o presidente da Acisbec (Associa\u00e7\u00e3o Comercial e Industrial de S\u00e3o Bernardo), Valter Moura.<\/p>\n\n\n\n<p>\u201cSeria fundamental manter o programa, at\u00e9 porque perspectiva de retomada das vendas s\u00f3 com vacina\u201d, assinalou o presidente da Acisa (Associa\u00e7\u00e3o Comercial e Industrial de Santo Andr\u00e9), Pedro Cia Junior.<\/p>\n\n\n\n<p>Com a retomada da ind\u00fastria nos \u00faltimos dois meses de 2020, a maioria das f\u00e1bricas j\u00e1 n\u00e3o fazia uso da medida, segundo o diretor titular do Ciesp (Centro das Ind\u00fastrias do Estado de S\u00e3o Paulo) Santo Andr\u00e9, Norberto Perrella. \u201cMesmo assim a manuten\u00e7\u00e3o da medida seria fundamental para dar mais seguran\u00e7a \u00e0s empresas. Afinal, o futuro ainda \u00e9 incerto.\u201d<\/p>\n\n\n\n<p>Fonte: ABC<\/p>\n","protected":false},"excerpt":{"rendered":"<p>A medida do governo que permitia o corte de sal\u00e1rios e a redu\u00e7\u00e3o da jornada de trabalho, como forma de proteger os empregos no per\u00edodo de pandemia, terminou em 31 de dezembro de 2020. Desde o in\u00edcio do m\u00eas, os empregadores devem retornar com o hor\u00e1rio e pagamento integrais aos colaboradores. Por\u00e9m, alguns setores ainda [&hellip;]<\/p>\n","protected":false},"author":1,"featured_media":2216,"comment_status":"open","ping_status":"open","sticky":false,"template":"","format":"standard","meta":{"jetpack_post_was_ever_published":false,"_jetpack_newsletter_access":"","_jetpack_dont_email_post_to_subs":false,"_jetpack_newsletter_tier_id":0,"_jetpack_memberships_contains_paywalled_content":false,"_jetpack_memberships_contains_paid_content":false,"footnotes":"","jetpack_publicize_message":"","jetpack_publicize_feature_enabled":true,"jetpack_social_post_already_shared":true,"jetpack_social_options":{"image_generator_settings":{"template":"highway","default_image_id":0,"font":"","enabled":false},"version":2}},"categories":[22],"tags":[761,812],"class_list":["post-2392","post","type-post","status-publish","format-standard","has-post-thumbnail","hentry","category-geral","tag-pandemia","tag-salarios"],"jetpack_publicize_connections":[],"jetpack_featured_media_url":"https:\/\/i0.wp.com\/cfcontabil.com\/cf\/wp-content\/uploads\/2020\/04\/emprego-4.jpg.pagespeed.ic_.4H7FnGacfP.jpg?fit=1086%2C652","jetpack_sharing_enabled":true,"jetpack_shortlink":"https:\/\/wp.me\/p2wklX-CA","jetpack-related-posts":[{"id":2352,"url":"http:\/\/cfcontabil.com\/cf\/governo-ainda-nao-definiu-como-sera-o-13o-de-quem-teve-corte-salarial\/","url_meta":{"origin":2392,"position":0},"title":"Governo ainda n\u00e3o definiu como ser\u00e1 o 13\u00ba de quem teve corte salarial","author":"Ab\u00edlio Gon\u00e7alves","date":"30 de outubro de 2020","format":false,"excerpt":"Empres\u00e1rios acreditam que benef\u00edcio deve ser menor para os trabalhadores que fizeram acordos de redu\u00e7\u00e3o salarial, mas querem aval do governo. Apesar da data de pagamento do 13\u00ba sal\u00e1rio estar chegando, o governo federal ainda n\u00e3o definiu como deve ser feito o c\u00e1lculo do benef\u00edcio de quem teve o sal\u00e1rio\u2026","rel":"","context":"Em \"Benef\u00edcio\"","block_context":{"text":"Benef\u00edcio","link":"http:\/\/cfcontabil.com\/cf\/tag\/beneficio\/"},"img":{"alt_text":"","src":"https:\/\/i0.wp.com\/cfcontabil.com\/cf\/wp-content\/uploads\/2020\/03\/dinheiro-caneta.jpg?fit=600%2C310&resize=350%2C200","width":350,"height":200,"srcset":"https:\/\/i0.wp.com\/cfcontabil.com\/cf\/wp-content\/uploads\/2020\/03\/dinheiro-caneta.jpg?fit=600%2C310&resize=350%2C200 1x, https:\/\/i0.wp.com\/cfcontabil.com\/cf\/wp-content\/uploads\/2020\/03\/dinheiro-caneta.jpg?fit=600%2C310&resize=525%2C300 1.5x"},"classes":[]},{"id":2200,"url":"http:\/\/cfcontabil.com\/cf\/governo-anuncia-r-40-bi-para-financiar-salario-do-trabalhador-de-pequenas-e-medias-empresas\/","url_meta":{"origin":2392,"position":1},"title":"Governo anuncia R$ 40 bi para financiar sal\u00e1rio do trabalhador de pequenas e m\u00e9dias empresas","author":"Ab\u00edlio Gon\u00e7alves","date":"27 de mar\u00e7o de 2020","format":false,"excerpt":"Empr\u00e9stimo cobrir\u00e1 dois meses de folha e ser\u00e1 limitado a dois sal\u00e1rios m\u00ednimos por funcion\u00e1rio, informou o presidente do BC. Empresas n\u00e3o poder\u00e3o demitir no per\u00edodo. O governo federal anunciou nesta sexta-feira (27) uma linha de cr\u00e9dito emergencial para pequenas e m\u00e9dias empresas e que vai ajud\u00e1-las a pagar os\u2026","rel":"","context":"Em &quot;Departamento Pessoal&quot;","block_context":{"text":"Departamento Pessoal","link":"http:\/\/cfcontabil.com\/cf\/category\/dp\/"},"img":{"alt_text":"","src":"https:\/\/i0.wp.com\/cfcontabil.com\/cf\/wp-content\/uploads\/2019\/11\/salario.jpg?fit=703%2C436&resize=350%2C200","width":350,"height":200,"srcset":"https:\/\/i0.wp.com\/cfcontabil.com\/cf\/wp-content\/uploads\/2019\/11\/salario.jpg?fit=703%2C436&resize=350%2C200 1x, https:\/\/i0.wp.com\/cfcontabil.com\/cf\/wp-content\/uploads\/2019\/11\/salario.jpg?fit=703%2C436&resize=525%2C300 1.5x, https:\/\/i0.wp.com\/cfcontabil.com\/cf\/wp-content\/uploads\/2019\/11\/salario.jpg?fit=703%2C436&resize=700%2C400 2x"},"classes":[]},{"id":2293,"url":"http:\/\/cfcontabil.com\/cf\/dia-do-trabalho-pandemia-da-covid-19-trouxe-mudancas-na-rotina-dos-profissionais-da-contabilidade\/","url_meta":{"origin":2392,"position":2},"title":"Dia do Trabalho: Pandemia da Covid-19 trouxe mudan\u00e7as na rotina dos profissionais da contabilidade","author":"Ab\u00edlio Gon\u00e7alves","date":"5 de maio de 2020","format":false,"excerpt":"A limita\u00e7\u00e3o do contato social e da circula\u00e7\u00e3o de pessoas, como forma de combate e controle \u00e0 pandemia da Covid-19, e a crise econ\u00f4mica gerada pela doen\u00e7a impactaram diretamente na vida do trabalhador. Como um elo importante da cadeia econ\u00f4mica dos pa\u00edses, os profissionais da contabilidade sentem os efeitos da\u2026","rel":"","context":"Em &quot;Geral&quot;","block_context":{"text":"Geral","link":"http:\/\/cfcontabil.com\/cf\/category\/geral\/"},"img":{"alt_text":"","src":"https:\/\/i0.wp.com\/cfcontabil.com\/cf\/wp-content\/uploads\/2020\/04\/coronavirus-continentes-mundo.jpeg?resize=350%2C200","width":350,"height":200,"srcset":"https:\/\/i0.wp.com\/cfcontabil.com\/cf\/wp-content\/uploads\/2020\/04\/coronavirus-continentes-mundo.jpeg?resize=350%2C200 1x, https:\/\/i0.wp.com\/cfcontabil.com\/cf\/wp-content\/uploads\/2020\/04\/coronavirus-continentes-mundo.jpeg?resize=525%2C300 1.5x"},"classes":[]},{"id":2196,"url":"http:\/\/cfcontabil.com\/cf\/coronavirus-camara-aprova-projeto-que-preve-r-600-por-mes-para-trabalhador-informal\/","url_meta":{"origin":2392,"position":3},"title":"Coronav\u00edrus: C\u00e2mara aprova projeto que prev\u00ea R$ 600 por m\u00eas para trabalhador informal","author":"Ab\u00edlio Gon\u00e7alves","date":"27 de mar\u00e7o de 2020","format":false,"excerpt":"Texto vai ao Senado e prev\u00ea repasse por 3 meses. Aut\u00f4nomo dever\u00e1 cumprir requisitos como ter mais de 18 anos e n\u00e3o receber benef\u00edcio previdenci\u00e1rio ou assistencial. A\u00a0C\u00e2mara dos Deputados\u00a0aprovou nesta quinta-feira (26) um projeto que prev\u00ea o pagamento de R$ 600 a trabalhadores informais por tr\u00eas meses em raz\u00e3o\u2026","rel":"","context":"Em \"aux\u00edlio\"","block_context":{"text":"aux\u00edlio","link":"http:\/\/cfcontabil.com\/cf\/tag\/auxilio\/"},"img":{"alt_text":"","src":"https:\/\/i0.wp.com\/cfcontabil.com\/cf\/wp-content\/uploads\/2020\/03\/plenario-camara.jpg?fit=640%2C419&resize=350%2C200","width":350,"height":200,"srcset":"https:\/\/i0.wp.com\/cfcontabil.com\/cf\/wp-content\/uploads\/2020\/03\/plenario-camara.jpg?fit=640%2C419&resize=350%2C200 1x, https:\/\/i0.wp.com\/cfcontabil.com\/cf\/wp-content\/uploads\/2020\/03\/plenario-camara.jpg?fit=640%2C419&resize=525%2C300 1.5x"},"classes":[]},{"id":2316,"url":"http:\/\/cfcontabil.com\/cf\/so-14-dos-pequenos-negocios-ja-conseguiram-credito-na-pandemia-diz-sebrae\/","url_meta":{"origin":2392,"position":4},"title":"S\u00f3 14% dos pequenos neg\u00f3cios j\u00e1 conseguiram cr\u00e9dito na pandemia, diz Sebrae","author":"Ab\u00edlio Gon\u00e7alves","date":"20 de maio de 2020","format":false,"excerpt":"Pesquisa do Sebrae diz que 58% das MPEs que pediram cr\u00e9dito nas \u00faltimas semanas j\u00e1 tiveram o pedido negado. Outros 18% est\u00e3o em an\u00e1lise, sendo que 53% aguardam uma resposta dos bancos h\u00e1 mais de duas semanas O Programa Nacional de Apoio \u00e0s Microempresas e Empresas de Pequeno Porte (Pronampe)\u2026","rel":"","context":"Em \"Cr\u00e9dito\"","block_context":{"text":"Cr\u00e9dito","link":"http:\/\/cfcontabil.com\/cf\/tag\/credito\/"},"img":{"alt_text":"","src":"https:\/\/i0.wp.com\/cfcontabil.com\/cf\/wp-content\/uploads\/2019\/11\/dinheiro-nota-real.jpg?fit=678%2C452&resize=350%2C200","width":350,"height":200,"srcset":"https:\/\/i0.wp.com\/cfcontabil.com\/cf\/wp-content\/uploads\/2019\/11\/dinheiro-nota-real.jpg?fit=678%2C452&resize=350%2C200 1x, https:\/\/i0.wp.com\/cfcontabil.com\/cf\/wp-content\/uploads\/2019\/11\/dinheiro-nota-real.jpg?fit=678%2C452&resize=525%2C300 1.5x"},"classes":[]},{"id":2215,"url":"http:\/\/cfcontabil.com\/cf\/ponto-a-ponto-mp-936-2020-entenda-cortes-salariais-suspensoes-e-beneficio\/","url_meta":{"origin":2392,"position":5},"title":"Ponto a ponto MP 936\/2020: Entenda cortes salariais, suspens\u00f5es e benef\u00edcio","author":"Ab\u00edlio Gon\u00e7alves","date":"2 de abril de 2020","format":false,"excerpt":"A MP 936\/2020 possibilita o corte salarial de at\u00e9 70%, suspens\u00e3o do contrato de trabalho e benef\u00edcio emergencial. Entenda ponto a ponto O Di\u00e1rio Oficial da Uni\u00e3o publicou nesta quarta-feira, 01, a MP 936\/2020 que institui o Programa Emergencial de Manuten\u00e7\u00e3o do Emprego e da Renda. Em suma, a norma\u2026","rel":"","context":"Em &quot;Departamento Pessoal&quot;","block_context":{"text":"Departamento Pessoal","link":"http:\/\/cfcontabil.com\/cf\/category\/dp\/"},"img":{"alt_text":"","src":"https:\/\/i0.wp.com\/cfcontabil.com\/cf\/wp-content\/uploads\/2020\/04\/emprego-4.jpg.pagespeed.ic_.4H7FnGacfP.jpg?fit=1086%2C652&resize=350%2C200","width":350,"height":200,"srcset":"https:\/\/i0.wp.com\/cfcontabil.com\/cf\/wp-content\/uploads\/2020\/04\/emprego-4.jpg.pagespeed.ic_.4H7FnGacfP.jpg?fit=1086%2C652&resize=350%2C200 1x, https:\/\/i0.wp.com\/cfcontabil.com\/cf\/wp-content\/uploads\/2020\/04\/emprego-4.jpg.pagespeed.ic_.4H7FnGacfP.jpg?fit=1086%2C652&resize=525%2C300 1.5x, https:\/\/i0.wp.com\/cfcontabil.com\/cf\/wp-content\/uploads\/2020\/04\/emprego-4.jpg.pagespeed.ic_.4H7FnGacfP.jpg?fit=1086%2C652&resize=700%2C400 2x, https:\/\/i0.wp.com\/cfcontabil.com\/cf\/wp-content\/uploads\/2020\/04\/emprego-4.jpg.pagespeed.ic_.4H7FnGacfP.jpg?fit=1086%2C652&resize=1050%2C600 3x"},"classes":[]}],"jetpack_likes_enabled":true,"_links":{"self":[{"href":"http:\/\/cfcontabil.com\/cf\/wp-json\/wp\/v2\/posts\/2392","targetHints":{"allow":["GET"]}}],"collection":[{"href":"http:\/\/cfcontabil.com\/cf\/wp-json\/wp\/v2\/posts"}],"about":[{"href":"http:\/\/cfcontabil.com\/cf\/wp-json\/wp\/v2\/types\/post"}],"author":[{"embeddable":true,"href":"http:\/\/cfcontabil.com\/cf\/wp-json\/wp\/v2\/users\/1"}],"replies":[{"embeddable":true,"href":"http:\/\/cfcontabil.com\/cf\/wp-json\/wp\/v2\/comments?post=2392"}],"version-history":[{"count":1,"href":"http:\/\/cfcontabil.com\/cf\/wp-json\/wp\/v2\/posts\/2392\/revisions"}],"predecessor-version":[{"id":2393,"href":"http:\/\/cfcontabil.com\/cf\/wp-json\/wp\/v2\/posts\/2392\/revisions\/2393"}],"wp:featuredmedia":[{"embeddable":true,"href":"http:\/\/cfcontabil.com\/cf\/wp-json\/wp\/v2\/media\/2216"}],"wp:attachment":[{"href":"http:\/\/cfcontabil.com\/cf\/wp-json\/wp\/v2\/media?parent=2392"}],"wp:term":[{"taxonomy":"category","embeddable":true,"href":"http:\/\/cfcontabil.com\/cf\/wp-json\/wp\/v2\/categories?post=2392"},{"taxonomy":"post_tag","embeddable":true,"href":"http:\/\/cfcontabil.com\/cf\/wp-json\/wp\/v2\/tags?post=2392"}],"curies":[{"name":"wp","href":"https:\/\/api.w.org\/{rel}","templated":true}]}}