{"id":2396,"date":"2021-01-08T09:28:26","date_gmt":"2021-01-08T12:28:26","guid":{"rendered":"http:\/\/cfcontabil.com\/cf\/?p=2396"},"modified":"2021-01-08T09:28:34","modified_gmt":"2021-01-08T12:28:34","slug":"mei-precisa-ficar-atento-as-obrigacoes-de-inicio-de-ano","status":"publish","type":"post","link":"http:\/\/cfcontabil.com\/cf\/mei-precisa-ficar-atento-as-obrigacoes-de-inicio-de-ano\/","title":{"rendered":"MEI precisa ficar atento \u00e0s obriga\u00e7\u00f5es de in\u00edcio de ano"},"content":{"rendered":"\n<p><br>A cada final de ano o governo federal informa quais ocupa\u00e7\u00f5es poder\u00e3o recolher impostos como MEI<\/p>\n\n\n\n<figure class=\"wp-block-image\"><img data-recalc-dims=\"1\" decoding=\"async\" src=\"https:\/\/i0.wp.com\/dcomercio.com.br\/public\/upload\/gallery\/2017\/leisetributos\/pequenos-negocios-floricultura-think-dc.jpg?w=1170&#038;ssl=1\" alt=\"\"\/><figcaption>O prazo para a declara\u00e7\u00e3o anual de rendimento do MEI (DASN-SIMEI) j\u00e1 come\u00e7ou e vai at\u00e9 o dia 31 de maio de 2021. O Microempreendedor Individual tamb\u00e9m deve observar as mudan\u00e7as no Portal do Empreendedor, que desde 4 de dezembro migrou para a plataforma Gov.br e ganhou novo endere\u00e7o:\u00a0\u00a0<a href=\"https:\/\/www.gov.br\/empresas-e-negocios\/pt-br\/empreendedor\">gov.br\/mei<\/a>.<br>O Sebrae informa que para fazer a declara\u00e7\u00e3o, basta clicar em \u201cJ\u00e1 sou MEI\u201d e selecionar a op\u00e7\u00e3o \u201cDeclara\u00e7\u00e3o Anual de faturamento\u201d e acessar por meio do CNPJ.<br>Se o empres\u00e1rio MEI, no ano de 2020, ultrapassou o seu faturamento em at\u00e9 20%, j\u00e1 deve transmitir a Declara\u00e7\u00e3o Anual do MEI no m\u00eas de janeiro de 2021 e recolher o valor da multa do excedente, gerada na transmiss\u00e3o da declara\u00e7\u00e3o e procurar um contador para proceder com a migra\u00e7\u00e3o para microempresa e evitar recolhimentos retroativos.<br>Aqueles microempreendedores individuais que possuem d\u00e9bitos referentes ao ano passado tamb\u00e9m podem providenciar o parcelamento das d\u00edvidas a partir deste ano. Somente os d\u00e9bitos dos \u00faltimos cinco anos s\u00e3o exig\u00edveis.<br>Outro ponto de aten\u00e7\u00e3o para os empreendedores \u00e9 decorrente da aplica\u00e7\u00e3o da Lei de Liberdade Econ\u00f4mica, que considerou todas as atividades do MEI como \u201cbaixo risco\u201d, permitindo a dispensa do alvar\u00e1 de funcionamento. No entanto, \u00e9 recomendado verificar a legisla\u00e7\u00e3o do munic\u00edpio antes do in\u00edcio das atividades.<br>Al\u00e9m disso, a cada final de ano o governo federal informa quais ocupa\u00e7\u00f5es foram inclu\u00eddas ou exclu\u00eddas pelo MEI. Sendo assim, \u00e9 necess\u00e1rio verificar quais atividades sofreram altera\u00e7\u00f5es.\u00a0<a href=\"https:\/\/www.gov.br\/empresas-e-negocios\/pt-br\/empreendedor\/quero-ser-mei\/atividades-permitidas\">Saiba mais, clicando aqui<\/a>.<br>\u00a0<br>IMAGEM:\u00a0<em>Thinkstock<\/em><\/figcaption><\/figure>\n\n\n\n<p>Fonte: DC<\/p>\n","protected":false},"excerpt":{"rendered":"<p>A cada final de ano o governo federal informa quais ocupa\u00e7\u00f5es poder\u00e3o recolher impostos como MEI Fonte: DC<\/p>\n","protected":false},"author":1,"featured_media":2272,"comment_status":"open","ping_status":"open","sticky":false,"template":"","format":"standard","meta":{"jetpack_post_was_ever_published":false,"_jetpack_newsletter_access":"","_jetpack_dont_email_post_to_subs":false,"_jetpack_newsletter_tier_id":0,"_jetpack_memberships_contains_paywalled_content":false,"_jetpack_memberships_contains_paid_content":false,"footnotes":"","jetpack_publicize_message":"","jetpack_publicize_feature_enabled":true,"jetpack_social_post_already_shared":true,"jetpack_social_options":{"image_generator_settings":{"template":"highway","default_image_id":0,"font":"","enabled":false},"version":2}},"categories":[60],"tags":[452,106,168,257,259],"class_list":["post-2396","post","type-post","status-publish","format-standard","has-post-thumbnail","hentry","category-consultoria","tag-anual","tag-declaracao","tag-empreendedor","tag-mei","tag-simei"],"jetpack_publicize_connections":[],"jetpack_featured_media_url":"https:\/\/i0.wp.com\/cfcontabil.com\/cf\/wp-content\/uploads\/2020\/04\/MEI-1200x675-1.png?fit=1200%2C675","jetpack_sharing_enabled":true,"jetpack_shortlink":"https:\/\/wp.me\/p2wklX-CE","jetpack-related-posts":[{"id":2404,"url":"http:\/\/cfcontabil.com\/cf\/mei-que-ultrapassou-limite-de-faturamento-em-2020-deve-mudar-de-categoria\/","url_meta":{"origin":2396,"position":0},"title":"MEI que ultrapassou limite de faturamento em 2020 deve mudar de categoria","author":"Ab\u00edlio Gon\u00e7alves","date":"18 de janeiro de 2021","format":false,"excerpt":"Vale procurar um contador a fim de fazer a migra\u00e7\u00e3o e evitar recolhimentos retroativos Fonte: Estad\u00e3o Conte\u00fado O microempreendedor individual (MEI) que em 2020 excedeu o limite de faturamento em at\u00e9 20%, n\u00e3o ultrapassando R$ 97,2 mil, deve ficar atento para a mudan\u00e7a de categoria, se encaixando em microempresa. Vale\u2026","rel":"","context":"Em &quot;Consultoria Empresarial&quot;","block_context":{"text":"Consultoria Empresarial","link":"http:\/\/cfcontabil.com\/cf\/category\/consultoria\/"},"img":{"alt_text":"","src":"https:\/\/i0.wp.com\/cfcontabil.com\/cf\/wp-content\/uploads\/2021\/01\/faturamento-1280x720-1.jpg?fit=1200%2C675&resize=350%2C200","width":350,"height":200,"srcset":"https:\/\/i0.wp.com\/cfcontabil.com\/cf\/wp-content\/uploads\/2021\/01\/faturamento-1280x720-1.jpg?fit=1200%2C675&resize=350%2C200 1x, https:\/\/i0.wp.com\/cfcontabil.com\/cf\/wp-content\/uploads\/2021\/01\/faturamento-1280x720-1.jpg?fit=1200%2C675&resize=525%2C300 1.5x, https:\/\/i0.wp.com\/cfcontabil.com\/cf\/wp-content\/uploads\/2021\/01\/faturamento-1280x720-1.jpg?fit=1200%2C675&resize=700%2C400 2x, https:\/\/i0.wp.com\/cfcontabil.com\/cf\/wp-content\/uploads\/2021\/01\/faturamento-1280x720-1.jpg?fit=1200%2C675&resize=1050%2C600 3x"},"classes":[]},{"id":1050,"url":"http:\/\/cfcontabil.com\/cf\/imposto-de-renda-2017-mei-como-declarar-os-rendimentos\/","url_meta":{"origin":2396,"position":1},"title":"Imposto de Renda 2017: MEI, como declarar os rendimentos?","author":"Ab\u00edlio Gon\u00e7alves","date":"11 de mar\u00e7o de 2017","format":false,"excerpt":"Com o in\u00edcio do per\u00edodo de entrega do do Imposto de Renda de 2017 - de 2 de mar\u00e7o a 28 de abril -, d\u00favidas come\u00e7am a surgir sobre o processo de declara\u00e7\u00e3o. Atrav\u00e9s do servi\u00e7o tira-d\u00favidas lan\u00e7ado por O GLOBO e Extra, leitores enviaram perguntas sobre como deve ser\u2026","rel":"","context":"Em &quot;Departamento Fiscal&quot;","block_context":{"text":"Departamento Fiscal","link":"http:\/\/cfcontabil.com\/cf\/category\/df\/"},"img":{"alt_text":"","src":"https:\/\/i0.wp.com\/cfcontabil.com\/cf\/wp-content\/uploads\/2017\/02\/irpfrfb-1.jpg?fit=640%2C340&resize=350%2C200","width":350,"height":200,"srcset":"https:\/\/i0.wp.com\/cfcontabil.com\/cf\/wp-content\/uploads\/2017\/02\/irpfrfb-1.jpg?fit=640%2C340&resize=350%2C200 1x, https:\/\/i0.wp.com\/cfcontabil.com\/cf\/wp-content\/uploads\/2017\/02\/irpfrfb-1.jpg?fit=640%2C340&resize=525%2C300 1.5x"},"classes":[]},{"id":1174,"url":"http:\/\/cfcontabil.com\/cf\/prazo-para-entrega-da-declaracao-anual-do-mei-termina-quarta-feira-31\/","url_meta":{"origin":2396,"position":2},"title":"Prazo para entrega da declara\u00e7\u00e3o anual do MEI termina quarta-feira (31)","author":"Ab\u00edlio Gon\u00e7alves","date":"31 de maio de 2017","format":false,"excerpt":"Procurar ajuda de um empres\u00e1rio cont\u00e1bil pode facilitar, destaca o presidente da Fenacon.\u00a0Microempreendedor Individual que enviar o documento ap\u00f3s a data paga multa m\u00ednima de R$ 50. O prazo para entrega da Declara\u00e7\u00e3o Anual Simplificada para o Microempreendedor Individual 2017 (DASN-SIMEI) termina na quarta-feira (31). Todos os MEIs com registro\u2026","rel":"","context":"Em &quot;Departamento Fiscal&quot;","block_context":{"text":"Departamento Fiscal","link":"http:\/\/cfcontabil.com\/cf\/category\/df\/"},"img":{"alt_text":"","src":"https:\/\/i0.wp.com\/cfcontabil.com\/cf\/wp-content\/uploads\/2017\/03\/mei-micro-empreendedor-individual-696x287-1.jpg?fit=696%2C287&resize=350%2C200","width":350,"height":200,"srcset":"https:\/\/i0.wp.com\/cfcontabil.com\/cf\/wp-content\/uploads\/2017\/03\/mei-micro-empreendedor-individual-696x287-1.jpg?fit=696%2C287&resize=350%2C200 1x, https:\/\/i0.wp.com\/cfcontabil.com\/cf\/wp-content\/uploads\/2017\/03\/mei-micro-empreendedor-individual-696x287-1.jpg?fit=696%2C287&resize=525%2C300 1.5x"},"classes":[]},{"id":1236,"url":"http:\/\/cfcontabil.com\/cf\/mei-deve-prestar-contas-a-receita-federal-atraves-da-declaracao-anual-do-simples-nacional\/","url_meta":{"origin":2396,"position":3},"title":"MEI deve prestar contas \u00e0 Receita Federal atrav\u00e9s da Declara\u00e7\u00e3o Anual do Simples Nacional","author":"Ab\u00edlio Gon\u00e7alves","date":"7 de mar\u00e7o de 2017","format":false,"excerpt":"Documento \u00e9 feito de forma gratuita nos postos de atendimento do Sebrae e \u00e9 obriga\u00e7\u00e3o do empres\u00e1rio para que seus direitos sejam assegurados. O Microempreendedor Individual (MEI) j\u00e1 pode procurar um dos postos de atendimento do Sebrae em Alagoas ou uma das Salas do Empreendedor no estado para realizar a\u2026","rel":"","context":"Em &quot;Departamento Fiscal&quot;","block_context":{"text":"Departamento Fiscal","link":"http:\/\/cfcontabil.com\/cf\/category\/df\/"},"img":{"alt_text":"","src":"https:\/\/i0.wp.com\/cfcontabil.com\/cf\/wp-content\/uploads\/2017\/03\/mei-micro-empreendedor-individual-696x287-1.jpg?fit=696%2C287&resize=350%2C200","width":350,"height":200,"srcset":"https:\/\/i0.wp.com\/cfcontabil.com\/cf\/wp-content\/uploads\/2017\/03\/mei-micro-empreendedor-individual-696x287-1.jpg?fit=696%2C287&resize=350%2C200 1x, https:\/\/i0.wp.com\/cfcontabil.com\/cf\/wp-content\/uploads\/2017\/03\/mei-micro-empreendedor-individual-696x287-1.jpg?fit=696%2C287&resize=525%2C300 1.5x"},"classes":[]},{"id":3482,"url":"http:\/\/cfcontabil.com\/cf\/mei-em-2026-guia-completo-sobre-irpf-e-reforma-tributaria\/","url_meta":{"origin":2396,"position":4},"title":"MEI em 2026: Guia Completo sobre IRPF e Reforma Tribut\u00e1ria","author":"Ab\u00edlio Gon\u00e7alves","date":"21 de janeiro de 2026","format":false,"excerpt":"Mais de 15 milh\u00f5es de MEIs precisam se adaptar \u00e0s novas regras fiscais de 2026, incluindo tributa\u00e7\u00e3o de lucros e emiss\u00e3o obrigat\u00f3ria de notas fiscais. Este guia pr\u00e1tico mostra como transformar obriga\u00e7\u00f5es em vantagens para o seu crescimento. Com exemplos reais e c\u00e1lculos, voc\u00ea sai preparado para declarar corretamente e\u2026","rel":"","context":"Em &quot;Geral&quot;","block_context":{"text":"Geral","link":"http:\/\/cfcontabil.com\/cf\/category\/geral\/"},"img":{"alt_text":"","src":"https:\/\/i0.wp.com\/cfcontabil.com\/cf\/wp-content\/uploads\/2026\/01\/image.png?fit=991%2C553&resize=350%2C200","width":350,"height":200,"srcset":"https:\/\/i0.wp.com\/cfcontabil.com\/cf\/wp-content\/uploads\/2026\/01\/image.png?fit=991%2C553&resize=350%2C200 1x, https:\/\/i0.wp.com\/cfcontabil.com\/cf\/wp-content\/uploads\/2026\/01\/image.png?fit=991%2C553&resize=525%2C300 1.5x, https:\/\/i0.wp.com\/cfcontabil.com\/cf\/wp-content\/uploads\/2026\/01\/image.png?fit=991%2C553&resize=700%2C400 2x"},"classes":[]},{"id":1135,"url":"http:\/\/cfcontabil.com\/cf\/microempreendedor-individual-tambem-precisa-declarar-ir\/","url_meta":{"origin":2396,"position":5},"title":"Microempreendedor individual tamb\u00e9m precisa declarar IR","author":"Ab\u00edlio Gon\u00e7alves","date":"26 de abril de 2017","format":false,"excerpt":"Mesmo que n\u00e3o tenha emitido nota fiscal, profissional enquadrado como MEI tamb\u00e9m deve prestar contas Com o crescente saldo negativo de postos de trabalho, a sa\u00edda para muitos brasileiros foi virar um Microempreendedor Individual, o MEI. At\u00e9 a \u00faltima semana, o Pa\u00eds tinha 6,8 milh\u00f5es de pessoas registradas com atividade\u2026","rel":"","context":"Em &quot;Departamento Fiscal&quot;","block_context":{"text":"Departamento Fiscal","link":"http:\/\/cfcontabil.com\/cf\/category\/df\/"},"img":{"alt_text":"","src":"https:\/\/i0.wp.com\/cfcontabil.com\/cf\/wp-content\/uploads\/2017\/03\/mei-micro-empreendedor-individual-696x287-1.jpg?fit=696%2C287&resize=350%2C200","width":350,"height":200,"srcset":"https:\/\/i0.wp.com\/cfcontabil.com\/cf\/wp-content\/uploads\/2017\/03\/mei-micro-empreendedor-individual-696x287-1.jpg?fit=696%2C287&resize=350%2C200 1x, https:\/\/i0.wp.com\/cfcontabil.com\/cf\/wp-content\/uploads\/2017\/03\/mei-micro-empreendedor-individual-696x287-1.jpg?fit=696%2C287&resize=525%2C300 1.5x"},"classes":[]}],"jetpack_likes_enabled":true,"_links":{"self":[{"href":"http:\/\/cfcontabil.com\/cf\/wp-json\/wp\/v2\/posts\/2396","targetHints":{"allow":["GET"]}}],"collection":[{"href":"http:\/\/cfcontabil.com\/cf\/wp-json\/wp\/v2\/posts"}],"about":[{"href":"http:\/\/cfcontabil.com\/cf\/wp-json\/wp\/v2\/types\/post"}],"author":[{"embeddable":true,"href":"http:\/\/cfcontabil.com\/cf\/wp-json\/wp\/v2\/users\/1"}],"replies":[{"embeddable":true,"href":"http:\/\/cfcontabil.com\/cf\/wp-json\/wp\/v2\/comments?post=2396"}],"version-history":[{"count":2,"href":"http:\/\/cfcontabil.com\/cf\/wp-json\/wp\/v2\/posts\/2396\/revisions"}],"predecessor-version":[{"id":2398,"href":"http:\/\/cfcontabil.com\/cf\/wp-json\/wp\/v2\/posts\/2396\/revisions\/2398"}],"wp:featuredmedia":[{"embeddable":true,"href":"http:\/\/cfcontabil.com\/cf\/wp-json\/wp\/v2\/media\/2272"}],"wp:attachment":[{"href":"http:\/\/cfcontabil.com\/cf\/wp-json\/wp\/v2\/media?parent=2396"}],"wp:term":[{"taxonomy":"category","embeddable":true,"href":"http:\/\/cfcontabil.com\/cf\/wp-json\/wp\/v2\/categories?post=2396"},{"taxonomy":"post_tag","embeddable":true,"href":"http:\/\/cfcontabil.com\/cf\/wp-json\/wp\/v2\/tags?post=2396"}],"curies":[{"name":"wp","href":"https:\/\/api.w.org\/{rel}","templated":true}]}}