{"id":2401,"date":"2021-01-12T08:00:00","date_gmt":"2021-01-12T11:00:00","guid":{"rendered":"http:\/\/cfcontabil.com\/cf\/?p=2401"},"modified":"2021-01-11T15:33:55","modified_gmt":"2021-01-11T18:33:55","slug":"pequenas-empresas-tem-ate-o-dia-29-de-janeiro-para-aderir-ao-simples-nacional","status":"publish","type":"post","link":"http:\/\/cfcontabil.com\/cf\/pequenas-empresas-tem-ate-o-dia-29-de-janeiro-para-aderir-ao-simples-nacional\/","title":{"rendered":"Pequenas empresas t\u00eam at\u00e9 o dia 29 de janeiro para aderir ao Simples Nacional"},"content":{"rendered":"\n<p>Solicita\u00e7\u00e3o \u00e9 realizada somente pela internet e pode ser feita tanto por empresas j\u00e1 em atividade como para as que est\u00e3o em in\u00edcio de funcionamento.<\/p>\n\n\n\n<p>As microempresas e empresas de pequeno porte t\u00eam at\u00e9 o dia 29 de janeiro para optar pelo regime tribut\u00e1rio do Simples Nacional.<\/p>\n\n\n\n<p>A solicita\u00e7\u00e3o pode ser feita pela internet, por meio do&nbsp;<a href=\"http:\/\/www8.receita.fazenda.gov.br\/SimplesNacional\/Default.aspx\" target=\"_blank\" rel=\"noreferrer noopener\">Portal do Simples Nacional<\/a>, clicando em Simples \u2013 Servi\u00e7os &gt; Op\u00e7\u00e3o &gt; Solicita\u00e7\u00e3o de Op\u00e7\u00e3o pelo Simples Nacional.<\/p>\n\n\n\n<p>O Simples Nacional implica o recolhimento mensal, mediante documento \u00fanico de arrecada\u00e7\u00e3o, dos seguintes tributos:<\/p>\n\n\n\n<ul class=\"wp-block-list\"><li>Imposto sobre a Renda da Pessoa Jur\u00eddica (IRPJ);<\/li><li>Imposto sobre Produtos Industrializados (IPI);<\/li><li>Contribui\u00e7\u00e3o Social sobre o Lucro L\u00edquido (CSLL);<\/li><li>Contribui\u00e7\u00e3o para o Financiamento da Seguridade Social (COFINS);<\/li><li>Contribui\u00e7\u00e3o para o PIS\/Pasep;<\/li><li>Contribui\u00e7\u00e3o Patronal Previdenci\u00e1ria (CPP);<\/li><li>Imposto sobre Opera\u00e7\u00f5es Relativas \u00e0 Circula\u00e7\u00e3o de Mercadorias e Sobre Presta\u00e7\u00f5es de Servi\u00e7os de Transporte Interestadual e Intermunicipal e de Comunica\u00e7\u00e3o (ICMS);<\/li><li>Imposto sobre Servi\u00e7os de Qualquer Natureza (ISS).<\/li><\/ul>\n\n\n\n<p>Ao ter o pedido aceito, a ades\u00e3o retroagir\u00e1 ao dia 1\u00ba de janeiro.<\/p>\n\n\n\n<p>Empresas j\u00e1 optantes pelo Simples Nacional n\u00e3o precisam renovar a op\u00e7\u00e3o a cada ano. Uma vez optante, a empresa somente sair\u00e1 do regime quando exclu\u00edda, por op\u00e7\u00e3o, por comunica\u00e7\u00e3o obrigat\u00f3ria ou de of\u00edcio.<\/p>\n\n\n\n<p>Os percentuais de cada tributo inclu\u00eddo no Simples Nacional dependem do tipo de atividade e da receita bruta. Mais esclarecimentos sobre o tema podem ser encontrados no&nbsp;<a href=\"http:\/\/www8.receita.fazenda.gov.br\/SimplesNacional\/Perguntas\/Perguntas.aspx\" target=\"_blank\" rel=\"noreferrer noopener\">site da Receita Federal<\/a>.<\/p>\n\n\n\n<p>Enquanto o per\u00edodo de solicita\u00e7\u00e3o est\u00e1 aberto, \u00e9 permitido o cancelamento do pedido apenas para empresas em atividade, salvo se j\u00e1 houver sido deferido. O cancelamento n\u00e3o \u00e9 permitido para empresas em in\u00edcio de atividade.<\/p>\n\n\n\n<p>O sistema verifica automaticamente a exist\u00eancia de pend\u00eancias cadastrais ou fiscais, inclusive de d\u00e9bitos na Receita Federal e nos estados, munic\u00edpios e Distrito Federal. Caso seja identificada alguma pend\u00eancia, a solicita\u00e7\u00e3o ficar\u00e1 em an\u00e1lise.<\/p>\n\n\n\n<h2 class=\"wp-block-heading\">Empresas em in\u00edcio de atividade<\/h2>\n\n\n\n<p>Para as empresas que est\u00e3o em in\u00edcio de atividade, o prazo para solicita\u00e7\u00e3o \u00e9 de 30 dias contados do \u00faltimo deferimento de inscri\u00e7\u00e3o municipal ou estadual.https:\/\/tpc.googlesyndication.com\/safeframe\/1-0-37\/html\/container.html<\/p>\n\n\n\n<p>Ap\u00f3s o deferimento, a op\u00e7\u00e3o passa a valer da data de abertura do CNPJ. Depois do prazo, a op\u00e7\u00e3o somente ser\u00e1 poss\u00edvel no m\u00eas de janeiro do pr\u00f3ximo ano, de acordo com o calend\u00e1rio estabelecido pelo regime.<\/p>\n\n\n\n<h2 class=\"wp-block-heading\">Inadimplentes n\u00e3o ser\u00e3o exclu\u00eddos<\/h2>\n\n\n\n<p>O governo federal decidiu n\u00e3o excluir do Simples Nacional as micro e pequenas empresas inadimplentes em 2020. Dessa forma, as empresas j\u00e1 optantes pelo Simples Nacional n\u00e3o precisam fazer nova op\u00e7\u00e3o neste ano.<\/p>\n\n\n\n<p>Fonte: G1<\/p>\n","protected":false},"excerpt":{"rendered":"<p>Solicita\u00e7\u00e3o \u00e9 realizada somente pela internet e pode ser feita tanto por empresas j\u00e1 em atividade como para as que est\u00e3o em in\u00edcio de funcionamento. As microempresas e empresas de pequeno porte t\u00eam at\u00e9 o dia 29 de janeiro para optar pelo regime tribut\u00e1rio do Simples Nacional. A solicita\u00e7\u00e3o pode ser feita pela internet, por [&hellip;]<\/p>\n","protected":false},"author":1,"featured_media":2355,"comment_status":"open","ping_status":"open","sticky":false,"template":"","format":"standard","meta":{"jetpack_post_was_ever_published":false,"_jetpack_newsletter_access":"","_jetpack_dont_email_post_to_subs":false,"_jetpack_newsletter_tier_id":0,"_jetpack_memberships_contains_paywalled_content":false,"_jetpack_memberships_contains_paid_content":false,"footnotes":"","jetpack_publicize_message":"","jetpack_publicize_feature_enabled":true,"jetpack_social_post_already_shared":true,"jetpack_social_options":{"image_generator_settings":{"template":"highway","default_image_id":0,"font":"","enabled":false},"version":2}},"categories":[69],"tags":[307],"class_list":["post-2401","post","type-post","status-publish","format-standard","has-post-thumbnail","hentry","category-contabilidade-2","tag-adesao"],"jetpack_publicize_connections":[],"jetpack_featured_media_url":"https:\/\/i0.wp.com\/cfcontabil.com\/cf\/wp-content\/uploads\/2020\/11\/Simples_Blog.jpg.600x335_q85_box-022957556_crop_detail.jpg?fit=600%2C335","jetpack_sharing_enabled":true,"jetpack_shortlink":"https:\/\/wp.me\/p2wklX-CJ","jetpack-related-posts":[{"id":861,"url":"http:\/\/cfcontabil.com\/cf\/opcao-pelo-simples-nacional\/","url_meta":{"origin":2401,"position":0},"title":"Op\u00e7\u00e3o pelo Simples Nacional","author":"Ab\u00edlio Gon\u00e7alves","date":"23 de janeiro de 2017","format":false,"excerpt":"Podem optar pelo Simples Nacional as microempresas (ME) e empresas de pequeno porte (EPP) que n\u00e3o incorram em nenhuma das veda\u00e7\u00f5es previstas na Lei Complementar 123, de 2006. A empresa poder\u00e1 fazer novo pedido de op\u00e7\u00e3o pelo Simples Nacional at\u00e9 o dia 31\/01\/2017. Conhe\u00e7a os detalhes previstos para a situa\u00e7\u00e3o\u2026","rel":"","context":"Em &quot;Consultoria Empresarial&quot;","block_context":{"text":"Consultoria Empresarial","link":"http:\/\/cfcontabil.com\/cf\/category\/consultoria\/"},"img":{"alt_text":"","src":"https:\/\/i0.wp.com\/cfcontabil.com\/cf\/wp-content\/uploads\/2017\/01\/simples-1.jpg?fit=520%2C271&resize=350%2C200","width":350,"height":200},"classes":[]},{"id":412,"url":"http:\/\/cfcontabil.com\/cf\/agendamento-da-opcao-pelo-simples-nacional-2014\/","url_meta":{"origin":2401,"position":1},"title":"Agendamento da Op\u00e7\u00e3o pelo Simples Nacional 2014","author":"Vin\u00edcius Moizinho","date":"4 de dezembro de 2013","format":false,"excerpt":"Bom dia, prezados! O recado hoje \u00e9 bem r\u00e1pido. Gostar\u00edamos de lembr\u00e1-los que j\u00e1\u00a0est\u00e1 dispon\u00edvel o servi\u00e7o de agendamento da op\u00e7\u00e3o pelo Simples Nacional para o ano-calend\u00e1rio 2014.\u00a0 \u00a0 Confira maiores detalhes! Agendamento para o ano-calend\u00e1rio 2014 Conforme \u00e9 explicado pela Receita Federal, esse servi\u00e7o objetiva facilitar o processo de\u2026","rel":"","context":"Em &quot;Contabilidade em geral&quot;","block_context":{"text":"Contabilidade em geral","link":"http:\/\/cfcontabil.com\/cf\/category\/contabilidade-2\/"},"img":{"alt_text":"","src":"https:\/\/i0.wp.com\/www.mauronegruni.com.br\/wp-content\/uploads\/2013\/09\/simplesNacional2192-300x3001.jpg?resize=350%2C200","width":350,"height":200},"classes":[]},{"id":1950,"url":"http:\/\/cfcontabil.com\/cf\/pequenos-devem-regularizar-debitos-com-a-receita\/","url_meta":{"origin":2401,"position":2},"title":"Pequenos devem regularizar d\u00e9bitos com a Receita","author":"Ab\u00edlio Gon\u00e7alves","date":"27 de novembro de 2019","format":false,"excerpt":"Empresas optantes pelo Simples Nacional com irregularidades t\u00eam at\u00e9 30 dias para quitar d\u00edvidas. Exclus\u00e3o ter\u00e1 efeitos a partir de 2020 A Receita Federal notifica micro e pequenas empresas optantes pelo Simples Nacional com d\u00e9bitos junto \u00e0 Secretaria Especial da Receita Federal ou \u00e0 Procuradoria-Geral da Fazenda Nacional. Ap\u00f3s conhecimento\u2026","rel":"","context":"Em &quot;Departamento Fiscal&quot;","block_context":{"text":"Departamento Fiscal","link":"http:\/\/cfcontabil.com\/cf\/category\/df\/"},"img":{"alt_text":"","src":"https:\/\/i0.wp.com\/cfcontabil.com\/cf\/wp-content\/uploads\/2019\/11\/simples-nacional-empresa.jpg?fit=660%2C350&resize=350%2C200","width":350,"height":200,"srcset":"https:\/\/i0.wp.com\/cfcontabil.com\/cf\/wp-content\/uploads\/2019\/11\/simples-nacional-empresa.jpg?fit=660%2C350&resize=350%2C200 1x, https:\/\/i0.wp.com\/cfcontabil.com\/cf\/wp-content\/uploads\/2019\/11\/simples-nacional-empresa.jpg?fit=660%2C350&resize=525%2C300 1.5x"},"classes":[]},{"id":2047,"url":"http:\/\/cfcontabil.com\/cf\/empresas-que-nao-regularizaram-pendencias-sao-excluidas-do-simples\/","url_meta":{"origin":2401,"position":3},"title":"Empresas que n\u00e3o regularizaram pend\u00eancias s\u00e3o exclu\u00eddas do Simples","author":"Ab\u00edlio Gon\u00e7alves","date":"14 de janeiro de 2020","format":false,"excerpt":"Contribuinte que resolver situa\u00e7\u00e3o poder\u00e1 pedir reinclus\u00e3o no regime As micro e pequenas empresas que n\u00e3o regularizaram as pend\u00eancias com o Simples Nacional \u2013 regime tribut\u00e1rio especial para pequenos neg\u00f3cios \u2013 foram exclu\u00eddas do programa no in\u00edcio de 2020 (dia 1\u00ba). Elas ter\u00e3o at\u00e9 31 de janeiro para resolverem a\u2026","rel":"","context":"Em \"Exclus\u00e3o\"","block_context":{"text":"Exclus\u00e3o","link":"http:\/\/cfcontabil.com\/cf\/tag\/exclusao\/"},"img":{"alt_text":"","src":"https:\/\/i0.wp.com\/cfcontabil.com\/cf\/wp-content\/uploads\/2020\/01\/exclusao-simples-nacional.jpg?fit=600%2C310&resize=350%2C200","width":350,"height":200,"srcset":"https:\/\/i0.wp.com\/cfcontabil.com\/cf\/wp-content\/uploads\/2020\/01\/exclusao-simples-nacional.jpg?fit=600%2C310&resize=350%2C200 1x, https:\/\/i0.wp.com\/cfcontabil.com\/cf\/wp-content\/uploads\/2020\/01\/exclusao-simples-nacional.jpg?fit=600%2C310&resize=525%2C300 1.5x"},"classes":[]},{"id":2354,"url":"http:\/\/cfcontabil.com\/cf\/reparcelamento-de-debitos-do-simples-nacional\/","url_meta":{"origin":2401,"position":4},"title":"Reparcelamento de d\u00e9bitos do Simples Nacional","author":"Ab\u00edlio Gon\u00e7alves","date":"4 de novembro de 2020","format":false,"excerpt":"A partir desta ter\u00e7a (03\/11)\u00a0est\u00e1 dispon\u00edvel, no portal do Simples Nacional ou no portal e-CAC, o m\u00f3dulo para reparcelamento de d\u00e9bitos apurados pelo Regime Especial Unificado de Arrecada\u00e7\u00e3o de Tributos e Contribui\u00e7\u00f5es devidos pelas Microempresas e Empresas de Pequeno Porte (Simples Nacional). O limite de 1 pedido de parcelamento por\u2026","rel":"","context":"Em &quot;Departamento Fiscal&quot;","block_context":{"text":"Departamento Fiscal","link":"http:\/\/cfcontabil.com\/cf\/category\/df\/"},"img":{"alt_text":"","src":"https:\/\/i0.wp.com\/cfcontabil.com\/cf\/wp-content\/uploads\/2020\/11\/Simples_Blog.jpg.600x335_q85_box-022957556_crop_detail.jpg?fit=600%2C335&resize=350%2C200","width":350,"height":200,"srcset":"https:\/\/i0.wp.com\/cfcontabil.com\/cf\/wp-content\/uploads\/2020\/11\/Simples_Blog.jpg.600x335_q85_box-022957556_crop_detail.jpg?fit=600%2C335&resize=350%2C200 1x, https:\/\/i0.wp.com\/cfcontabil.com\/cf\/wp-content\/uploads\/2020\/11\/Simples_Blog.jpg.600x335_q85_box-022957556_crop_detail.jpg?fit=600%2C335&resize=525%2C300 1.5x"},"classes":[]},{"id":1869,"url":"http:\/\/cfcontabil.com\/cf\/receita-federal-ameaca-17-mil-empresas-por-dividas-no-df\/","url_meta":{"origin":2401,"position":5},"title":"Receita Federal amea\u00e7a 17 mil empresas por d\u00edvidas no DF","author":"Ab\u00edlio Gon\u00e7alves","date":"11 de novembro de 2019","format":false,"excerpt":"Inadimpl\u00eancia deve ser quitada at\u00e9 fim do ano para que empresariado n\u00e3o seja for\u00e7ado a deixar o Simples Nacional e ver riscos ao neg\u00f3cio Receita Federal\u00a0decidiu mirar em 17.304 microempresas e empresas de pequeno porte do Distrito Federal que optaram pelo sistema\u00a0Simples Nacional\u00a0e mant\u00eam d\u00edvidas com o Fisco nacional. A\u2026","rel":"","context":"Em &quot;Departamento Fiscal&quot;","block_context":{"text":"Departamento Fiscal","link":"http:\/\/cfcontabil.com\/cf\/category\/df\/"},"img":{"alt_text":"","src":"https:\/\/i0.wp.com\/cfcontabil.com\/cf\/wp-content\/uploads\/2017\/02\/receita-federal-1-1.png?fit=702%2C325&resize=350%2C200","width":350,"height":200,"srcset":"https:\/\/i0.wp.com\/cfcontabil.com\/cf\/wp-content\/uploads\/2017\/02\/receita-federal-1-1.png?fit=702%2C325&resize=350%2C200 1x, https:\/\/i0.wp.com\/cfcontabil.com\/cf\/wp-content\/uploads\/2017\/02\/receita-federal-1-1.png?fit=702%2C325&resize=525%2C300 1.5x, https:\/\/i0.wp.com\/cfcontabil.com\/cf\/wp-content\/uploads\/2017\/02\/receita-federal-1-1.png?fit=702%2C325&resize=700%2C400 2x"},"classes":[]}],"jetpack_likes_enabled":true,"_links":{"self":[{"href":"http:\/\/cfcontabil.com\/cf\/wp-json\/wp\/v2\/posts\/2401","targetHints":{"allow":["GET"]}}],"collection":[{"href":"http:\/\/cfcontabil.com\/cf\/wp-json\/wp\/v2\/posts"}],"about":[{"href":"http:\/\/cfcontabil.com\/cf\/wp-json\/wp\/v2\/types\/post"}],"author":[{"embeddable":true,"href":"http:\/\/cfcontabil.com\/cf\/wp-json\/wp\/v2\/users\/1"}],"replies":[{"embeddable":true,"href":"http:\/\/cfcontabil.com\/cf\/wp-json\/wp\/v2\/comments?post=2401"}],"version-history":[{"count":1,"href":"http:\/\/cfcontabil.com\/cf\/wp-json\/wp\/v2\/posts\/2401\/revisions"}],"predecessor-version":[{"id":2402,"href":"http:\/\/cfcontabil.com\/cf\/wp-json\/wp\/v2\/posts\/2401\/revisions\/2402"}],"wp:featuredmedia":[{"embeddable":true,"href":"http:\/\/cfcontabil.com\/cf\/wp-json\/wp\/v2\/media\/2355"}],"wp:attachment":[{"href":"http:\/\/cfcontabil.com\/cf\/wp-json\/wp\/v2\/media?parent=2401"}],"wp:term":[{"taxonomy":"category","embeddable":true,"href":"http:\/\/cfcontabil.com\/cf\/wp-json\/wp\/v2\/categories?post=2401"},{"taxonomy":"post_tag","embeddable":true,"href":"http:\/\/cfcontabil.com\/cf\/wp-json\/wp\/v2\/tags?post=2401"}],"curies":[{"name":"wp","href":"https:\/\/api.w.org\/{rel}","templated":true}]}}