{"id":2404,"date":"2021-01-18T10:07:22","date_gmt":"2021-01-18T13:07:22","guid":{"rendered":"http:\/\/cfcontabil.com\/cf\/?p=2404"},"modified":"2021-01-18T10:07:29","modified_gmt":"2021-01-18T13:07:29","slug":"mei-que-ultrapassou-limite-de-faturamento-em-2020-deve-mudar-de-categoria","status":"publish","type":"post","link":"http:\/\/cfcontabil.com\/cf\/mei-que-ultrapassou-limite-de-faturamento-em-2020-deve-mudar-de-categoria\/","title":{"rendered":"MEI que ultrapassou limite de faturamento em 2020 deve mudar de categoria"},"content":{"rendered":"\n<p><strong><em>Vale procurar um contador a fim de fazer a migra\u00e7\u00e3o e evitar recolhimentos retroativos<\/em><\/strong><\/p>\n\n\n\n<figure class=\"wp-block-image size-large\"><a href=\"https:\/\/i0.wp.com\/cfcontabil.com\/cf\/wp-content\/uploads\/2017\/03\/mei-micro-empreendedor-individual-696x287-1.jpg\"><img data-recalc-dims=\"1\" fetchpriority=\"high\" decoding=\"async\" width=\"696\" height=\"287\" data-attachment-id=\"1504\" data-permalink=\"http:\/\/cfcontabil.com\/cf\/mei-micro-empreendedor-individual-696x287\/\" data-orig-file=\"https:\/\/i0.wp.com\/cfcontabil.com\/cf\/wp-content\/uploads\/2017\/03\/mei-micro-empreendedor-individual-696x287-1.jpg?fit=696%2C287\" data-orig-size=\"696,287\" data-comments-opened=\"1\" data-image-meta=\"{&quot;aperture&quot;:&quot;0&quot;,&quot;credit&quot;:&quot;&quot;,&quot;camera&quot;:&quot;&quot;,&quot;caption&quot;:&quot;&quot;,&quot;created_timestamp&quot;:&quot;0&quot;,&quot;copyright&quot;:&quot;&quot;,&quot;focal_length&quot;:&quot;0&quot;,&quot;iso&quot;:&quot;0&quot;,&quot;shutter_speed&quot;:&quot;0&quot;,&quot;title&quot;:&quot;&quot;,&quot;orientation&quot;:&quot;1&quot;}\" data-image-title=\"mei-micro-empreendedor-individual-696&amp;#215;287\" data-image-description=\"\" data-image-caption=\"\" data-large-file=\"https:\/\/i0.wp.com\/cfcontabil.com\/cf\/wp-content\/uploads\/2017\/03\/mei-micro-empreendedor-individual-696x287-1.jpg?fit=696%2C287\" src=\"https:\/\/i0.wp.com\/cfcontabil.com\/cf\/wp-content\/uploads\/2017\/03\/mei-micro-empreendedor-individual-696x287-1.jpg?resize=696%2C287\" alt=\"\" class=\"wp-image-1504\" srcset=\"https:\/\/i0.wp.com\/cfcontabil.com\/cf\/wp-content\/uploads\/2017\/03\/mei-micro-empreendedor-individual-696x287-1.jpg?w=696 696w, https:\/\/i0.wp.com\/cfcontabil.com\/cf\/wp-content\/uploads\/2017\/03\/mei-micro-empreendedor-individual-696x287-1.jpg?resize=300%2C124 300w, https:\/\/i0.wp.com\/cfcontabil.com\/cf\/wp-content\/uploads\/2017\/03\/mei-micro-empreendedor-individual-696x287-1.jpg?resize=370%2C153 370w\" sizes=\"(max-width: 696px) 100vw, 696px\" \/><\/a><\/figure>\n\n\n\n<p>Fonte: Estad\u00e3o Conte\u00fado<\/p>\n\n\n\n<p>O microempreendedor individual (MEI) que em 2020 excedeu o limite de faturamento em at\u00e9 20%, n\u00e3o ultrapassando R$ 97,2 mil, deve ficar atento para a mudan\u00e7a de categoria, se encaixando em microempresa. Vale procurar um contador a fim de fazer a migra\u00e7\u00e3o e evitar recolhimentos retroativos. Outro alerta \u00e9 que a declara\u00e7\u00e3o anual deve ser feita ainda em janeiro deste ano.<\/p>\n\n\n\n<p>Embora o prazo para a declara\u00e7\u00e3o de rendimentos v\u00e1 at\u00e9 31 de maio, o Sebrae informa que o MEI com faturamento superior a R$ 81 mil j\u00e1 deve realizar o procedimento neste m\u00eas e recolher o valor da multa do excedente, que \u00e9 gerada na transmiss\u00e3o da declara\u00e7\u00e3o. Desde o dia 4 de dezembro, o Portal do Empreendedor tem um novo endere\u00e7o na Internet, que \u00e9 gov.br\/mei, por onde \u00e9 feita a declara\u00e7\u00e3o.<\/p>\n\n\n\n<p>Com o recolhimento do DAS na condi\u00e7\u00e3o de MEI at\u00e9 dezembro, o recolhimento dos impostos pelo sistema Supersimples passa a ser como microempresa em janeiro, com porcentuais iniciais de 4%, 4,5% ou 6% sobre o faturamento do m\u00eas, de acordo com as atividades econ\u00f4micas exercidas (com\u00e9rcio, ind\u00fastria e servi\u00e7os).<\/p>\n\n\n\n<p>Outra situa\u00e7\u00e3o em que a transi\u00e7\u00e3o de categoria ocorre \u00e9 quando o faturamento supera os R$ 97,2 mil (mais de 20% dos R$ 81 mil), mas fica inferior a R$ 360 mil. Nesse caso, o MEI tamb\u00e9m passa \u00e0 condi\u00e7\u00e3o de microempresa. Mas se o valor ficar entre R$ 360 mil e R$ 4,8 milh\u00f5es (limite para perman\u00eancia no Simples Nacional), deve se encaixar como empresa de pequeno porte.<\/p>\n\n\n\n<p>O Sebrae informa que donos de pequenos neg\u00f3cios que querem optar pelo MEI ou microempresa podem solicitar a mudan\u00e7a at\u00e9 o dia 29 de janeiro por meio do Portal do Simples Nacional.<\/p>\n\n\n\n<h4 class=\"wp-block-heading\">Pontos de aten\u00e7\u00e3o<\/h4>\n\n\n\n<p>Quem tem d\u00e9bitos referentes ao ano passado tamb\u00e9m pode providenciar o parcelamento das d\u00edvidas a partir deste ano, lembrando que apenas os d\u00e9bitos dos \u00faltimos cinco anos s\u00e3o exigidos. Outra quest\u00e3o \u00e9 que a aplica\u00e7\u00e3o da Lei de Liberdade Econ\u00f4mica considerou todas as atividades do MEI como \u2018baixo risco\u2019, o que permite a dispensa do alvar\u00e1 de funcionamento.<\/p>\n\n\n\n<p>Por\u00e9m, \u00e9 recomendado que o empreendedor verifique a legisla\u00e7\u00e3o do munic\u00edpio onde quer atuar antes de iniciar as atividades. Em 2020, 2,6 milh\u00f5es de MEIs entraram no mercado, segundo o Sebrae, e atualmente eles s\u00e3o 11,3 milh\u00f5es de pessoas no Brasil, considerando as baixas e exclus\u00f5es. Em meio \u00e0 crise gerada pela pandemia do novo coronav\u00edrus, muitas pessoas viram no empreendedorismo uma fonte de renda. Para quem deseja abrir o pr\u00f3prio neg\u00f3cio neste ano, a lista de atividades permitidas para MEI pode ser consultada no seguinte link: https:\/\/www.gov.br\/empresas-e-negocios\/pt-br\/empreendedor\/quero-ser-mei\/atividades-permitidas.<\/p>\n","protected":false},"excerpt":{"rendered":"<p>Vale procurar um contador a fim de fazer a migra\u00e7\u00e3o e evitar recolhimentos retroativos Fonte: Estad\u00e3o Conte\u00fado O microempreendedor individual (MEI) que em 2020 excedeu o limite de faturamento em at\u00e9 20%, n\u00e3o ultrapassando R$ 97,2 mil, deve ficar atento para a mudan\u00e7a de categoria, se encaixando em microempresa. Vale procurar um contador a fim [&hellip;]<\/p>\n","protected":false},"author":1,"featured_media":2405,"comment_status":"open","ping_status":"open","sticky":false,"template":"","format":"standard","meta":{"jetpack_post_was_ever_published":false,"_jetpack_newsletter_access":"","_jetpack_dont_email_post_to_subs":false,"_jetpack_newsletter_tier_id":0,"_jetpack_memberships_contains_paywalled_content":false,"_jetpack_memberships_contains_paid_content":false,"footnotes":"","jetpack_publicize_message":"","jetpack_publicize_feature_enabled":true,"jetpack_social_post_already_shared":true,"jetpack_social_options":{"image_generator_settings":{"template":"highway","default_image_id":0,"font":"","enabled":false},"version":2}},"categories":[60],"tags":[816,817,309],"class_list":["post-2404","post","type-post","status-publish","format-standard","has-post-thumbnail","hentry","category-consultoria","tag-faturamento","tag-limite","tag-microempresa"],"jetpack_publicize_connections":[],"jetpack_featured_media_url":"https:\/\/i0.wp.com\/cfcontabil.com\/cf\/wp-content\/uploads\/2021\/01\/faturamento-1280x720-1.jpg?fit=1280%2C720","jetpack_sharing_enabled":true,"jetpack_shortlink":"https:\/\/wp.me\/p2wklX-CM","jetpack-related-posts":[{"id":2396,"url":"http:\/\/cfcontabil.com\/cf\/mei-precisa-ficar-atento-as-obrigacoes-de-inicio-de-ano\/","url_meta":{"origin":2404,"position":0},"title":"MEI precisa ficar atento \u00e0s obriga\u00e7\u00f5es de in\u00edcio de ano","author":"Ab\u00edlio Gon\u00e7alves","date":"8 de janeiro de 2021","format":false,"excerpt":"A cada final de ano o governo federal informa quais ocupa\u00e7\u00f5es poder\u00e3o recolher impostos como MEI O prazo para a declara\u00e7\u00e3o anual de rendimento do MEI (DASN-SIMEI) j\u00e1 come\u00e7ou e vai at\u00e9 o dia 31 de maio de 2021. O Microempreendedor Individual tamb\u00e9m deve observar as mudan\u00e7as no Portal do\u2026","rel":"","context":"Em &quot;Consultoria Empresarial&quot;","block_context":{"text":"Consultoria Empresarial","link":"http:\/\/cfcontabil.com\/cf\/category\/consultoria\/"},"img":{"alt_text":"","src":"https:\/\/i0.wp.com\/cfcontabil.com\/cf\/wp-content\/uploads\/2020\/04\/MEI-1200x675-1.png?fit=1200%2C675&resize=350%2C200","width":350,"height":200,"srcset":"https:\/\/i0.wp.com\/cfcontabil.com\/cf\/wp-content\/uploads\/2020\/04\/MEI-1200x675-1.png?fit=1200%2C675&resize=350%2C200 1x, https:\/\/i0.wp.com\/cfcontabil.com\/cf\/wp-content\/uploads\/2020\/04\/MEI-1200x675-1.png?fit=1200%2C675&resize=525%2C300 1.5x, https:\/\/i0.wp.com\/cfcontabil.com\/cf\/wp-content\/uploads\/2020\/04\/MEI-1200x675-1.png?fit=1200%2C675&resize=700%2C400 2x, https:\/\/i0.wp.com\/cfcontabil.com\/cf\/wp-content\/uploads\/2020\/04\/MEI-1200x675-1.png?fit=1200%2C675&resize=1050%2C600 3x"},"classes":[]},{"id":1135,"url":"http:\/\/cfcontabil.com\/cf\/microempreendedor-individual-tambem-precisa-declarar-ir\/","url_meta":{"origin":2404,"position":1},"title":"Microempreendedor individual tamb\u00e9m precisa declarar IR","author":"Ab\u00edlio Gon\u00e7alves","date":"26 de abril de 2017","format":false,"excerpt":"Mesmo que n\u00e3o tenha emitido nota fiscal, profissional enquadrado como MEI tamb\u00e9m deve prestar contas Com o crescente saldo negativo de postos de trabalho, a sa\u00edda para muitos brasileiros foi virar um Microempreendedor Individual, o MEI. At\u00e9 a \u00faltima semana, o Pa\u00eds tinha 6,8 milh\u00f5es de pessoas registradas com atividade\u2026","rel":"","context":"Em &quot;Departamento Fiscal&quot;","block_context":{"text":"Departamento Fiscal","link":"http:\/\/cfcontabil.com\/cf\/category\/df\/"},"img":{"alt_text":"","src":"https:\/\/i0.wp.com\/cfcontabil.com\/cf\/wp-content\/uploads\/2017\/03\/mei-micro-empreendedor-individual-696x287-1.jpg?fit=696%2C287&resize=350%2C200","width":350,"height":200,"srcset":"https:\/\/i0.wp.com\/cfcontabil.com\/cf\/wp-content\/uploads\/2017\/03\/mei-micro-empreendedor-individual-696x287-1.jpg?fit=696%2C287&resize=350%2C200 1x, https:\/\/i0.wp.com\/cfcontabil.com\/cf\/wp-content\/uploads\/2017\/03\/mei-micro-empreendedor-individual-696x287-1.jpg?fit=696%2C287&resize=525%2C300 1.5x"},"classes":[]},{"id":3482,"url":"http:\/\/cfcontabil.com\/cf\/mei-em-2026-guia-completo-sobre-irpf-e-reforma-tributaria\/","url_meta":{"origin":2404,"position":2},"title":"MEI em 2026: Guia Completo sobre IRPF e Reforma Tribut\u00e1ria","author":"Ab\u00edlio Gon\u00e7alves","date":"21 de janeiro de 2026","format":false,"excerpt":"Mais de 15 milh\u00f5es de MEIs precisam se adaptar \u00e0s novas regras fiscais de 2026, incluindo tributa\u00e7\u00e3o de lucros e emiss\u00e3o obrigat\u00f3ria de notas fiscais. Este guia pr\u00e1tico mostra como transformar obriga\u00e7\u00f5es em vantagens para o seu crescimento. Com exemplos reais e c\u00e1lculos, voc\u00ea sai preparado para declarar corretamente e\u2026","rel":"","context":"Em &quot;Geral&quot;","block_context":{"text":"Geral","link":"http:\/\/cfcontabil.com\/cf\/category\/geral\/"},"img":{"alt_text":"","src":"https:\/\/i0.wp.com\/cfcontabil.com\/cf\/wp-content\/uploads\/2026\/01\/image.png?fit=991%2C553&resize=350%2C200","width":350,"height":200,"srcset":"https:\/\/i0.wp.com\/cfcontabil.com\/cf\/wp-content\/uploads\/2026\/01\/image.png?fit=991%2C553&resize=350%2C200 1x, https:\/\/i0.wp.com\/cfcontabil.com\/cf\/wp-content\/uploads\/2026\/01\/image.png?fit=991%2C553&resize=525%2C300 1.5x, https:\/\/i0.wp.com\/cfcontabil.com\/cf\/wp-content\/uploads\/2026\/01\/image.png?fit=991%2C553&resize=700%2C400 2x"},"classes":[]},{"id":1869,"url":"http:\/\/cfcontabil.com\/cf\/receita-federal-ameaca-17-mil-empresas-por-dividas-no-df\/","url_meta":{"origin":2404,"position":3},"title":"Receita Federal amea\u00e7a 17 mil empresas por d\u00edvidas no DF","author":"Ab\u00edlio Gon\u00e7alves","date":"11 de novembro de 2019","format":false,"excerpt":"Inadimpl\u00eancia deve ser quitada at\u00e9 fim do ano para que empresariado n\u00e3o seja for\u00e7ado a deixar o Simples Nacional e ver riscos ao neg\u00f3cio Receita Federal\u00a0decidiu mirar em 17.304 microempresas e empresas de pequeno porte do Distrito Federal que optaram pelo sistema\u00a0Simples Nacional\u00a0e mant\u00eam d\u00edvidas com o Fisco nacional. A\u2026","rel":"","context":"Em &quot;Departamento Fiscal&quot;","block_context":{"text":"Departamento Fiscal","link":"http:\/\/cfcontabil.com\/cf\/category\/df\/"},"img":{"alt_text":"","src":"https:\/\/i0.wp.com\/cfcontabil.com\/cf\/wp-content\/uploads\/2017\/02\/receita-federal-1-1.png?fit=702%2C325&resize=350%2C200","width":350,"height":200,"srcset":"https:\/\/i0.wp.com\/cfcontabil.com\/cf\/wp-content\/uploads\/2017\/02\/receita-federal-1-1.png?fit=702%2C325&resize=350%2C200 1x, https:\/\/i0.wp.com\/cfcontabil.com\/cf\/wp-content\/uploads\/2017\/02\/receita-federal-1-1.png?fit=702%2C325&resize=525%2C300 1.5x, https:\/\/i0.wp.com\/cfcontabil.com\/cf\/wp-content\/uploads\/2017\/02\/receita-federal-1-1.png?fit=702%2C325&resize=700%2C400 2x"},"classes":[]},{"id":2682,"url":"http:\/\/cfcontabil.com\/cf\/empresa-de-marketing-digital-mei-ou-ltda\/","url_meta":{"origin":2404,"position":4},"title":"Empresa de Marketing Digital, MEI ou LTDA?","author":"Ab\u00edlio Gon\u00e7alves","date":"30 de dezembro de 2021","format":false,"excerpt":"Empresa de Marketing Digital, MEI ou LTDA?","rel":"","context":"Em &quot;Digital&quot;","block_context":{"text":"Digital","link":"http:\/\/cfcontabil.com\/cf\/category\/digital\/"},"img":{"alt_text":"","src":"https:\/\/i0.wp.com\/cfcontabil.com\/cf\/wp-content\/uploads\/2021\/12\/mkt-digital-de-CF-Contabil-Logo-2.png?fit=1200%2C675&resize=350%2C200","width":350,"height":200,"srcset":"https:\/\/i0.wp.com\/cfcontabil.com\/cf\/wp-content\/uploads\/2021\/12\/mkt-digital-de-CF-Contabil-Logo-2.png?fit=1200%2C675&resize=350%2C200 1x, https:\/\/i0.wp.com\/cfcontabil.com\/cf\/wp-content\/uploads\/2021\/12\/mkt-digital-de-CF-Contabil-Logo-2.png?fit=1200%2C675&resize=525%2C300 1.5x, https:\/\/i0.wp.com\/cfcontabil.com\/cf\/wp-content\/uploads\/2021\/12\/mkt-digital-de-CF-Contabil-Logo-2.png?fit=1200%2C675&resize=700%2C400 2x, https:\/\/i0.wp.com\/cfcontabil.com\/cf\/wp-content\/uploads\/2021\/12\/mkt-digital-de-CF-Contabil-Logo-2.png?fit=1200%2C675&resize=1050%2C600 3x"},"classes":[]},{"id":1050,"url":"http:\/\/cfcontabil.com\/cf\/imposto-de-renda-2017-mei-como-declarar-os-rendimentos\/","url_meta":{"origin":2404,"position":5},"title":"Imposto de Renda 2017: MEI, como declarar os rendimentos?","author":"Ab\u00edlio Gon\u00e7alves","date":"11 de mar\u00e7o de 2017","format":false,"excerpt":"Com o in\u00edcio do per\u00edodo de entrega do do Imposto de Renda de 2017 - de 2 de mar\u00e7o a 28 de abril -, d\u00favidas come\u00e7am a surgir sobre o processo de declara\u00e7\u00e3o. Atrav\u00e9s do servi\u00e7o tira-d\u00favidas lan\u00e7ado por O GLOBO e Extra, leitores enviaram perguntas sobre como deve ser\u2026","rel":"","context":"Em &quot;Departamento Fiscal&quot;","block_context":{"text":"Departamento Fiscal","link":"http:\/\/cfcontabil.com\/cf\/category\/df\/"},"img":{"alt_text":"","src":"https:\/\/i0.wp.com\/cfcontabil.com\/cf\/wp-content\/uploads\/2017\/02\/irpfrfb-1.jpg?fit=640%2C340&resize=350%2C200","width":350,"height":200,"srcset":"https:\/\/i0.wp.com\/cfcontabil.com\/cf\/wp-content\/uploads\/2017\/02\/irpfrfb-1.jpg?fit=640%2C340&resize=350%2C200 1x, https:\/\/i0.wp.com\/cfcontabil.com\/cf\/wp-content\/uploads\/2017\/02\/irpfrfb-1.jpg?fit=640%2C340&resize=525%2C300 1.5x"},"classes":[]}],"jetpack_likes_enabled":true,"_links":{"self":[{"href":"http:\/\/cfcontabil.com\/cf\/wp-json\/wp\/v2\/posts\/2404","targetHints":{"allow":["GET"]}}],"collection":[{"href":"http:\/\/cfcontabil.com\/cf\/wp-json\/wp\/v2\/posts"}],"about":[{"href":"http:\/\/cfcontabil.com\/cf\/wp-json\/wp\/v2\/types\/post"}],"author":[{"embeddable":true,"href":"http:\/\/cfcontabil.com\/cf\/wp-json\/wp\/v2\/users\/1"}],"replies":[{"embeddable":true,"href":"http:\/\/cfcontabil.com\/cf\/wp-json\/wp\/v2\/comments?post=2404"}],"version-history":[{"count":1,"href":"http:\/\/cfcontabil.com\/cf\/wp-json\/wp\/v2\/posts\/2404\/revisions"}],"predecessor-version":[{"id":2406,"href":"http:\/\/cfcontabil.com\/cf\/wp-json\/wp\/v2\/posts\/2404\/revisions\/2406"}],"wp:featuredmedia":[{"embeddable":true,"href":"http:\/\/cfcontabil.com\/cf\/wp-json\/wp\/v2\/media\/2405"}],"wp:attachment":[{"href":"http:\/\/cfcontabil.com\/cf\/wp-json\/wp\/v2\/media?parent=2404"}],"wp:term":[{"taxonomy":"category","embeddable":true,"href":"http:\/\/cfcontabil.com\/cf\/wp-json\/wp\/v2\/categories?post=2404"},{"taxonomy":"post_tag","embeddable":true,"href":"http:\/\/cfcontabil.com\/cf\/wp-json\/wp\/v2\/tags?post=2404"}],"curies":[{"name":"wp","href":"https:\/\/api.w.org\/{rel}","templated":true}]}}