{"id":2425,"date":"2021-04-29T12:49:14","date_gmt":"2021-04-29T15:49:14","guid":{"rendered":"https:\/\/cfcontabil.com\/cf\/?p=2425"},"modified":"2021-04-29T12:49:19","modified_gmt":"2021-04-29T15:49:19","slug":"mp-1-046-altera-regras-para-teletrabalho-antecipacao-de-ferias-e-feriados-e-fgts","status":"publish","type":"post","link":"http:\/\/cfcontabil.com\/cf\/mp-1-046-altera-regras-para-teletrabalho-antecipacao-de-ferias-e-feriados-e-fgts\/","title":{"rendered":"MP 1.046 altera regras para teletrabalho, antecipa\u00e7\u00e3o de f\u00e9rias e feriados e FGTS"},"content":{"rendered":"\n<p>O Di\u00e1rio Oficial da Uni\u00e3o publicou nesta quarta-feira (28) a Medida Provis\u00f3ria 1.046\/2021 que flexibiliza as regras trabalhistas para permitir teletrabalho, antecipa\u00e7\u00e3o de\u00a0f\u00e9rias\u00a0individuais, concess\u00e3o de\u00a0f\u00e9rias\u00a0coletivas e diferimento do recolhimento das contribui\u00e7\u00f5es ao Fundo de Garantia do Tempo de Servi\u00e7o\u00a0(FGTS)\u00a0.<\/p>\n\n\n\n<p>Segundo o governo, o objetivo da MP \u00e9 atenuar o impacto econ\u00f4mico das medidas de isolamento social adotadas para a conten\u00e7\u00e3o da transmiss\u00e3o da covid-19.<\/p>\n\n\n\n<p>A proposta \u00e9 semelhante \u00e0 Medida Provis\u00f3ria 927\/2020, que n\u00e3o foi convertida em lei pelo Congresso Nacional e teve o prazo de vig\u00eancia encerrado em julho do ano passado.<\/p>\n\n\n\n<h3 class=\"wp-block-heading\"><strong>Teletrabalho<\/strong><\/h3>\n\n\n\n<p>A MP prev\u00ea que durante o prazo de 120 dias a partir da sua publica\u00e7\u00e3o, o empregador poder\u00e1 alterar o regime de trabalho presencial para o teletrabalho, o trabalho remoto ou outro tipo de trabalho a dist\u00e2ncia e determinar o retorno ao regime de trabalho presencial, independentemente da exist\u00eancia de acordos individuais ou coletivos.<\/p>\n\n\n\n<p>\u201cO teletrabalho, nas atividades poss\u00edveis e havendo os meios necess\u00e1rios, \u00e9 a forma de trabalho mais adequada ao estado de emerg\u00eancia atual, uma vez que possibilita o exerc\u00edcio do trabalho fora das depend\u00eancias do empregador\u201d, disse a Secretaria-Geral da Presid\u00eancia em um comunicado.<\/p>\n\n\n\n<h3 class=\"wp-block-heading\"><strong>Antecipa\u00e7\u00e3o das f\u00e9rias<\/strong><\/h3>\n\n\n\n<p>O empregador poder\u00e1 tamb\u00e9m antecipar as\u00a0f\u00e9rias\u00a0do empregado, devendo inform\u00e1-lo com anteced\u00eancia de, no m\u00ednimo, 48 horas, por escrito ou por meio eletr\u00f4nico. As\u00a0f\u00e9rias\u00a0n\u00e3o poder\u00e3o ser menores que cinco dias corridos e poder\u00e3o ser concedidas por ato do empregador, ainda que o per\u00edodo aquisitivo n\u00e3o tenha transcorrido.<\/p>\n\n\n\n<p>Para as\u00a0f\u00e9rias\u00a0concedidas durante o estado de calamidade p\u00fablica, o empregador poder\u00e1 optar por efetuar o pagamento do adicional de um ter\u00e7o de\u00a0f\u00e9rias\u00a0ap\u00f3s sua concess\u00e3o, at\u00e9 a data em que \u00e9 devida a gratifica\u00e7\u00e3o natalina.<\/p>\n\n\n\n<p>Al\u00e9m disso, o empregador tamb\u00e9m poder\u00e1 conceder\u00a0f\u00e9rias\u00a0coletivas e, devendo notificar o conjunto de empregados afetados com anteced\u00eancia de 48 horas, sem a necessidade de observar o limite m\u00e1ximo de per\u00edodos anuais e o limite m\u00ednimo de dias corridos previstos na Consolida\u00e7\u00e3o das Leis do Trabalho.\u00a0<\/p>\n\n\n\n<h3 class=\"wp-block-heading\"><strong>Antecipa\u00e7\u00e3o de feriados<\/strong><\/h3>\n\n\n\n<p>A empresa tamb\u00e9m pode antecipar o gozo de feriados federais, estaduais, distritais e municipais, inclu\u00eddos os religiosos, devendo igualmente notificar o conjunto de empregados afetados com anteced\u00eancia de 48 horas.&nbsp;<\/p>\n\n\n\n<p>Poder\u00e1 haver, por meio de acordo individual ou coletivo escrito, a interrup\u00e7\u00e3o das atividades pelo empregador e a constitui\u00e7\u00e3o de regime especial de compensa\u00e7\u00e3o de jornada, por meio de banco de horas, para a compensa\u00e7\u00e3o no prazo de at\u00e9 18 meses, contado da data de encerramento do per\u00edodo 120 dias ap\u00f3s a publica\u00e7\u00e3o da MP.<\/p>\n\n\n\n<h3 class=\"wp-block-heading\"><strong>Exames m\u00e9dicos ocupacionais<\/strong><\/h3>\n\n\n\n<p>A MP tamb\u00e9m suspende a obrigatoriedade de realiza\u00e7\u00e3o dos exames m\u00e9dicos ocupacionais, cl\u00ednicos e complementares, exceto dos exames demissionais, dos trabalhadores que estejam em regime de teletrabalho, salvo no caso dos trabalhadores da \u00e1rea de sa\u00fade e das \u00e1reas auxiliares em efetivo exerc\u00edcio em ambiente hospitalar.<\/p>\n\n\n\n<p>O m\u00e9dico poder\u00e1 indicar a necessidade da realiza\u00e7\u00e3o dos exames se considerar que a prorroga\u00e7\u00e3o representa risco para a sa\u00fade do empregado.<\/p>\n\n\n\n<p>Fica mantida a obrigatoriedade de realiza\u00e7\u00e3o de exames ocupacionais e de treinamentos peri\u00f3dicos aos trabalhadores da \u00e1rea de sa\u00fade e das \u00e1reas auxiliares em efetivo exerc\u00edcio em ambiente hospitalar.<\/p>\n\n\n\n<h3 class=\"wp-block-heading\"><strong>Adiamento do FGTS<\/strong><\/h3>\n\n\n\n<p>A Medida Provis\u00f3ria tamb\u00e9m suspendeu a exigibilidade do recolhimento\u00a0FGTS\u00a0pelos empregadores, referente \u00e0s compet\u00eancias de abril, maio, junho e julho de 2021, com vencimento em maio, junho, julho e agosto de 2021.\u00a0<\/p>\n\n\n\n<p>O pagamento poder\u00e1 ser realizado em at\u00e9 quatro parcelas mensais, com vencimento a partir de setembro de 2021.<\/p>\n\n\n\n<h3 class=\"wp-block-heading\"><strong>Prorroga\u00e7\u00e3o de jornada<\/strong><\/h3>\n\n\n\n<p>Estabelecimentos de sa\u00fade poder\u00e3o, por meio de acordo individual escrito, prorrogar a jornada, nos termos do disposto no art. 61 da Consolida\u00e7\u00e3o das Leis do Trabalho, inclusive para as atividades insalubres e para a jornada de 12 horas de trabalho por 36 horas de descanso, bem como adotar escalas de horas suplementares entre a 13 e a 24 hora do intervalo interjornada. As horas suplementares ser\u00e3o compensadas, no prazo de 18 meses, por meio de banco de horas ou remuneradas como hora extra.<\/p>\n\n\n\n<h3 class=\"wp-block-heading\"><strong>Outras disposi\u00e7\u00f5es<\/strong><\/h3>\n\n\n\n<p>Permite a utiliza\u00e7\u00e3o de meios eletr\u00f4nicos para cumprimento dos requisitos formais previstos na\u00a0CLT\u00a0sobre a realiza\u00e7\u00e3o de Conven\u00e7\u00f5es Coletivas. Os prazos previstos s\u00e3o reduzidos pela metade.<\/p>\n\n\n\n<p><\/p>\n\n\n\n<p>Fonte: Cont\u00e1beis<\/p>\n","protected":false},"excerpt":{"rendered":"<p>O Di\u00e1rio Oficial da Uni\u00e3o publicou nesta quarta-feira (28) a Medida Provis\u00f3ria 1.046\/2021 que flexibiliza as regras trabalhistas para permitir teletrabalho, antecipa\u00e7\u00e3o de\u00a0f\u00e9rias\u00a0individuais, concess\u00e3o de\u00a0f\u00e9rias\u00a0coletivas e diferimento do recolhimento das contribui\u00e7\u00f5es ao Fundo de Garantia do Tempo de Servi\u00e7o\u00a0(FGTS)\u00a0. Segundo o governo, o objetivo da MP \u00e9 atenuar o impacto econ\u00f4mico das medidas de isolamento [&hellip;]<\/p>\n","protected":false},"author":1,"featured_media":2426,"comment_status":"open","ping_status":"open","sticky":false,"template":"","format":"standard","meta":{"jetpack_post_was_ever_published":false,"_jetpack_newsletter_access":"","_jetpack_dont_email_post_to_subs":false,"_jetpack_newsletter_tier_id":0,"_jetpack_memberships_contains_paywalled_content":false,"_jetpack_memberships_contains_paid_content":false,"footnotes":"","jetpack_publicize_message":"","jetpack_publicize_feature_enabled":true,"jetpack_social_post_already_shared":true,"jetpack_social_options":{"image_generator_settings":{"template":"highway","default_image_id":0,"font":"","enabled":false},"version":2}},"categories":[22],"tags":[754,819,820,91,79,818,45],"class_list":["post-2425","post","type-post","status-publish","format-standard","has-post-thumbnail","hentry","category-geral","tag-coronavirus","tag-covid","tag-feriados","tag-ferias","tag-fgts","tag-teletrabalho","tag-trabalho"],"jetpack_publicize_connections":[],"jetpack_featured_media_url":"https:\/\/i0.wp.com\/cfcontabil.com\/cf\/wp-content\/uploads\/2021\/04\/teletrabalho.jpeg?fit=512%2C213","jetpack_sharing_enabled":true,"jetpack_shortlink":"https:\/\/wp.me\/p2wklX-D7","jetpack-related-posts":[{"id":2224,"url":"http:\/\/cfcontabil.com\/cf\/fgts-e-ferias-de-domesticas-o-que-preciso-fazer-no-esocial\/","url_meta":{"origin":2425,"position":0},"title":"FGTS e F\u00e9rias de Dom\u00e9sticas: O que preciso fazer no eSocial?","author":"Ab\u00edlio Gon\u00e7alves","date":"5 de abril de 2020","format":false,"excerpt":"A MP 927\/2020 permite a todos os empregadores suspender o recolhimento de FGTS at\u00e9 maio. A MP 927\/2020 permitiu a suspens\u00e3o de recolhimento do Fundo de Garantia por Tempo de Servi\u00e7o,\u00a0FGTS,\u00a0por parte dos empregadores. Com a medida, fica suspensa a obrigatoriedade do recolhimento referente aos per\u00edodos de mar\u00e7o, abril e\u2026","rel":"","context":"Em &quot;Departamento Pessoal&quot;","block_context":{"text":"Departamento Pessoal","link":"http:\/\/cfcontabil.com\/cf\/category\/dp\/"},"img":{"alt_text":"","src":"https:\/\/i0.wp.com\/cfcontabil.com\/cf\/wp-content\/uploads\/2020\/04\/mp927.jpeg?fit=768%2C423&resize=350%2C200","width":350,"height":200,"srcset":"https:\/\/i0.wp.com\/cfcontabil.com\/cf\/wp-content\/uploads\/2020\/04\/mp927.jpeg?fit=768%2C423&resize=350%2C200 1x, https:\/\/i0.wp.com\/cfcontabil.com\/cf\/wp-content\/uploads\/2020\/04\/mp927.jpeg?fit=768%2C423&resize=525%2C300 1.5x, https:\/\/i0.wp.com\/cfcontabil.com\/cf\/wp-content\/uploads\/2020\/04\/mp927.jpeg?fit=768%2C423&resize=700%2C400 2x"},"classes":[]},{"id":2015,"url":"http:\/\/cfcontabil.com\/cf\/governo-extingue-multa-de-10-sobre-fgts-paga-por-empresas\/","url_meta":{"origin":2425,"position":1},"title":"Governo extingue multa de 10% sobre FGTS paga por empresas","author":"Ab\u00edlio Gon\u00e7alves","date":"13 de dezembro de 2019","format":false,"excerpt":"Lei publicada no Di\u00e1rio Oficial autoriza saque-anivers\u00e1rio e traz mudan\u00e7as no Fundo, entre elas, o fim da contribui\u00e7\u00e3o em caso de demiss\u00e3o sem justa causa As empresas passar\u00e3o a pagar menos encargos em casos de demiss\u00e3o sem justa causa. A\u00a0Lei n\u00ba 13.932, publicada no DOU (Di\u00e1rio Oficial da Uni\u00e3o) nesta\u2026","rel":"","context":"Em &quot;Departamento Pessoal&quot;","block_context":{"text":"Departamento Pessoal","link":"http:\/\/cfcontabil.com\/cf\/category\/dp\/"},"img":{"alt_text":"","src":"https:\/\/i0.wp.com\/cfcontabil.com\/cf\/wp-content\/uploads\/2019\/12\/FGTS-ctps.jpg?fit=600%2C335&resize=350%2C200","width":350,"height":200,"srcset":"https:\/\/i0.wp.com\/cfcontabil.com\/cf\/wp-content\/uploads\/2019\/12\/FGTS-ctps.jpg?fit=600%2C335&resize=350%2C200 1x, https:\/\/i0.wp.com\/cfcontabil.com\/cf\/wp-content\/uploads\/2019\/12\/FGTS-ctps.jpg?fit=600%2C335&resize=525%2C300 1.5x"},"classes":[]},{"id":1229,"url":"http:\/\/cfcontabil.com\/cf\/governo-regulamenta-saque-das-contas-inativas-do-fgts-previsto-na-mp-7632016\/","url_meta":{"origin":2425,"position":2},"title":"Governo regulamenta saque das contas inativas do FGTS previsto na MP 763\/2016","author":"Ab\u00edlio Gon\u00e7alves","date":"3 de mar\u00e7o de 2017","format":false,"excerpt":"DECRETO 8.989, DE 14-2-2017 (DO-U DE 15-2-2017) \u00a0 MOVIMENTA\u00c7\u00c3O DA CONTA \u2013 Hip\u00f3teses \u00a0 Governo regulamenta saque das contas inativas do FGTS previsto na MP 763\/2016 O Ato em refer\u00eancia acrescenta os \u00a7\u00a7 9\u00ba e 10 ao artigo 35 do\u00a0Decreto 99.684, de 8-11-90, que consolida as normas relativas ao FGTS,\u2026","rel":"","context":"Em &quot;Departamento Pessoal&quot;","block_context":{"text":"Departamento Pessoal","link":"http:\/\/cfcontabil.com\/cf\/category\/dp\/"},"img":{"alt_text":"","src":"https:\/\/i0.wp.com\/cfcontabil.com\/cf\/wp-content\/uploads\/2017\/03\/FGTS1-1.jpg?fit=1200%2C702&resize=350%2C200","width":350,"height":200,"srcset":"https:\/\/i0.wp.com\/cfcontabil.com\/cf\/wp-content\/uploads\/2017\/03\/FGTS1-1.jpg?fit=1200%2C702&resize=350%2C200 1x, https:\/\/i0.wp.com\/cfcontabil.com\/cf\/wp-content\/uploads\/2017\/03\/FGTS1-1.jpg?fit=1200%2C702&resize=525%2C300 1.5x, https:\/\/i0.wp.com\/cfcontabil.com\/cf\/wp-content\/uploads\/2017\/03\/FGTS1-1.jpg?fit=1200%2C702&resize=700%2C400 2x, https:\/\/i0.wp.com\/cfcontabil.com\/cf\/wp-content\/uploads\/2017\/03\/FGTS1-1.jpg?fit=1200%2C702&resize=1050%2C600 3x"},"classes":[]},{"id":2215,"url":"http:\/\/cfcontabil.com\/cf\/ponto-a-ponto-mp-936-2020-entenda-cortes-salariais-suspensoes-e-beneficio\/","url_meta":{"origin":2425,"position":3},"title":"Ponto a ponto MP 936\/2020: Entenda cortes salariais, suspens\u00f5es e benef\u00edcio","author":"Ab\u00edlio Gon\u00e7alves","date":"2 de abril de 2020","format":false,"excerpt":"A MP 936\/2020 possibilita o corte salarial de at\u00e9 70%, suspens\u00e3o do contrato de trabalho e benef\u00edcio emergencial. Entenda ponto a ponto O Di\u00e1rio Oficial da Uni\u00e3o publicou nesta quarta-feira, 01, a MP 936\/2020 que institui o Programa Emergencial de Manuten\u00e7\u00e3o do Emprego e da Renda. Em suma, a norma\u2026","rel":"","context":"Em &quot;Departamento Pessoal&quot;","block_context":{"text":"Departamento Pessoal","link":"http:\/\/cfcontabil.com\/cf\/category\/dp\/"},"img":{"alt_text":"","src":"https:\/\/i0.wp.com\/cfcontabil.com\/cf\/wp-content\/uploads\/2020\/04\/emprego-4.jpg.pagespeed.ic_.4H7FnGacfP.jpg?fit=1086%2C652&resize=350%2C200","width":350,"height":200,"srcset":"https:\/\/i0.wp.com\/cfcontabil.com\/cf\/wp-content\/uploads\/2020\/04\/emprego-4.jpg.pagespeed.ic_.4H7FnGacfP.jpg?fit=1086%2C652&resize=350%2C200 1x, https:\/\/i0.wp.com\/cfcontabil.com\/cf\/wp-content\/uploads\/2020\/04\/emprego-4.jpg.pagespeed.ic_.4H7FnGacfP.jpg?fit=1086%2C652&resize=525%2C300 1.5x, https:\/\/i0.wp.com\/cfcontabil.com\/cf\/wp-content\/uploads\/2020\/04\/emprego-4.jpg.pagespeed.ic_.4H7FnGacfP.jpg?fit=1086%2C652&resize=700%2C400 2x, https:\/\/i0.wp.com\/cfcontabil.com\/cf\/wp-content\/uploads\/2020\/04\/emprego-4.jpg.pagespeed.ic_.4H7FnGacfP.jpg?fit=1086%2C652&resize=1050%2C600 3x"},"classes":[]},{"id":1265,"url":"http:\/\/cfcontabil.com\/cf\/reforma-trabalhista-como-era-e-como-ficara\/","url_meta":{"origin":2425,"position":4},"title":"Reforma trabalhista: como era e como ficar\u00e1?","author":"Ab\u00edlio Gon\u00e7alves","date":"27 de julho de 2017","format":false,"excerpt":"Reforma trabalhista, uma das principais mudan\u00e7as ansiosamente aguardada por empres\u00e1rios e industriais, \u00a0foi\u00a0publicada no Di\u00e1rio Oficial da Uni\u00e3o, no dia\u00a014 de julho de 2017, sob forma de\u00a0Lei n\u00ba 13.467. Segundo o Executivo Nacional, as 100 mudan\u00e7as na Consolida\u00e7\u00e3o das Leis do Trabalho \u2013 CLT, que entrar\u00e3o em vigor em novembro\u2026","rel":"","context":"Em &quot;Departamento Pessoal&quot;","block_context":{"text":"Departamento Pessoal","link":"http:\/\/cfcontabil.com\/cf\/category\/dp\/"},"img":{"alt_text":"","src":"https:\/\/i0.wp.com\/cfcontabil.com\/cf\/wp-content\/uploads\/2017\/05\/carteira-de-trabalho-1.jpg?fit=590%2C302&resize=350%2C200","width":350,"height":200,"srcset":"https:\/\/i0.wp.com\/cfcontabil.com\/cf\/wp-content\/uploads\/2017\/05\/carteira-de-trabalho-1.jpg?fit=590%2C302&resize=350%2C200 1x, https:\/\/i0.wp.com\/cfcontabil.com\/cf\/wp-content\/uploads\/2017\/05\/carteira-de-trabalho-1.jpg?fit=590%2C302&resize=525%2C300 1.5x"},"classes":[]},{"id":2392,"url":"http:\/\/cfcontabil.com\/cf\/com-o-fim-de-medida-empresas-retomam-horario-e-salario-integrais\/","url_meta":{"origin":2425,"position":5},"title":"Com o fim de medida, empresas retomam hor\u00e1rio e sal\u00e1rio integrais","author":"Ab\u00edlio Gon\u00e7alves","date":"6 de janeiro de 2021","format":false,"excerpt":"A medida do governo que permitia o corte de sal\u00e1rios e a redu\u00e7\u00e3o da jornada de trabalho, como forma de proteger os empregos no per\u00edodo de pandemia, terminou em 31 de dezembro de 2020. Desde o in\u00edcio do m\u00eas, os empregadores devem retornar com o hor\u00e1rio e pagamento integrais aos\u2026","rel":"","context":"Em &quot;Geral&quot;","block_context":{"text":"Geral","link":"http:\/\/cfcontabil.com\/cf\/category\/geral\/"},"img":{"alt_text":"","src":"https:\/\/i0.wp.com\/cfcontabil.com\/cf\/wp-content\/uploads\/2020\/04\/emprego-4.jpg.pagespeed.ic_.4H7FnGacfP.jpg?fit=1086%2C652&resize=350%2C200","width":350,"height":200,"srcset":"https:\/\/i0.wp.com\/cfcontabil.com\/cf\/wp-content\/uploads\/2020\/04\/emprego-4.jpg.pagespeed.ic_.4H7FnGacfP.jpg?fit=1086%2C652&resize=350%2C200 1x, https:\/\/i0.wp.com\/cfcontabil.com\/cf\/wp-content\/uploads\/2020\/04\/emprego-4.jpg.pagespeed.ic_.4H7FnGacfP.jpg?fit=1086%2C652&resize=525%2C300 1.5x, https:\/\/i0.wp.com\/cfcontabil.com\/cf\/wp-content\/uploads\/2020\/04\/emprego-4.jpg.pagespeed.ic_.4H7FnGacfP.jpg?fit=1086%2C652&resize=700%2C400 2x, https:\/\/i0.wp.com\/cfcontabil.com\/cf\/wp-content\/uploads\/2020\/04\/emprego-4.jpg.pagespeed.ic_.4H7FnGacfP.jpg?fit=1086%2C652&resize=1050%2C600 3x"},"classes":[]}],"jetpack_likes_enabled":true,"_links":{"self":[{"href":"http:\/\/cfcontabil.com\/cf\/wp-json\/wp\/v2\/posts\/2425","targetHints":{"allow":["GET"]}}],"collection":[{"href":"http:\/\/cfcontabil.com\/cf\/wp-json\/wp\/v2\/posts"}],"about":[{"href":"http:\/\/cfcontabil.com\/cf\/wp-json\/wp\/v2\/types\/post"}],"author":[{"embeddable":true,"href":"http:\/\/cfcontabil.com\/cf\/wp-json\/wp\/v2\/users\/1"}],"replies":[{"embeddable":true,"href":"http:\/\/cfcontabil.com\/cf\/wp-json\/wp\/v2\/comments?post=2425"}],"version-history":[{"count":1,"href":"http:\/\/cfcontabil.com\/cf\/wp-json\/wp\/v2\/posts\/2425\/revisions"}],"predecessor-version":[{"id":2427,"href":"http:\/\/cfcontabil.com\/cf\/wp-json\/wp\/v2\/posts\/2425\/revisions\/2427"}],"wp:featuredmedia":[{"embeddable":true,"href":"http:\/\/cfcontabil.com\/cf\/wp-json\/wp\/v2\/media\/2426"}],"wp:attachment":[{"href":"http:\/\/cfcontabil.com\/cf\/wp-json\/wp\/v2\/media?parent=2425"}],"wp:term":[{"taxonomy":"category","embeddable":true,"href":"http:\/\/cfcontabil.com\/cf\/wp-json\/wp\/v2\/categories?post=2425"},{"taxonomy":"post_tag","embeddable":true,"href":"http:\/\/cfcontabil.com\/cf\/wp-json\/wp\/v2\/tags?post=2425"}],"curies":[{"name":"wp","href":"https:\/\/api.w.org\/{rel}","templated":true}]}}