{"id":2533,"date":"2021-08-05T08:28:42","date_gmt":"2021-08-05T11:28:42","guid":{"rendered":"https:\/\/cfcontabil.com\/cf\/?p=2533"},"modified":"2021-08-05T08:35:25","modified_gmt":"2021-08-05T11:35:25","slug":"mei-tem-ate-31-de-agosto-de-2021-para-regularizar-seus-debitos","status":"publish","type":"post","link":"http:\/\/cfcontabil.com\/cf\/mei-tem-ate-31-de-agosto-de-2021-para-regularizar-seus-debitos\/","title":{"rendered":"MEI tem at\u00e9 31 de agosto de 2021 para regularizar seus d\u00e9bitos"},"content":{"rendered":"\n<p>At\u00e9 o dia 31\/08\/2021, o MEI&nbsp;poder\u00e1&nbsp;regularizar&nbsp;seus d\u00e9bitos (INSS, ISS e ICMS)&nbsp;por meio de recolhimento em DAS, acessando o&nbsp;PGMEI,&nbsp;ou&nbsp;parcelando.&nbsp;<\/p>\n\n\n\n<p>A&nbsp;partir de setembro, a Receita Federal (RFB) encaminhar\u00e1&nbsp;os d\u00e9bitos&nbsp;apurados nas&nbsp;Declara\u00e7\u00f5es Anuais Simplificadas para o Microempreendedor Individual&nbsp;(DASN-Simei), n\u00e3o regularizados, para inscri\u00e7\u00e3o em D\u00edvida Ativa.<\/p>\n\n\n\n<p>O envio \u00e0 D\u00edvida Ativa ser\u00e1 da seguinte forma:<br \/>\u2013 INSS: encaminhado \u00e0 Procuradoria-Geral da Fazenda Nacional (PGFN) para inscri\u00e7\u00e3o em D\u00edvida Ativa da Uni\u00e3o,&nbsp;com&nbsp;acr\u00e9scimo de 20% a t\u00edtulo de encargos;<br \/>\u2013 ISS e\/ou ICMS: transferidos ao Munic\u00edpio ou ao Estado, conforme o caso, para inscri\u00e7\u00e3o em D\u00edvida Ativa Municipal&nbsp;e\/ou&nbsp;Estadual (art. 41, \u00a74\u00ba, inciso V da LC 123\/06),&nbsp;com acr\u00e9scimo de encargos&nbsp;de acordo com a legisla\u00e7\u00e3o de cada ente.<\/p>\n\n\n\n<p>Os d\u00e9bitos em cobran\u00e7a podem ser consultados no&nbsp;<a href=\"https:\/\/www8.receita.fazenda.gov.br\/SimplesNacional\/Servicos\/Grupo.aspx?grp=8\" target=\"_blank\" rel=\"noreferrer noopener\">PGMEI (vers\u00e3o completa)<\/a>, com certificado digital ou c\u00f3digo de acesso, na op\u00e7\u00e3o \u201cConsulta Extrato\/Pend\u00eancias &gt; Consulta Pend\u00eancias no Simei\u201d. Esta op\u00e7\u00e3o tamb\u00e9m permite a gera\u00e7\u00e3o do DAS para pagamento.<\/p>\n\n\n\n<p><strong>Aten\u00e7\u00e3o:<\/strong>&nbsp;ap\u00f3s&nbsp;a&nbsp;inscri\u00e7\u00e3o em D\u00edvida Ativa, o recolhimento do d\u00e9bito de INSS dever\u00e1 ser realizado em DAS DAU, enquanto o de ISS e ICMS diretamente em guia pr\u00f3pria do Munic\u00edpio ou Estado respons\u00e1vel pelo tributo.<\/p>\n\n\n\n<p>Al\u00e9m da inscri\u00e7\u00e3o em D\u00edvida Ativa, o&nbsp;MEI inadimplente poder\u00e1&nbsp;sofrer as seguintes consequ\u00eancias,&nbsp;dentre outras:<br \/>\u2013&nbsp;perder&nbsp;a qualidade de segurado&nbsp;no INSS&nbsp;e, com isso, deixar de usufruir dos benef\u00edcios previdenci\u00e1rios;<br \/>\u2013&nbsp;ter&nbsp;seu CNPJ&nbsp;cancelado&nbsp;(Resolu\u00e7\u00e3o CGSIM 36\/2016);<br \/>\u2013&nbsp;ser&nbsp;exclu\u00eddo dos regimes Simples Nacional e&nbsp;Simei&nbsp;pela RFB, Estados e Munic\u00edpios (art. 17, inciso V da LC 123\/06);<br \/>\u2013&nbsp;ter&nbsp;dificuldade na obten\u00e7\u00e3o de financiamentos e empr\u00e9stimos.<\/p>\n\n\n\n<p>Para mais informa\u00e7\u00f5es, consulte o&nbsp;<a href=\"https:\/\/www8.receita.fazenda.gov.br\/SimplesNacional\/Arquivos\/manual\/MANUAL_PGMEI_2018.pdf\" target=\"_blank\" rel=\"noreferrer noopener\">Manual do&nbsp;PGMEI<\/a>,&nbsp;o&nbsp;<a href=\"http:\/\/www8.receita.fazenda.gov.br\/SimplesNacional\/Arquivos\/manual\/PerguntaoMEI.pdf\" target=\"_blank\" rel=\"noreferrer noopener\">Perguntas e Respostas do MEI<\/a>&nbsp;e o&nbsp;<a href=\"https:\/\/www8.receita.fazenda.gov.br\/SimplesNacional\/Arquivos\/manual\/Manual_Parcelamento_MEI.pdf\" target=\"_blank\" rel=\"noreferrer noopener\">Manual do Parcelamento do MEI<\/a>.<\/p>\n\n\n\n<p class=\"has-text-align-center\"><br \/>SECRETARIA-EXECUTIVA DO COMIT\u00ca GESTOR DO SIMPLES NACIONAL<\/p>\n","protected":false},"excerpt":{"rendered":"<p>At\u00e9 o dia 31\/08\/2021, o MEI&nbsp;poder\u00e1&nbsp;regularizar&nbsp;seus d\u00e9bitos (INSS, ISS e ICMS)&nbsp;por meio de recolhimento em DAS, acessando o&nbsp;PGMEI,&nbsp;ou&nbsp;parcelando.&nbsp; A&nbsp;partir de setembro, a Receita Federal (RFB) encaminhar\u00e1&nbsp;os d\u00e9bitos&nbsp;apurados nas&nbsp;Declara\u00e7\u00f5es Anuais Simplificadas para o Microempreendedor Individual&nbsp;(DASN-Simei), n\u00e3o regularizados, para inscri\u00e7\u00e3o em D\u00edvida Ativa. O envio \u00e0 D\u00edvida Ativa ser\u00e1 da seguinte forma:\u2013 INSS: encaminhado \u00e0 Procuradoria-Geral da [&hellip;]<\/p>\n","protected":false},"author":1,"featured_media":1504,"comment_status":"open","ping_status":"open","sticky":false,"template":"","format":"standard","meta":{"jetpack_post_was_ever_published":false,"_jetpack_newsletter_access":"","_jetpack_dont_email_post_to_subs":false,"_jetpack_newsletter_tier_id":0,"_jetpack_memberships_contains_paywalled_content":false,"_jetpack_memberships_contains_paid_content":false,"footnotes":"","jetpack_publicize_message":"","jetpack_publicize_feature_enabled":true,"jetpack_social_post_already_shared":true,"jetpack_social_options":{"image_generator_settings":{"template":"highway","default_image_id":0,"font":"","enabled":false},"version":2}},"categories":[22],"tags":[123,257,506,296],"class_list":["post-2533","post","type-post","status-publish","format-standard","has-post-thumbnail","hentry","category-geral","tag-debitos","tag-mei","tag-microempreendedor","tag-regularizacao"],"jetpack_publicize_connections":[],"jetpack_featured_media_url":"https:\/\/i0.wp.com\/cfcontabil.com\/cf\/wp-content\/uploads\/2017\/03\/mei-micro-empreendedor-individual-696x287-1.jpg?fit=696%2C287","jetpack_sharing_enabled":true,"jetpack_shortlink":"https:\/\/wp.me\/p2wklX-ER","jetpack-related-posts":[{"id":2613,"url":"http:\/\/cfcontabil.com\/cf\/microempreendedores-individuais-mei-devem-regularizar-dividas-ate-31-de-agosto\/","url_meta":{"origin":2533,"position":0},"title":"Microempreendedores Individuais (MEI) devem regularizar d\u00edvidas at\u00e9 31 de agosto","author":"Ab\u00edlio Gon\u00e7alves","date":"10 de agosto de 2021","format":false,"excerpt":"Os Microempreendedores Individuais (MEI) que est\u00e3o devendo impostos, poder\u00e3o regularizar suas d\u00edvidas at\u00e9 o final deste m\u00eas. A situa\u00e7\u00e3o pode ser resolvida pelo pagamento dos d\u00e9bitos, utilizando o Documento de Arrecada\u00e7\u00e3o do Simples Nacional (DAS), ou parcelamento, que deve ser realizado at\u00e9 o dia 31\/08\/2021.\u00a0Tanto a emiss\u00e3o do DAS para\u2026","rel":"","context":"Em &quot;Geral&quot;","block_context":{"text":"Geral","link":"http:\/\/cfcontabil.com\/cf\/category\/geral\/"},"img":{"alt_text":"","src":"https:\/\/i0.wp.com\/cfcontabil.com\/cf\/wp-content\/uploads\/2020\/04\/MEI-1200x675-1.png?fit=1200%2C675&resize=350%2C200","width":350,"height":200,"srcset":"https:\/\/i0.wp.com\/cfcontabil.com\/cf\/wp-content\/uploads\/2020\/04\/MEI-1200x675-1.png?fit=1200%2C675&resize=350%2C200 1x, https:\/\/i0.wp.com\/cfcontabil.com\/cf\/wp-content\/uploads\/2020\/04\/MEI-1200x675-1.png?fit=1200%2C675&resize=525%2C300 1.5x, https:\/\/i0.wp.com\/cfcontabil.com\/cf\/wp-content\/uploads\/2020\/04\/MEI-1200x675-1.png?fit=1200%2C675&resize=700%2C400 2x, https:\/\/i0.wp.com\/cfcontabil.com\/cf\/wp-content\/uploads\/2020\/04\/MEI-1200x675-1.png?fit=1200%2C675&resize=1050%2C600 3x"},"classes":[]},{"id":2653,"url":"http:\/\/cfcontabil.com\/cf\/mei-precisa-pagar-suas-dividas-ate-o-final-de-agosto\/","url_meta":{"origin":2533,"position":1},"title":"MEI precisa pagar suas d\u00edvidas at\u00e9 o final de agosto","author":"Ab\u00edlio Gon\u00e7alves","date":"23 de agosto de 2021","format":false,"excerpt":"A partir de setembro, a Receita Federal encaminhar\u00e1 os d\u00e9bitos n\u00e3o regularizados para a D\u00edvida Ativa, e elas ser\u00e3o cobradas com juros. Os microempreendedores individuais (MEI) que est\u00e3o devendo impostos poder\u00e3o regularizar suas d\u00edvidas at\u00e9 o final deste m\u00eas. A situa\u00e7\u00e3o pode ser resolvida pelo pagamento dos d\u00e9bitos, utilizando o\u2026","rel":"","context":"Em &quot;Departamento Fiscal&quot;","block_context":{"text":"Departamento Fiscal","link":"http:\/\/cfcontabil.com\/cf\/category\/df\/"},"img":{"alt_text":"","src":"https:\/\/i0.wp.com\/cfcontabil.com\/cf\/wp-content\/uploads\/2020\/04\/MEI-1200x675-1.png?fit=1200%2C675&resize=350%2C200","width":350,"height":200,"srcset":"https:\/\/i0.wp.com\/cfcontabil.com\/cf\/wp-content\/uploads\/2020\/04\/MEI-1200x675-1.png?fit=1200%2C675&resize=350%2C200 1x, https:\/\/i0.wp.com\/cfcontabil.com\/cf\/wp-content\/uploads\/2020\/04\/MEI-1200x675-1.png?fit=1200%2C675&resize=525%2C300 1.5x, https:\/\/i0.wp.com\/cfcontabil.com\/cf\/wp-content\/uploads\/2020\/04\/MEI-1200x675-1.png?fit=1200%2C675&resize=700%2C400 2x, https:\/\/i0.wp.com\/cfcontabil.com\/cf\/wp-content\/uploads\/2020\/04\/MEI-1200x675-1.png?fit=1200%2C675&resize=1050%2C600 3x"},"classes":[]},{"id":1282,"url":"http:\/\/cfcontabil.com\/cf\/receita-federal-encaminhara-debitos-para-inscricao-em-divida-ativa-da-uniao-em-setembro\/","url_meta":{"origin":2533,"position":2},"title":"Receita Federal encaminhar\u00e1 d\u00e9bitos para inscri\u00e7\u00e3o em D\u00edvida Ativa da Uni\u00e3o em setembro","author":"Ab\u00edlio Gon\u00e7alves","date":"29 de agosto de 2017","format":false,"excerpt":"A inscri\u00e7\u00e3o em d\u00edvida ativa implica a incid\u00eancias de encargos legais no \u00e2mbito da execu\u00e7\u00e3o fiscal A Receita Federal informa que no in\u00edcio de setembro de 2017 encaminhar\u00e1 para inscri\u00e7\u00e3o em D\u00edvida Ativa da Uni\u00e3o os d\u00e9bitos para os quais j\u00e1 se encerraram as a\u00e7\u00f5es administrativas de cobran\u00e7a e que\u2026","rel":"","context":"Em &quot;Departamento Fiscal&quot;","block_context":{"text":"Departamento Fiscal","link":"http:\/\/cfcontabil.com\/cf\/category\/df\/"},"img":{"alt_text":"","src":"https:\/\/i0.wp.com\/cfcontabil.com\/cf\/wp-content\/uploads\/2017\/02\/receita-federal-1-1.png?fit=702%2C325&resize=350%2C200","width":350,"height":200,"srcset":"https:\/\/i0.wp.com\/cfcontabil.com\/cf\/wp-content\/uploads\/2017\/02\/receita-federal-1-1.png?fit=702%2C325&resize=350%2C200 1x, https:\/\/i0.wp.com\/cfcontabil.com\/cf\/wp-content\/uploads\/2017\/02\/receita-federal-1-1.png?fit=702%2C325&resize=525%2C300 1.5x, https:\/\/i0.wp.com\/cfcontabil.com\/cf\/wp-content\/uploads\/2017\/02\/receita-federal-1-1.png?fit=702%2C325&resize=700%2C400 2x"},"classes":[]},{"id":1808,"url":"http:\/\/cfcontabil.com\/cf\/bolsonaro-assina-mp-de-incentivo-a-regularizacao-de-dividas-com-a-uniao-desconto-e-de-ate-70-2\/","url_meta":{"origin":2533,"position":3},"title":"Bolsonaro assina MP de incentivo \u00e0 regulariza\u00e7\u00e3o de d\u00edvidas com a Uni\u00e3o; desconto \u00e9 de at\u00e9 70%","author":"Ab\u00edlio Gon\u00e7alves","date":"23 de outubro de 2019","format":false,"excerpt":"Desconto poder\u00e1 chegar a 70% para pessoa f\u00edsica e microempresa. Governo calcula que, na cobran\u00e7a da d\u00edvida ativa, 1,9 milh\u00e3o de devedores poder\u00e3o regularizar d\u00e9bitos. O presidente\u00a0Jair Bolsonaro\u00a0assinou nesta quarta-feira (16), em cerim\u00f4nia no Pal\u00e1cio do Planalto, uma medida provis\u00f3ria com regras para facilitar acordos entre a Uni\u00e3o e seus\u2026","rel":"","context":"Em &quot;Consultoria Empresarial&quot;","block_context":{"text":"Consultoria Empresarial","link":"http:\/\/cfcontabil.com\/cf\/category\/consultoria\/"},"img":{"alt_text":"","src":"https:\/\/i0.wp.com\/cfcontabil.com\/cf\/wp-content\/uploads\/2019\/10\/documento-assinado.jpg?fit=635%2C396&resize=350%2C200","width":350,"height":200,"srcset":"https:\/\/i0.wp.com\/cfcontabil.com\/cf\/wp-content\/uploads\/2019\/10\/documento-assinado.jpg?fit=635%2C396&resize=350%2C200 1x, https:\/\/i0.wp.com\/cfcontabil.com\/cf\/wp-content\/uploads\/2019\/10\/documento-assinado.jpg?fit=635%2C396&resize=525%2C300 1.5x"},"classes":[]},{"id":1168,"url":"http:\/\/cfcontabil.com\/cf\/microempreendedor-individual-mei-podera-optar-pelo-debito-automatico\/","url_meta":{"origin":2533,"position":4},"title":"Microempreendedor Individual &#8211; MEI poder\u00e1 optar pelo d\u00e9bito autom\u00e1tico","author":"Ab\u00edlio Gon\u00e7alves","date":"22 de maio de 2017","format":false,"excerpt":"A partir desta quinta-feira (18), o MEI poder\u00e1 realizar o pagamento dos valores mensais apurados no SIMEI (INSS, ICMS, ISS) por meio de d\u00e9bito autom\u00e1tico. Para realizar essa op\u00e7\u00e3o, o MEI dever\u00e1 acessar o portal do Simples Nacional, op\u00e7\u00e3o \"Simei Servi\u00e7os > D\u00e9bito Autom\u00e1tico\", e informar o seu CNPJ, CPF\u2026","rel":"","context":"Em &quot;Departamento Fiscal&quot;","block_context":{"text":"Departamento Fiscal","link":"http:\/\/cfcontabil.com\/cf\/category\/df\/"},"img":{"alt_text":"","src":"https:\/\/i0.wp.com\/cfcontabil.com\/cf\/wp-content\/uploads\/2017\/03\/mei-micro-empreendedor-individual-696x287-1.jpg?fit=696%2C287&resize=350%2C200","width":350,"height":200,"srcset":"https:\/\/i0.wp.com\/cfcontabil.com\/cf\/wp-content\/uploads\/2017\/03\/mei-micro-empreendedor-individual-696x287-1.jpg?fit=696%2C287&resize=350%2C200 1x, https:\/\/i0.wp.com\/cfcontabil.com\/cf\/wp-content\/uploads\/2017\/03\/mei-micro-empreendedor-individual-696x287-1.jpg?fit=696%2C287&resize=525%2C300 1.5x"},"classes":[]},{"id":1230,"url":"http:\/\/cfcontabil.com\/cf\/programa-de-regularizacao-tributaria-prt-e-oportunidade-para-retomada-de-negocios\/","url_meta":{"origin":2533,"position":5},"title":"Programa de Regulariza\u00e7\u00e3o Tribut\u00e1ria (PRT) \u00e9 oportunidade para retomada de neg\u00f3cios","author":"Ab\u00edlio Gon\u00e7alves","date":"6 de mar\u00e7o de 2017","format":false,"excerpt":"O PRT estabeleceu condi\u00e7\u00f5es especiais para pagamento de d\u00edvidas de empresas e pessoas f\u00edsicas Com os objetivos de reduzir lit\u00edgios tribut\u00e1rios e promover a regulariza\u00e7\u00e3o fiscal, o Governo Federal lan\u00e7ou, por meio da Medida Provis\u00f3ria 766, de 2017, o Programa de Regulariza\u00e7\u00e3o Tribut\u00e1ria (PRT), por meio do qual poder\u00e3o ser\u2026","rel":"","context":"Em &quot;Departamento Fiscal&quot;","block_context":{"text":"Departamento Fiscal","link":"http:\/\/cfcontabil.com\/cf\/category\/df\/"},"img":{"alt_text":"","src":"https:\/\/i0.wp.com\/cfcontabil.com\/cf\/wp-content\/uploads\/2017\/02\/receita-federal-1-1.png?fit=702%2C325&resize=350%2C200","width":350,"height":200,"srcset":"https:\/\/i0.wp.com\/cfcontabil.com\/cf\/wp-content\/uploads\/2017\/02\/receita-federal-1-1.png?fit=702%2C325&resize=350%2C200 1x, https:\/\/i0.wp.com\/cfcontabil.com\/cf\/wp-content\/uploads\/2017\/02\/receita-federal-1-1.png?fit=702%2C325&resize=525%2C300 1.5x, https:\/\/i0.wp.com\/cfcontabil.com\/cf\/wp-content\/uploads\/2017\/02\/receita-federal-1-1.png?fit=702%2C325&resize=700%2C400 2x"},"classes":[]}],"jetpack_likes_enabled":true,"_links":{"self":[{"href":"http:\/\/cfcontabil.com\/cf\/wp-json\/wp\/v2\/posts\/2533","targetHints":{"allow":["GET"]}}],"collection":[{"href":"http:\/\/cfcontabil.com\/cf\/wp-json\/wp\/v2\/posts"}],"about":[{"href":"http:\/\/cfcontabil.com\/cf\/wp-json\/wp\/v2\/types\/post"}],"author":[{"embeddable":true,"href":"http:\/\/cfcontabil.com\/cf\/wp-json\/wp\/v2\/users\/1"}],"replies":[{"embeddable":true,"href":"http:\/\/cfcontabil.com\/cf\/wp-json\/wp\/v2\/comments?post=2533"}],"version-history":[{"count":2,"href":"http:\/\/cfcontabil.com\/cf\/wp-json\/wp\/v2\/posts\/2533\/revisions"}],"predecessor-version":[{"id":2540,"href":"http:\/\/cfcontabil.com\/cf\/wp-json\/wp\/v2\/posts\/2533\/revisions\/2540"}],"wp:featuredmedia":[{"embeddable":true,"href":"http:\/\/cfcontabil.com\/cf\/wp-json\/wp\/v2\/media\/1504"}],"wp:attachment":[{"href":"http:\/\/cfcontabil.com\/cf\/wp-json\/wp\/v2\/media?parent=2533"}],"wp:term":[{"taxonomy":"category","embeddable":true,"href":"http:\/\/cfcontabil.com\/cf\/wp-json\/wp\/v2\/categories?post=2533"},{"taxonomy":"post_tag","embeddable":true,"href":"http:\/\/cfcontabil.com\/cf\/wp-json\/wp\/v2\/tags?post=2533"}],"curies":[{"name":"wp","href":"https:\/\/api.w.org\/{rel}","templated":true}]}}