{"id":2541,"date":"2021-08-05T12:00:00","date_gmt":"2021-08-05T15:00:00","guid":{"rendered":"https:\/\/cfcontabil.com\/cf\/?p=2541"},"modified":"2021-08-05T15:48:49","modified_gmt":"2021-08-05T18:48:49","slug":"receita-federal-novos-servicos-por-processo-digital","status":"publish","type":"post","link":"http:\/\/cfcontabil.com\/cf\/receita-federal-novos-servicos-por-processo-digital\/","title":{"rendered":"Receita Federal: novos servi\u00e7os por processo digital"},"content":{"rendered":"\n<p><em>A partir de agora, servi\u00e7os relativos ao CAEPF e CNO que dependem de an\u00e1lise de um servidor da Receita Federal poder\u00e3o ser solicitados via processo digital, aberto pelo pr\u00f3prio contribuinte no e-CAC.<\/em><\/p>\n\n\n\n<figure class=\"wp-block-image\"><img data-recalc-dims=\"1\" decoding=\"async\" src=\"https:\/\/i0.wp.com\/fenacon.org.br\/wp-content\/uploads\/2021\/08\/a9f41ecb-fc80-4518-9b5e-85ff8a46bf40.jpeg?w=1170&#038;ssl=1\" alt=\"\" class=\"wp-image-7257\"\/><\/figure>\n\n\n\n<p>A Receita Federal disponibilizou nesta segunda-feira, 02 de agosto, novos servi\u00e7os que passam a ser solicitados por meio de processo digital. <\/p>\n\n\n\n<p>A partir de agora, o contribuinte n\u00e3o precisar\u00e1 mais entrar em contato com um atendente ou se dirigir a uma unidade presencial para obter estes servi\u00e7os, bastando acessar o e-CAC, abrir o processo e juntar os documentos necess\u00e1rios.<\/p>\n\n\n\n<ul class=\"wp-block-list\"><li>Cancelar cadastro indevido de atividade econ\u00f4mica de pessoa f\u00edsica (CAEPF);<\/li><li>Corrigir a atividade econ\u00f4mica de pessoa f\u00edsica ou o tipo de contribuinte (CAEPF);<\/li><li>Reativar atividade econ\u00f4mica de pessoa f\u00edsica encerrada indevidamente (CAEPF);<\/li><li>Cancelar cadastro indevido de obra (CNO);<\/li><li>Corrigir v\u00ednculos com obra (CNO);<\/li><li>Corrigir CEP ou datas da obra (CNO);<\/li><li>Reativar obra encerrada ou suspensa indevidamente (CNO).<\/li><\/ul>\n\n\n\n<p>A medida visa facilitar o acesso aos servi\u00e7os, para que contribuintes n\u00e3o precisem entrar em filas \u2013 presenciais ou virtuais \u2013 para poder solicitar an\u00e1lise dos seus pedidos.<\/p>\n\n\n\n<p>Em todos os casos o contribuinte deve anexar ao processo o pedido do servi\u00e7o, documento de identifica\u00e7\u00e3o e os demais documentos necess\u00e1rios para comprovar a situa\u00e7\u00e3o que fundamenta a solicita\u00e7\u00e3o. Ap\u00f3s aberto, o contribuinte tem 3 (tr\u00eas) dias \u00fateis para juntar os documentos.<\/p>\n\n\n\n<p>O contribuinte deve abrir um novo processo em seu nome para cada servi\u00e7o desejado. Os processos tamb\u00e9m podem ser abertos por um procurador digital, utilizando a op\u00e7\u00e3o \u201calterar perfil de acesso\u201d no e-CAC para representar o contribuinte a que se refere o servi\u00e7o. Processos abertos em nome de outra pessoa n\u00e3o ser\u00e3o apreciados.<\/p>\n\n\n\n<p><strong>Outros servi\u00e7os<\/strong><\/p>\n\n\n\n<p>Outros servi\u00e7os muito procurados tamb\u00e9m podem ser solicitados via processo digital. Veja os principais:<\/p>\n\n\n\n<ul class=\"wp-block-list\"><li>Inscrever, atualizar ou baixar CNPJ (envio do DBE \u00e0 Receita Federal);<\/li><li>Emitir certid\u00e3o de regularidade fiscal (quando n\u00e3o liberada diretamente na internet);<\/li><li>Cadastrar procura\u00e7\u00e3o digital para acesso ao e-CAC;<\/li><li>Cadastrar d\u00e9bitos confessados (LDC) para fins de parcelamento.<\/li><\/ul>\n\n\n\n<p>Fonte: Receita Federal<\/p>\n","protected":false},"excerpt":{"rendered":"<p>A partir de agora, servi\u00e7os relativos ao CAEPF e CNO que dependem de an\u00e1lise de um servidor da Receita Federal poder\u00e3o ser solicitados via processo digital, aberto pelo pr\u00f3prio contribuinte no e-CAC. A Receita Federal disponibilizou nesta segunda-feira, 02 de agosto, novos servi\u00e7os que passam a ser solicitados por meio de processo digital. A partir [&hellip;]<\/p>\n","protected":false},"author":1,"featured_media":1495,"comment_status":"open","ping_status":"open","sticky":false,"template":"","format":"standard","meta":{"jetpack_post_was_ever_published":false,"_jetpack_newsletter_access":"","_jetpack_dont_email_post_to_subs":false,"_jetpack_newsletter_tier_id":0,"_jetpack_memberships_contains_paywalled_content":false,"_jetpack_memberships_contains_paid_content":false,"footnotes":"","jetpack_publicize_message":"","jetpack_publicize_feature_enabled":true,"jetpack_social_post_already_shared":true,"jetpack_social_options":{"image_generator_settings":{"template":"highway","default_image_id":0,"font":"","enabled":false},"version":2}},"categories":[22],"tags":[824,822,598,444,823,71,825,197,74],"class_list":["post-2541","post","type-post","status-publish","format-standard","has-post-thumbnail","hentry","category-geral","tag-cav","tag-cno","tag-cnpj","tag-digital","tag-e-cac","tag-federal","tag-ldc","tag-processo","tag-receita"],"jetpack_publicize_connections":[],"jetpack_featured_media_url":"https:\/\/i0.wp.com\/cfcontabil.com\/cf\/wp-content\/uploads\/2017\/02\/receita-federal-1-1.png?fit=702%2C325","jetpack_sharing_enabled":true,"jetpack_shortlink":"https:\/\/wp.me\/p2wklX-EZ","jetpack-related-posts":[{"id":2329,"url":"http:\/\/cfcontabil.com\/cf\/receita-federal-cria-servico-online-para-validacao-da-procuracao-rfb-com-firma-reconhecida\/","url_meta":{"origin":2541,"position":0},"title":"Receita Federal cria servi\u00e7o online para valida\u00e7\u00e3o da Procura\u00e7\u00e3o RFB com firma reconhecida","author":"Ab\u00edlio Gon\u00e7alves","date":"24 de agosto de 2020","format":false,"excerpt":"Medida, dispon\u00edvel no Portal e-CAC, permitir\u00e1 a redu\u00e7\u00e3o do atendimento presencial em cerca de 25% A Receita Federal do Brasil (RFB) passou a oferecer ao contribuinte, no\u00a0Portal e-CAC, o servi\u00e7o Procura\u00e7\u00e3o RFB com firma reconhecida em cart\u00f3rio por meio do Dossi\u00ea Digital de Atendimento (DDA). A medida visa reduzir o\u2026","rel":"","context":"Em &quot;Consultoria Empresarial&quot;","block_context":{"text":"Consultoria Empresarial","link":"http:\/\/cfcontabil.com\/cf\/category\/consultoria\/"},"img":{"alt_text":"","src":"https:\/\/i0.wp.com\/cfcontabil.com\/cf\/wp-content\/uploads\/2020\/03\/RECEITA_FEDERAL.jpeg?fit=768%2C512&resize=350%2C200","width":350,"height":200,"srcset":"https:\/\/i0.wp.com\/cfcontabil.com\/cf\/wp-content\/uploads\/2020\/03\/RECEITA_FEDERAL.jpeg?fit=768%2C512&resize=350%2C200 1x, https:\/\/i0.wp.com\/cfcontabil.com\/cf\/wp-content\/uploads\/2020\/03\/RECEITA_FEDERAL.jpeg?fit=768%2C512&resize=525%2C300 1.5x, https:\/\/i0.wp.com\/cfcontabil.com\/cf\/wp-content\/uploads\/2020\/03\/RECEITA_FEDERAL.jpeg?fit=768%2C512&resize=700%2C400 2x"},"classes":[]},{"id":2261,"url":"http:\/\/cfcontabil.com\/cf\/receita-federal-amplia-lista-de-servicos-atendidos-pelo-chat\/","url_meta":{"origin":2541,"position":1},"title":"Receita Federal amplia lista de servi\u00e7os atendidos pelo chat","author":"Ab\u00edlio Gon\u00e7alves","date":"13 de abril de 2020","format":false,"excerpt":"Medida evita deslocamentos at\u00e9 unidades de atendimento A Receita Federal ampliou a lista de servi\u00e7os que s\u00e3o prestados de maneira virtual pelo\u00a0chat\u00a0(atendimento\u00a0online) para evitar deslocamentos at\u00e9 as unidades de atendimento presencial no per\u00edodo de quarentena por causa do coronav\u00edrus. O\u00a0chat\u00a0da Receita foi criado em abril de 2019. A ferramenta permite\u2026","rel":"","context":"Em &quot;Departamento Fiscal&quot;","block_context":{"text":"Departamento Fiscal","link":"http:\/\/cfcontabil.com\/cf\/category\/df\/"},"img":{"alt_text":"","src":"https:\/\/i0.wp.com\/cfcontabil.com\/cf\/wp-content\/uploads\/2020\/04\/celularmaos.jpg?fit=1170%2C700&resize=350%2C200","width":350,"height":200,"srcset":"https:\/\/i0.wp.com\/cfcontabil.com\/cf\/wp-content\/uploads\/2020\/04\/celularmaos.jpg?fit=1170%2C700&resize=350%2C200 1x, https:\/\/i0.wp.com\/cfcontabil.com\/cf\/wp-content\/uploads\/2020\/04\/celularmaos.jpg?fit=1170%2C700&resize=525%2C300 1.5x, https:\/\/i0.wp.com\/cfcontabil.com\/cf\/wp-content\/uploads\/2020\/04\/celularmaos.jpg?fit=1170%2C700&resize=700%2C400 2x, https:\/\/i0.wp.com\/cfcontabil.com\/cf\/wp-content\/uploads\/2020\/04\/celularmaos.jpg?fit=1170%2C700&resize=1050%2C600 3x"},"classes":[]},{"id":1418,"url":"http:\/\/cfcontabil.com\/cf\/receita-federal-realiza-mudancas-no-atendimento\/","url_meta":{"origin":2541,"position":2},"title":"Receita Federal realiza mudan\u00e7as no atendimento","author":"Ab\u00edlio Gon\u00e7alves","date":"31 de outubro de 2018","format":false,"excerpt":"Para\u00a0servi\u00e7os Pessoa Jur\u00eddica em Minas Gerais e em Bras\u00edlia visando maior agilidade A partir do dia 5 de novembro de 2018, alguns servi\u00e7os de pessoa jur\u00eddica nas unidades de atendimento da Receita Federal em Minas Gerais e no Centro de Atendimento ao Contribuinte (CAC) em Bras\u00edlia ter\u00e3o o fluxo de\u2026","rel":"","context":"Em &quot;Departamento Fiscal&quot;","block_context":{"text":"Departamento Fiscal","link":"http:\/\/cfcontabil.com\/cf\/category\/df\/"},"img":{"alt_text":"","src":"https:\/\/i0.wp.com\/cfcontabil.com\/cf\/wp-content\/uploads\/2017\/02\/receita-federal-1-1.png?fit=702%2C325&resize=350%2C200","width":350,"height":200,"srcset":"https:\/\/i0.wp.com\/cfcontabil.com\/cf\/wp-content\/uploads\/2017\/02\/receita-federal-1-1.png?fit=702%2C325&resize=350%2C200 1x, https:\/\/i0.wp.com\/cfcontabil.com\/cf\/wp-content\/uploads\/2017\/02\/receita-federal-1-1.png?fit=702%2C325&resize=525%2C300 1.5x, https:\/\/i0.wp.com\/cfcontabil.com\/cf\/wp-content\/uploads\/2017\/02\/receita-federal-1-1.png?fit=702%2C325&resize=700%2C400 2x"},"classes":[]},{"id":1976,"url":"http:\/\/cfcontabil.com\/cf\/receita-federal-publica-instrucao-normativa-com-orientacao-para-abertura-de-dossie-digital-a-distancia-dda-de-cnpj\/","url_meta":{"origin":2541,"position":3},"title":"Receita Federal publica Instru\u00e7\u00e3o Normativa com orienta\u00e7\u00e3o para abertura de Dossi\u00ea Digital a Dist\u00e2ncia (DDA) de CNPJ","author":"Ab\u00edlio Gon\u00e7alves","date":"4 de dezembro de 2019","format":false,"excerpt":"Foi publicada em 26 de novembro a\u00a0IN RFB n\u00ba 1.914\/2019\u00a0determinando que as empresas tributadas com base no lucro real, presumido ou arbitrado devem apresentar o Documento B\u00e1sico de Entrada obrigatoriamente via\u00a0DDA e-CAC. Para dar mais agilidade \u00e0 an\u00e1lise de atos relativos ao CNPJ (inscri\u00e7\u00e3o, altera\u00e7\u00e3o, baixa), a equipe de atendimento\u2026","rel":"","context":"Em &quot;Departamento Fiscal&quot;","block_context":{"text":"Departamento Fiscal","link":"http:\/\/cfcontabil.com\/cf\/category\/df\/"},"img":{"alt_text":"","src":"https:\/\/i0.wp.com\/cfcontabil.com\/cf\/wp-content\/uploads\/2017\/02\/receita-federal-1-1.png?fit=702%2C325&resize=350%2C200","width":350,"height":200,"srcset":"https:\/\/i0.wp.com\/cfcontabil.com\/cf\/wp-content\/uploads\/2017\/02\/receita-federal-1-1.png?fit=702%2C325&resize=350%2C200 1x, https:\/\/i0.wp.com\/cfcontabil.com\/cf\/wp-content\/uploads\/2017\/02\/receita-federal-1-1.png?fit=702%2C325&resize=525%2C300 1.5x, https:\/\/i0.wp.com\/cfcontabil.com\/cf\/wp-content\/uploads\/2017\/02\/receita-federal-1-1.png?fit=702%2C325&resize=700%2C400 2x"},"classes":[]},{"id":2399,"url":"http:\/\/cfcontabil.com\/cf\/receita-federal-implementa-impugnacao-de-malha-irpf-pela-internet\/","url_meta":{"origin":2541,"position":4},"title":"Receita Federal implementa Impugna\u00e7\u00e3o de Malha IRPF pela Internet","author":"Ab\u00edlio Gon\u00e7alves","date":"8 de janeiro de 2021","format":false,"excerpt":"Contribuinte poder\u00e1 entregar a defesa de Notifica\u00e7\u00e3o de Lan\u00e7amento, decorrente da malha fiscal, inteiramente pelo e-CAC. Apartir de hoje (7\/1) o contribuinte que teve sua declara\u00e7\u00e3o retida em malha e n\u00e3o concordar com os valores lan\u00e7ados, poder\u00e1 apresentar sua impugna\u00e7\u00e3o (defesa) por meio do e-CAC sem a necessidade de comparecer\u2026","rel":"","context":"Em &quot;Departamento Fiscal&quot;","block_context":{"text":"Departamento Fiscal","link":"http:\/\/cfcontabil.com\/cf\/category\/df\/"},"img":{"alt_text":"","src":"https:\/\/i0.wp.com\/cfcontabil.com\/cf\/wp-content\/uploads\/2017\/02\/irpfrfb-1.jpg?fit=640%2C340&resize=350%2C200","width":350,"height":200,"srcset":"https:\/\/i0.wp.com\/cfcontabil.com\/cf\/wp-content\/uploads\/2017\/02\/irpfrfb-1.jpg?fit=640%2C340&resize=350%2C200 1x, https:\/\/i0.wp.com\/cfcontabil.com\/cf\/wp-content\/uploads\/2017\/02\/irpfrfb-1.jpg?fit=640%2C340&resize=525%2C300 1.5x"},"classes":[]},{"id":735,"url":"http:\/\/cfcontabil.com\/cf\/saiba-como-acompanhar-a-situacao-da-sua-declaracao-de-ir-2016\/","url_meta":{"origin":2541,"position":5},"title":"Saiba como acompanhar a situa\u00e7\u00e3o da sua declara\u00e7\u00e3o de IR 2016","author":"Ab\u00edlio Gon\u00e7alves","date":"5 de abril de 2016","format":false,"excerpt":"Uma d\u00favida\u00a0frequente nesta \u00e9poca \u00e9 como identificar se \u00a0a declara\u00e7\u00e3o transmitida n\u00e3o caiu na temida \"Malha Fina\". \u00c9 uma tarefa relativamente simples e muito recomendada\u00a0para acompanhar a sua situa\u00e7\u00e3o junto a Receita Federal e evitar surpresas. Acompanhe a mat\u00e9ria reproduzida abaixo e saiba tudo o que precisa: A Receita Federal\u2026","rel":"","context":"Em &quot;Consultoria Empresarial&quot;","block_context":{"text":"Consultoria Empresarial","link":"http:\/\/cfcontabil.com\/cf\/category\/consultoria\/"},"img":{"alt_text":"","src":"https:\/\/i0.wp.com\/imguol.com\/c\/noticias\/2015\/03\/09\/selo-imposto-de-renda--ilustracoes-para-o-passo-a-passo-1425935483435_615x300.jpg?resize=350%2C200","width":350,"height":200,"srcset":"https:\/\/i0.wp.com\/imguol.com\/c\/noticias\/2015\/03\/09\/selo-imposto-de-renda--ilustracoes-para-o-passo-a-passo-1425935483435_615x300.jpg?resize=350%2C200 1x, https:\/\/i0.wp.com\/imguol.com\/c\/noticias\/2015\/03\/09\/selo-imposto-de-renda--ilustracoes-para-o-passo-a-passo-1425935483435_615x300.jpg?resize=525%2C300 1.5x"},"classes":[]}],"jetpack_likes_enabled":true,"_links":{"self":[{"href":"http:\/\/cfcontabil.com\/cf\/wp-json\/wp\/v2\/posts\/2541","targetHints":{"allow":["GET"]}}],"collection":[{"href":"http:\/\/cfcontabil.com\/cf\/wp-json\/wp\/v2\/posts"}],"about":[{"href":"http:\/\/cfcontabil.com\/cf\/wp-json\/wp\/v2\/types\/post"}],"author":[{"embeddable":true,"href":"http:\/\/cfcontabil.com\/cf\/wp-json\/wp\/v2\/users\/1"}],"replies":[{"embeddable":true,"href":"http:\/\/cfcontabil.com\/cf\/wp-json\/wp\/v2\/comments?post=2541"}],"version-history":[{"count":2,"href":"http:\/\/cfcontabil.com\/cf\/wp-json\/wp\/v2\/posts\/2541\/revisions"}],"predecessor-version":[{"id":2599,"href":"http:\/\/cfcontabil.com\/cf\/wp-json\/wp\/v2\/posts\/2541\/revisions\/2599"}],"wp:featuredmedia":[{"embeddable":true,"href":"http:\/\/cfcontabil.com\/cf\/wp-json\/wp\/v2\/media\/1495"}],"wp:attachment":[{"href":"http:\/\/cfcontabil.com\/cf\/wp-json\/wp\/v2\/media?parent=2541"}],"wp:term":[{"taxonomy":"category","embeddable":true,"href":"http:\/\/cfcontabil.com\/cf\/wp-json\/wp\/v2\/categories?post=2541"},{"taxonomy":"post_tag","embeddable":true,"href":"http:\/\/cfcontabil.com\/cf\/wp-json\/wp\/v2\/tags?post=2541"}],"curies":[{"name":"wp","href":"https:\/\/api.w.org\/{rel}","templated":true}]}}