{"id":2547,"date":"2021-08-06T12:00:00","date_gmt":"2021-08-06T15:00:00","guid":{"rendered":"https:\/\/cfcontabil.com\/cf\/?p=2547"},"modified":"2021-08-05T09:00:43","modified_gmt":"2021-08-05T12:00:43","slug":"facebook-deve-indenizar-usuarios-por-exclusao-indevida-de-contas","status":"publish","type":"post","link":"http:\/\/cfcontabil.com\/cf\/facebook-deve-indenizar-usuarios-por-exclusao-indevida-de-contas\/","title":{"rendered":"Facebook deve indenizar usu\u00e1rios por exclus\u00e3o indevida de contas"},"content":{"rendered":"\n<p>Devido \u00e0 unilateralidade das medidas e\u00a0aos impactos na renda dos usu\u00e1rios, a Justi\u00e7a de S\u00e3o Paulo condenou o Facebook a indenizar duas pessoas cujas contas nas redes sociais\u00a0foram exclu\u00eddas repentinamente.<\/p>\n\n\n\n<p>Nos dois casos, os autores dependiam das redes sociais para garantir seu sustento: um&nbsp;<em>influencer&nbsp;<\/em>da \u00e1rea de&nbsp;perfumaria, que analisa e avalia produtos na internet; e um vendedor de maquetes e miniaturas, que divulga seus produtos nas plataformas digitais. Ambos foram representados pelo advogado&nbsp;<strong>Raul Varej\u00e3o<\/strong>.<\/p>\n\n\n\n<p><strong><em>Influencer<\/em><\/strong><br \/>A primeira a\u00e7\u00e3o foi movida ap\u00f3s a exclus\u00e3o da conta de Instagram, que pertence ao Facebook. A empresa apenas informou o autor sobre uma viola\u00e7\u00e3o das regras de uso da plataforma, sem especificar qual conduta teria levado a isso.<\/p>\n\n\n\n<p>A ju\u00edza Larissa Kruger Vatzco, do Juizado Especial C\u00edvel de Palmital (SP), considerou que o Facebook n\u00e3o esclareceu as raz\u00f5es da exclus\u00e3o: &#8220;Em sua contesta\u00e7\u00e3o a requerida traz longa explica\u00e7\u00e3o acerca dos termos de uso e das regras da rede social, contudo, em momento algum aponta qual foi, no mundo dos fatos, a conduta do requerido que violou as regras de uso da plataforma&#8221;.<\/p>\n\n\n\n<p>Al\u00e9m disso, a r\u00e9&nbsp;n\u00e3o permitiu que o&nbsp;<em>influencer<\/em>&nbsp;explicasse a suposta infra\u00e7\u00e3o. J\u00e1 que n\u00e3o foi&nbsp;poss\u00edvel verificar a licitude da conduta, a magistrada presumiu que a exclus\u00e3o seria indevida, e por isso determinou a reativa\u00e7\u00e3o da conta.<\/p>\n\n\n\n<p>Ela destacou que a atitude da empresa diminuiu a chance de o autor obter renda e ainda pode ter causado danos&nbsp;\u00e0 sua imagem e honra, &#8220;uma vez que seus seguidores podem estranhar a exclus\u00e3o da rede quando se argumenta ter ocorrido a viola\u00e7\u00e3o das normas de prote\u00e7\u00e3o de dados&#8221;.<\/p>\n\n\n\n<p>Ao\u00a0fixar o valor da indeniza\u00e7\u00e3o em R$ 15 mil, a ju\u00edza levou em conta o potencial cada vez mais explorado e potencializado das redes sociais em meio \u00e0 crise de Covid-19.<\/p>\n\n\n\n<p><strong>Vendedor<\/strong><br \/>No segundo caso, as contas&nbsp;do autor no Facebook e no Instagram foram ambas exclu\u00eddas em um intervalo de um m\u00eas.&nbsp;A empresa alegou que os perfis foram cancelados ap\u00f3s duas den\u00fancias de&nbsp;viola\u00e7\u00e3o de direitos autorais no uso de imagem.<\/p>\n\n\n\n<p>O juiz&nbsp;Cristiano de Castro Jarreta, da Vara do Juizado Especial C\u00edvel de S\u00e3o Jos\u00e9 do Rio Preto (SP), ressaltou que as den\u00fancias apresentadas \u00e0 r\u00e9 n\u00e3o seriam suficientes para cancelar o perfil do autor sem qualquer oitiva pr\u00e9via ou&nbsp;exerc\u00edcio do direito&nbsp;de defesa. Ele destacou que o Facebook &#8220;n\u00e3o trouxe a \u00edntegra das den\u00fancias e das apura\u00e7\u00f5es que deveria ter feito&#8221;.<\/p>\n\n\n\n<p>O magistrado lembrou que o&nbsp;<a href=\"http:\/\/www.planalto.gov.br\/ccivil_03\/leis\/l8078compilado.htm\" target=\"_blank\" rel=\"noreferrer noopener\">C\u00f3digo de Defesa do Consumidor<\/a>&nbsp;institui o direito \u00e0 correta informa\u00e7\u00f5es sobre todos os aspectos dos servi\u00e7o que se utiliza, bem como a prote\u00e7\u00e3o contra qualquer pr\u00e1tica abusiva que impe\u00e7a o uso do servi\u00e7o sem pr\u00e9vios esclarecimentos e de forma unilateral. Al\u00e9m disso, o&nbsp;<a href=\"http:\/\/www.planalto.gov.br\/ccivil_03\/_ato2011-2014\/2014\/lei\/l12965.htm\" target=\"_blank\" rel=\"noreferrer noopener\">Marco Civil da Internet<\/a>&nbsp;estabelece o direito do usu\u00e1rio a informa\u00e7\u00f5es claras no momento da contrata\u00e7\u00e3o.<\/p>\n\n\n\n<p>Assim, o autor teria o direito de oferecer sua vers\u00e3o dos fatos antes que a r\u00e9 pudesse aplicar qualquer san\u00e7\u00e3o. Para o magistrado, o vendedor &#8220;sofreu medida draconiana e desproporcional de exclus\u00e3o de sua conta sem que, ao menos, pudesse apresentar sua vers\u00e3o dos fatos ou comprometer-se a n\u00e3o mais utilizar-se de imagem sem a devida refer\u00eancia&#8221;.<\/p>\n\n\n\n<p>Como as contas eram usadas para o sustento do autor, o juiz entendeu que o Facebook privou o vendedor &#8220;de substancial fonte de rendimentos&#8221; e classificou o ato como abusivo. Por isso, al\u00e9m de restituir a conta, determinou o pagamento de R$ 11 mil por danos morais.<\/p>\n\n\n\n<p><strong>Clique&nbsp;<a href=\"https:\/\/www.conjur.com.br\/dl\/facebook-indenizar-usuarios-exclusao.pdf\" target=\"_blank\" rel=\"noreferrer noopener\">aqui<\/a>&nbsp;para ler a decis\u00e3o<br \/>1003464-36.2020.8.26.0415<\/strong><\/p>\n\n\n\n<p><strong>Clique\u00a0<a rel=\"noreferrer noopener\" href=\"https:\/\/www.conjur.com.br\/dl\/facebook-indenizar-usuarios-exclusao1.pdf\" target=\"_blank\">aqui<\/a>\u00a0para ler a decis\u00e3o<br \/>1019163-35.2021.8.26.0576<\/strong><\/p>\n\n\n\n<p>Fonte: Revista\u00a0<strong>Consultor Jur\u00eddico<\/strong>, 2 de agosto de 2021, 21h23<\/p>\n","protected":false},"excerpt":{"rendered":"<p>Devido \u00e0 unilateralidade das medidas e\u00a0aos impactos na renda dos usu\u00e1rios, a Justi\u00e7a de S\u00e3o Paulo condenou o Facebook a indenizar duas pessoas cujas contas nas redes sociais\u00a0foram exclu\u00eddas repentinamente. Nos dois casos, os autores dependiam das redes sociais para garantir seu sustento: um&nbsp;influencer&nbsp;da \u00e1rea de&nbsp;perfumaria, que analisa e avalia produtos na internet; e um [&hellip;]<\/p>\n","protected":false},"author":1,"featured_media":2553,"comment_status":"open","ping_status":"open","sticky":false,"template":"","format":"standard","meta":{"jetpack_post_was_ever_published":false,"_jetpack_newsletter_access":"","_jetpack_dont_email_post_to_subs":false,"_jetpack_newsletter_tier_id":0,"_jetpack_memberships_contains_paywalled_content":false,"_jetpack_memberships_contains_paid_content":false,"footnotes":"","jetpack_publicize_message":"","jetpack_publicize_feature_enabled":true,"jetpack_social_post_already_shared":true,"jetpack_social_options":{"image_generator_settings":{"template":"highway","default_image_id":0,"font":"","enabled":false},"version":2}},"categories":[22],"tags":[830,197,58,52],"class_list":["post-2547","post","type-post","status-publish","format-standard","has-post-thumbnail","hentry","category-geral","tag-indevido","tag-processo","tag-redes","tag-sociais"],"jetpack_publicize_connections":[],"jetpack_featured_media_url":"https:\/\/i0.wp.com\/cfcontabil.com\/cf\/wp-content\/uploads\/2021\/08\/facebook-processo.png?fit=754%2C529","jetpack_sharing_enabled":true,"jetpack_shortlink":"https:\/\/wp.me\/p2wklX-F5","jetpack-related-posts":[{"id":2647,"url":"http:\/\/cfcontabil.com\/cf\/facebook-diz-que-remocao-de-contas-falsas-cresceu-13-no-segundo-trimestre\/","url_meta":{"origin":2547,"position":0},"title":"Facebook diz que remo\u00e7\u00e3o de contas falsas cresceu 13% no segundo trimestre","author":"Ab\u00edlio Gon\u00e7alves","date":"23 de agosto de 2021","format":false,"excerpt":"O\u00a0Facebook\u00a0informou ter removido\u00a01,7 bilh\u00e3o de contas falsas no segundo trimestre de 2021. O resultado representa um crescimento de 13% em rela\u00e7\u00e3o ao mesmo per\u00edodo de 2020, quando a rede social excluiu 1,5 bilh\u00e3o de contas falsas. Os dados foram divulgados na \u00faltima quarta-feira (18) na edi\u00e7\u00e3o mais recente do relat\u00f3rio\u2026","rel":"","context":"Em &quot;Geral&quot;","block_context":{"text":"Geral","link":"http:\/\/cfcontabil.com\/cf\/category\/geral\/"},"img":{"alt_text":"close up photo of smartphone","src":"https:\/\/i0.wp.com\/cfcontabil.com\/cf\/wp-content\/uploads\/2021\/08\/pexels-photo-2733663.jpeg?fit=1200%2C800&resize=350%2C200","width":350,"height":200,"srcset":"https:\/\/i0.wp.com\/cfcontabil.com\/cf\/wp-content\/uploads\/2021\/08\/pexels-photo-2733663.jpeg?fit=1200%2C800&resize=350%2C200 1x, https:\/\/i0.wp.com\/cfcontabil.com\/cf\/wp-content\/uploads\/2021\/08\/pexels-photo-2733663.jpeg?fit=1200%2C800&resize=525%2C300 1.5x, https:\/\/i0.wp.com\/cfcontabil.com\/cf\/wp-content\/uploads\/2021\/08\/pexels-photo-2733663.jpeg?fit=1200%2C800&resize=700%2C400 2x, https:\/\/i0.wp.com\/cfcontabil.com\/cf\/wp-content\/uploads\/2021\/08\/pexels-photo-2733663.jpeg?fit=1200%2C800&resize=1050%2C600 3x"},"classes":[]},{"id":1028,"url":"http:\/\/cfcontabil.com\/cf\/artigo-a-contabilidade-na-era-da-midia-social\/","url_meta":{"origin":2547,"position":1},"title":"Artigo: A contabilidade na era da m\u00eddia social","author":"Ab\u00edlio Gon\u00e7alves","date":"17 de outubro de 2012","format":false,"excerpt":"Um artigo interessante publicado pelo SESCON de Campinas falando sobre as m\u00eddias digitais, um exemplo para todos os contabilistas, confira a mat\u00e9ria: Como sindicatos, escrit\u00f3rios e editoras est\u00e3o utilizando a internet em busca de divulga\u00e7\u00e3o Houve uma \u00e9poca em que conseguir informa\u00e7\u00f5es sobre o mundo cont\u00e1bil era extremamente dif\u00edcil. Os\u2026","rel":"","context":"Em &quot;Geral&quot;","block_context":{"text":"Geral","link":"http:\/\/cfcontabil.com\/cf\/category\/geral\/"},"img":{"alt_text":"","src":"https:\/\/i0.wp.com\/cfcontabil.com\/cf\/wp-content\/uploads\/2012\/10\/curtirCONTABILIDADE.jpg?resize=350%2C200","width":350,"height":200},"classes":[]},{"id":2621,"url":"http:\/\/cfcontabil.com\/cf\/entidades-exigem-criterios-claros-para-remocao-de-conteudo-da-internet\/","url_meta":{"origin":2547,"position":2},"title":"Entidades exigem crit\u00e9rios claros para remo\u00e7\u00e3o de conte\u00fado da internet","author":"Ab\u00edlio Gon\u00e7alves","date":"11 de agosto de 2021","format":false,"excerpt":"Organiza\u00e7\u00f5es da sociedade civil defendem que o chamado \"PL de combate das fake news\" exija que as pol\u00edticas de uso, de remo\u00e7\u00e3o e de direcionamento de conte\u00fado das redes sociais sejam mais transparentes para o usu\u00e1rio. O tema foi debatido em audi\u00eancia p\u00fablica, nesta ter\u00e7a-feira (10), do grupo de trabalho\u2026","rel":"","context":"Em &quot;Geral&quot;","block_context":{"text":"Geral","link":"http:\/\/cfcontabil.com\/cf\/category\/geral\/"},"img":{"alt_text":"white and black letter blocks","src":"https:\/\/i0.wp.com\/cfcontabil.com\/cf\/wp-content\/uploads\/2021\/08\/pexels-photo-3989901.jpeg?fit=1200%2C800&resize=350%2C200","width":350,"height":200,"srcset":"https:\/\/i0.wp.com\/cfcontabil.com\/cf\/wp-content\/uploads\/2021\/08\/pexels-photo-3989901.jpeg?fit=1200%2C800&resize=350%2C200 1x, https:\/\/i0.wp.com\/cfcontabil.com\/cf\/wp-content\/uploads\/2021\/08\/pexels-photo-3989901.jpeg?fit=1200%2C800&resize=525%2C300 1.5x, https:\/\/i0.wp.com\/cfcontabil.com\/cf\/wp-content\/uploads\/2021\/08\/pexels-photo-3989901.jpeg?fit=1200%2C800&resize=700%2C400 2x, https:\/\/i0.wp.com\/cfcontabil.com\/cf\/wp-content\/uploads\/2021\/08\/pexels-photo-3989901.jpeg?fit=1200%2C800&resize=1050%2C600 3x"},"classes":[]},{"id":1972,"url":"http:\/\/cfcontabil.com\/cf\/dez-opcoes-de-contas-digitais-para-meis-e-pequenos-empresarios\/","url_meta":{"origin":2547,"position":3},"title":"Dez op\u00e7\u00f5es de contas digitais para MEIs e pequenos empres\u00e1rios","author":"Ab\u00edlio Gon\u00e7alves","date":"3 de dezembro de 2019","format":false,"excerpt":"De olho neste mercado, fintechs oferecem desde tarifa de manuten\u00e7\u00e3o zero a boletos sem custos e Ted's gratuitos A onda de fintechs que atingiu seis em cada dez brasileiros (64%) que t\u00eam acesso a computadores e celulares est\u00e1 cada vez mais pr\u00f3xima de atingir tamb\u00e9m os microempreendedores e pequenos neg\u00f3cios.\u2026","rel":"","context":"Em &quot;Consultoria Empresarial&quot;","block_context":{"text":"Consultoria Empresarial","link":"http:\/\/cfcontabil.com\/cf\/category\/consultoria\/"},"img":{"alt_text":"","src":"https:\/\/i0.wp.com\/cfcontabil.com\/cf\/wp-content\/uploads\/2019\/12\/contas-digitais.jpg?fit=678%2C452&resize=350%2C200","width":350,"height":200,"srcset":"https:\/\/i0.wp.com\/cfcontabil.com\/cf\/wp-content\/uploads\/2019\/12\/contas-digitais.jpg?fit=678%2C452&resize=350%2C200 1x, https:\/\/i0.wp.com\/cfcontabil.com\/cf\/wp-content\/uploads\/2019\/12\/contas-digitais.jpg?fit=678%2C452&resize=525%2C300 1.5x"},"classes":[]},{"id":1784,"url":"http:\/\/cfcontabil.com\/cf\/lgpd-sua-empresa-esta-preparada-conheca-a-lei-geral-de-protecao-de-dados\/","url_meta":{"origin":2547,"position":4},"title":"LGPD, sua empresa est\u00e1 preparada? Conhe\u00e7a a Lei Geral de Prote\u00e7\u00e3o de Dados!","author":"Ab\u00edlio Gon\u00e7alves","date":"19 de outubro de 2019","format":false,"excerpt":"A Lei Geral de Prote\u00e7\u00e3o de Dados vem com o intuito de garantir ao usu\u00e1rio uma maior privacidade e controle dos seus dados, tendo uma maior seguran\u00e7a contra o uso indevido por parte de empresas ou pessoas mal intencionadas. Bom vamos pensar em um cen\u00e1rio, \u00e9 \u00e9poca de elei\u00e7\u00f5es e\u2026","rel":"","context":"Em &quot;Consultoria Empresarial&quot;","block_context":{"text":"Consultoria Empresarial","link":"http:\/\/cfcontabil.com\/cf\/category\/consultoria\/"},"img":{"alt_text":"","src":"https:\/\/i0.wp.com\/cfcontabil.com\/cf\/wp-content\/uploads\/2019\/10\/LGPD.png?fit=682%2C450&resize=350%2C200","width":350,"height":200,"srcset":"https:\/\/i0.wp.com\/cfcontabil.com\/cf\/wp-content\/uploads\/2019\/10\/LGPD.png?fit=682%2C450&resize=350%2C200 1x, https:\/\/i0.wp.com\/cfcontabil.com\/cf\/wp-content\/uploads\/2019\/10\/LGPD.png?fit=682%2C450&resize=525%2C300 1.5x"},"classes":[]},{"id":902,"url":"http:\/\/cfcontabil.com\/cf\/ministerio-do-trabalho-lanca-plataforma-tecnologica-para-combate-a-fraudes\/","url_meta":{"origin":2547,"position":5},"title":"Minist\u00e9rio do Trabalho lan\u00e7a plataforma tecnol\u00f3gica para combate a fraudes","author":"Ab\u00edlio Gon\u00e7alves","date":"1 de fevereiro de 2017","format":false,"excerpt":"Sistema vai proporcionar economia de aproximadamente R$ 1,3 bilh\u00e3o em 2017, evitando pagamentos indevidos. Al\u00e9m disso, a previs\u00e3o \u00e9 que em 2018 o trabalhador n\u00e3o precise mais ir \u00e0s ag\u00eancias para solicitar o benef\u00edcio O combate \u00e0s fraudes no seguro-desemprego ganha uma nova arma. O Minist\u00e9rio do Trabalho (MTb) est\u00e1\u2026","rel":"","context":"Em &quot;Departamento Pessoal&quot;","block_context":{"text":"Departamento Pessoal","link":"http:\/\/cfcontabil.com\/cf\/category\/dp\/"},"img":{"alt_text":"","src":"https:\/\/i0.wp.com\/cfcontabil.com\/cf\/wp-content\/uploads\/2017\/01\/CTPStrabalho-1.jpg?fit=1200%2C781&resize=350%2C200","width":350,"height":200,"srcset":"https:\/\/i0.wp.com\/cfcontabil.com\/cf\/wp-content\/uploads\/2017\/01\/CTPStrabalho-1.jpg?fit=1200%2C781&resize=350%2C200 1x, https:\/\/i0.wp.com\/cfcontabil.com\/cf\/wp-content\/uploads\/2017\/01\/CTPStrabalho-1.jpg?fit=1200%2C781&resize=525%2C300 1.5x, https:\/\/i0.wp.com\/cfcontabil.com\/cf\/wp-content\/uploads\/2017\/01\/CTPStrabalho-1.jpg?fit=1200%2C781&resize=700%2C400 2x, https:\/\/i0.wp.com\/cfcontabil.com\/cf\/wp-content\/uploads\/2017\/01\/CTPStrabalho-1.jpg?fit=1200%2C781&resize=1050%2C600 3x"},"classes":[]}],"jetpack_likes_enabled":true,"_links":{"self":[{"href":"http:\/\/cfcontabil.com\/cf\/wp-json\/wp\/v2\/posts\/2547","targetHints":{"allow":["GET"]}}],"collection":[{"href":"http:\/\/cfcontabil.com\/cf\/wp-json\/wp\/v2\/posts"}],"about":[{"href":"http:\/\/cfcontabil.com\/cf\/wp-json\/wp\/v2\/types\/post"}],"author":[{"embeddable":true,"href":"http:\/\/cfcontabil.com\/cf\/wp-json\/wp\/v2\/users\/1"}],"replies":[{"embeddable":true,"href":"http:\/\/cfcontabil.com\/cf\/wp-json\/wp\/v2\/comments?post=2547"}],"version-history":[{"count":1,"href":"http:\/\/cfcontabil.com\/cf\/wp-json\/wp\/v2\/posts\/2547\/revisions"}],"predecessor-version":[{"id":2554,"href":"http:\/\/cfcontabil.com\/cf\/wp-json\/wp\/v2\/posts\/2547\/revisions\/2554"}],"wp:featuredmedia":[{"embeddable":true,"href":"http:\/\/cfcontabil.com\/cf\/wp-json\/wp\/v2\/media\/2553"}],"wp:attachment":[{"href":"http:\/\/cfcontabil.com\/cf\/wp-json\/wp\/v2\/media?parent=2547"}],"wp:term":[{"taxonomy":"category","embeddable":true,"href":"http:\/\/cfcontabil.com\/cf\/wp-json\/wp\/v2\/categories?post=2547"},{"taxonomy":"post_tag","embeddable":true,"href":"http:\/\/cfcontabil.com\/cf\/wp-json\/wp\/v2\/tags?post=2547"}],"curies":[{"name":"wp","href":"https:\/\/api.w.org\/{rel}","templated":true}]}}