{"id":2607,"date":"2021-08-07T12:00:00","date_gmt":"2021-08-07T15:00:00","guid":{"rendered":"https:\/\/cfcontabil.com\/cf\/?p=2607"},"modified":"2021-08-06T12:11:23","modified_gmt":"2021-08-06T15:11:23","slug":"sem-dinheiro-pmes-ficam-longe-da-transformacao-digital","status":"publish","type":"post","link":"http:\/\/cfcontabil.com\/cf\/sem-dinheiro-pmes-ficam-longe-da-transformacao-digital\/","title":{"rendered":"Sem dinheiro, PMEs ficam longe da transforma\u00e7\u00e3o digital"},"content":{"rendered":"\n<figure class=\"wp-block-image is-style-default\"><img data-recalc-dims=\"1\" decoding=\"async\" src=\"https:\/\/i0.wp.com\/www.convergenciadigital.com.br\/media\/brasil_digital.jpg?w=1170&#038;ssl=1\" alt=\"\"\/><figcaption>Pesquisa produzida pela FGV Projetos em parceria com a Ag\u00eancia Brasileira de Desenvolvimento Industrial (ABDI) sobre a maturidade digital das micro e pequenas empresas (MPEs) revelou que dois ter\u00e7os das empresas (66%) est\u00e3o em iniciais de maturidade digital. As anal\u00f3gicas somam 18%; e outras 48% s\u00e3o emergentes, ou seja, promovem esfor\u00e7os para se digitalizar, mas ainda possuem estrutura e modelos de neg\u00f3cios tradicionais. Nos n\u00edveis mais avan\u00e7ados da escala est\u00e3o as empresas consideradas intermedi\u00e1rias (30%) e as l\u00edderes digitais (4%).<br \/><br \/>O relat\u00f3rio demonstra que as pr\u00e1ticas e estrat\u00e9gias de transforma\u00e7\u00e3o digital ainda s\u00e3o pouco consolidadas entre as PMEs. O cen\u00e1rio de crise, provocado pela pandemia da COVID-19, empurrou para o universo digital empresas que pouco atuavam neste ambiente e que foram obrigadas a se adaptar. A mudan\u00e7a n\u00e3o representou, necessariamente, a acelera\u00e7\u00e3o da maturidade digital das empresas, que se viram for\u00e7adas a competir em outra arena de neg\u00f3cios sem as ferramentas necess\u00e1rias para tal. Al\u00e9m de ser um requisito indispens\u00e1vel \u00e0 sobreviv\u00eancia das empresas e \u00e0 gera\u00e7\u00e3o de receitas, o aumento da maturidade digital das PMEs &#8211; que respondem por 30% do PIB, mais de 90% dos empreendimentos e mais de 50% dos postos de trabalho.<br \/><br \/>A m\u00e9dia de desenvolvimento tecnol\u00f3gico e digital das MPEs \u00e9 de 40,77 pontos, em uma escala de 0 a 100, segundo mostra a pesquisa. O setor de servi\u00e7os tem pontua\u00e7\u00e3o mais alta, com m\u00e9dia de 43,73 pontos, seguido do industrial, com 40,49 pontos; e do com\u00e9rcio, com 36,75 pontos. A pontua\u00e7\u00e3o m\u00e9dia das empresas na escala de maturidade digital considerou cinco objetivos para os quais foram calculadas as devidas pontua\u00e7\u00f5es.<br \/>S\u00e3o eles: conectar e engajar clientes (44,41 pontos); gerar mais valor para os clientes (37,53); construir uma organiza\u00e7\u00e3o orientada a dados (39,20); estabelecer novas bases de competi\u00e7\u00e3o, no qual as empresas obtiveram a pontua\u00e7\u00e3o mais baixa (35,01), traduzindo a dificuldade em se adaptar ao universo on-line e em criar modelos de neg\u00f3cios mais inovadores e digitais. Por fim, inovar mais r\u00e1pido e colaborativamente, com a maior pontua\u00e7\u00e3o (47,72), o que demonstra que as empresas est\u00e3o se abrindo a novas possibilidades e adotando pr\u00e1ticas de inova\u00e7\u00e3o mais \u00e1geis e colaborativas.<br \/><br \/>A pesquisa concluiu que, para 38% das empresas, o maior entrave para a transforma\u00e7\u00e3o digital \u00e9 a falta de recursos; a dificuldade em conseguir acessar pessoas\/fornecedores com capacidade de ajudar na transforma\u00e7\u00e3o digital \u00e9 o principal obst\u00e1culo para 14% dos entrevistados. Apenas 6% apontam resist\u00eancias a mudan\u00e7as por parte de diretores e gerentes. A pesquisa tamb\u00e9m identificou que 68% dos empres\u00e1rios est\u00e3o abertos a participa\u00e7\u00e3o em programas de acelera\u00e7\u00e3o da maturidade digital para transformar seus neg\u00f3cios.<br \/><br \/>Os dados da pesquisa foram extra\u00eddos a partir de 2.572 respostas de empresas nacionais (65% delas s\u00e3o microempresas e o restante \u00e9 do segmento de pequeno porte) no per\u00edodo de mar\u00e7o a maio de 2021. A amostra possui representatividade nacional e setorial, com um total de respondentes de 1.176 do setor de servi\u00e7os, 804 do setor de com\u00e9rcio e 537 do setor industrial. Todos os respondentes considerados nesta pesquisa s\u00e3o do setor privado.<\/figcaption><\/figure>\n\n\n\n<p>Fonte: Converg\u00eancia digital<\/p>\n","protected":false},"excerpt":{"rendered":"<p>Fonte: Converg\u00eancia digital<\/p>\n","protected":false},"author":1,"featured_media":2608,"comment_status":"open","ping_status":"open","sticky":false,"template":"","format":"standard","meta":{"jetpack_post_was_ever_published":false,"_jetpack_newsletter_access":"","_jetpack_dont_email_post_to_subs":false,"_jetpack_newsletter_tier_id":0,"_jetpack_memberships_contains_paywalled_content":false,"_jetpack_memberships_contains_paid_content":false,"footnotes":"","jetpack_publicize_message":"","jetpack_publicize_feature_enabled":true,"jetpack_social_post_already_shared":true,"jetpack_social_options":{"image_generator_settings":{"template":"highway","default_image_id":0,"font":"","enabled":false},"version":2}},"categories":[22],"tags":[819,444,834],"class_list":["post-2607","post","type-post","status-publish","format-standard","has-post-thumbnail","hentry","category-geral","tag-covid","tag-digital","tag-pme"],"jetpack_publicize_connections":[],"jetpack_featured_media_url":"https:\/\/i0.wp.com\/cfcontabil.com\/cf\/wp-content\/uploads\/2021\/08\/brasil_digital.jpg?fit=705%2C396","jetpack_sharing_enabled":true,"jetpack_shortlink":"https:\/\/wp.me\/p2wklX-G3","jetpack-related-posts":[{"id":1124,"url":"http:\/\/cfcontabil.com\/cf\/empresa-com-mais-de-4-funcionarios-deve-usar-certificado-digital-no-acesso-ao-conectividade-social\/","url_meta":{"origin":2607,"position":0},"title":"Empresa com mais de 4 funcion\u00e1rios deve usar Certificado Digital no acesso ao Conectividade social","author":"Ab\u00edlio Gon\u00e7alves","date":"14 de abril de 2017","format":false,"excerpt":"Para quem ainda n\u00e3o conhece, o Conectividade Social \u00e9 o canal obrigat\u00f3rio para o envio de informa\u00e7\u00f5es ao FGTS \u2013 Fundo de Garantia do Tempo de Servi\u00e7o e \u00e0 Previd\u00eancia Social Ou seja, trata-se de um canal eletr\u00f4nico de relacionamento que pode ser utilizado para troca de informa\u00e7\u00f5es relacionadas ao\u2026","rel":"","context":"Em &quot;Departamento Pessoal&quot;","block_context":{"text":"Departamento Pessoal","link":"http:\/\/cfcontabil.com\/cf\/category\/dp\/"},"img":{"alt_text":"","src":"https:\/\/i0.wp.com\/cfcontabil.com\/cf\/wp-content\/uploads\/2017\/04\/conectividade-social-1.jpg?fit=960%2C720&resize=350%2C200","width":350,"height":200,"srcset":"https:\/\/i0.wp.com\/cfcontabil.com\/cf\/wp-content\/uploads\/2017\/04\/conectividade-social-1.jpg?fit=960%2C720&resize=350%2C200 1x, https:\/\/i0.wp.com\/cfcontabil.com\/cf\/wp-content\/uploads\/2017\/04\/conectividade-social-1.jpg?fit=960%2C720&resize=525%2C300 1.5x, https:\/\/i0.wp.com\/cfcontabil.com\/cf\/wp-content\/uploads\/2017\/04\/conectividade-social-1.jpg?fit=960%2C720&resize=700%2C400 2x"},"classes":[]},{"id":1972,"url":"http:\/\/cfcontabil.com\/cf\/dez-opcoes-de-contas-digitais-para-meis-e-pequenos-empresarios\/","url_meta":{"origin":2607,"position":1},"title":"Dez op\u00e7\u00f5es de contas digitais para MEIs e pequenos empres\u00e1rios","author":"Ab\u00edlio Gon\u00e7alves","date":"3 de dezembro de 2019","format":false,"excerpt":"De olho neste mercado, fintechs oferecem desde tarifa de manuten\u00e7\u00e3o zero a boletos sem custos e Ted's gratuitos A onda de fintechs que atingiu seis em cada dez brasileiros (64%) que t\u00eam acesso a computadores e celulares est\u00e1 cada vez mais pr\u00f3xima de atingir tamb\u00e9m os microempreendedores e pequenos neg\u00f3cios.\u2026","rel":"","context":"Em &quot;Consultoria Empresarial&quot;","block_context":{"text":"Consultoria Empresarial","link":"http:\/\/cfcontabil.com\/cf\/category\/consultoria\/"},"img":{"alt_text":"","src":"https:\/\/i0.wp.com\/cfcontabil.com\/cf\/wp-content\/uploads\/2019\/12\/contas-digitais.jpg?fit=678%2C452&resize=350%2C200","width":350,"height":200,"srcset":"https:\/\/i0.wp.com\/cfcontabil.com\/cf\/wp-content\/uploads\/2019\/12\/contas-digitais.jpg?fit=678%2C452&resize=350%2C200 1x, https:\/\/i0.wp.com\/cfcontabil.com\/cf\/wp-content\/uploads\/2019\/12\/contas-digitais.jpg?fit=678%2C452&resize=525%2C300 1.5x"},"classes":[]},{"id":3435,"url":"http:\/\/cfcontabil.com\/cf\/da-automacao-a-inteligencia-o-futuro-da-contabilidade-ja-comecou\/","url_meta":{"origin":2607,"position":2},"title":"Da Automa\u00e7\u00e3o \u00e0 Intelig\u00eancia: O Futuro da Contabilidade j\u00e1 Come\u00e7ou","author":"Ab\u00edlio Gon\u00e7alves","date":"10 de setembro de 2025","format":false,"excerpt":"Na \u00faltima edi\u00e7\u00e3o do Conta Azul Con 2025, participei da palestra conduzida por Rodrigo Bogoni e Dercio Bolais, representantes da Thomson Reuters e da Dom\u00ednio. O tema n\u00e3o poderia ser mais atual: como os servi\u00e7os digitais e embarcados est\u00e3o transformando a contabilidade em uma verdadeira consultoria estrat\u00e9gica para empresas de\u2026","rel":"","context":"Em &quot;Geral&quot;","block_context":{"text":"Geral","link":"http:\/\/cfcontabil.com\/cf\/category\/geral\/"},"img":{"alt_text":"","src":"https:\/\/i0.wp.com\/cfcontabil.com\/cf\/wp-content\/uploads\/2025\/09\/conta-azul-con25.png?fit=992%2C388&resize=350%2C200","width":350,"height":200,"srcset":"https:\/\/i0.wp.com\/cfcontabil.com\/cf\/wp-content\/uploads\/2025\/09\/conta-azul-con25.png?fit=992%2C388&resize=350%2C200 1x, https:\/\/i0.wp.com\/cfcontabil.com\/cf\/wp-content\/uploads\/2025\/09\/conta-azul-con25.png?fit=992%2C388&resize=525%2C300 1.5x, https:\/\/i0.wp.com\/cfcontabil.com\/cf\/wp-content\/uploads\/2025\/09\/conta-azul-con25.png?fit=992%2C388&resize=700%2C400 2x"},"classes":[]},{"id":2079,"url":"http:\/\/cfcontabil.com\/cf\/conheca-nossa-solucao-digital-para-gestao-de-empresas\/","url_meta":{"origin":2607,"position":3},"title":"Conhe\u00e7a nossa solu\u00e7\u00e3o digital para gest\u00e3o de empresas!","author":"Ab\u00edlio Gon\u00e7alves","date":"16 de janeiro de 2020","format":false,"excerpt":"Queremos que seu neg\u00f3cio permane\u00e7a no AZUL neste novo ano! Semana passada apresentamos ao vivo no Instagram @cfcontabil uma plataforma completa para gest\u00e3o financeira e cont\u00e1bil para pequenas e m\u00e9dias empresas que desejam organiza\u00e7\u00e3o, agilidade e crescimento em 2020. Assista um pouco do que conversamos: https:\/\/www.youtube.com\/watch?v=zsbrNVJ1WCU Acreditamos que a contabilidade\u2026","rel":"","context":"Em &quot;Consultoria Empresarial&quot;","block_context":{"text":"Consultoria Empresarial","link":"http:\/\/cfcontabil.com\/cf\/category\/consultoria\/"},"img":{"alt_text":"","src":"https:\/\/i0.wp.com\/cfcontabil.com\/cf\/wp-content\/uploads\/2020\/01\/tudo-azul-1.jpeg?fit=1200%2C675&resize=350%2C200","width":350,"height":200,"srcset":"https:\/\/i0.wp.com\/cfcontabil.com\/cf\/wp-content\/uploads\/2020\/01\/tudo-azul-1.jpeg?fit=1200%2C675&resize=350%2C200 1x, https:\/\/i0.wp.com\/cfcontabil.com\/cf\/wp-content\/uploads\/2020\/01\/tudo-azul-1.jpeg?fit=1200%2C675&resize=525%2C300 1.5x, https:\/\/i0.wp.com\/cfcontabil.com\/cf\/wp-content\/uploads\/2020\/01\/tudo-azul-1.jpeg?fit=1200%2C675&resize=700%2C400 2x, https:\/\/i0.wp.com\/cfcontabil.com\/cf\/wp-content\/uploads\/2020\/01\/tudo-azul-1.jpeg?fit=1200%2C675&resize=1050%2C600 3x"},"classes":[]},{"id":1918,"url":"http:\/\/cfcontabil.com\/cf\/entenda-quais-sao-as-obrigacoes-trabalhistas-com-a-ctps-digital\/","url_meta":{"origin":2607,"position":4},"title":"Entenda quais s\u00e3o as obriga\u00e7\u00f5es trabalhistas com a CTPS Digital","author":"Ab\u00edlio Gon\u00e7alves","date":"19 de novembro de 2019","format":false,"excerpt":"Especialista explica que a Carteira de Trabalho Digital traz benef\u00edcios para trabalhadores e empregadores. A\u00a0carteira de trabalho\u00a0digital\u00a0entrou em vigor\u00a0h\u00e1 pouco mais de um m\u00eas, mas a nova tecnologia gerou d\u00favidas entre os trabalhadores brasileiros. A portaria assinada por Rog\u00e9rio Marinho estabelece que o documento f\u00edsico segue v\u00e1lido, mas novas emiss\u00f5es\u2026","rel":"","context":"Em &quot;Departamento Pessoal&quot;","block_context":{"text":"Departamento Pessoal","link":"http:\/\/cfcontabil.com\/cf\/category\/dp\/"},"img":{"alt_text":"","src":"https:\/\/i0.wp.com\/cfcontabil.com\/cf\/wp-content\/uploads\/2017\/02\/ctps-digital-1.jpg?fit=1200%2C627&resize=350%2C200","width":350,"height":200,"srcset":"https:\/\/i0.wp.com\/cfcontabil.com\/cf\/wp-content\/uploads\/2017\/02\/ctps-digital-1.jpg?fit=1200%2C627&resize=350%2C200 1x, https:\/\/i0.wp.com\/cfcontabil.com\/cf\/wp-content\/uploads\/2017\/02\/ctps-digital-1.jpg?fit=1200%2C627&resize=525%2C300 1.5x, https:\/\/i0.wp.com\/cfcontabil.com\/cf\/wp-content\/uploads\/2017\/02\/ctps-digital-1.jpg?fit=1200%2C627&resize=700%2C400 2x, https:\/\/i0.wp.com\/cfcontabil.com\/cf\/wp-content\/uploads\/2017\/02\/ctps-digital-1.jpg?fit=1200%2C627&resize=1050%2C600 3x"},"classes":[]},{"id":2372,"url":"http:\/\/cfcontabil.com\/cf\/outubro-tem-saldo-de-mais-de-231-mil-novas-empresas-abertas-no-pais\/","url_meta":{"origin":2607,"position":5},"title":"Outubro tem saldo de mais de 231 mil novas empresas abertas no pa\u00eds","author":"Ab\u00edlio Gon\u00e7alves","date":"10 de novembro de 2020","format":false,"excerpt":"Segundo o Mapa de Empresas, do Minist\u00e9rio da Economia, foram abertas 320.559 firmas e 89.306 fecharam. Tempo m\u00e9dio da burocracia diminuiu: menos de tr\u00eas dias O Mapa de Empresas, ferramenta digital do Minist\u00e9rio da Economia que acompanha dados sobre registro empresarial no Brasil, apontou que, em outubro, houve saldo positivo\u2026","rel":"","context":"Em &quot;Consultoria Empresarial&quot;","block_context":{"text":"Consultoria Empresarial","link":"http:\/\/cfcontabil.com\/cf\/category\/consultoria\/"},"img":{"alt_text":"","src":"https:\/\/i0.wp.com\/cfcontabil.com\/cf\/wp-content\/uploads\/2019\/12\/abertura-de-Empresas.jpg?fit=1080%2C640&resize=350%2C200","width":350,"height":200,"srcset":"https:\/\/i0.wp.com\/cfcontabil.com\/cf\/wp-content\/uploads\/2019\/12\/abertura-de-Empresas.jpg?fit=1080%2C640&resize=350%2C200 1x, https:\/\/i0.wp.com\/cfcontabil.com\/cf\/wp-content\/uploads\/2019\/12\/abertura-de-Empresas.jpg?fit=1080%2C640&resize=525%2C300 1.5x, https:\/\/i0.wp.com\/cfcontabil.com\/cf\/wp-content\/uploads\/2019\/12\/abertura-de-Empresas.jpg?fit=1080%2C640&resize=700%2C400 2x, https:\/\/i0.wp.com\/cfcontabil.com\/cf\/wp-content\/uploads\/2019\/12\/abertura-de-Empresas.jpg?fit=1080%2C640&resize=1050%2C600 3x"},"classes":[]}],"jetpack_likes_enabled":true,"_links":{"self":[{"href":"http:\/\/cfcontabil.com\/cf\/wp-json\/wp\/v2\/posts\/2607","targetHints":{"allow":["GET"]}}],"collection":[{"href":"http:\/\/cfcontabil.com\/cf\/wp-json\/wp\/v2\/posts"}],"about":[{"href":"http:\/\/cfcontabil.com\/cf\/wp-json\/wp\/v2\/types\/post"}],"author":[{"embeddable":true,"href":"http:\/\/cfcontabil.com\/cf\/wp-json\/wp\/v2\/users\/1"}],"replies":[{"embeddable":true,"href":"http:\/\/cfcontabil.com\/cf\/wp-json\/wp\/v2\/comments?post=2607"}],"version-history":[{"count":1,"href":"http:\/\/cfcontabil.com\/cf\/wp-json\/wp\/v2\/posts\/2607\/revisions"}],"predecessor-version":[{"id":2609,"href":"http:\/\/cfcontabil.com\/cf\/wp-json\/wp\/v2\/posts\/2607\/revisions\/2609"}],"wp:featuredmedia":[{"embeddable":true,"href":"http:\/\/cfcontabil.com\/cf\/wp-json\/wp\/v2\/media\/2608"}],"wp:attachment":[{"href":"http:\/\/cfcontabil.com\/cf\/wp-json\/wp\/v2\/media?parent=2607"}],"wp:term":[{"taxonomy":"category","embeddable":true,"href":"http:\/\/cfcontabil.com\/cf\/wp-json\/wp\/v2\/categories?post=2607"},{"taxonomy":"post_tag","embeddable":true,"href":"http:\/\/cfcontabil.com\/cf\/wp-json\/wp\/v2\/tags?post=2607"}],"curies":[{"name":"wp","href":"https:\/\/api.w.org\/{rel}","templated":true}]}}