{"id":2610,"date":"2021-08-09T05:15:00","date_gmt":"2021-08-09T08:15:00","guid":{"rendered":"https:\/\/cfcontabil.com\/cf\/?p=2610"},"modified":"2021-08-06T12:16:43","modified_gmt":"2021-08-06T15:16:43","slug":"da-para-ganhar-dinheiro-sem-sair-de-casa","status":"publish","type":"post","link":"http:\/\/cfcontabil.com\/cf\/da-para-ganhar-dinheiro-sem-sair-de-casa\/","title":{"rendered":"D\u00e1 para ganhar dinheiro sem sair de casa"},"content":{"rendered":"\n<p>Franquias home based, lojas on-line e outros modelos de neg\u00f3cio do g\u00eanero exigem baixo investimento e podem ser uma boa aposta em um per\u00edodo de pandemia<br \/><\/p>\n\n\n\n<figure class=\"wp-block-image\"><img data-recalc-dims=\"1\" decoding=\"async\" src=\"https:\/\/i0.wp.com\/dcomercio.com.br\/public\/upload\/gallery\/2020\/home-office-note-teletrabalho-pixabay-corte.jpg?w=1170&#038;ssl=1\" alt=\"\"\/><\/figure>\n\n\n\n<p>Ter o pr\u00f3prio neg\u00f3cio, garantir lucro, definir o pr\u00f3prio hor\u00e1rio de trabalho &#8211; eis o mundo ideal, concorda? Em busca deste sonho, nos \u00faltimos anos milhares de pessoas apostaram suas economias em neg\u00f3cios de baixo investimento que podem ser tocados sem sair de casa.<\/p>\n\n\n\n<p>Uma das apostas mais procuradas nesse modelo foram as microfranquias, que demandam investimento inicial de at\u00e9 R$ 90 mil e muitas vezes podem ser operadas por apenas uma pessoa.<\/p>\n\n\n\n<p>A ideia ganha ainda mais for\u00e7a em meio \u00e0 pandemia, quando cerca de 40% dos brasileiros perderam total ou parcialmente sua renda. Por essa raz\u00e3o, usar habilidades que voc\u00ea j\u00e1 tem para fazer dinheiro sem precisar sair de casa pode ser uma alternativa.<\/p>\n\n\n\n<p>Mas para quem passou a vida tendo v\u00ednculo empregat\u00edcio pode ser arriscado apostar tudo em um neg\u00f3cio pr\u00f3prio, especialmente num momento econ\u00f4mico rodeado de incertezas. Nesse sentido, a vantagem da escolha por uma microfranquia \u00e9 ter o suporte do sistema de franchising &#8211; com neg\u00f3cios estruturados e testados por uma marca reconhecida e estabelecida no mercado.<\/p>\n\n\n\n<p>Veja a seguir mais op\u00e7\u00f5es para trabalhar em casa:<\/p>\n\n\n\n<p><strong>HOME BASED<\/strong><\/p>\n\n\n\n<p>Dentro desse modelo compacto, outro formato vem se destacando: as franquias home based. Com valor de investimento mais baixo e poucos custos fixos, o neg\u00f3cio pode ser montado dentro de casa e \u00e9 uma das principais tend\u00eancias do franchising para os pr\u00f3ximos anos.<\/p>\n\n\n\n<p><strong>INSTAGRAM<\/strong><\/p>\n\n\n\n<p>O hit da pandemia, sem d\u00favidas, \u00e9 o Instagram. Anteriormente, utilizado para engajar os consumidores e divulgar produtos e servi\u00e7os de qualquer neg\u00f3cio, o Instagram passou a ser usado como loja on-line, especialmente por aqueles que est\u00e3o iniciando.&nbsp;<\/p>\n\n\n\n<p>Com fotos bem elaboradas, detalhamento de informa\u00e7\u00f5es e intera\u00e7\u00e3o com os seguidores, \u00e9 poss\u00edvel criar um perfil atrativo.<\/p>\n\n\n\n<p><strong>LOJA ON-LINE<\/strong><\/p>\n\n\n\n<p>Seja com artesanato, alimenta\u00e7\u00e3o, bijuterias, roupas, servi\u00e7os \u2013 todas essas possibilidades podem ser vendidas em uma loja virtual. A grande vantagem \u00e9 que sem um ponto f\u00edsico, n\u00e3o \u00e9 preciso pagar pelo aluguel do ponto de venda e nem investir em infraestrutura.<\/p>\n\n\n\n<p>O universo de clientes em potencial tamb\u00e9m \u00e9 muito maior, al\u00e9m de ter a vitrine e o caixa do seu neg\u00f3cio abertos 24 horas por dia.<\/p>\n\n\n\n<p>\u00c9 poss\u00edvel come\u00e7ar anunciando em canais como o Mercado Livre e OLX at\u00e9 chegar a um site pr\u00f3prio funcionando como loja virtual.<\/p>\n\n\n\n<p><strong>CONSULTORIA ON-LINE<\/strong><\/p>\n\n\n\n<p>Ser especialista em uma atividade pode fazer de qualquer profissional um consultor, desde que se prepare para isso.<\/p>\n\n\n\n<p>Cursos e certificados d\u00e3o o direito de transformar sua carreira e conseguir espa\u00e7o nesse mercado. Al\u00e9m de pouco investimento para sair do papel, a possibilidade pode ser trabalhada de forma remota com atendimentos on-line.<\/p>\n\n\n\n<p><strong>VIRE FREELANCER<\/strong><\/p>\n\n\n\n<p>Investir em uma carreira solo e tornar-se profissional freelancer pode ser uma \u00f3tima op\u00e7\u00e3o para aumentar a renda.<\/p>\n\n\n\n<p>Definir o tipo de servi\u00e7o que ser\u00e1 oferecido e criar uma marca s\u00e3o importantes para dar in\u00edcio nesse mercado. Muitas plataformas e aplicativos re\u00fanem no mesmo lugar quem procura por profissionais e quem oferece servi\u00e7os.&nbsp;S\u00e3o centenas de neg\u00f3cios solicitando algum trabalho todos os dias.<\/p>\n\n\n\n<p><strong>REVENDA<\/strong><\/p>\n\n\n\n<p>Foi a \u00e9poca em que somente marcas de beleza apostam nesse modelo de neg\u00f3cio. Hoje, muitas marcas procuram por revendedoras para seus produtos. Com baixo custo inicial, \u00e9 importante escolher uma marca j\u00e1 consolidada no mercado para que o seu trabalho de divulga\u00e7\u00e3o seja mais eficiente.<\/p>\n\n\n\n<p>IMAGEM:&nbsp;<em>Pixabay<\/em><\/p>\n","protected":false},"excerpt":{"rendered":"<p>Franquias home based, lojas on-line e outros modelos de neg\u00f3cio do g\u00eanero exigem baixo investimento e podem ser uma boa aposta em um per\u00edodo de pandemia Ter o pr\u00f3prio neg\u00f3cio, garantir lucro, definir o pr\u00f3prio hor\u00e1rio de trabalho &#8211; eis o mundo ideal, concorda? Em busca deste sonho, nos \u00faltimos anos milhares de pessoas apostaram [&hellip;]<\/p>\n","protected":false},"author":1,"featured_media":2611,"comment_status":"open","ping_status":"open","sticky":false,"template":"","format":"standard","meta":{"jetpack_post_was_ever_published":false,"_jetpack_newsletter_access":"","_jetpack_dont_email_post_to_subs":false,"_jetpack_newsletter_tier_id":0,"_jetpack_memberships_contains_paywalled_content":false,"_jetpack_memberships_contains_paid_content":false,"footnotes":"","jetpack_publicize_message":"","jetpack_publicize_feature_enabled":true,"jetpack_social_post_already_shared":true,"jetpack_social_options":{"image_generator_settings":{"template":"highway","default_image_id":0,"font":"","enabled":false},"version":2}},"categories":[22],"tags":[806,836,726,835,761],"class_list":["post-2610","post","type-post","status-publish","format-standard","has-post-thumbnail","hentry","category-geral","tag-home","tag-loja","tag-negocio","tag-online","tag-pandemia"],"jetpack_publicize_connections":[],"jetpack_featured_media_url":"https:\/\/i0.wp.com\/cfcontabil.com\/cf\/wp-content\/uploads\/2021\/08\/home-office-trablaho-online.jpg?fit=927%2C620","jetpack_sharing_enabled":true,"jetpack_shortlink":"https:\/\/wp.me\/p2wklX-G6","jetpack-related-posts":[{"id":2555,"url":"http:\/\/cfcontabil.com\/cf\/volta-ao-escritorio-no-modelo-hibrido-inaugura-a-era-dos-sem-mesa\/","url_meta":{"origin":2610,"position":0},"title":"Volta ao escrit\u00f3rio no modelo h\u00edbrido inaugura a era dos &#8216;sem mesa&#8217;","author":"Ab\u00edlio Gon\u00e7alves","date":"6 de agosto de 2021","format":false,"excerpt":"Quem volta ao escrit\u00f3rio n\u00e3o volta mais para a sua mesa, mas para um espa\u00e7o compartilhado, que muitas vezes precisa ser agendado com anteced\u00eancia, por aplicativo. Com quase metade da popula\u00e7\u00e3o brasileira tendo recebido ao menos uma dose da vacina contra a Covid-19 e estados dispostos a retomar as aulas\u2026","rel":"","context":"Em &quot;Geral&quot;","block_context":{"text":"Geral","link":"http:\/\/cfcontabil.com\/cf\/category\/geral\/"},"img":{"alt_text":"","src":"https:\/\/i0.wp.com\/cfcontabil.com\/cf\/wp-content\/uploads\/2021\/08\/home_office.jpg?fit=840%2C560&resize=350%2C200","width":350,"height":200,"srcset":"https:\/\/i0.wp.com\/cfcontabil.com\/cf\/wp-content\/uploads\/2021\/08\/home_office.jpg?fit=840%2C560&resize=350%2C200 1x, https:\/\/i0.wp.com\/cfcontabil.com\/cf\/wp-content\/uploads\/2021\/08\/home_office.jpg?fit=840%2C560&resize=525%2C300 1.5x, https:\/\/i0.wp.com\/cfcontabil.com\/cf\/wp-content\/uploads\/2021\/08\/home_office.jpg?fit=840%2C560&resize=700%2C400 2x"},"classes":[]},{"id":1370,"url":"http:\/\/cfcontabil.com\/cf\/startups-avancam-no-brasil-apesar-dos-obstaculos\/","url_meta":{"origin":2610,"position":1},"title":"Startups avan\u00e7am no Brasil apesar dos obst\u00e1culos","author":"Ab\u00edlio Gon\u00e7alves","date":"28 de agosto de 2018","format":false,"excerpt":"CEO da aceleradora OBr.Global fala sobre desafios para gerar inova\u00e7\u00e3o Fonte: Jornal do Brasil O americano Robert Janssen, CEO da aceleradora de startups OBr.Global, vive entre o Rio de Janeiro, o Vale do Sil\u00edcio e San Antonio, no Texas, em busca de novos neg\u00f3cios que podem ser ampliados a n\u00edvel\u2026","rel":"","context":"Em &quot;Consultoria Empresarial&quot;","block_context":{"text":"Consultoria Empresarial","link":"http:\/\/cfcontabil.com\/cf\/category\/consultoria\/"},"img":{"alt_text":"","src":"https:\/\/i0.wp.com\/cfcontabil.com\/cf\/wp-content\/uploads\/2018\/08\/startup-mesa5-1.jpg?fit=960%2C640&resize=350%2C200","width":350,"height":200,"srcset":"https:\/\/i0.wp.com\/cfcontabil.com\/cf\/wp-content\/uploads\/2018\/08\/startup-mesa5-1.jpg?fit=960%2C640&resize=350%2C200 1x, https:\/\/i0.wp.com\/cfcontabil.com\/cf\/wp-content\/uploads\/2018\/08\/startup-mesa5-1.jpg?fit=960%2C640&resize=525%2C300 1.5x, https:\/\/i0.wp.com\/cfcontabil.com\/cf\/wp-content\/uploads\/2018\/08\/startup-mesa5-1.jpg?fit=960%2C640&resize=700%2C400 2x"},"classes":[]},{"id":2056,"url":"http:\/\/cfcontabil.com\/cf\/antes-de-abrir-um-negocio-siga-essas-dicas\/","url_meta":{"origin":2610,"position":2},"title":"Antes de abrir um neg\u00f3cio, siga essas dicas","author":"Ab\u00edlio Gon\u00e7alves","date":"7 de janeiro de 2020","format":false,"excerpt":"O Sebrae organizou em seu portal uma s\u00e9rie de orienta\u00e7\u00f5es para diferentes ramos de atividades Montar o pr\u00f3prio neg\u00f3cio est\u00e1 entre os principais sonhos dos brasileiros. Segundo a Pesquisa Global Entrepreneurship Monitor (GEM), virar empres\u00e1rio aparece na quarta posi\u00e7\u00e3o da escala dos desejos da popula\u00e7\u00e3o, atr\u00e1s apenas de conquistar a\u2026","rel":"","context":"Em &quot;Consultoria Empresarial&quot;","block_context":{"text":"Consultoria Empresarial","link":"http:\/\/cfcontabil.com\/cf\/category\/consultoria\/"},"img":{"alt_text":"","src":"https:\/\/i0.wp.com\/cfcontabil.com\/cf\/wp-content\/uploads\/2020\/01\/dicas-ideias.jpg?fit=533%2C374&resize=350%2C200","width":350,"height":200,"srcset":"https:\/\/i0.wp.com\/cfcontabil.com\/cf\/wp-content\/uploads\/2020\/01\/dicas-ideias.jpg?fit=533%2C374&resize=350%2C200 1x, https:\/\/i0.wp.com\/cfcontabil.com\/cf\/wp-content\/uploads\/2020\/01\/dicas-ideias.jpg?fit=533%2C374&resize=525%2C300 1.5x"},"classes":[]},{"id":2316,"url":"http:\/\/cfcontabil.com\/cf\/so-14-dos-pequenos-negocios-ja-conseguiram-credito-na-pandemia-diz-sebrae\/","url_meta":{"origin":2610,"position":3},"title":"S\u00f3 14% dos pequenos neg\u00f3cios j\u00e1 conseguiram cr\u00e9dito na pandemia, diz Sebrae","author":"Ab\u00edlio Gon\u00e7alves","date":"20 de maio de 2020","format":false,"excerpt":"Pesquisa do Sebrae diz que 58% das MPEs que pediram cr\u00e9dito nas \u00faltimas semanas j\u00e1 tiveram o pedido negado. Outros 18% est\u00e3o em an\u00e1lise, sendo que 53% aguardam uma resposta dos bancos h\u00e1 mais de duas semanas O Programa Nacional de Apoio \u00e0s Microempresas e Empresas de Pequeno Porte (Pronampe)\u2026","rel":"","context":"Em \"Cr\u00e9dito\"","block_context":{"text":"Cr\u00e9dito","link":"http:\/\/cfcontabil.com\/cf\/tag\/credito\/"},"img":{"alt_text":"","src":"https:\/\/i0.wp.com\/cfcontabil.com\/cf\/wp-content\/uploads\/2019\/11\/dinheiro-nota-real.jpg?fit=678%2C452&resize=350%2C200","width":350,"height":200,"srcset":"https:\/\/i0.wp.com\/cfcontabil.com\/cf\/wp-content\/uploads\/2019\/11\/dinheiro-nota-real.jpg?fit=678%2C452&resize=350%2C200 1x, https:\/\/i0.wp.com\/cfcontabil.com\/cf\/wp-content\/uploads\/2019\/11\/dinheiro-nota-real.jpg?fit=678%2C452&resize=525%2C300 1.5x"},"classes":[]},{"id":2293,"url":"http:\/\/cfcontabil.com\/cf\/dia-do-trabalho-pandemia-da-covid-19-trouxe-mudancas-na-rotina-dos-profissionais-da-contabilidade\/","url_meta":{"origin":2610,"position":4},"title":"Dia do Trabalho: Pandemia da Covid-19 trouxe mudan\u00e7as na rotina dos profissionais da contabilidade","author":"Ab\u00edlio Gon\u00e7alves","date":"5 de maio de 2020","format":false,"excerpt":"A limita\u00e7\u00e3o do contato social e da circula\u00e7\u00e3o de pessoas, como forma de combate e controle \u00e0 pandemia da Covid-19, e a crise econ\u00f4mica gerada pela doen\u00e7a impactaram diretamente na vida do trabalhador. Como um elo importante da cadeia econ\u00f4mica dos pa\u00edses, os profissionais da contabilidade sentem os efeitos da\u2026","rel":"","context":"Em &quot;Geral&quot;","block_context":{"text":"Geral","link":"http:\/\/cfcontabil.com\/cf\/category\/geral\/"},"img":{"alt_text":"","src":"https:\/\/i0.wp.com\/cfcontabil.com\/cf\/wp-content\/uploads\/2020\/04\/coronavirus-continentes-mundo.jpeg?resize=350%2C200","width":350,"height":200,"srcset":"https:\/\/i0.wp.com\/cfcontabil.com\/cf\/wp-content\/uploads\/2020\/04\/coronavirus-continentes-mundo.jpeg?resize=350%2C200 1x, https:\/\/i0.wp.com\/cfcontabil.com\/cf\/wp-content\/uploads\/2020\/04\/coronavirus-continentes-mundo.jpeg?resize=525%2C300 1.5x"},"classes":[]},{"id":2404,"url":"http:\/\/cfcontabil.com\/cf\/mei-que-ultrapassou-limite-de-faturamento-em-2020-deve-mudar-de-categoria\/","url_meta":{"origin":2610,"position":5},"title":"MEI que ultrapassou limite de faturamento em 2020 deve mudar de categoria","author":"Ab\u00edlio Gon\u00e7alves","date":"18 de janeiro de 2021","format":false,"excerpt":"Vale procurar um contador a fim de fazer a migra\u00e7\u00e3o e evitar recolhimentos retroativos Fonte: Estad\u00e3o Conte\u00fado O microempreendedor individual (MEI) que em 2020 excedeu o limite de faturamento em at\u00e9 20%, n\u00e3o ultrapassando R$ 97,2 mil, deve ficar atento para a mudan\u00e7a de categoria, se encaixando em microempresa. Vale\u2026","rel":"","context":"Em &quot;Consultoria Empresarial&quot;","block_context":{"text":"Consultoria Empresarial","link":"http:\/\/cfcontabil.com\/cf\/category\/consultoria\/"},"img":{"alt_text":"","src":"https:\/\/i0.wp.com\/cfcontabil.com\/cf\/wp-content\/uploads\/2021\/01\/faturamento-1280x720-1.jpg?fit=1200%2C675&resize=350%2C200","width":350,"height":200,"srcset":"https:\/\/i0.wp.com\/cfcontabil.com\/cf\/wp-content\/uploads\/2021\/01\/faturamento-1280x720-1.jpg?fit=1200%2C675&resize=350%2C200 1x, https:\/\/i0.wp.com\/cfcontabil.com\/cf\/wp-content\/uploads\/2021\/01\/faturamento-1280x720-1.jpg?fit=1200%2C675&resize=525%2C300 1.5x, https:\/\/i0.wp.com\/cfcontabil.com\/cf\/wp-content\/uploads\/2021\/01\/faturamento-1280x720-1.jpg?fit=1200%2C675&resize=700%2C400 2x, https:\/\/i0.wp.com\/cfcontabil.com\/cf\/wp-content\/uploads\/2021\/01\/faturamento-1280x720-1.jpg?fit=1200%2C675&resize=1050%2C600 3x"},"classes":[]}],"jetpack_likes_enabled":true,"_links":{"self":[{"href":"http:\/\/cfcontabil.com\/cf\/wp-json\/wp\/v2\/posts\/2610","targetHints":{"allow":["GET"]}}],"collection":[{"href":"http:\/\/cfcontabil.com\/cf\/wp-json\/wp\/v2\/posts"}],"about":[{"href":"http:\/\/cfcontabil.com\/cf\/wp-json\/wp\/v2\/types\/post"}],"author":[{"embeddable":true,"href":"http:\/\/cfcontabil.com\/cf\/wp-json\/wp\/v2\/users\/1"}],"replies":[{"embeddable":true,"href":"http:\/\/cfcontabil.com\/cf\/wp-json\/wp\/v2\/comments?post=2610"}],"version-history":[{"count":1,"href":"http:\/\/cfcontabil.com\/cf\/wp-json\/wp\/v2\/posts\/2610\/revisions"}],"predecessor-version":[{"id":2612,"href":"http:\/\/cfcontabil.com\/cf\/wp-json\/wp\/v2\/posts\/2610\/revisions\/2612"}],"wp:featuredmedia":[{"embeddable":true,"href":"http:\/\/cfcontabil.com\/cf\/wp-json\/wp\/v2\/media\/2611"}],"wp:attachment":[{"href":"http:\/\/cfcontabil.com\/cf\/wp-json\/wp\/v2\/media?parent=2610"}],"wp:term":[{"taxonomy":"category","embeddable":true,"href":"http:\/\/cfcontabil.com\/cf\/wp-json\/wp\/v2\/categories?post=2610"},{"taxonomy":"post_tag","embeddable":true,"href":"http:\/\/cfcontabil.com\/cf\/wp-json\/wp\/v2\/tags?post=2610"}],"curies":[{"name":"wp","href":"https:\/\/api.w.org\/{rel}","templated":true}]}}