{"id":2613,"date":"2021-08-10T05:55:00","date_gmt":"2021-08-10T08:55:00","guid":{"rendered":"https:\/\/cfcontabil.com\/cf\/?p=2613"},"modified":"2021-08-09T16:57:56","modified_gmt":"2021-08-09T19:57:56","slug":"microempreendedores-individuais-mei-devem-regularizar-dividas-ate-31-de-agosto","status":"publish","type":"post","link":"http:\/\/cfcontabil.com\/cf\/microempreendedores-individuais-mei-devem-regularizar-dividas-ate-31-de-agosto\/","title":{"rendered":"Microempreendedores Individuais (MEI) devem regularizar d\u00edvidas at\u00e9 31 de agosto"},"content":{"rendered":"\n<p>Os Microempreendedores Individuais (MEI) que est\u00e3o devendo impostos, poder\u00e3o regularizar suas d\u00edvidas at\u00e9 o final deste m\u00eas. A situa\u00e7\u00e3o pode ser resolvida pelo pagamento dos d\u00e9bitos, utilizando o Documento de Arrecada\u00e7\u00e3o do Simples Nacional (DAS), ou parcelamento, que deve ser realizado at\u00e9 o dia 31\/08\/2021.&nbsp;Tanto a emiss\u00e3o do DAS para pagamento, como a realiza\u00e7\u00e3o do parcelamento, pode ser efetuada diretamente no Portal do Simples Nacional. O DAS tamb\u00e9m pode ser emitido pelo App MEI, dispon\u00edvel para celulares Android ou iOS.<\/p>\n\n\n\n<p>A partir de setembro, a Receita Federal encaminhar\u00e1 os d\u00e9bitos apurados nas Declara\u00e7\u00f5es Anuais Simplificadas para o Microempreendedor Individual (DASN-Simei) n\u00e3o regularizados para inscri\u00e7\u00e3o em D\u00edvida Ativa. Essa d\u00edvida ser\u00e1 cobrada na justi\u00e7a com juros e outros encargos previstos em lei.<\/p>\n\n\n\n<p>Regularizando sua situa\u00e7\u00e3o at\u00e9 31\/8, o MEI evitar\u00e1 a cobran\u00e7a judicial da d\u00edvida inscrita e outras consequ\u00eancias como: deixar de ser segurado do INSS, perdendo assim os benef\u00edcios previdenci\u00e1rios, tais como aposentadoria, aux\u00edlio doen\u00e7a, dentre outros; ter seu Cadastro Nacional da Pessoa Jur\u00eddica (CNPJ) cancelado; ser exclu\u00eddo dos regimes Simples Nacional e Simei pela Receita Federal, Estados e Munic\u00edpios; ter dificuldade na obten\u00e7\u00e3o de financiamentos e empr\u00e9stimos; entre outras.<\/p>\n\n\n\n<p>Se o microempreendedor n\u00e3o realizar sua situa\u00e7\u00e3o, o envio dos d\u00e9bitos \u00e0 D\u00edvida Ativa ser\u00e1 da seguinte forma:<\/p>\n\n\n\n<ul class=\"wp-block-list\"><li>D\u00edvida previdenci\u00e1ria (INSS) e demais tributos federais ser\u00e3o encaminhados \u00e0 Procuradoria-Geral da Fazenda Nacional (PGFN) para inscri\u00e7\u00e3o em D\u00edvida Ativa da Uni\u00e3o, com acr\u00e9scimo de 20% a t\u00edtulo de encargos; e<\/li><li>D\u00edvida relativa a ISS e\/ou ICMS ser\u00e1 transferida ao Munic\u00edpio ou ao Estado, conforme o caso, para inscri\u00e7\u00e3o em D\u00edvida Ativa Municipal e\/ou Estadual, com acr\u00e9scimo de encargos de acordo com a legisla\u00e7\u00e3o de cada ente.<\/li><\/ul>\n\n\n\n<p>Os d\u00e9bitos em cobran\u00e7a podem ser consultados no&nbsp;<a href=\"https:\/\/www8.receita.fazenda.gov.br\/SimplesNacional\/Servicos\/Grupo.aspx?grp=8\">PGMEI (vers\u00e3o completa)<\/a>, com certificado digital ou c\u00f3digo de acesso, na op\u00e7\u00e3o \u201cConsulta Extrato\/Pend\u00eancias &gt; Consulta Pend\u00eancias no Simei\u201d. Esta op\u00e7\u00e3o tamb\u00e9m permite a gera\u00e7\u00e3o do DAS para pagamento.<\/p>\n\n\n\n<p>Aten\u00e7\u00e3o: ap\u00f3s a inscri\u00e7\u00e3o em D\u00edvida Ativa, o recolhimento do d\u00e9bito de INSS dever\u00e1 ser realizado em DAS DAU (documento espec\u00edfico para D\u00edvida Ativa da Uni\u00e3o), enquanto o de ISS e ICMS diretamente em guia pr\u00f3pria do Munic\u00edpio ou Estado respons\u00e1vel pelo tributo.<\/p>\n\n\n\n<p>Para mais informa\u00e7\u00f5es, consulte o?<a href=\"https:\/\/www8.receita.fazenda.gov.br\/SimplesNacional\/Arquivos\/manual\/MANUAL_PGMEI_2018.pdf\">Manual do?PGMEI<\/a>,?o?<a href=\"http:\/\/www8.receita.fazenda.gov.br\/SimplesNacional\/Arquivos\/manual\/PerguntaoMEI.pdf\">Perguntas e Respostas do ME<\/a>I?e o?<a href=\"https:\/\/www8.receita.fazenda.gov.br\/SimplesNacional\/Arquivos\/manual\/Manual_Parcelamento_MEI.pdf\">Manual do Parcelamento do MEI<\/a>.<\/p>\n\n\n\n<p>Portal eSocial<\/p>\n","protected":false},"excerpt":{"rendered":"<p>Os Microempreendedores Individuais (MEI) que est\u00e3o devendo impostos, poder\u00e3o regularizar suas d\u00edvidas at\u00e9 o final deste m\u00eas. A situa\u00e7\u00e3o pode ser resolvida pelo pagamento dos d\u00e9bitos, utilizando o Documento de Arrecada\u00e7\u00e3o do Simples Nacional (DAS), ou parcelamento, que deve ser realizado at\u00e9 o dia 31\/08\/2021.&nbsp;Tanto a emiss\u00e3o do DAS para pagamento, como a realiza\u00e7\u00e3o do [&hellip;]<\/p>\n","protected":false},"author":1,"featured_media":2272,"comment_status":"open","ping_status":"open","sticky":false,"template":"","format":"standard","meta":{"jetpack_post_was_ever_published":false,"_jetpack_newsletter_access":"","_jetpack_dont_email_post_to_subs":false,"_jetpack_newsletter_tier_id":0,"_jetpack_memberships_contains_paywalled_content":false,"_jetpack_memberships_contains_paid_content":false,"footnotes":"","jetpack_publicize_message":"","jetpack_publicize_feature_enabled":true,"jetpack_social_post_already_shared":true,"jetpack_social_options":{"image_generator_settings":{"template":"highway","default_image_id":0,"font":"","enabled":false},"version":2}},"categories":[22],"tags":[257,506,678,837,296],"class_list":["post-2613","post","type-post","status-publish","format-standard","has-post-thumbnail","hentry","category-geral","tag-mei","tag-microempreendedor","tag-pendencias","tag-pgmei","tag-regularizacao"],"jetpack_publicize_connections":[],"jetpack_featured_media_url":"https:\/\/i0.wp.com\/cfcontabil.com\/cf\/wp-content\/uploads\/2020\/04\/MEI-1200x675-1.png?fit=1200%2C675","jetpack_sharing_enabled":true,"jetpack_shortlink":"https:\/\/wp.me\/p2wklX-G9","jetpack-related-posts":[{"id":2653,"url":"http:\/\/cfcontabil.com\/cf\/mei-precisa-pagar-suas-dividas-ate-o-final-de-agosto\/","url_meta":{"origin":2613,"position":0},"title":"MEI precisa pagar suas d\u00edvidas at\u00e9 o final de agosto","author":"Ab\u00edlio Gon\u00e7alves","date":"23 de agosto de 2021","format":false,"excerpt":"A partir de setembro, a Receita Federal encaminhar\u00e1 os d\u00e9bitos n\u00e3o regularizados para a D\u00edvida Ativa, e elas ser\u00e3o cobradas com juros. Os microempreendedores individuais (MEI) que est\u00e3o devendo impostos poder\u00e3o regularizar suas d\u00edvidas at\u00e9 o final deste m\u00eas. A situa\u00e7\u00e3o pode ser resolvida pelo pagamento dos d\u00e9bitos, utilizando o\u2026","rel":"","context":"Em &quot;Departamento Fiscal&quot;","block_context":{"text":"Departamento Fiscal","link":"http:\/\/cfcontabil.com\/cf\/category\/df\/"},"img":{"alt_text":"","src":"https:\/\/i0.wp.com\/cfcontabil.com\/cf\/wp-content\/uploads\/2020\/04\/MEI-1200x675-1.png?fit=1200%2C675&resize=350%2C200","width":350,"height":200,"srcset":"https:\/\/i0.wp.com\/cfcontabil.com\/cf\/wp-content\/uploads\/2020\/04\/MEI-1200x675-1.png?fit=1200%2C675&resize=350%2C200 1x, https:\/\/i0.wp.com\/cfcontabil.com\/cf\/wp-content\/uploads\/2020\/04\/MEI-1200x675-1.png?fit=1200%2C675&resize=525%2C300 1.5x, https:\/\/i0.wp.com\/cfcontabil.com\/cf\/wp-content\/uploads\/2020\/04\/MEI-1200x675-1.png?fit=1200%2C675&resize=700%2C400 2x, https:\/\/i0.wp.com\/cfcontabil.com\/cf\/wp-content\/uploads\/2020\/04\/MEI-1200x675-1.png?fit=1200%2C675&resize=1050%2C600 3x"},"classes":[]},{"id":2533,"url":"http:\/\/cfcontabil.com\/cf\/mei-tem-ate-31-de-agosto-de-2021-para-regularizar-seus-debitos\/","url_meta":{"origin":2613,"position":1},"title":"MEI tem at\u00e9 31 de agosto de 2021 para regularizar seus d\u00e9bitos","author":"Ab\u00edlio Gon\u00e7alves","date":"5 de agosto de 2021","format":false,"excerpt":"At\u00e9 o dia 31\/08\/2021, o MEI\u00a0poder\u00e1\u00a0regularizar\u00a0seus d\u00e9bitos (INSS, ISS e ICMS)\u00a0por meio de recolhimento em DAS, acessando o\u00a0PGMEI,\u00a0ou\u00a0parcelando.\u00a0 A\u00a0partir de setembro, a Receita Federal (RFB) encaminhar\u00e1\u00a0os d\u00e9bitos\u00a0apurados nas\u00a0Declara\u00e7\u00f5es Anuais Simplificadas para o Microempreendedor Individual\u00a0(DASN-Simei), n\u00e3o regularizados, para inscri\u00e7\u00e3o em D\u00edvida Ativa. O envio \u00e0 D\u00edvida Ativa ser\u00e1 da seguinte forma:\u2013\u2026","rel":"","context":"Em &quot;Geral&quot;","block_context":{"text":"Geral","link":"http:\/\/cfcontabil.com\/cf\/category\/geral\/"},"img":{"alt_text":"","src":"https:\/\/i0.wp.com\/cfcontabil.com\/cf\/wp-content\/uploads\/2017\/03\/mei-micro-empreendedor-individual-696x287-1.jpg?fit=696%2C287&resize=350%2C200","width":350,"height":200,"srcset":"https:\/\/i0.wp.com\/cfcontabil.com\/cf\/wp-content\/uploads\/2017\/03\/mei-micro-empreendedor-individual-696x287-1.jpg?fit=696%2C287&resize=350%2C200 1x, https:\/\/i0.wp.com\/cfcontabil.com\/cf\/wp-content\/uploads\/2017\/03\/mei-micro-empreendedor-individual-696x287-1.jpg?fit=696%2C287&resize=525%2C300 1.5x"},"classes":[]},{"id":1230,"url":"http:\/\/cfcontabil.com\/cf\/programa-de-regularizacao-tributaria-prt-e-oportunidade-para-retomada-de-negocios\/","url_meta":{"origin":2613,"position":2},"title":"Programa de Regulariza\u00e7\u00e3o Tribut\u00e1ria (PRT) \u00e9 oportunidade para retomada de neg\u00f3cios","author":"Ab\u00edlio Gon\u00e7alves","date":"6 de mar\u00e7o de 2017","format":false,"excerpt":"O PRT estabeleceu condi\u00e7\u00f5es especiais para pagamento de d\u00edvidas de empresas e pessoas f\u00edsicas Com os objetivos de reduzir lit\u00edgios tribut\u00e1rios e promover a regulariza\u00e7\u00e3o fiscal, o Governo Federal lan\u00e7ou, por meio da Medida Provis\u00f3ria 766, de 2017, o Programa de Regulariza\u00e7\u00e3o Tribut\u00e1ria (PRT), por meio do qual poder\u00e3o ser\u2026","rel":"","context":"Em &quot;Departamento Fiscal&quot;","block_context":{"text":"Departamento Fiscal","link":"http:\/\/cfcontabil.com\/cf\/category\/df\/"},"img":{"alt_text":"","src":"https:\/\/i0.wp.com\/cfcontabil.com\/cf\/wp-content\/uploads\/2017\/02\/receita-federal-1-1.png?fit=702%2C325&resize=350%2C200","width":350,"height":200,"srcset":"https:\/\/i0.wp.com\/cfcontabil.com\/cf\/wp-content\/uploads\/2017\/02\/receita-federal-1-1.png?fit=702%2C325&resize=350%2C200 1x, https:\/\/i0.wp.com\/cfcontabil.com\/cf\/wp-content\/uploads\/2017\/02\/receita-federal-1-1.png?fit=702%2C325&resize=525%2C300 1.5x, https:\/\/i0.wp.com\/cfcontabil.com\/cf\/wp-content\/uploads\/2017\/02\/receita-federal-1-1.png?fit=702%2C325&resize=700%2C400 2x"},"classes":[]},{"id":1282,"url":"http:\/\/cfcontabil.com\/cf\/receita-federal-encaminhara-debitos-para-inscricao-em-divida-ativa-da-uniao-em-setembro\/","url_meta":{"origin":2613,"position":3},"title":"Receita Federal encaminhar\u00e1 d\u00e9bitos para inscri\u00e7\u00e3o em D\u00edvida Ativa da Uni\u00e3o em setembro","author":"Ab\u00edlio Gon\u00e7alves","date":"29 de agosto de 2017","format":false,"excerpt":"A inscri\u00e7\u00e3o em d\u00edvida ativa implica a incid\u00eancias de encargos legais no \u00e2mbito da execu\u00e7\u00e3o fiscal A Receita Federal informa que no in\u00edcio de setembro de 2017 encaminhar\u00e1 para inscri\u00e7\u00e3o em D\u00edvida Ativa da Uni\u00e3o os d\u00e9bitos para os quais j\u00e1 se encerraram as a\u00e7\u00f5es administrativas de cobran\u00e7a e que\u2026","rel":"","context":"Em &quot;Departamento Fiscal&quot;","block_context":{"text":"Departamento Fiscal","link":"http:\/\/cfcontabil.com\/cf\/category\/df\/"},"img":{"alt_text":"","src":"https:\/\/i0.wp.com\/cfcontabil.com\/cf\/wp-content\/uploads\/2017\/02\/receita-federal-1-1.png?fit=702%2C325&resize=350%2C200","width":350,"height":200,"srcset":"https:\/\/i0.wp.com\/cfcontabil.com\/cf\/wp-content\/uploads\/2017\/02\/receita-federal-1-1.png?fit=702%2C325&resize=350%2C200 1x, https:\/\/i0.wp.com\/cfcontabil.com\/cf\/wp-content\/uploads\/2017\/02\/receita-federal-1-1.png?fit=702%2C325&resize=525%2C300 1.5x, https:\/\/i0.wp.com\/cfcontabil.com\/cf\/wp-content\/uploads\/2017\/02\/receita-federal-1-1.png?fit=702%2C325&resize=700%2C400 2x"},"classes":[]},{"id":1950,"url":"http:\/\/cfcontabil.com\/cf\/pequenos-devem-regularizar-debitos-com-a-receita\/","url_meta":{"origin":2613,"position":4},"title":"Pequenos devem regularizar d\u00e9bitos com a Receita","author":"Ab\u00edlio Gon\u00e7alves","date":"27 de novembro de 2019","format":false,"excerpt":"Empresas optantes pelo Simples Nacional com irregularidades t\u00eam at\u00e9 30 dias para quitar d\u00edvidas. Exclus\u00e3o ter\u00e1 efeitos a partir de 2020 A Receita Federal notifica micro e pequenas empresas optantes pelo Simples Nacional com d\u00e9bitos junto \u00e0 Secretaria Especial da Receita Federal ou \u00e0 Procuradoria-Geral da Fazenda Nacional. Ap\u00f3s conhecimento\u2026","rel":"","context":"Em &quot;Departamento Fiscal&quot;","block_context":{"text":"Departamento Fiscal","link":"http:\/\/cfcontabil.com\/cf\/category\/df\/"},"img":{"alt_text":"","src":"https:\/\/i0.wp.com\/cfcontabil.com\/cf\/wp-content\/uploads\/2019\/11\/simples-nacional-empresa.jpg?fit=660%2C350&resize=350%2C200","width":350,"height":200,"srcset":"https:\/\/i0.wp.com\/cfcontabil.com\/cf\/wp-content\/uploads\/2019\/11\/simples-nacional-empresa.jpg?fit=660%2C350&resize=350%2C200 1x, https:\/\/i0.wp.com\/cfcontabil.com\/cf\/wp-content\/uploads\/2019\/11\/simples-nacional-empresa.jpg?fit=660%2C350&resize=525%2C300 1.5x"},"classes":[]},{"id":1251,"url":"http:\/\/cfcontabil.com\/cf\/mei-ja-pode-aderir-ao-parcelamento-de-debitos\/","url_meta":{"origin":2613,"position":5},"title":"MEI j\u00e1 pode aderir ao parcelamento de d\u00e9bitos","author":"Ab\u00edlio Gon\u00e7alves","date":"10 de julho de 2017","format":false,"excerpt":"Come\u00e7ou, em 3 de julho, o prazo para ades\u00e3o ao parcelamento de d\u00e9bitos do Microempreendedor Individual (MEI). O programa possui duas modalidades de parcelamento e foi disciplinado pelas Instru\u00e7\u00f5es Normativas RFB n\u00b0 1.713\/2017 e 1.714\/2017. 1) Parcelamento Convencional - permite o parcelamento de todos os d\u00e9bitos declarados na DASN-SIMEI (INSS,\u2026","rel":"","context":"Em &quot;Departamento Fiscal&quot;","block_context":{"text":"Departamento Fiscal","link":"http:\/\/cfcontabil.com\/cf\/category\/df\/"},"img":{"alt_text":"","src":"https:\/\/i0.wp.com\/cfcontabil.com\/cf\/wp-content\/uploads\/2017\/03\/mei-micro-empreendedor-individual-696x287-1.jpg?fit=696%2C287&resize=350%2C200","width":350,"height":200,"srcset":"https:\/\/i0.wp.com\/cfcontabil.com\/cf\/wp-content\/uploads\/2017\/03\/mei-micro-empreendedor-individual-696x287-1.jpg?fit=696%2C287&resize=350%2C200 1x, https:\/\/i0.wp.com\/cfcontabil.com\/cf\/wp-content\/uploads\/2017\/03\/mei-micro-empreendedor-individual-696x287-1.jpg?fit=696%2C287&resize=525%2C300 1.5x"},"classes":[]}],"jetpack_likes_enabled":true,"_links":{"self":[{"href":"http:\/\/cfcontabil.com\/cf\/wp-json\/wp\/v2\/posts\/2613","targetHints":{"allow":["GET"]}}],"collection":[{"href":"http:\/\/cfcontabil.com\/cf\/wp-json\/wp\/v2\/posts"}],"about":[{"href":"http:\/\/cfcontabil.com\/cf\/wp-json\/wp\/v2\/types\/post"}],"author":[{"embeddable":true,"href":"http:\/\/cfcontabil.com\/cf\/wp-json\/wp\/v2\/users\/1"}],"replies":[{"embeddable":true,"href":"http:\/\/cfcontabil.com\/cf\/wp-json\/wp\/v2\/comments?post=2613"}],"version-history":[{"count":1,"href":"http:\/\/cfcontabil.com\/cf\/wp-json\/wp\/v2\/posts\/2613\/revisions"}],"predecessor-version":[{"id":2614,"href":"http:\/\/cfcontabil.com\/cf\/wp-json\/wp\/v2\/posts\/2613\/revisions\/2614"}],"wp:featuredmedia":[{"embeddable":true,"href":"http:\/\/cfcontabil.com\/cf\/wp-json\/wp\/v2\/media\/2272"}],"wp:attachment":[{"href":"http:\/\/cfcontabil.com\/cf\/wp-json\/wp\/v2\/media?parent=2613"}],"wp:term":[{"taxonomy":"category","embeddable":true,"href":"http:\/\/cfcontabil.com\/cf\/wp-json\/wp\/v2\/categories?post=2613"},{"taxonomy":"post_tag","embeddable":true,"href":"http:\/\/cfcontabil.com\/cf\/wp-json\/wp\/v2\/tags?post=2613"}],"curies":[{"name":"wp","href":"https:\/\/api.w.org\/{rel}","templated":true}]}}