{"id":2615,"date":"2021-08-09T17:01:49","date_gmt":"2021-08-09T20:01:49","guid":{"rendered":"https:\/\/cfcontabil.com\/cf\/?p=2615"},"modified":"2021-08-09T17:01:49","modified_gmt":"2021-08-09T20:01:49","slug":"comercio-e-servicos-do-df-reagem-a-crise-e-voltam-a-contratar","status":"publish","type":"post","link":"http:\/\/cfcontabil.com\/cf\/comercio-e-servicos-do-df-reagem-a-crise-e-voltam-a-contratar\/","title":{"rendered":"Com\u00e9rcio e servi\u00e7os do DF reagem \u00e0 crise e voltam a contratar"},"content":{"rendered":"\n<p>O n\u00famero de empregados aumentou 12,3% em junho de 2021, se comparado ao mesmo per\u00edodo do ano passado<\/p>\n\n\n\n<p>Governo e empres\u00e1rios est\u00e3o animados porque, finalmente, o com\u00e9rcio e os servi\u00e7os est\u00e3o se recuperando, segundo empregadores, depois de um longo tempo em recess\u00e3o. O aquecimento desses setores gerou 24 mil novos empregos em junho, segundo dados da Companhia de Planejamento do Distrito Federal (Codeplan). O quadro positivo aumentou o \u00cdndice de Confian\u00e7a do Empres\u00e1rio do Com\u00e9rcio do Distrito Federal (Icec-DF), que chegou \u00e0 marca de 110,4 pontos no \u00faltimo m\u00eas.<\/p>\n\n\n\n<p>O presidente da Federa\u00e7\u00e3o do Com\u00e9rcio de Bens, Servi\u00e7os e Turismo do Distrito Federal (Fecom\u00e9rcio), Jos\u00e9 Aparecido Freire, avalia que uma s\u00e9rie de fatores influenciam diretamente na cria\u00e7\u00e3o de novos postos de trabalho. Sendo eles, o crescimento da inten\u00e7\u00e3o de consumo, o aumento da confian\u00e7a do empres\u00e1rio e o avan\u00e7o da vacina\u00e7\u00e3o contra o novo coronav\u00edrus.<\/p>\n\n\n\n<p>Para Freire, o ciclo acontece da seguinte maneira: a popula\u00e7\u00e3o, encorajada pela vacina\u00e7\u00e3o, passa a demonstrar maior inten\u00e7\u00e3o de compra, e os empres\u00e1rios, ao verem as vendas aquecidas ficam confiantes em ampliar seus neg\u00f3cios e consequentemente novas vagas no mercado de trabalho s\u00e3o abertas.<\/p>\n\n\n\n<p>O indicador, que chegou \u00e0 marca de 110,4 pontos em rela\u00e7\u00e3o \u00e0 confian\u00e7a do empres\u00e1rio no com\u00e9rcio do DF, est\u00e1 numa escala que vai de 0 a 200. O estudo, realizado pela Confedera\u00e7\u00e3o Nacional do Com\u00e9rcio de Bens, Servi\u00e7os e Turismo (CNC), considera a percep\u00e7\u00e3o do empres\u00e1rio no momento presente da economia. Al\u00e9m disso, leva em conta as expectativas sobre o futuro de curto prazo e capta as inten\u00e7\u00f5es de contrata\u00e7\u00e3o de funcion\u00e1rios, investimentos e n\u00edveis de estoques. Em julho de 2020, o \u00edndice era de 69,8. O aumento em um ano foi de 58,1%. Atualmente, o Icec-DF encontra-se na zona de satisfa\u00e7\u00e3o.<\/p>\n\n\n\n<p>O total de pessoas empregadas no setor privado do Distrito Federal, que era de 218 mil em dezembro de 2020, passou para 242 mil em junho de 2021, registrando alta de 11%. Somente no com\u00e9rcio, foram criadas 24 mil novas ocupa\u00e7\u00f5es. Divulgada no fim do m\u00eas de julho, a Pesquisa de Emprego e Desemprego no Distrito Federal (PED-DF), realizada pela Codeplan em parceria com o Departamento Intersindical de Estat\u00edstica e Estudos Socioecon\u00f4micos (Dieese), apresentou dados animadores.<\/p>\n\n\n\n<p>No \u00faltimo ano, o n\u00famero de desempregados caiu, e em contrapartida, foram abertos 146 mil novos postos de trabalho. A oferta de empregos se deu, principalmente, nas \u00e1reas de com\u00e9rcio e repara\u00e7\u00e3o, constru\u00e7\u00e3o, ind\u00fastria de transforma\u00e7\u00e3o e servi\u00e7os. Outro dado que se destaca \u00e9 o percentual de ocupados, que aumentou. Isso ocorreu porque foram criados mais postos de trabalho, do que fechados.<\/p>\n\n\n\n<p>Em rela\u00e7\u00e3o a junho de 2020, o n\u00famero de empregados cresceu 12,3%, o que representa 1.336 mil pessoas, em junho de 2021. Os setores que mais contribu\u00edram para esse avan\u00e7o no decorrer do \u00faltimo ano foram a constru\u00e7\u00e3o com 53,2%, o com\u00e9rcio e repara\u00e7\u00e3o com 18,6%, ind\u00fastria de transforma\u00e7\u00e3o com 11,9% e os servi\u00e7os, com 8,4%. O rendimento m\u00e9dio dos sal\u00e1rios aumentou apenas para os trabalhadores aut\u00f4nomos, em 19,1% , houve alta tamb\u00e9m no com\u00e9rcio e repara\u00e7\u00e3o (5,5%).<\/p>\n\n\n\n<p>Jus\u00e7\u00e2nio de Souza, gerente de pesquisas socioecon\u00f4micas da Codeplan, diz que as expectativas s\u00e3o boas e devem superar os resultados do primeiro semestre. \u201cAs performances melhorar\u00e3o no que diz respeito \u00e0 abertura de novas vagas de trabalho, principalmente, com as duas sazonalidades positivas que v\u00eam por a\u00ed: outubro, com o Dia das Crian\u00e7as, e as festas de fim de ano\u201d, conta.<\/p>\n\n\n\n<h3 class=\"wp-block-heading\">Conquista<\/h3>\n\n\n\n<p>Entre as estat\u00edsticas est\u00e1 Maria Fernanda Barbosa, 19 anos. Nessa idade, ela conseguiu o primeiro emprego e, com ele, pagou sua escola de dire\u00e7\u00e3o para obter a carteira de motorista, comprou um novo celular e come\u00e7ar\u00e1 a pagar a faculdade de contabilidade no Centro Universit\u00e1rio do Distrito Federal (UDF).<\/p>\n\n\n\n<p>A jovem trabalha num quiosque de um shopping vendendo j\u00f3ias.\u201cEstava entregando bastante curr\u00edculo desde que fiz 18 anos e n\u00e3o conseguia nada\u201d, relata Maria Fernanda.<br \/><br \/>Antes do Natal de 2020, uma funcion\u00e1ria foi demitida da loja em que Maria Fernanda trabalha. Uma tia soube da vaga e avisou a sobrinha. A jovem procurou a loja e se ofereceu para ajudar nas vendas do feriado. A primeira experi\u00eancia que ela teve foi como auxiliar, durante seis dias. Depois disso, duas pessoas foram contratadas e demitidas e ela teve a chance de ser chamada para trabalhar na loja.&nbsp;Houve uma renova\u00e7\u00e3o no quadro de funcion\u00e1rios, al\u00e9m de demiss\u00f5es e contrata\u00e7\u00f5es.&nbsp;<\/p>\n\n\n\n<p>Residente do Novo Gama, em Goi\u00e1s, Maria Fernanda leva 40 minutos todos os dias para chegar ao trabalho, que fica no Distrito Federal. Conforme seu relato, ap\u00f3s se formar no ensino m\u00e9dio, no ano passado, fez um curso r\u00e1pido e gratuito na \u00e1rea de vendas na cidade em que mora. \u201cEu sempre quis trabalhar com vendas, mas nunca conseguia\u201d, declara a vendedora.<\/p>\n\n\n\n<p>A jovem comemora o fato de trabalhar em um local que gosta, e ter um relacionamento bom n\u00e3o s\u00f3 com os funcion\u00e1rios, mas, tamb\u00e9m, com os clientes. \u201cAs vendas est\u00e3o sendo boas para mim, al\u00e9m de vender bastante, conhe\u00e7o muita gente nova. Eu me dou bem com a minha chefe, que \u00e9 mais ou menos da minha idade, temos assuntos em comum. Tem sido uma experi\u00eancia muito boa\u201d, conta.<\/p>\n\n\n\n<p>Fonte: Correio Braziliense<\/p>\n","protected":false},"excerpt":{"rendered":"<p>O n\u00famero de empregados aumentou 12,3% em junho de 2021, se comparado ao mesmo per\u00edodo do ano passado Governo e empres\u00e1rios est\u00e3o animados porque, finalmente, o com\u00e9rcio e os servi\u00e7os est\u00e3o se recuperando, segundo empregadores, depois de um longo tempo em recess\u00e3o. O aquecimento desses setores gerou 24 mil novos empregos em junho, segundo dados [&hellip;]<\/p>\n","protected":false},"author":1,"featured_media":1161,"comment_status":"open","ping_status":"open","sticky":false,"template":"","format":"standard","meta":{"jetpack_post_was_ever_published":false,"_jetpack_newsletter_access":"","_jetpack_dont_email_post_to_subs":false,"_jetpack_newsletter_tier_id":0,"_jetpack_memberships_contains_paywalled_content":false,"_jetpack_memberships_contains_paid_content":false,"footnotes":"","jetpack_publicize_message":"","jetpack_publicize_feature_enabled":true,"jetpack_social_post_already_shared":true,"jetpack_social_options":{"image_generator_settings":{"template":"highway","default_image_id":0,"font":"","enabled":false},"version":2}},"categories":[22],"tags":[838,709,341,152,45],"class_list":["post-2615","post","type-post","status-publish","format-standard","has-post-thumbnail","hentry","category-geral","tag-comercio-2","tag-df","tag-economia","tag-empreendedorismo","tag-trabalho"],"jetpack_publicize_connections":[],"jetpack_featured_media_url":"https:\/\/i0.wp.com\/cfcontabil.com\/cf\/wp-content\/uploads\/2017\/05\/carteira-de-trabalho-1.jpg?fit=590%2C302","jetpack_sharing_enabled":true,"jetpack_shortlink":"https:\/\/wp.me\/p2wklX-Gb","jetpack-related-posts":[{"id":2307,"url":"http:\/\/cfcontabil.com\/cf\/justica-federal-libera-retomada-do-comercio-mas-escalona-atividades-no-df\/","url_meta":{"origin":2615,"position":0},"title":"Justi\u00e7a Federal libera retomada do com\u00e9rcio, mas escalona atividades no DF","author":"Ab\u00edlio Gon\u00e7alves","date":"15 de maio de 2020","format":false,"excerpt":"\u00c9 preciso manter o intervalo temporal de 15 dias para cada etapa de libera\u00e7\u00e3o, fixando protocolos sanit\u00e1rios para os setores A ju\u00edza titular da\u00a03\u00aa Vara Federal C\u00edvel do DF, K\u00e1tia Balbino de Carvalho Ferreira, deferiu, em parte, a liminar sobre a\u00a0amplia\u00e7\u00e3o do funcionamento de atividades n\u00e3o essenciais\u00a0no Distrito Federal, em\u2026","rel":"","context":"Em &quot;Geral&quot;","block_context":{"text":"Geral","link":"http:\/\/cfcontabil.com\/cf\/category\/geral\/"},"img":{"alt_text":"","src":"https:\/\/i0.wp.com\/cfcontabil.com\/cf\/wp-content\/uploads\/2020\/05\/retomada-atividades-justi%C3%A7a.jpeg?fit=1200%2C675&resize=350%2C200","width":350,"height":200,"srcset":"https:\/\/i0.wp.com\/cfcontabil.com\/cf\/wp-content\/uploads\/2020\/05\/retomada-atividades-justi%C3%A7a.jpeg?fit=1200%2C675&resize=350%2C200 1x, https:\/\/i0.wp.com\/cfcontabil.com\/cf\/wp-content\/uploads\/2020\/05\/retomada-atividades-justi%C3%A7a.jpeg?fit=1200%2C675&resize=525%2C300 1.5x, https:\/\/i0.wp.com\/cfcontabil.com\/cf\/wp-content\/uploads\/2020\/05\/retomada-atividades-justi%C3%A7a.jpeg?fit=1200%2C675&resize=700%2C400 2x, https:\/\/i0.wp.com\/cfcontabil.com\/cf\/wp-content\/uploads\/2020\/05\/retomada-atividades-justi%C3%A7a.jpeg?fit=1200%2C675&resize=1050%2C600 3x"},"classes":[]},{"id":2321,"url":"http:\/\/cfcontabil.com\/cf\/distrito-federal-ajuda-empresas-a-abrirem-mais-rapido\/","url_meta":{"origin":2615,"position":1},"title":"Distrito Federal ajuda empresas a abrirem mais r\u00e1pido","author":"Ab\u00edlio Gon\u00e7alves","date":"14 de julho de 2020","format":false,"excerpt":"Etapas de an\u00e1lise para obter registro empresarial tiveram, em junho, o menor tempo de execu\u00e7\u00e3o em todo o pa\u00eds Gra\u00e7as ao ambiente 100% digital, \u00e0 integra\u00e7\u00e3o entre os \u00f3rg\u00e3os e ao regime de teletrabalho implementados pela Junta Comercial, Industrial e Servi\u00e7os do Distrito Federal (Jucis-DF), empres\u00e1rios e contadores podem contar\u2026","rel":"","context":"Em \"abertura\"","block_context":{"text":"abertura","link":"http:\/\/cfcontabil.com\/cf\/tag\/abertura\/"},"img":{"alt_text":"","src":"https:\/\/i0.wp.com\/cfcontabil.com\/cf\/wp-content\/uploads\/2019\/12\/abertura-de-Empresas.jpg?fit=1080%2C640&resize=350%2C200","width":350,"height":200,"srcset":"https:\/\/i0.wp.com\/cfcontabil.com\/cf\/wp-content\/uploads\/2019\/12\/abertura-de-Empresas.jpg?fit=1080%2C640&resize=350%2C200 1x, https:\/\/i0.wp.com\/cfcontabil.com\/cf\/wp-content\/uploads\/2019\/12\/abertura-de-Empresas.jpg?fit=1080%2C640&resize=525%2C300 1.5x, https:\/\/i0.wp.com\/cfcontabil.com\/cf\/wp-content\/uploads\/2019\/12\/abertura-de-Empresas.jpg?fit=1080%2C640&resize=700%2C400 2x, https:\/\/i0.wp.com\/cfcontabil.com\/cf\/wp-content\/uploads\/2019\/12\/abertura-de-Empresas.jpg?fit=1080%2C640&resize=1050%2C600 3x"},"classes":[]},{"id":2010,"url":"http:\/\/cfcontabil.com\/cf\/cresceu-19-a-economia-do-df-no-terceiro-trimestre-de-2019\/","url_meta":{"origin":2615,"position":2},"title":"Cresceu 1,9% a economia do DF no terceiro trimestre de 2019","author":"Ab\u00edlio Gon\u00e7alves","date":"12 de dezembro de 2019","format":false,"excerpt":"Todos os setores locais evolu\u00edram, com destaque para a Constru\u00e7\u00e3o Civil que reverteu uma s\u00e9rie de resultados negativos desde 2013 e ascendeu 0,8% Segundo o \u00cdndice de Desempenho Econ\u00f4mico do Distrito Federal (Idecon-DF), a economia do Distrito Federal cresceu 1,8% no terceiro trimestre de 2019 na compara\u00e7\u00e3o com o mesmo\u2026","rel":"","context":"Em &quot;Consultoria Empresarial&quot;","block_context":{"text":"Consultoria Empresarial","link":"http:\/\/cfcontabil.com\/cf\/category\/consultoria\/"},"img":{"alt_text":"","src":"https:\/\/i0.wp.com\/cfcontabil.com\/cf\/wp-content\/uploads\/2019\/10\/empresarios.jpg?fit=640%2C433&resize=350%2C200","width":350,"height":200,"srcset":"https:\/\/i0.wp.com\/cfcontabil.com\/cf\/wp-content\/uploads\/2019\/10\/empresarios.jpg?fit=640%2C433&resize=350%2C200 1x, https:\/\/i0.wp.com\/cfcontabil.com\/cf\/wp-content\/uploads\/2019\/10\/empresarios.jpg?fit=640%2C433&resize=525%2C300 1.5x"},"classes":[]},{"id":2357,"url":"http:\/\/cfcontabil.com\/cf\/aprovacao-do-refis-salvara-diversas-empresas-afirma-fecomercio-df\/","url_meta":{"origin":2615,"position":3},"title":"\u201cAprova\u00e7\u00e3o do Refis salvar\u00e1 diversas empresas\u201d, afirma Fecom\u00e9rcio-DF","author":"Ab\u00edlio Gon\u00e7alves","date":"4 de novembro de 2020","format":false,"excerpt":"Projeto foi aprovado nesta ter\u00e7a-feira na CLDF e seguiu para san\u00e7\u00e3o do governador Ibaneis Rocha Muito aguardado pelo setor produtivo do Distrito Federal, o Programa de Incentivo \u00e0 Regulariza\u00e7\u00e3o Fiscal do Distrito Federal (Refis-DF) foi aprovado pela C\u00e2mara Legislativa na noite desta ter\u00e7a-feira (3\/11). Agora, o texto segue para an\u00e1lise\u2026","rel":"","context":"Em &quot;Departamento Fiscal&quot;","block_context":{"text":"Departamento Fiscal","link":"http:\/\/cfcontabil.com\/cf\/category\/df\/"},"img":{"alt_text":"","src":"https:\/\/i0.wp.com\/cfcontabil.com\/cf\/wp-content\/uploads\/2020\/11\/cldf-01-fb.jpg?fit=600%2C315&resize=350%2C200","width":350,"height":200,"srcset":"https:\/\/i0.wp.com\/cfcontabil.com\/cf\/wp-content\/uploads\/2020\/11\/cldf-01-fb.jpg?fit=600%2C315&resize=350%2C200 1x, https:\/\/i0.wp.com\/cfcontabil.com\/cf\/wp-content\/uploads\/2020\/11\/cldf-01-fb.jpg?fit=600%2C315&resize=525%2C300 1.5x"},"classes":[]},{"id":1904,"url":"http:\/\/cfcontabil.com\/cf\/secretaria-assina-primeiro-contrato-do-emprega-df\/","url_meta":{"origin":2615,"position":4},"title":"Secretaria assina primeiro contrato do Emprega DF","author":"Ab\u00edlio Gon\u00e7alves","date":"18 de novembro de 2019","format":false,"excerpt":"Empresa vai gerar 130 novos postos de trabalho. Desconto no ICMS chegar\u00e1 67% e j\u00e1 reflete em investimentos Criado em meados abril para incentivar os investimentos no Distrito Federal, o programa\u00a0Emprega DF\u00a0come\u00e7a a sair do papel. O grupo empresarial SKS foi o primeiro a assinar contrato com a Secretaria de\u2026","rel":"","context":"Em &quot;Geral&quot;","block_context":{"text":"Geral","link":"http:\/\/cfcontabil.com\/cf\/category\/geral\/"},"img":{"alt_text":"","src":"https:\/\/i0.wp.com\/cfcontabil.com\/cf\/wp-content\/uploads\/2019\/11\/Emprega-DF.jpg?fit=680%2C451&resize=350%2C200","width":350,"height":200,"srcset":"https:\/\/i0.wp.com\/cfcontabil.com\/cf\/wp-content\/uploads\/2019\/11\/Emprega-DF.jpg?fit=680%2C451&resize=350%2C200 1x, https:\/\/i0.wp.com\/cfcontabil.com\/cf\/wp-content\/uploads\/2019\/11\/Emprega-DF.jpg?fit=680%2C451&resize=525%2C300 1.5x"},"classes":[]},{"id":1427,"url":"http:\/\/cfcontabil.com\/cf\/sancionada-a-lei-de-convalidacao-de-beneficios-fiscais-no-df\/","url_meta":{"origin":2615,"position":5},"title":"Sancionada a lei de convalida\u00e7\u00e3o de benef\u00edcios fiscais no DF","author":"Ab\u00edlio Gon\u00e7alves","date":"20 de novembro de 2018","format":false,"excerpt":"Assinatura ocorreu nesta segunda (19), no Buriti. Norma permite que o Distrito Federal conceda vantagens em condi\u00e7\u00e3o de igualdade com estados do Centro-Oeste MARYNA LACERDA, DA AG\u00caNCIA BRAS\u00cdLIA A economia do Distrito Federal fica mais competitiva com a san\u00e7\u00e3o do\u00a0Projeto de Lei n\u00ba 2.063, de 2018. A norma trata da\u00a0convalida\u00e7\u00e3o\u2026","rel":"","context":"Em &quot;Consultoria Empresarial&quot;","block_context":{"text":"Consultoria Empresarial","link":"http:\/\/cfcontabil.com\/cf\/category\/consultoria\/"},"img":{"alt_text":"","src":"https:\/\/i0.wp.com\/cfcontabil.com\/cf\/wp-content\/uploads\/2016\/04\/notebook-1.jpg?fit=627%2C400&resize=350%2C200","width":350,"height":200,"srcset":"https:\/\/i0.wp.com\/cfcontabil.com\/cf\/wp-content\/uploads\/2016\/04\/notebook-1.jpg?fit=627%2C400&resize=350%2C200 1x, https:\/\/i0.wp.com\/cfcontabil.com\/cf\/wp-content\/uploads\/2016\/04\/notebook-1.jpg?fit=627%2C400&resize=525%2C300 1.5x"},"classes":[]}],"jetpack_likes_enabled":true,"_links":{"self":[{"href":"http:\/\/cfcontabil.com\/cf\/wp-json\/wp\/v2\/posts\/2615","targetHints":{"allow":["GET"]}}],"collection":[{"href":"http:\/\/cfcontabil.com\/cf\/wp-json\/wp\/v2\/posts"}],"about":[{"href":"http:\/\/cfcontabil.com\/cf\/wp-json\/wp\/v2\/types\/post"}],"author":[{"embeddable":true,"href":"http:\/\/cfcontabil.com\/cf\/wp-json\/wp\/v2\/users\/1"}],"replies":[{"embeddable":true,"href":"http:\/\/cfcontabil.com\/cf\/wp-json\/wp\/v2\/comments?post=2615"}],"version-history":[{"count":1,"href":"http:\/\/cfcontabil.com\/cf\/wp-json\/wp\/v2\/posts\/2615\/revisions"}],"predecessor-version":[{"id":2616,"href":"http:\/\/cfcontabil.com\/cf\/wp-json\/wp\/v2\/posts\/2615\/revisions\/2616"}],"wp:featuredmedia":[{"embeddable":true,"href":"http:\/\/cfcontabil.com\/cf\/wp-json\/wp\/v2\/media\/1161"}],"wp:attachment":[{"href":"http:\/\/cfcontabil.com\/cf\/wp-json\/wp\/v2\/media?parent=2615"}],"wp:term":[{"taxonomy":"category","embeddable":true,"href":"http:\/\/cfcontabil.com\/cf\/wp-json\/wp\/v2\/categories?post=2615"},{"taxonomy":"post_tag","embeddable":true,"href":"http:\/\/cfcontabil.com\/cf\/wp-json\/wp\/v2\/tags?post=2615"}],"curies":[{"name":"wp","href":"https:\/\/api.w.org\/{rel}","templated":true}]}}