{"id":2617,"date":"2021-08-12T05:55:00","date_gmt":"2021-08-12T08:55:00","guid":{"rendered":"https:\/\/cfcontabil.com\/cf\/?p=2617"},"modified":"2021-08-11T08:31:02","modified_gmt":"2021-08-11T11:31:02","slug":"empresas-oferecem-opcao-de-parcelar-boletos-bom-negocio-ou-cilada","status":"publish","type":"post","link":"http:\/\/cfcontabil.com\/cf\/empresas-oferecem-opcao-de-parcelar-boletos-bom-negocio-ou-cilada\/","title":{"rendered":"Empresas oferecem op\u00e7\u00e3o de parcelar boletos: bom neg\u00f3cio ou cilada?"},"content":{"rendered":"\n<p>Empresas como o PicPay e o Nubank, por exemplo, oferecem fun\u00e7\u00e3o de parcelamento. Veja se vale a pena.<\/p>\n\n\n\n<p>Aquela antiga e famosa m\u00fasica da cantora pop Kelly Key, que diz: &#8220;mais uma noite chega, e com ela, a depress\u00e3o&#8221;, frequentemente aparece como trilha sonora de memes, por refletir bem a realidade de boa parte dos brasileiros quando o assunto s\u00e3o boletos.<\/p>\n\n\n\n<p>E n\u00e3o \u00e9 para menos. Brincadeiras a parte,\u00a0<strong>69,7% das fam\u00edlias brasileiras estavam endividadas no 1\u00ba semestre de 2021<\/strong>, segundo a Confedera\u00e7\u00e3o Nacional do Com\u00e9rcio de Bens, Servi\u00e7os e Turismo (CNC). Troque a palavra &#8220;noite&#8221;, da letra da m\u00fasica, por &#8220;fim do m\u00eas&#8221;, e pronto: voc\u00ea tem a vers\u00e3o ideal da can\u00e7\u00e3o para este ano.<\/p>\n\n\n\n<p>Com as contas de luz cada vez mais caras, faturas do cart\u00e3o de cr\u00e9dito chegando, idas ao mercado que deixam os bolsos vazios, entre outras situa\u00e7\u00f5es, para os endividados parece surgir uma luz no fim do t\u00fanel quando algu\u00e9m fala sobre parcelar boletos. Sim,&nbsp;<strong>boletos<\/strong>. Aquela palavra que a gera\u00e7\u00e3o Z (nascidos entre 1995 e 2010) acha &#8220;cringe&#8221; (vergonhoso).&nbsp;<\/p>\n\n\n\n<p>Empresas como o\u00a0<a rel=\"noreferrer noopener\" href=\"https:\/\/www.cnnbrasil.com.br\/tudo-sobre\/picpay\" target=\"_blank\"><strong>PicPay<\/strong><\/a>\u00a0e o\u00a0<a rel=\"noreferrer noopener\" href=\"https:\/\/www.cnnbrasil.com.br\/tudo-sobre\/nubank\" target=\"_blank\"><strong>Nubank<\/strong><\/a>, por exemplo, oferecem essa fun\u00e7\u00e3o.<\/p>\n\n\n\n<p>No PicPay, o parcelamento de um boleto tem uma taxa de 3,09% calculada sobre o valor do boleto, mais 3,69% sobre cada parcela. Para realizar o parcelamento, o usu\u00e1rio precisa ter uma conta na plataforma e um cart\u00e3o de cr\u00e9dito cadastrado na conta. Segundo a empresa, &#8220;h\u00e1 a op\u00e7\u00e3o de fazer o pagamento misto de um boleto: com o valor do saldo em carteira e parcelamento do restante com o cart\u00e3o de cr\u00e9dito&#8221;.<\/p>\n\n\n\n<p>&#8220;Neste caso, as taxas incidem sobre o valor parcelado e n\u00e3o sobre o montante pago com o saldo em carteira. Tamb\u00e9m \u00e9 poss\u00edvel fazer o pagamento \u00e0 vista de um boleto com o saldo existente na carteira do PicPay. Neste caso, n\u00e3o h\u00e1 cobran\u00e7a de taxas, mas o parcelamento s\u00f3 \u00e9 poss\u00edvel ser efetuado por meio de cart\u00e3o de cr\u00e9dito&#8221;, afirmou a fintech em nota enviada ao&nbsp;<strong>CNN Brasil Business<\/strong>.&nbsp;<\/p>\n\n\n\n<p>J\u00e1 o Nubank permite o parcelamento de boletos no valor de at\u00e9 R$ 5 mil parcelados em at\u00e9 12x com juros em seu cart\u00e3o de cr\u00e9dito. Segundo a fintech, os juros variam de 2% a 6% para pagamentos parcelados e de 0% a 6% \u00e0 vista. A&nbsp;fun\u00e7\u00e3o est\u00e1 dispon\u00edvel &#8220;para os mais de 28 milh\u00f5es de clientes&#8221; do cart\u00e3o de cr\u00e9dito da companhia.&nbsp;<\/p>\n\n\n\n<p>No fim das contas, em qualquer plataforma o valor ser\u00e1 parcelado no cart\u00e3o de cr\u00e9dito.&nbsp;<\/p>\n\n\n\n<h2 class=\"wp-block-heading\">Vale a pena parcelar boletos?<\/h2>\n\n\n\n<p>Para Liliane Cristina Segura, coordenadora do curso de Ci\u00eancias Cont\u00e1beis do Mackenzie, parcelar boletos s\u00f3 vale a pena em casos nos quais as pessoas est\u00e3o devendo bastante dinheiro e n\u00e3o t\u00eam como pagar suas contas.<\/p>\n\n\n\n<p>&#8220;O parcelamento \u00e9 sempre uma faca de dois gumes, porque pode facilitar muito a vida de quem est\u00e1 endividado hoje com o cart\u00e3o de cr\u00e9dito, por exemplo. Se ela tiver a oportunidade de parcelar outras contas sem juros, ela pode pagar essas contas de juros altos e alongar as d\u00edvidas de outras atividades com custo menor&#8221;, explica.<\/p>\n\n\n\n<p>O parcelamento n\u00e3o \u00e9 um bom neg\u00f3cio quando a d\u00edvida \u00e9 baixa ou quando o indiv\u00edduo pretende parcelar a fatura do cart\u00e3o de cr\u00e9dito, por exemplo, para poder comprar outra coisa \u00e0 vista nesse per\u00edodo.<\/p>\n\n\n\n<p>&#8220;Alongar a d\u00edvida quer dizer que voc\u00ea vai pagar mais por algo do que voc\u00ea pagaria inicialmente. No primeiro momento, o alongamento parece \u00f3timo, porque d\u00e1 um controle inicial, de que voc\u00ea vai pagar menos, mas sempre deve-se tomar cuidado porque isso pode pesar nos pr\u00f3ximos meses. Por isso, \u00e9 preciso um controle financeiro muito grande&#8221;, afirma.<\/p>\n\n\n\n<h2 class=\"wp-block-heading\">Parcelar ou pagar o valor m\u00ednimo do cart\u00e3o de cr\u00e9dito?<\/h2>\n\n\n\n<p>O seu sal\u00e1rio caiu, a fatura do cart\u00e3o de cr\u00e9dito fechou, voc\u00ea n\u00e3o tem dinheiro para pag\u00e1-la e com essa situa\u00e7\u00e3o vem aquela famigerada d\u00favida: &#8220;<strong>pago o valor m\u00ednimo da fatura e espero o m\u00eas que vem, ou parcelo meu querido boleto?<\/strong>&#8220;.<\/p>\n\n\n\n<p>A resposta, para Segura, \u00e9&nbsp;<strong>simples<\/strong>. &#8220;Se a pessoa n\u00e3o tem condi\u00e7\u00e3o de pagar o total do valor, parcele. Pagar o valor m\u00ednimo faz voc\u00ea entrar no rotativo, com juros de 300% ao ano. Se voc\u00ea n\u00e3o tem dinheiro, negocie e parcele porque voc\u00ea vai ter controle sobre o que vai pagar&#8221;, diz.&nbsp;<\/p>\n\n\n\n<p>Para entender se vale a pena parcelar um boleto pelo PicPay, pelo Nubank ou direto em sua institui\u00e7\u00e3o banc\u00e1ria, vale pegar a calculadora e entender qual das op\u00e7\u00f5es vai te fazer gastar menos dinheiro a longo prazo e que n\u00e3o far\u00e1 a d\u00edvida de agosto se juntar \u00e0 de setembro, criando uma bola de neve de contas a pagar.<\/p>\n\n\n\n<p>&#8220;Sempre alongue a sua d\u00edvida no que custar menos. E n\u00e3o utilize o parcelamento para gastar mais dinheiro do que voc\u00ea tem. Lembre-se que parcelamento tem custo e aumenta a sua d\u00edvida no futuro&#8221;, diz.&nbsp;<\/p>\n\n\n\n<p>Segura explica que o planejamento financeiro \u00e9 o caminho para n\u00e3o entrar e tamb\u00e9m para sair de problemas com dinheiro \u2014 e o parcelamento das d\u00edvidas deve funcionar como uma estrat\u00e9gia para momentos complicados, n\u00e3o como uma op\u00e7\u00e3o sempre que o fundo do bolso parecer mais pr\u00f3ximo.&nbsp;<\/p>\n\n\n\n<h2 class=\"wp-block-heading\">Contas, contas e mais contas<\/h2>\n\n\n\n<p>O segredo para evitar cair em situa\u00e7\u00f5es como essa, para a especialista, \u00e9<strong>&nbsp;comprar o que conseguir \u00e0 vista, apesar de o parcelado parecer mais atraente<\/strong>.<\/p>\n\n\n\n<p>&#8220;Sempre que voc\u00ea parcela, vai ter custo. Se voc\u00ea tem dinheiro para pagar \u00e0 vista, pague. Se a compra \u00e9 importante e voc\u00ea n\u00e3o tem dinheiro, pense no custo disso. Dependendo dele, \u00e9 melhor alongar a espera do que pagar o parcelamento. Sempre que voc\u00ea parcela, voc\u00ea tem o custo do dinheiro&#8221;, diz.<\/p>\n\n\n\n<p>Para acabar o texto com outra refer\u00eancia da cultura popular, se a situa\u00e7\u00e3o apertar muito, pense no lema do personagem Julius, pai da fam\u00edlia na s\u00e9rie &#8220;Todo Mundo Odeia o Chris&#8221;:\u00a0<strong>&#8220;se voc\u00ea n\u00e3o comprar nada, o desconto \u00e9 maior&#8221;<\/strong>.<\/p>\n\n\n\n<p>Fonte: CNN Brasil<\/p>\n","protected":false},"excerpt":{"rendered":"<p>Empresas como o PicPay e o Nubank, por exemplo, oferecem fun\u00e7\u00e3o de parcelamento. Veja se vale a pena. Aquela antiga e famosa m\u00fasica da cantora pop Kelly Key, que diz: &#8220;mais uma noite chega, e com ela, a depress\u00e3o&#8221;, frequentemente aparece como trilha sonora de memes, por refletir bem a realidade de boa parte dos [&hellip;]<\/p>\n","protected":false},"author":1,"featured_media":2619,"comment_status":"open","ping_status":"open","sticky":false,"template":"","format":"standard","meta":{"jetpack_post_was_ever_published":false,"_jetpack_newsletter_access":"","_jetpack_dont_email_post_to_subs":false,"_jetpack_newsletter_tier_id":0,"_jetpack_memberships_contains_paywalled_content":false,"_jetpack_memberships_contains_paid_content":false,"footnotes":"","jetpack_publicize_message":"","jetpack_publicize_feature_enabled":true,"jetpack_social_post_already_shared":true,"jetpack_social_options":{"image_generator_settings":{"template":"highway","default_image_id":0,"font":"","enabled":false},"version":2}},"categories":[22],"tags":[839,526,300,113],"class_list":["post-2617","post","type-post","status-publish","format-standard","has-post-thumbnail","hentry","category-geral","tag-boleto","tag-cartao","tag-credito","tag-parcelamento"],"jetpack_publicize_connections":[],"jetpack_featured_media_url":"https:\/\/i0.wp.com\/cfcontabil.com\/cf\/wp-content\/uploads\/2021\/08\/pexels-photo-5225428.jpeg?fit=1880%2C1253","jetpack_sharing_enabled":true,"jetpack_shortlink":"https:\/\/wp.me\/p2wklX-Gd","jetpack-related-posts":[{"id":1972,"url":"http:\/\/cfcontabil.com\/cf\/dez-opcoes-de-contas-digitais-para-meis-e-pequenos-empresarios\/","url_meta":{"origin":2617,"position":0},"title":"Dez op\u00e7\u00f5es de contas digitais para MEIs e pequenos empres\u00e1rios","author":"Ab\u00edlio Gon\u00e7alves","date":"3 de dezembro de 2019","format":false,"excerpt":"De olho neste mercado, fintechs oferecem desde tarifa de manuten\u00e7\u00e3o zero a boletos sem custos e Ted's gratuitos A onda de fintechs que atingiu seis em cada dez brasileiros (64%) que t\u00eam acesso a computadores e celulares est\u00e1 cada vez mais pr\u00f3xima de atingir tamb\u00e9m os microempreendedores e pequenos neg\u00f3cios.\u2026","rel":"","context":"Em &quot;Consultoria Empresarial&quot;","block_context":{"text":"Consultoria Empresarial","link":"http:\/\/cfcontabil.com\/cf\/category\/consultoria\/"},"img":{"alt_text":"","src":"https:\/\/i0.wp.com\/cfcontabil.com\/cf\/wp-content\/uploads\/2019\/12\/contas-digitais.jpg?fit=678%2C452&resize=350%2C200","width":350,"height":200,"srcset":"https:\/\/i0.wp.com\/cfcontabil.com\/cf\/wp-content\/uploads\/2019\/12\/contas-digitais.jpg?fit=678%2C452&resize=350%2C200 1x, https:\/\/i0.wp.com\/cfcontabil.com\/cf\/wp-content\/uploads\/2019\/12\/contas-digitais.jpg?fit=678%2C452&resize=525%2C300 1.5x"},"classes":[]},{"id":865,"url":"http:\/\/cfcontabil.com\/cf\/1-exame-de-suficiencia-de-2017-boletos-podem-ser-pagos-ate-o-dia-26\/","url_meta":{"origin":2617,"position":1},"title":"1\u00b0 Exame de Sufici\u00eancia de 2017: boletos podem ser pagos at\u00e9 o dia 26","author":"Ab\u00edlio Gon\u00e7alves","date":"24 de janeiro de 2017","format":false,"excerpt":"Foi publicada no Di\u00e1rio Oficial da Uni\u00e3o (DOU), desta ter\u00e7a-feira (24), se\u00e7\u00e3o 3, p\u00e1g. 130, a retifica\u00e7\u00e3o do Edital do 1\u00b0 Exame de Sufici\u00eancia, que altera a data de pagamento do boleto. Os itens alterados no edital foram 2.2, 2.2.1 e 3.13. A data final para o pagamento, ap\u00f3s a\u2026","rel":"","context":"Em &quot;Geral&quot;","block_context":{"text":"Geral","link":"http:\/\/cfcontabil.com\/cf\/category\/geral\/"},"img":{"alt_text":"","src":"https:\/\/i0.wp.com\/cfcontabil.com\/cf\/wp-content\/uploads\/2017\/01\/exame_suficiencia_2016-1.jpg?fit=675%2C302&resize=350%2C200","width":350,"height":200,"srcset":"https:\/\/i0.wp.com\/cfcontabil.com\/cf\/wp-content\/uploads\/2017\/01\/exame_suficiencia_2016-1.jpg?fit=675%2C302&resize=350%2C200 1x, https:\/\/i0.wp.com\/cfcontabil.com\/cf\/wp-content\/uploads\/2017\/01\/exame_suficiencia_2016-1.jpg?fit=675%2C302&resize=525%2C300 1.5x"},"classes":[]},{"id":925,"url":"http:\/\/cfcontabil.com\/cf\/empresas-pessoas-fisicas-e-orgaos-publicos-poderao-pagar-dividas-vencidas-ate-30-11-2016-usando-creditos-de-prejuizo-fiscal-inclusive-com-a-previdencia\/","url_meta":{"origin":2617,"position":2},"title":"Empresas, pessoas f\u00edsicas e \u00f3rg\u00e3os p\u00fablicos poder\u00e3o pagar d\u00edvidas vencidas at\u00e9 30.11.2016 usando cr\u00e9ditos de preju\u00edzo fiscal, inclusive com a Previd\u00eancia","author":"Ab\u00edlio Gon\u00e7alves","date":"9 de fevereiro de 2017","format":false,"excerpt":"A partir de quarta (01\/02) os contribuintes - tanto pessoas f\u00edsicas quanto jur\u00eddicas e \u00f3rg\u00e3os do poder p\u00fablico - poder\u00e3o regularizar sua situa\u00e7\u00e3o tribut\u00e1ria perante a Receita Federal do Brasil, seguindo as condi\u00e7\u00f5es especiais determinadas pelo Programa de Regulariza\u00e7\u00e3o Tribut\u00e1ria(PRT). A ades\u00e3o poder\u00e1 ser feita por um prazo de 120\u2026","rel":"","context":"Em &quot;Geral&quot;","block_context":{"text":"Geral","link":"http:\/\/cfcontabil.com\/cf\/category\/geral\/"},"img":{"alt_text":"","src":"https:\/\/i0.wp.com\/cfcontabil.com\/cf\/wp-content\/uploads\/2016\/03\/dinheiro-1.jpg?fit=661%2C351&resize=350%2C200","width":350,"height":200,"srcset":"https:\/\/i0.wp.com\/cfcontabil.com\/cf\/wp-content\/uploads\/2016\/03\/dinheiro-1.jpg?fit=661%2C351&resize=350%2C200 1x, https:\/\/i0.wp.com\/cfcontabil.com\/cf\/wp-content\/uploads\/2016\/03\/dinheiro-1.jpg?fit=661%2C351&resize=525%2C300 1.5x"},"classes":[]},{"id":1230,"url":"http:\/\/cfcontabil.com\/cf\/programa-de-regularizacao-tributaria-prt-e-oportunidade-para-retomada-de-negocios\/","url_meta":{"origin":2617,"position":3},"title":"Programa de Regulariza\u00e7\u00e3o Tribut\u00e1ria (PRT) \u00e9 oportunidade para retomada de neg\u00f3cios","author":"Ab\u00edlio Gon\u00e7alves","date":"6 de mar\u00e7o de 2017","format":false,"excerpt":"O PRT estabeleceu condi\u00e7\u00f5es especiais para pagamento de d\u00edvidas de empresas e pessoas f\u00edsicas Com os objetivos de reduzir lit\u00edgios tribut\u00e1rios e promover a regulariza\u00e7\u00e3o fiscal, o Governo Federal lan\u00e7ou, por meio da Medida Provis\u00f3ria 766, de 2017, o Programa de Regulariza\u00e7\u00e3o Tribut\u00e1ria (PRT), por meio do qual poder\u00e3o ser\u2026","rel":"","context":"Em &quot;Departamento Fiscal&quot;","block_context":{"text":"Departamento Fiscal","link":"http:\/\/cfcontabil.com\/cf\/category\/df\/"},"img":{"alt_text":"","src":"https:\/\/i0.wp.com\/cfcontabil.com\/cf\/wp-content\/uploads\/2017\/02\/receita-federal-1-1.png?fit=702%2C325&resize=350%2C200","width":350,"height":200,"srcset":"https:\/\/i0.wp.com\/cfcontabil.com\/cf\/wp-content\/uploads\/2017\/02\/receita-federal-1-1.png?fit=702%2C325&resize=350%2C200 1x, https:\/\/i0.wp.com\/cfcontabil.com\/cf\/wp-content\/uploads\/2017\/02\/receita-federal-1-1.png?fit=702%2C325&resize=525%2C300 1.5x, https:\/\/i0.wp.com\/cfcontabil.com\/cf\/wp-content\/uploads\/2017\/02\/receita-federal-1-1.png?fit=702%2C325&resize=700%2C400 2x"},"classes":[]},{"id":2311,"url":"http:\/\/cfcontabil.com\/cf\/caixa-deposita-2a-parcela-de-r-600-de-nascidos-em-janeiro-ou-fevereiro\/","url_meta":{"origin":2617,"position":4},"title":"Caixa deposita 2\u00aa parcela de R$ 600 de nascidos em janeiro ou fevereiro","author":"Ab\u00edlio Gon\u00e7alves","date":"20 de maio de 2020","format":false,"excerpt":"O governo deposita nesta quarta-feira (20) a segunda parcela do aux\u00edlio emergencial de R$ 600 para quem nasceu em janeiro ou fevereiro e recebeu a primeira parcela entre 1\u00ba e 30 de abril. A exce\u00e7\u00e3o \u00e9 o benefici\u00e1rio do Bolsa Fam\u00edlia, que recebe de acordo com outro calend\u00e1rio. O calend\u00e1rio\u2026","rel":"","context":"Em &quot;Geral&quot;","block_context":{"text":"Geral","link":"http:\/\/cfcontabil.com\/cf\/category\/geral\/"},"img":{"alt_text":"","src":"https:\/\/i0.wp.com\/cfcontabil.com\/cf\/wp-content\/uploads\/2020\/05\/auxilio-emergencial-caixa-economica-federal-2020-1024x572-1.jpg?fit=1024%2C572&resize=350%2C200","width":350,"height":200,"srcset":"https:\/\/i0.wp.com\/cfcontabil.com\/cf\/wp-content\/uploads\/2020\/05\/auxilio-emergencial-caixa-economica-federal-2020-1024x572-1.jpg?fit=1024%2C572&resize=350%2C200 1x, https:\/\/i0.wp.com\/cfcontabil.com\/cf\/wp-content\/uploads\/2020\/05\/auxilio-emergencial-caixa-economica-federal-2020-1024x572-1.jpg?fit=1024%2C572&resize=525%2C300 1.5x, https:\/\/i0.wp.com\/cfcontabil.com\/cf\/wp-content\/uploads\/2020\/05\/auxilio-emergencial-caixa-economica-federal-2020-1024x572-1.jpg?fit=1024%2C572&resize=700%2C400 2x"},"classes":[]},{"id":1195,"url":"http:\/\/cfcontabil.com\/cf\/receita-federal-regulamenta-o-programa-especial-de-regularizacao-tributaria-pert\/","url_meta":{"origin":2617,"position":5},"title":"Receita Federal regulamenta o Programa Especial de Regulariza\u00e7\u00e3o Tribut\u00e1ria (PERT)","author":"Ab\u00edlio Gon\u00e7alves","date":"22 de junho de 2017","format":false,"excerpt":"O PERT permite que quaisquer d\u00edvidas para com a Fazenda Nacional, vencidas at\u00e9 30 de abril de 2017, de pessoas f\u00edsicas ou jur\u00eddicas, sejam negociadas em condi\u00e7\u00f5es especiais Foi publicada hoje no Di\u00e1rio Oficial da Uni\u00e3o a Instru\u00e7\u00e3o Normativa RFB n\u00b0 1711\/2017 que trata da renegocia\u00e7\u00e3o de d\u00edvidas lan\u00e7ada pela\u2026","rel":"","context":"Em &quot;Departamento Fiscal&quot;","block_context":{"text":"Departamento Fiscal","link":"http:\/\/cfcontabil.com\/cf\/category\/df\/"},"img":{"alt_text":"","src":"https:\/\/i0.wp.com\/cfcontabil.com\/cf\/wp-content\/uploads\/2016\/03\/dinheiro-1.jpg?fit=661%2C351&resize=350%2C200","width":350,"height":200,"srcset":"https:\/\/i0.wp.com\/cfcontabil.com\/cf\/wp-content\/uploads\/2016\/03\/dinheiro-1.jpg?fit=661%2C351&resize=350%2C200 1x, https:\/\/i0.wp.com\/cfcontabil.com\/cf\/wp-content\/uploads\/2016\/03\/dinheiro-1.jpg?fit=661%2C351&resize=525%2C300 1.5x"},"classes":[]}],"jetpack_likes_enabled":true,"_links":{"self":[{"href":"http:\/\/cfcontabil.com\/cf\/wp-json\/wp\/v2\/posts\/2617","targetHints":{"allow":["GET"]}}],"collection":[{"href":"http:\/\/cfcontabil.com\/cf\/wp-json\/wp\/v2\/posts"}],"about":[{"href":"http:\/\/cfcontabil.com\/cf\/wp-json\/wp\/v2\/types\/post"}],"author":[{"embeddable":true,"href":"http:\/\/cfcontabil.com\/cf\/wp-json\/wp\/v2\/users\/1"}],"replies":[{"embeddable":true,"href":"http:\/\/cfcontabil.com\/cf\/wp-json\/wp\/v2\/comments?post=2617"}],"version-history":[{"count":1,"href":"http:\/\/cfcontabil.com\/cf\/wp-json\/wp\/v2\/posts\/2617\/revisions"}],"predecessor-version":[{"id":2620,"href":"http:\/\/cfcontabil.com\/cf\/wp-json\/wp\/v2\/posts\/2617\/revisions\/2620"}],"wp:featuredmedia":[{"embeddable":true,"href":"http:\/\/cfcontabil.com\/cf\/wp-json\/wp\/v2\/media\/2619"}],"wp:attachment":[{"href":"http:\/\/cfcontabil.com\/cf\/wp-json\/wp\/v2\/media?parent=2617"}],"wp:term":[{"taxonomy":"category","embeddable":true,"href":"http:\/\/cfcontabil.com\/cf\/wp-json\/wp\/v2\/categories?post=2617"},{"taxonomy":"post_tag","embeddable":true,"href":"http:\/\/cfcontabil.com\/cf\/wp-json\/wp\/v2\/tags?post=2617"}],"curies":[{"name":"wp","href":"https:\/\/api.w.org\/{rel}","templated":true}]}}