{"id":2621,"date":"2021-08-11T08:45:32","date_gmt":"2021-08-11T11:45:32","guid":{"rendered":"https:\/\/cfcontabil.com\/cf\/?p=2621"},"modified":"2021-08-11T08:45:32","modified_gmt":"2021-08-11T11:45:32","slug":"entidades-exigem-criterios-claros-para-remocao-de-conteudo-da-internet","status":"publish","type":"post","link":"http:\/\/cfcontabil.com\/cf\/entidades-exigem-criterios-claros-para-remocao-de-conteudo-da-internet\/","title":{"rendered":"Entidades exigem crit\u00e9rios claros para remo\u00e7\u00e3o de conte\u00fado da internet"},"content":{"rendered":"\n<p>Organiza\u00e7\u00f5es da sociedade civil defendem que o chamado &#8220;PL de combate das fake news&#8221; exija que as pol\u00edticas de uso, de remo\u00e7\u00e3o e de direcionamento de conte\u00fado das redes sociais sejam mais transparentes para o usu\u00e1rio. O tema foi debatido em audi\u00eancia p\u00fablica, nesta ter\u00e7a-feira (10), do grupo de trabalho criado em julho pela C\u00e2mara dos Deputados para analisar o Projeto de Lei 2630\/20, do Senado, que institui a Lei Brasileira de Liberdade, Responsabilidade e Transpar\u00eancia na Internet, e as mais de 70 propostas apensadas a ele.<\/p>\n\n\n\n<p>Coordenador do Programa de Telecomunica\u00e7\u00f5es e Direitos Digitais do (Instituto Brasileiro de Defesa do Consumidor, Diogo Rodrigues foi um dos que defendeu as regras de transpar\u00eancia. &#8220;Que as regras sobre modera\u00e7\u00e3o de conte\u00fado sejam comunicadas de forma simples e did\u00e1tica, especialmente as san\u00e7\u00f5es graves, as remo\u00e7\u00f5es de conte\u00fado e a redu\u00e7\u00e3o dos alcances das postagens, porque essas pr\u00e1ticas de modera\u00e7\u00e3o acabam por impactar o exerc\u00edcio da liberdade de express\u00e3o&#8221;, disse.<\/p>\n\n\n\n<p>Segundo ele, tamb\u00e9m devem ser transparentes aos usu\u00e1rios os crit\u00e9rios para ordenar, priorizar, indexar, reduzir o alcance ou direcionar o conte\u00fado. Al\u00e9m disso, as plataformas devem contar com servi\u00e7o de ouvidoria. Ainda conforme o representante do Idec, as decis\u00f5es das plataformas de remo\u00e7\u00e3o de conte\u00fado devem ser notificadas ao usu\u00e1rio, que devem ter possibilidade de uma defesa efetiva, de apelar das decis\u00f5es, em procedimentos com dura\u00e7\u00e3o razo\u00e1vel e pr\u00e9-estabelecida. O usu\u00e1rio mesmo de plataformas internacionais deve ainda poder recorrer ao Judici\u00e1rio nacional.<\/p>\n\n\n\n<p>O deputado Orlando Silva (PCdoB-SP), relator do grupo de trabalho, concorda que o tema da transpar\u00eancia \u00e9 central no projeto. &#8220;Eu acredito que o aperfei\u00e7oamento dos termos de uso por parte das plataformas \u00e9 muito importante, para que possamos ter um compromisso p\u00fablico. O Projeto de Lei 2630 j\u00e1 traz um ros\u00e1rio de informa\u00e7\u00f5es que devem ser oferecidas ao p\u00fablico, n\u00f3s devemos revisitar cada um dos incisos e ver se ainda falta algum tema a ser acrescido&#8221;, afirmou.<\/p>\n\n\n\n<p>Coordenadora executiva do Intervozes, Ramenia Vieira, defendeu que precisa ser garantido o direito \u00e0 apela\u00e7\u00e3o, que atualmente nem \u00e9 sempre considerado. E pediu ainda respeito aos direitos humanos e mais transpar\u00eancia nas pol\u00edticas das plataformas sobre grupos e comunidades, com informa\u00e7\u00f5es claras grupos e atividades proibidos, por exemplo, e ainda sobre conte\u00fados patrocinados.<\/p>\n\n\n\n<p>Segundo ela, o modelo de neg\u00f3cio das plataformas favorece a desinforma\u00e7\u00e3o, e as plataformas desenvolvem apenas pr\u00e1ticas pontuais para combat\u00ea-la. Ela questionou onde est\u00e3o as equipes que moderam os conte\u00fados no Brasil e pediu transpar\u00eancia tamb\u00e9m sobre essas equipes e os crit\u00e9rios utilizados por elas para remo\u00e7\u00e3o de conte\u00fado.<\/p>\n\n\n\n<p>Representante do Laborat\u00f3rio de Pol\u00edticas P\u00fablicas e Internet (Lapin), Jos\u00e9 Renato Laranjeiras acredita que o projeto de lei avan\u00e7a em alguns aspectos na transpar\u00eancia, mas pode avan\u00e7ar mais &#8211; por exemplo, ao exigir que as plataformas informem melhor sobre t\u00e9cnicas, crit\u00e9rios e sistemas de modera\u00e7\u00e3o de conte\u00fados.<\/p>\n\n\n\n<p>Ele tamb\u00e9m concorda que as plataformas devem deixar mais claro que direcionam o tipo de conte\u00fado que ser\u00e1 visualizado pelo usu\u00e1rio, que deve compreender por que aquele conte\u00fado est\u00e1 sendo disponibilizado a ele e deve poder tamb\u00e9m determinar quais conte\u00fados interessam a ele.<\/p>\n\n\n\n<p>J\u00e1 a gerente de Pol\u00edtica P\u00fablicas do Facebook no Brasil, Rebeca Garcia, defendeu que as regras contidas na lei sejam flex\u00edveis e n\u00e3o detalhadas, por conta da rapidez da evolu\u00e7\u00e3o tecnol\u00f3gica, de forma que a lei n\u00e3o seja logo ultrapassada. Para ela, a transpar\u00eancia na modera\u00e7\u00e3o deve ser concentrada em informar o usu\u00e1rio e lhe dar possibilidade de contesta\u00e7\u00e3o. Rebeca ressaltou ainda que o devido processo legal n\u00e3o pode permitir que discursos de \u00f3dio permane\u00e7am no ar.<\/p>\n\n\n\n<p>* Com infoma\u00e7\u00f5es da Ag\u00eancia C\u00e2mara<\/p>\n","protected":false},"excerpt":{"rendered":"<p>Organiza\u00e7\u00f5es da sociedade civil defendem que o chamado &#8220;PL de combate das fake news&#8221; exija que as pol\u00edticas de uso, de remo\u00e7\u00e3o e de direcionamento de conte\u00fado das redes sociais sejam mais transparentes para o usu\u00e1rio. O tema foi debatido em audi\u00eancia p\u00fablica, nesta ter\u00e7a-feira (10), do grupo de trabalho criado em julho pela C\u00e2mara [&hellip;]<\/p>\n","protected":false},"author":1,"featured_media":2622,"comment_status":"open","ping_status":"open","sticky":false,"template":"","format":"standard","meta":{"jetpack_post_was_ever_published":false,"_jetpack_newsletter_access":"","_jetpack_dont_email_post_to_subs":false,"_jetpack_newsletter_tier_id":0,"_jetpack_memberships_contains_paywalled_content":false,"_jetpack_memberships_contains_paid_content":false,"footnotes":"","jetpack_publicize_message":"","jetpack_publicize_feature_enabled":true,"jetpack_social_post_already_shared":true,"jetpack_social_options":{"image_generator_settings":{"template":"highway","default_image_id":0,"font":"","enabled":false},"version":2}},"categories":[22],"tags":[840,55,841],"class_list":["post-2621","post","type-post","status-publish","format-standard","has-post-thumbnail","hentry","category-geral","tag-fake","tag-internet","tag-news"],"jetpack_publicize_connections":[],"jetpack_featured_media_url":"https:\/\/i0.wp.com\/cfcontabil.com\/cf\/wp-content\/uploads\/2021\/08\/pexels-photo-3989901.jpeg?fit=1880%2C1253","jetpack_sharing_enabled":true,"jetpack_shortlink":"https:\/\/wp.me\/p2wklX-Gh","jetpack-related-posts":[{"id":2647,"url":"http:\/\/cfcontabil.com\/cf\/facebook-diz-que-remocao-de-contas-falsas-cresceu-13-no-segundo-trimestre\/","url_meta":{"origin":2621,"position":0},"title":"Facebook diz que remo\u00e7\u00e3o de contas falsas cresceu 13% no segundo trimestre","author":"Ab\u00edlio Gon\u00e7alves","date":"23 de agosto de 2021","format":false,"excerpt":"O\u00a0Facebook\u00a0informou ter removido\u00a01,7 bilh\u00e3o de contas falsas no segundo trimestre de 2021. O resultado representa um crescimento de 13% em rela\u00e7\u00e3o ao mesmo per\u00edodo de 2020, quando a rede social excluiu 1,5 bilh\u00e3o de contas falsas. Os dados foram divulgados na \u00faltima quarta-feira (18) na edi\u00e7\u00e3o mais recente do relat\u00f3rio\u2026","rel":"","context":"Em &quot;Geral&quot;","block_context":{"text":"Geral","link":"http:\/\/cfcontabil.com\/cf\/category\/geral\/"},"img":{"alt_text":"close up photo of smartphone","src":"https:\/\/i0.wp.com\/cfcontabil.com\/cf\/wp-content\/uploads\/2021\/08\/pexels-photo-2733663.jpeg?fit=1200%2C800&resize=350%2C200","width":350,"height":200,"srcset":"https:\/\/i0.wp.com\/cfcontabil.com\/cf\/wp-content\/uploads\/2021\/08\/pexels-photo-2733663.jpeg?fit=1200%2C800&resize=350%2C200 1x, https:\/\/i0.wp.com\/cfcontabil.com\/cf\/wp-content\/uploads\/2021\/08\/pexels-photo-2733663.jpeg?fit=1200%2C800&resize=525%2C300 1.5x, https:\/\/i0.wp.com\/cfcontabil.com\/cf\/wp-content\/uploads\/2021\/08\/pexels-photo-2733663.jpeg?fit=1200%2C800&resize=700%2C400 2x, https:\/\/i0.wp.com\/cfcontabil.com\/cf\/wp-content\/uploads\/2021\/08\/pexels-photo-2733663.jpeg?fit=1200%2C800&resize=1050%2C600 3x"},"classes":[]},{"id":1784,"url":"http:\/\/cfcontabil.com\/cf\/lgpd-sua-empresa-esta-preparada-conheca-a-lei-geral-de-protecao-de-dados\/","url_meta":{"origin":2621,"position":1},"title":"LGPD, sua empresa est\u00e1 preparada? Conhe\u00e7a a Lei Geral de Prote\u00e7\u00e3o de Dados!","author":"Ab\u00edlio Gon\u00e7alves","date":"19 de outubro de 2019","format":false,"excerpt":"A Lei Geral de Prote\u00e7\u00e3o de Dados vem com o intuito de garantir ao usu\u00e1rio uma maior privacidade e controle dos seus dados, tendo uma maior seguran\u00e7a contra o uso indevido por parte de empresas ou pessoas mal intencionadas. Bom vamos pensar em um cen\u00e1rio, \u00e9 \u00e9poca de elei\u00e7\u00f5es e\u2026","rel":"","context":"Em &quot;Consultoria Empresarial&quot;","block_context":{"text":"Consultoria Empresarial","link":"http:\/\/cfcontabil.com\/cf\/category\/consultoria\/"},"img":{"alt_text":"","src":"https:\/\/i0.wp.com\/cfcontabil.com\/cf\/wp-content\/uploads\/2019\/10\/LGPD.png?fit=682%2C450&resize=350%2C200","width":350,"height":200,"srcset":"https:\/\/i0.wp.com\/cfcontabil.com\/cf\/wp-content\/uploads\/2019\/10\/LGPD.png?fit=682%2C450&resize=350%2C200 1x, https:\/\/i0.wp.com\/cfcontabil.com\/cf\/wp-content\/uploads\/2019\/10\/LGPD.png?fit=682%2C450&resize=525%2C300 1.5x"},"classes":[]},{"id":1792,"url":"http:\/\/cfcontabil.com\/cf\/o-que-muda-com-a-lgpd\/","url_meta":{"origin":2621,"position":2},"title":"O QUE MUDA COM A LGPD","author":"Ab\u00edlio Gon\u00e7alves","date":"21 de outubro de 2019","format":false,"excerpt":"O que \u00e9 a Lei Geral de Prote\u00e7\u00e3o de Dados Pessoais? D\u00ea um \"giro\" pela lei e conhe\u00e7a desde j\u00e1 as principais transforma\u00e7\u00f5es que ela traz para o pa\u00eds De compras on-line a redes sociais, de hospitais a bancos, de escolas a teatros, de hot\u00e9is a \u00f3rg\u00e3os p\u00fablicos, da publicidade\u2026","rel":"","context":"Em &quot;Consultoria Empresarial&quot;","block_context":{"text":"Consultoria Empresarial","link":"http:\/\/cfcontabil.com\/cf\/category\/consultoria\/"},"img":{"alt_text":"","src":"https:\/\/i0.wp.com\/cfcontabil.com\/cf\/wp-content\/uploads\/2019\/10\/LGPD-cadeado.jpg?fit=619%2C496&resize=350%2C200","width":350,"height":200,"srcset":"https:\/\/i0.wp.com\/cfcontabil.com\/cf\/wp-content\/uploads\/2019\/10\/LGPD-cadeado.jpg?fit=619%2C496&resize=350%2C200 1x, https:\/\/i0.wp.com\/cfcontabil.com\/cf\/wp-content\/uploads\/2019\/10\/LGPD-cadeado.jpg?fit=619%2C496&resize=525%2C300 1.5x"},"classes":[]},{"id":2642,"url":"http:\/\/cfcontabil.com\/cf\/uso-da-internet-no-brasil-cresce-e-chega-a-81-da-populacao-diz-pesquisa\/","url_meta":{"origin":2621,"position":3},"title":"Uso da internet no Brasil cresce, e chega a 81% da popula\u00e7\u00e3o, diz pesquisa","author":"Ab\u00edlio Gon\u00e7alves","date":"20 de agosto de 2021","format":false,"excerpt":"Edi\u00e7\u00e3o de 2020 da TIC Domic\u00edlios indica que acesso \u00e0 internet aumentou principalmente em domic\u00edlios das classes C e D\/E. No entanto, os n\u00edveis de conectividade desse grupo ainda s\u00e3o bem inferiores aos das classes A e B. O uso da internet no Brasil cresceu em 2020, passando de 74%\u2026","rel":"","context":"Em &quot;Geral&quot;","block_context":{"text":"Geral","link":"http:\/\/cfcontabil.com\/cf\/category\/geral\/"},"img":{"alt_text":"selective focus photography of person holding turned on smartphone","src":"https:\/\/i0.wp.com\/cfcontabil.com\/cf\/wp-content\/uploads\/2021\/08\/pexels-photo-1092644.jpeg?fit=1200%2C800&resize=350%2C200","width":350,"height":200,"srcset":"https:\/\/i0.wp.com\/cfcontabil.com\/cf\/wp-content\/uploads\/2021\/08\/pexels-photo-1092644.jpeg?fit=1200%2C800&resize=350%2C200 1x, https:\/\/i0.wp.com\/cfcontabil.com\/cf\/wp-content\/uploads\/2021\/08\/pexels-photo-1092644.jpeg?fit=1200%2C800&resize=525%2C300 1.5x, https:\/\/i0.wp.com\/cfcontabil.com\/cf\/wp-content\/uploads\/2021\/08\/pexels-photo-1092644.jpeg?fit=1200%2C800&resize=700%2C400 2x, https:\/\/i0.wp.com\/cfcontabil.com\/cf\/wp-content\/uploads\/2021\/08\/pexels-photo-1092644.jpeg?fit=1200%2C800&resize=1050%2C600 3x"},"classes":[]},{"id":2162,"url":"http:\/\/cfcontabil.com\/cf\/comunidado-importante-covid19-coronavirus\/","url_meta":{"origin":2621,"position":4},"title":"COMUNIDADO IMPORTANTE &#8211; COVID19 (CORONAV\u00cdRUS)","author":"Ab\u00edlio Gon\u00e7alves","date":"19 de mar\u00e7o de 2020","format":false,"excerpt":"Prezados clientes e parceiros. Em decorr\u00eancia da pandemia do COVID19 (coronav\u00edrus) e pensando no bem-estar e sa\u00fade de todos, informamos que estamos priorizando nosso atendimento virtual (n\u00e3o presencial) a fim de evitar a propaga\u00e7\u00e3o do v\u00edrus. Estamos trabalhando internamente de forma remota garantindo o atendimento de todas as solicita\u00e7\u00f5es externas\u2026","rel":"","context":"Em &quot;Geral&quot;","block_context":{"text":"Geral","link":"http:\/\/cfcontabil.com\/cf\/category\/geral\/"},"img":{"alt_text":"","src":"https:\/\/i0.wp.com\/cfcontabil.com\/cf\/wp-content\/uploads\/2020\/03\/WhatsApp-1.jpg?fit=739%2C415&resize=350%2C200","width":350,"height":200,"srcset":"https:\/\/i0.wp.com\/cfcontabil.com\/cf\/wp-content\/uploads\/2020\/03\/WhatsApp-1.jpg?fit=739%2C415&resize=350%2C200 1x, https:\/\/i0.wp.com\/cfcontabil.com\/cf\/wp-content\/uploads\/2020\/03\/WhatsApp-1.jpg?fit=739%2C415&resize=525%2C300 1.5x, https:\/\/i0.wp.com\/cfcontabil.com\/cf\/wp-content\/uploads\/2020\/03\/WhatsApp-1.jpg?fit=739%2C415&resize=700%2C400 2x"},"classes":[]},{"id":1587,"url":"http:\/\/cfcontabil.com\/cf\/tecnologia-e-contabilidade\/","url_meta":{"origin":2621,"position":5},"title":"Tecnologia e Contabilidade","author":"Ab\u00edlio Gon\u00e7alves","date":"16 de setembro de 2019","format":false,"excerpt":"Como surpreende o ritmo das inova\u00e7\u00f5es e a tend\u00eancia mundial com os r\u00e1pidos avan\u00e7os tecnol\u00f3gicos atualmente. \u00c9 um processo sem volta, que vislumbra um tempo novo surgindo. \u00c9 poss\u00edvel ressaltar que o impacto \u00e9 sentindo em todas as \u00e1reas de neg\u00f3cios e at\u00e9 da vida cotidiana. A evolu\u00e7\u00e3o \u00e9 um\u2026","rel":"","context":"Em &quot;Consultoria Empresarial&quot;","block_context":{"text":"Consultoria Empresarial","link":"http:\/\/cfcontabil.com\/cf\/category\/consultoria\/"},"img":{"alt_text":"","src":"https:\/\/i0.wp.com\/cfcontabil.com\/cf\/wp-content\/uploads\/2019\/09\/tecnologia-na-contabilidade-vantagens-1024x633.jpg?fit=1024%2C633&resize=350%2C200","width":350,"height":200,"srcset":"https:\/\/i0.wp.com\/cfcontabil.com\/cf\/wp-content\/uploads\/2019\/09\/tecnologia-na-contabilidade-vantagens-1024x633.jpg?fit=1024%2C633&resize=350%2C200 1x, https:\/\/i0.wp.com\/cfcontabil.com\/cf\/wp-content\/uploads\/2019\/09\/tecnologia-na-contabilidade-vantagens-1024x633.jpg?fit=1024%2C633&resize=525%2C300 1.5x, https:\/\/i0.wp.com\/cfcontabil.com\/cf\/wp-content\/uploads\/2019\/09\/tecnologia-na-contabilidade-vantagens-1024x633.jpg?fit=1024%2C633&resize=700%2C400 2x"},"classes":[]}],"jetpack_likes_enabled":true,"_links":{"self":[{"href":"http:\/\/cfcontabil.com\/cf\/wp-json\/wp\/v2\/posts\/2621","targetHints":{"allow":["GET"]}}],"collection":[{"href":"http:\/\/cfcontabil.com\/cf\/wp-json\/wp\/v2\/posts"}],"about":[{"href":"http:\/\/cfcontabil.com\/cf\/wp-json\/wp\/v2\/types\/post"}],"author":[{"embeddable":true,"href":"http:\/\/cfcontabil.com\/cf\/wp-json\/wp\/v2\/users\/1"}],"replies":[{"embeddable":true,"href":"http:\/\/cfcontabil.com\/cf\/wp-json\/wp\/v2\/comments?post=2621"}],"version-history":[{"count":1,"href":"http:\/\/cfcontabil.com\/cf\/wp-json\/wp\/v2\/posts\/2621\/revisions"}],"predecessor-version":[{"id":2623,"href":"http:\/\/cfcontabil.com\/cf\/wp-json\/wp\/v2\/posts\/2621\/revisions\/2623"}],"wp:featuredmedia":[{"embeddable":true,"href":"http:\/\/cfcontabil.com\/cf\/wp-json\/wp\/v2\/media\/2622"}],"wp:attachment":[{"href":"http:\/\/cfcontabil.com\/cf\/wp-json\/wp\/v2\/media?parent=2621"}],"wp:term":[{"taxonomy":"category","embeddable":true,"href":"http:\/\/cfcontabil.com\/cf\/wp-json\/wp\/v2\/categories?post=2621"},{"taxonomy":"post_tag","embeddable":true,"href":"http:\/\/cfcontabil.com\/cf\/wp-json\/wp\/v2\/tags?post=2621"}],"curies":[{"name":"wp","href":"https:\/\/api.w.org\/{rel}","templated":true}]}}