{"id":2625,"date":"2021-08-13T10:05:30","date_gmt":"2021-08-13T13:05:30","guid":{"rendered":"https:\/\/cfcontabil.com\/cf\/?p=2625"},"modified":"2021-08-13T10:05:30","modified_gmt":"2021-08-13T13:05:30","slug":"sistema-bancario-aberto-deve-reduzir-custo-do-credito","status":"publish","type":"post","link":"http:\/\/cfcontabil.com\/cf\/sistema-bancario-aberto-deve-reduzir-custo-do-credito\/","title":{"rendered":"Sistema banc\u00e1rio aberto deve reduzir custo do cr\u00e9dito"},"content":{"rendered":"\n<p>A partir desta sexta-feira (13), a rela\u00e7\u00e3o dos brasileiros com os bancos vai come\u00e7ar a mudar, com a entrada em vigor do Open Banking.<\/p>\n\n\n\n<p>A partir desta sexta-feira (13), a rela\u00e7\u00e3o dos brasileiros com os bancos vai come\u00e7ar a mudar, com a entrada em vigor do sistema banc\u00e1rio aberto. Um dos efeitos pr\u00e1ticos deve ser o custo do cr\u00e9dito.<\/p>\n\n\n\n<p>O sonho do professor Fl\u00e1vio Apol\u00f4nio e da fam\u00edlia est\u00e1 sendo constru\u00eddo. Por enquanto, ele s\u00f3 v\u00ea de fora. Mas, nas pr\u00f3ximas semanas, vai estar com a chave na m\u00e3o.<\/p>\n\n\n\n<p>\u201cUma conquista que n\u00f3s est\u00e1vamos j\u00e1 planejando h\u00e1 algum tempo e pesquisando muitos lugares at\u00e9 o dia que n\u00f3s vimos esse empreendimento e falamos: \u2018\u00f3, vai ser agora.\u2019 A expectativa est\u00e1 enorme porque d\u00e1 uma vontade imensa de mudar logo\u201d, conta Fl\u00e1vio.<\/p>\n\n\n\n<p>O apartamento foi financiado, mas o banco onde Fl\u00e1vio tem conta quis cobrar juros muito altos. A\u00ed, ele correu atr\u00e1s de outros bancos.<\/p>\n\n\n\n<p>Fl\u00e1vio: Tal dia, tal hora, eu tenho que estar no banco para conversar com o gerente. Ligava, falava: \u2018Posso ir a\u00ed tal hora, tudo mais. Porque eu preciso falar com voc\u00ea em determinado hor\u00e1rio\u2019.<\/p>\n\n\n\n<p>Rep\u00f3rter: Voc\u00ea teve que bater perna, ent\u00e3o?<\/p>\n\n\n\n<p>Fl\u00e1vio: Sim, tive que andar um pouco.<\/p>\n\n\n\n<p>Quem pesquisa pre\u00e7o costuma pagar menos. Mas o pre\u00e7o do dinheiro &#8211; os juros &#8211; n\u00e3o \u00e9 como o de uma roupa, um brinquedo, uma geladeira. Um banco decide se empresta e quanto cobra conforme o cliente. Depende, por exemplo, de quanto a pessoa ganha, se ela est\u00e1 com o nome limpo.<\/p>\n\n\n\n<p>Os bancos precisam de informa\u00e7\u00f5es para decidir. Pois agora, eles poder\u00e3o ter essas informa\u00e7\u00f5es com um toque nosso na tela. E a gente vai poder pesquisar o pre\u00e7o do dinheiro sem bater perna.<\/p>\n\n\n\n<p>Come\u00e7a a funcionar, aos poucos, no Brasil o chamado Open Banking, que pode ser traduzido como sistema banc\u00e1rio aberto. Os bancos estar\u00e3o conectados e poder\u00e3o oferecer produtos financeiros a clientes da concorr\u00eancia.<\/p>\n\n\n\n<p>Saiba o que pode acontecer com algu\u00e9m como o Fl\u00e1vio, que procura um financiamento e j\u00e1 tem conta no banco A. No novo sistema, essa pessoa poderia entrar no site ou aplicativo de outros bancos, onde ela n\u00e3o tem conta. Escolher participar do Open Banking e digitar ali suas informa\u00e7\u00f5es, incluindo os dados da conta no banco A.<\/p>\n\n\n\n<p>Ao fazer isso, a pessoa autoriza esses bancos a ter acesso \u00e0 situa\u00e7\u00e3o financeira dela: quanto dinheiro tem na conta, quanto entra de sal\u00e1rio, as presta\u00e7\u00f5es que paga.<\/p>\n\n\n\n<p>Com essas informa\u00e7\u00f5es, os bancos concorrentes poder\u00e3o calcular e oferecer outras taxas para o financiamento que a pessoa procura.<\/p>\n\n\n\n<p>\u201cVoc\u00ea vai ter a possibilidade de acessar um conjunto muito maior de produtos e servi\u00e7os financeiros que s\u00e3o oferecidos por outras institui\u00e7\u00f5es financeiras\u201d, explica o diretor de Regula\u00e7\u00e3o do Banco Central, Ot\u00e1vio Ribeiro Damaso.<\/p>\n\n\n\n<p>Para conseguir cr\u00e9dito em outro banco, dependendo do caso, nem ser\u00e1 preciso transferir a conta.<\/p>\n\n\n\n<p>\u201cHoje, o limite do cheque especial \u00e9 um produto muito associado a conta corrente. Voc\u00ea vai poder pegar cheque especial num outro banco que vai oferecer condi\u00e7\u00f5es melhores. Como isso vai ocorrer? Voc\u00ea vai dar permiss\u00e3o para esse outro banco acessar diariamente a tua conta corrente e verificar se tua conta corrente est\u00e1 positiva ou negativa; se ela est\u00e1 negativa, automaticamente ele vai te conceder o cr\u00e9dito e cobrir aquele saldo negativo que voc\u00ea tem. Ent\u00e3o isso vai permitir obter uma opera\u00e7\u00e3o de cr\u00e9dito num outro banco de uma forma f\u00e1cil e autom\u00e1tica utilizando a ferramenta do Open Banking\u201d, diz Ot\u00e1vio Damaso.<\/p>\n\n\n\n<p>O cliente pode compartilhar apenas parte das informa\u00e7\u00f5es banc\u00e1rias. Por exemplo: permitir que outros bancos vejam as movimenta\u00e7\u00f5es da conta corrente, mas n\u00e3o as da poupan\u00e7a e dos investimentos. Ele tamb\u00e9m pode encerrar esse compartilhamento de informa\u00e7\u00f5es a qualquer hora.<\/p>\n\n\n\n<p>Nesta sexta, quando o Open Banking come\u00e7ar a funcionar, o sistema vai aceitar, no m\u00e1ximo, 0,1% dos clientes de cada banco. Esse limite vai aumentando em etapas. At\u00e9 outubro, o teto vai subir para 10%.<\/p>\n\n\n\n<p>Um sistema assim j\u00e1 \u00e9 usado no Reino Unido. Eliezer mora l\u00e1, participa do Open Banking h\u00e1 tr\u00eas anos e pegou cart\u00f5es de cr\u00e9dito de bancos diferentes.<\/p>\n\n\n\n<p>\u201cO ponto positivo \u00e9 que voc\u00ea acaba criando um cr\u00e9dito melhor no teu nome, ent\u00e3o voc\u00ea acaba tendo mais benef\u00edcios e propostas de cr\u00e9ditos banc\u00e1rios ou financiamentos que voc\u00ea possa precisar\u201d, diz o pastor Eliezer Mangrich Amancio.<\/p>\n\n\n\n<p>Economistas acreditam que o Open Banking vai deixar produtos financeiros mais baratos. N\u00e3o s\u00f3 financiamentos, mas, tamb\u00e9m, seguros e planos de previd\u00eancia, por exemplo.<\/p>\n\n\n\n<p>\u201cAgora n\u00e3o \u00e9 s\u00f3 a minha institui\u00e7\u00e3o que me conhece do ponto de vista financeiro. Qualquer outra institui\u00e7\u00e3o financeira vai poder competir com ofertas de cr\u00e9dito que possam eventualmente ser mais baratas, mais inovadoras e isso traz competi\u00e7\u00e3o para o mercado. Traz inova\u00e7\u00e3o para o mercado, traz mais volume de cr\u00e9dito, cr\u00e9dito mais barato e mais pessoas acessando o mercado financeiro\u201d, explica a economista Ana Carla Abr\u00e3o.<\/p>\n\n\n\n<p>O Banco Central, as institui\u00e7\u00f5es financeiras e as empresas de tecnologia envolvidas no sistema afirmam que as informa\u00e7\u00f5es financeiras das pessoas estar\u00e3o protegidas contra vazamentos.<\/p>\n\n\n\n<p>\u201cUma plataforma que n\u00e3o seja parte do Open Banking, n\u00e3o seja uma institui\u00e7\u00e3o regulada, ela n\u00e3o vai conseguir por tr\u00e1s dessa infraestrutura conectar com o seu banco, para pedir compartilhamento dessas transa\u00e7\u00f5es\u201d, afirma Tiago Aguiar, l\u00edder de Open Banking da Tecban.<\/p>\n\n\n\n<p>Fonte: Jornal Nacional<\/p>\n","protected":false},"excerpt":{"rendered":"<p>A partir desta sexta-feira (13), a rela\u00e7\u00e3o dos brasileiros com os bancos vai come\u00e7ar a mudar, com a entrada em vigor do Open Banking. A partir desta sexta-feira (13), a rela\u00e7\u00e3o dos brasileiros com os bancos vai come\u00e7ar a mudar, com a entrada em vigor do sistema banc\u00e1rio aberto. Um dos efeitos pr\u00e1ticos deve ser [&hellip;]<\/p>\n","protected":false},"author":1,"featured_media":2193,"comment_status":"open","ping_status":"open","sticky":false,"template":"","format":"standard","meta":{"jetpack_post_was_ever_published":false,"_jetpack_newsletter_access":"","_jetpack_dont_email_post_to_subs":false,"_jetpack_newsletter_tier_id":0,"_jetpack_memberships_contains_paywalled_content":false,"_jetpack_memberships_contains_paid_content":false,"footnotes":"","jetpack_publicize_message":"","jetpack_publicize_feature_enabled":true,"jetpack_social_post_already_shared":true,"jetpack_social_options":{"image_generator_settings":{"template":"highway","default_image_id":0,"font":"","enabled":false},"version":2}},"categories":[22],"tags":[843,842,300],"class_list":["post-2625","post","type-post","status-publish","format-standard","has-post-thumbnail","hentry","category-geral","tag-aberto","tag-bancario","tag-credito"],"jetpack_publicize_connections":[],"jetpack_featured_media_url":"https:\/\/i0.wp.com\/cfcontabil.com\/cf\/wp-content\/uploads\/2020\/03\/dinheiro-caneta.jpg?fit=600%2C310","jetpack_sharing_enabled":true,"jetpack_shortlink":"https:\/\/wp.me\/p2wklX-Gl","jetpack-related-posts":[{"id":1043,"url":"http:\/\/cfcontabil.com\/cf\/receita-abre-na-quarta-feira-83-a-consulta-ao-lote-residual-de-restituicao-multiexercicio-do-irpf-do-mes-de-marco2017\/","url_meta":{"origin":2625,"position":0},"title":"Receita abre na quarta-feira (8\/3) a consulta ao lote residual de restitui\u00e7\u00e3o multiexerc\u00edcio do IRPF do m\u00eas de Mar\u00e7o\/2017","author":"Ab\u00edlio Gon\u00e7alves","date":"8 de mar\u00e7o de 2017","format":false,"excerpt":"O cr\u00e9dito banc\u00e1rio para 156.307 contribuintes ser\u00e1 realizado no dia 15 de mar\u00e7o. A partir das 9 horas de quarta-feira, 8 de mar\u00e7o, estar\u00e1 dispon\u00edvel para consulta o lote multiexerc\u00edcio de restitui\u00e7\u00e3o do Imposto sobre a Renda da Pessoa F\u00edsica, contemplando as restitui\u00e7\u00f5es residuais, referentes aos exerc\u00edcios de 2008 a\u2026","rel":"","context":"Em &quot;Departamento Fiscal&quot;","block_context":{"text":"Departamento Fiscal","link":"http:\/\/cfcontabil.com\/cf\/category\/df\/"},"img":{"alt_text":"","src":"https:\/\/i0.wp.com\/cfcontabil.com\/cf\/wp-content\/uploads\/2017\/02\/irpfrfb-1.jpg?fit=640%2C340&resize=350%2C200","width":350,"height":200,"srcset":"https:\/\/i0.wp.com\/cfcontabil.com\/cf\/wp-content\/uploads\/2017\/02\/irpfrfb-1.jpg?fit=640%2C340&resize=350%2C200 1x, https:\/\/i0.wp.com\/cfcontabil.com\/cf\/wp-content\/uploads\/2017\/02\/irpfrfb-1.jpg?fit=640%2C340&resize=525%2C300 1.5x"},"classes":[]},{"id":1235,"url":"http:\/\/cfcontabil.com\/cf\/saiba-como-alterar-o-banco-para-ressarcimento-de-impostos\/","url_meta":{"origin":2625,"position":1},"title":"Saiba como alterar o banco para ressarcimento de impostos","author":"Ab\u00edlio Gon\u00e7alves","date":"9 de mar\u00e7o de 2017","format":false,"excerpt":"Contribuintes devem atualizar dados na retifica\u00e7\u00e3o do Imposto de Renda Quem pretende alterar a conta banc\u00e1ria na qual deve receber a restitui\u00e7\u00e3o do Imposto de Renda precisa ficar atento para garantir o cr\u00e9dito dos valores. Depois de preencher e enviar a declara\u00e7\u00e3o do IR, cujo prazo teve\u00a0in\u00edcio na quinta-feira (2),\u2026","rel":"","context":"Em &quot;Departamento Fiscal&quot;","block_context":{"text":"Departamento Fiscal","link":"http:\/\/cfcontabil.com\/cf\/category\/df\/"},"img":{"alt_text":"","src":"https:\/\/i0.wp.com\/cfcontabil.com\/cf\/wp-content\/uploads\/2017\/02\/imposto-de-renda-2017-1.jpg?fit=640%2C365&resize=350%2C200","width":350,"height":200,"srcset":"https:\/\/i0.wp.com\/cfcontabil.com\/cf\/wp-content\/uploads\/2017\/02\/imposto-de-renda-2017-1.jpg?fit=640%2C365&resize=350%2C200 1x, https:\/\/i0.wp.com\/cfcontabil.com\/cf\/wp-content\/uploads\/2017\/02\/imposto-de-renda-2017-1.jpg?fit=640%2C365&resize=525%2C300 1.5x"},"classes":[]},{"id":2200,"url":"http:\/\/cfcontabil.com\/cf\/governo-anuncia-r-40-bi-para-financiar-salario-do-trabalhador-de-pequenas-e-medias-empresas\/","url_meta":{"origin":2625,"position":2},"title":"Governo anuncia R$ 40 bi para financiar sal\u00e1rio do trabalhador de pequenas e m\u00e9dias empresas","author":"Ab\u00edlio Gon\u00e7alves","date":"27 de mar\u00e7o de 2020","format":false,"excerpt":"Empr\u00e9stimo cobrir\u00e1 dois meses de folha e ser\u00e1 limitado a dois sal\u00e1rios m\u00ednimos por funcion\u00e1rio, informou o presidente do BC. Empresas n\u00e3o poder\u00e3o demitir no per\u00edodo. O governo federal anunciou nesta sexta-feira (27) uma linha de cr\u00e9dito emergencial para pequenas e m\u00e9dias empresas e que vai ajud\u00e1-las a pagar os\u2026","rel":"","context":"Em &quot;Departamento Pessoal&quot;","block_context":{"text":"Departamento Pessoal","link":"http:\/\/cfcontabil.com\/cf\/category\/dp\/"},"img":{"alt_text":"","src":"https:\/\/i0.wp.com\/cfcontabil.com\/cf\/wp-content\/uploads\/2019\/11\/salario.jpg?fit=703%2C436&resize=350%2C200","width":350,"height":200,"srcset":"https:\/\/i0.wp.com\/cfcontabil.com\/cf\/wp-content\/uploads\/2019\/11\/salario.jpg?fit=703%2C436&resize=350%2C200 1x, https:\/\/i0.wp.com\/cfcontabil.com\/cf\/wp-content\/uploads\/2019\/11\/salario.jpg?fit=703%2C436&resize=525%2C300 1.5x, https:\/\/i0.wp.com\/cfcontabil.com\/cf\/wp-content\/uploads\/2019\/11\/salario.jpg?fit=703%2C436&resize=700%2C400 2x"},"classes":[]},{"id":1252,"url":"http:\/\/cfcontabil.com\/cf\/receita-abre-hoje-segunda-feira-consulta-ao-segundo-lote-de-restituicao-do-irpf-de-2017\/","url_meta":{"origin":2625,"position":3},"title":"Receita abre hoje (segunda-feira) consulta ao segundo lote de restitui\u00e7\u00e3o do IRPF de 2017","author":"Ab\u00edlio Gon\u00e7alves","date":"10 de julho de 2017","format":false,"excerpt":"O segundo lote de restitui\u00e7\u00e3o do IRPF 2017 contempla 1.347.761 contribuintes. A partir das 9 horas de segunda-feira, 10 de julho, estar\u00e1 dispon\u00edvel para consulta o segundo lote de restitui\u00e7\u00e3o do IRPF 2017 que contempla 1.347.761 contribuintes, totalizando mais de R$2,5 bilh\u00f5es. O lote multiexerc\u00edcio de restitui\u00e7\u00e3o do Imposto sobre\u2026","rel":"","context":"Em &quot;Departamento Fiscal&quot;","block_context":{"text":"Departamento Fiscal","link":"http:\/\/cfcontabil.com\/cf\/category\/df\/"},"img":{"alt_text":"","src":"https:\/\/i0.wp.com\/cfcontabil.com\/cf\/wp-content\/uploads\/2017\/02\/irpfrfb-1.jpg?fit=640%2C340&resize=350%2C200","width":350,"height":200,"srcset":"https:\/\/i0.wp.com\/cfcontabil.com\/cf\/wp-content\/uploads\/2017\/02\/irpfrfb-1.jpg?fit=640%2C340&resize=350%2C200 1x, https:\/\/i0.wp.com\/cfcontabil.com\/cf\/wp-content\/uploads\/2017\/02\/irpfrfb-1.jpg?fit=640%2C340&resize=525%2C300 1.5x"},"classes":[]},{"id":849,"url":"http:\/\/cfcontabil.com\/cf\/governo-vai-liberar-r-82-bi-para-pequenos-empresarios-nos-proximos-dois-anos\/","url_meta":{"origin":2625,"position":4},"title":"Governo vai liberar R$ 8,2 bi para pequenos empres\u00e1rios nos pr\u00f3ximos dois anos","author":"Ab\u00edlio Gon\u00e7alves","date":"21 de janeiro de 2017","format":false,"excerpt":"O governo federal vai disponibilizar R$ 8,2 bilh\u00f5es em cr\u00e9dito para pequenos empres\u00e1rios nos pr\u00f3ximos dois anos. Os recursos liberados s\u00e3o do Fundo de Amparo ao Trabalhador (FAT) e do Banco Nacional do Desenvolvimento Econ\u00f4mico e Social (BNDES). O objetivo \u00e9 reduzir a inadimpl\u00eancia das empresas de menor porte e\u2026","rel":"","context":"Em &quot;Geral&quot;","block_context":{"text":"Geral","link":"http:\/\/cfcontabil.com\/cf\/category\/geral\/"},"img":{"alt_text":"","src":"https:\/\/i0.wp.com\/cfcontabil.com\/cf\/wp-content\/uploads\/2017\/01\/Moedas-1-real-1.jpg?fit=810%2C455&resize=350%2C200","width":350,"height":200,"srcset":"https:\/\/i0.wp.com\/cfcontabil.com\/cf\/wp-content\/uploads\/2017\/01\/Moedas-1-real-1.jpg?fit=810%2C455&resize=350%2C200 1x, https:\/\/i0.wp.com\/cfcontabil.com\/cf\/wp-content\/uploads\/2017\/01\/Moedas-1-real-1.jpg?fit=810%2C455&resize=525%2C300 1.5x, https:\/\/i0.wp.com\/cfcontabil.com\/cf\/wp-content\/uploads\/2017\/01\/Moedas-1-real-1.jpg?fit=810%2C455&resize=700%2C400 2x"},"classes":[]},{"id":1164,"url":"http:\/\/cfcontabil.com\/cf\/receita-paga-hoje-restituicao-residual-do-imposto-de-renda-pessoa-fisica\/","url_meta":{"origin":2625,"position":5},"title":"Receita paga hoje restitui\u00e7\u00e3o residual do Imposto de Renda Pessoa F\u00edsica","author":"Ab\u00edlio Gon\u00e7alves","date":"16 de maio de 2017","format":false,"excerpt":"A Receita Federal paga hoje (15) restitui\u00e7\u00e3o residual do Imposto de Renda da Pessoa F\u00edsica (IRPF), referente aos exerc\u00edcios de 2008 a 2016. O cr\u00e9dito banc\u00e1rio para 128.232 contribuintes totaliza R$ 213,4 milh\u00f5es, dos quais R$ 74,7 milh\u00f5es se referem aos contribuintes com direito a prioridade no recebimento: 22.107 idosos\u2026","rel":"","context":"Em &quot;Departamento Fiscal&quot;","block_context":{"text":"Departamento Fiscal","link":"http:\/\/cfcontabil.com\/cf\/category\/df\/"},"img":{"alt_text":"","src":"https:\/\/i0.wp.com\/cfcontabil.com\/cf\/wp-content\/uploads\/2017\/02\/irpfrfb-1.jpg?fit=640%2C340&resize=350%2C200","width":350,"height":200,"srcset":"https:\/\/i0.wp.com\/cfcontabil.com\/cf\/wp-content\/uploads\/2017\/02\/irpfrfb-1.jpg?fit=640%2C340&resize=350%2C200 1x, https:\/\/i0.wp.com\/cfcontabil.com\/cf\/wp-content\/uploads\/2017\/02\/irpfrfb-1.jpg?fit=640%2C340&resize=525%2C300 1.5x"},"classes":[]}],"jetpack_likes_enabled":true,"_links":{"self":[{"href":"http:\/\/cfcontabil.com\/cf\/wp-json\/wp\/v2\/posts\/2625","targetHints":{"allow":["GET"]}}],"collection":[{"href":"http:\/\/cfcontabil.com\/cf\/wp-json\/wp\/v2\/posts"}],"about":[{"href":"http:\/\/cfcontabil.com\/cf\/wp-json\/wp\/v2\/types\/post"}],"author":[{"embeddable":true,"href":"http:\/\/cfcontabil.com\/cf\/wp-json\/wp\/v2\/users\/1"}],"replies":[{"embeddable":true,"href":"http:\/\/cfcontabil.com\/cf\/wp-json\/wp\/v2\/comments?post=2625"}],"version-history":[{"count":1,"href":"http:\/\/cfcontabil.com\/cf\/wp-json\/wp\/v2\/posts\/2625\/revisions"}],"predecessor-version":[{"id":2626,"href":"http:\/\/cfcontabil.com\/cf\/wp-json\/wp\/v2\/posts\/2625\/revisions\/2626"}],"wp:featuredmedia":[{"embeddable":true,"href":"http:\/\/cfcontabil.com\/cf\/wp-json\/wp\/v2\/media\/2193"}],"wp:attachment":[{"href":"http:\/\/cfcontabil.com\/cf\/wp-json\/wp\/v2\/media?parent=2625"}],"wp:term":[{"taxonomy":"category","embeddable":true,"href":"http:\/\/cfcontabil.com\/cf\/wp-json\/wp\/v2\/categories?post=2625"},{"taxonomy":"post_tag","embeddable":true,"href":"http:\/\/cfcontabil.com\/cf\/wp-json\/wp\/v2\/tags?post=2625"}],"curies":[{"name":"wp","href":"https:\/\/api.w.org\/{rel}","templated":true}]}}