{"id":2630,"date":"2021-08-16T10:20:17","date_gmt":"2021-08-16T13:20:17","guid":{"rendered":"https:\/\/cfcontabil.com\/cf\/?p=2630"},"modified":"2021-08-16T10:20:17","modified_gmt":"2021-08-16T13:20:17","slug":"entrega-da-declaracao-do-itr-2021-comeca-em-16-de-agosto","status":"publish","type":"post","link":"http:\/\/cfcontabil.com\/cf\/entrega-da-declaracao-do-itr-2021-comeca-em-16-de-agosto\/","title":{"rendered":"Entrega da declara\u00e7\u00e3o do ITR 2021 come\u00e7a em 16 de agosto"},"content":{"rendered":"\n<p><strong>Procedimento deve ser realizado de forma digital, por meio de programa da Receita Federal. <\/strong><\/p>\n\n\n\n<p>O prazo para entrega da declara\u00e7\u00e3o do Imposto Territorial Rural (ITR), referente ao exerc\u00edcio 2021, tem in\u00edcio no dia 16 de agosto. O procedimento \u00e9 obrigat\u00f3rio para pessoas f\u00edsicas e\/ou jur\u00eddicas propriet\u00e1rias, titulares do dom\u00ednio \u00fatil ou possuidoras de qualquer t\u00edtulo de im\u00f3vel rural, inclusive a usufrutu\u00e1ria. A declara\u00e7\u00e3o deve ser feita de forma&nbsp;<em>online<\/em>, por meio do Programa Gerador da Declara\u00e7\u00e3o do ITR 2021, disponibilizado pela Receita Federal. A data limite para realizar o procedimento \u00e9 30 de setembro.<\/p>\n\n\n\n<p>A obrigatoriedade da declara\u00e7\u00e3o tamb\u00e9m se aplica \u00e0 pessoa f\u00edsica ou jur\u00eddica que, entre 1\u00ba de janeiro de 2021 e a data da efetiva apresenta\u00e7\u00e3o da declara\u00e7\u00e3o, perdeu a posse do im\u00f3vel rural ou o direito de propriedade pela transfer\u00eancia ou incorpora\u00e7\u00e3o do im\u00f3vel rural ao patrim\u00f4nio do expropriante.<\/p>\n\n\n\n<p>O valor do ITR pode ser pago em at\u00e9 quatro parcelas, com valor m\u00ednimo de R$ 50. Se o valor for inferior a R$ 100, deve ser pago em cota \u00fanica. O pagamento pode ser feito por transfer\u00eancia banc\u00e1ria apenas nos bancos autorizados ou por meio de Documento de Arrecada\u00e7\u00e3o de Receitas Federais (DARF), em qualquer ag\u00eancia banc\u00e1ria integrante da rede arrecadadora de receitas federais.<\/p>\n\n\n\n<p>O propriet\u00e1rio rural que declarar o ITR fora do prazo pagar\u00e1 multa de 1% ao m\u00eas, calculada sobre o total do imposto devido. As regras de pagamento mant\u00eam-se em caso de atraso.<\/p>\n\n\n\n<p><strong>Cartilha<\/strong><\/p>\n\n\n\n<p>Para auxiliar produtores rurais em rela\u00e7\u00e3o a declara\u00e7\u00e3o de ITR, o Sistema FAEP\/SENAR-PR preparou uma cartilha. O material elenca os principais pontos relacionados ao processo. Para ver o material, basta acessar a se\u00e7\u00e3o Servi\u00e7os, no site www.sistemafaep.org.br.<\/p>\n\n\n\n<p>Na cartilha, o produtor rural encontra informa\u00e7\u00f5es sobre o c\u00e1lculo do valor do imposto, conceitos importantes relacionados ao tema e quais documentos necess\u00e1rios para fazer o ITR.<\/p>\n\n\n\n<h6 class=\"wp-block-heading\">Fonte: \u00a0FAEP<\/h6>\n","protected":false},"excerpt":{"rendered":"<p>Procedimento deve ser realizado de forma digital, por meio de programa da Receita Federal. O prazo para entrega da declara\u00e7\u00e3o do Imposto Territorial Rural (ITR), referente ao exerc\u00edcio 2021, tem in\u00edcio no dia 16 de agosto. O procedimento \u00e9 obrigat\u00f3rio para pessoas f\u00edsicas e\/ou jur\u00eddicas propriet\u00e1rias, titulares do dom\u00ednio \u00fatil ou possuidoras de qualquer t\u00edtulo [&hellip;]<\/p>\n","protected":false},"author":1,"featured_media":2632,"comment_status":"open","ping_status":"open","sticky":false,"template":"","format":"standard","meta":{"jetpack_post_was_ever_published":false,"_jetpack_newsletter_access":"","_jetpack_dont_email_post_to_subs":false,"_jetpack_newsletter_tier_id":0,"_jetpack_memberships_contains_paywalled_content":false,"_jetpack_memberships_contains_paid_content":false,"footnotes":"","jetpack_publicize_message":"","jetpack_publicize_feature_enabled":true,"jetpack_social_post_already_shared":true,"jetpack_social_options":{"image_generator_settings":{"template":"highway","default_image_id":0,"font":"","enabled":false},"version":2}},"categories":[677],"tags":[21,106,108,266],"class_list":["post-2630","post","type-post","status-publish","format-standard","has-post-thumbnail","hentry","category-imposto-de-renda","tag-contabilidade","tag-declaracao","tag-imposto","tag-itr"],"jetpack_publicize_connections":[],"jetpack_featured_media_url":"https:\/\/i0.wp.com\/cfcontabil.com\/cf\/wp-content\/uploads\/2021\/08\/ITR.png?fit=987%2C270","jetpack_sharing_enabled":true,"jetpack_shortlink":"https:\/\/wp.me\/p2wklX-Gq","jetpack-related-posts":[{"id":1207,"url":"http:\/\/cfcontabil.com\/cf\/receita-publica-instrucao-normativa-que-dispoe-sobre-a-apresentacao-da-declaracao-do-itr-2016-itr\/","url_meta":{"origin":2630,"position":0},"title":"Receita publica Instru\u00e7\u00e3o Normativa que disp\u00f5e sobre a apresenta\u00e7\u00e3o da Declara\u00e7\u00e3o do ITR 2016 ITR","author":"Ab\u00edlio Gon\u00e7alves","date":"20 de julho de 2016","format":false,"excerpt":"A Receita Federal publicou hoje (13\/6), a\u00a0Instru\u00e7\u00e3o Normativa (IN) RFB n\u00ba 1.651\u00a0que disp\u00f5e sobre a apresenta\u00e7\u00e3o da Declara\u00e7\u00e3o do Imposto sobre a Propriedade Territorial Rural (DITR) referente ao exerc\u00edcio de 2016. A IN estabelece as normas e os procedimentos para a apresenta\u00e7\u00e3o da DITR referente ao exerc\u00edcio de 2016, informando\u2026","rel":"","context":"Em &quot;Geral&quot;","block_context":{"text":"Geral","link":"http:\/\/cfcontabil.com\/cf\/category\/geral\/"},"img":{"alt_text":"","src":"http:\/\/i0.wp.com\/agrocontabilservicos.com.br\/wp-content\/uploads\/2016\/06\/ITR21.jpg?fit=2926%2C1902&resize=350%2C200","width":350,"height":200,"srcset":"http:\/\/i0.wp.com\/agrocontabilservicos.com.br\/wp-content\/uploads\/2016\/06\/ITR21.jpg?fit=2926%2C1902&resize=350%2C200 1x, http:\/\/i0.wp.com\/agrocontabilservicos.com.br\/wp-content\/uploads\/2016\/06\/ITR21.jpg?fit=2926%2C1902&resize=525%2C300 1.5x, http:\/\/i0.wp.com\/agrocontabilservicos.com.br\/wp-content\/uploads\/2016\/06\/ITR21.jpg?fit=2926%2C1902&resize=700%2C400 2x, http:\/\/i0.wp.com\/agrocontabilservicos.com.br\/wp-content\/uploads\/2016\/06\/ITR21.jpg?fit=2926%2C1902&resize=1050%2C600 3x, http:\/\/i0.wp.com\/agrocontabilservicos.com.br\/wp-content\/uploads\/2016\/06\/ITR21.jpg?fit=2926%2C1902&resize=1400%2C800 4x"},"classes":[]},{"id":2748,"url":"http:\/\/cfcontabil.com\/cf\/imposto-de-renda-2022-prepare-seus-documentos-esta-semana\/","url_meta":{"origin":2630,"position":1},"title":"Imposto de Renda 2022: prepare seus documentos esta semana!","author":"Ab\u00edlio Gon\u00e7alves","date":"23 de fevereiro de 2022","format":false,"excerpt":"Separe seus documentos para fazer a declara\u00e7\u00e3o a partir de 2 de mar\u00e7o.","rel":"","context":"Em &quot;Imposto de Renda&quot;","block_context":{"text":"Imposto de Renda","link":"http:\/\/cfcontabil.com\/cf\/category\/imposto-de-renda\/"},"img":{"alt_text":"","src":"https:\/\/i0.wp.com\/cfcontabil.com\/cf\/wp-content\/uploads\/2022\/02\/Banner-na-imposto-de-renda-Miniatura-do-YouTube.png?fit=1200%2C675&resize=350%2C200","width":350,"height":200,"srcset":"https:\/\/i0.wp.com\/cfcontabil.com\/cf\/wp-content\/uploads\/2022\/02\/Banner-na-imposto-de-renda-Miniatura-do-YouTube.png?fit=1200%2C675&resize=350%2C200 1x, https:\/\/i0.wp.com\/cfcontabil.com\/cf\/wp-content\/uploads\/2022\/02\/Banner-na-imposto-de-renda-Miniatura-do-YouTube.png?fit=1200%2C675&resize=525%2C300 1.5x, https:\/\/i0.wp.com\/cfcontabil.com\/cf\/wp-content\/uploads\/2022\/02\/Banner-na-imposto-de-renda-Miniatura-do-YouTube.png?fit=1200%2C675&resize=700%2C400 2x, https:\/\/i0.wp.com\/cfcontabil.com\/cf\/wp-content\/uploads\/2022\/02\/Banner-na-imposto-de-renda-Miniatura-do-YouTube.png?fit=1200%2C675&resize=1050%2C600 3x"},"classes":[]},{"id":1205,"url":"http:\/\/cfcontabil.com\/cf\/os-dedos-duros-do-ir-que-te-fazem-cair-na-malha-fina\/","url_meta":{"origin":2630,"position":2},"title":"Os dedos-duros do IR que te fazem cair na malha fina","author":"Ab\u00edlio Gon\u00e7alves","date":"12 de abril de 2016","format":false,"excerpt":"O contribuinte que est\u00e1 obrigado a declarar o Imposto de Renda (IR) 2016 precisa ter aten\u00e7\u00e3o redobrada ao preencher alguns dados da declara\u00e7\u00e3o que \"deduram\" ao Fisco eventuais omiss\u00f5es ou inconsist\u00eancias. A cada ano, a Receita Federal exige que mais empresas e entidades enviem informa\u00e7\u00f5es sobre as movimenta\u00e7\u00f5es dos contribuintes\u2026","rel":"","context":"Em &quot;Geral&quot;","block_context":{"text":"Geral","link":"http:\/\/cfcontabil.com\/cf\/category\/geral\/"},"img":{"alt_text":"","src":"","width":0,"height":0},"classes":[]},{"id":2112,"url":"http:\/\/cfcontabil.com\/cf\/contribuintes-podem-baixar-programa-do-imposto-de-renda-2020-nesta-quinta-feira-20\/","url_meta":{"origin":2630,"position":3},"title":"Contribuintes podem baixar programa do Imposto de Renda 2020 nesta quinta-feira (20)","author":"Ab\u00edlio Gon\u00e7alves","date":"20 de fevereiro de 2020","format":false,"excerpt":"Receita Federal espera receber 32 milh\u00f5es de declara\u00e7\u00f5es de pessoas f\u00edsicas https:\/\/www.youtube.com\/watch?v=UpwbSoIuHaA&feature=youtu.be Contribuinte que atrasar a entrega do IRPF 2020 pagar\u00e1 multa de 1% sobre o imposto devido ao m\u00eas. O valor m\u00ednimo \u00e9 de R$ 165,74. - Foto: Secom\/PR Apartir das 8h desta quinta-feira (20), contribuintes poder\u00e3o baixar o\u2026","rel":"","context":"Em &quot;Departamento Fiscal&quot;","block_context":{"text":"Departamento Fiscal","link":"http:\/\/cfcontabil.com\/cf\/category\/df\/"},"img":{"alt_text":"","src":"https:\/\/i0.wp.com\/cfcontabil.com\/cf\/wp-content\/uploads\/2020\/02\/IRPF-regras-youtube.jpeg?fit=1200%2C675&resize=350%2C200","width":350,"height":200,"srcset":"https:\/\/i0.wp.com\/cfcontabil.com\/cf\/wp-content\/uploads\/2020\/02\/IRPF-regras-youtube.jpeg?fit=1200%2C675&resize=350%2C200 1x, https:\/\/i0.wp.com\/cfcontabil.com\/cf\/wp-content\/uploads\/2020\/02\/IRPF-regras-youtube.jpeg?fit=1200%2C675&resize=525%2C300 1.5x, https:\/\/i0.wp.com\/cfcontabil.com\/cf\/wp-content\/uploads\/2020\/02\/IRPF-regras-youtube.jpeg?fit=1200%2C675&resize=700%2C400 2x, https:\/\/i0.wp.com\/cfcontabil.com\/cf\/wp-content\/uploads\/2020\/02\/IRPF-regras-youtube.jpeg?fit=1200%2C675&resize=1050%2C600 3x"},"classes":[]},{"id":877,"url":"http:\/\/cfcontabil.com\/cf\/atraso-em-liberacao-de-programa-da-dirf-pode-comprometer-a-declaracao-de-imposto-de-renda\/","url_meta":{"origin":2630,"position":4},"title":"Atraso em libera\u00e7\u00e3o de programa da Dirf pode comprometer a declara\u00e7\u00e3o de imposto de renda","author":"Ab\u00edlio Gon\u00e7alves","date":"26 de janeiro de 2017","format":false,"excerpt":"CFC encaminhou\u00a0of\u00edcio para Receita solicitando a imediata disponibiliza\u00e7\u00e3o de programa de transmiss\u00e3o da DIRF O Conselho Federal de Contabilidade (CFC) enviou, nesta ter\u00e7a-feira (24), of\u00edcio ao secret\u00e1rio da Receita Federal, Jorge Rachid, pedindo a prorroga\u00e7\u00e3o do prazo de entrega da Declara\u00e7\u00e3o do Imposto de Renda Retido na Fonte (Dirf), previsto\u2026","rel":"","context":"Em &quot;Departamento Pessoal&quot;","block_context":{"text":"Departamento Pessoal","link":"http:\/\/cfcontabil.com\/cf\/category\/dp\/"},"img":{"alt_text":"","src":"https:\/\/i0.wp.com\/cfcontabil.com\/cf\/wp-content\/uploads\/2017\/01\/DIRF_698x57613-1.jpg?fit=1000%2C826&resize=350%2C200","width":350,"height":200,"srcset":"https:\/\/i0.wp.com\/cfcontabil.com\/cf\/wp-content\/uploads\/2017\/01\/DIRF_698x57613-1.jpg?fit=1000%2C826&resize=350%2C200 1x, https:\/\/i0.wp.com\/cfcontabil.com\/cf\/wp-content\/uploads\/2017\/01\/DIRF_698x57613-1.jpg?fit=1000%2C826&resize=525%2C300 1.5x, https:\/\/i0.wp.com\/cfcontabil.com\/cf\/wp-content\/uploads\/2017\/01\/DIRF_698x57613-1.jpg?fit=1000%2C826&resize=700%2C400 2x"},"classes":[]},{"id":1458,"url":"http:\/\/cfcontabil.com\/cf\/irpf-2019-regras-liberadas-mas-contribuintes-terao-uma-semana-a-menos-para-entrega\/","url_meta":{"origin":2630,"position":5},"title":"IRPF 2019 &#8211; Regras liberadas, mas contribuintes ter\u00e3o uma semana a menos para entrega","author":"Ab\u00edlio Gon\u00e7alves","date":"22 de fevereiro de 2019","format":false,"excerpt":"Em 2018, estavam obrigados a acertar as contas com o le\u00e3o todos os contribuintes que receberam mais de R$ 28.559,70 no ano anterior. Publicadas as regras hoje (22.02) no Di\u00e1rio Oficial da Uni\u00e3o. Quem ganhou mais de R$ 28.559,70 em 2018 \u00e9 obrigado a fazer a declara\u00e7\u00e3o do Imposto de\u2026","rel":"","context":"Em &quot;Geral&quot;","block_context":{"text":"Geral","link":"http:\/\/cfcontabil.com\/cf\/category\/geral\/"},"img":{"alt_text":"","src":"https:\/\/i0.wp.com\/cfcontabil.com\/cf\/wp-content\/uploads\/2017\/02\/irpfrfb-1.jpg?fit=640%2C340&resize=350%2C200","width":350,"height":200,"srcset":"https:\/\/i0.wp.com\/cfcontabil.com\/cf\/wp-content\/uploads\/2017\/02\/irpfrfb-1.jpg?fit=640%2C340&resize=350%2C200 1x, https:\/\/i0.wp.com\/cfcontabil.com\/cf\/wp-content\/uploads\/2017\/02\/irpfrfb-1.jpg?fit=640%2C340&resize=525%2C300 1.5x"},"classes":[]}],"jetpack_likes_enabled":true,"_links":{"self":[{"href":"http:\/\/cfcontabil.com\/cf\/wp-json\/wp\/v2\/posts\/2630","targetHints":{"allow":["GET"]}}],"collection":[{"href":"http:\/\/cfcontabil.com\/cf\/wp-json\/wp\/v2\/posts"}],"about":[{"href":"http:\/\/cfcontabil.com\/cf\/wp-json\/wp\/v2\/types\/post"}],"author":[{"embeddable":true,"href":"http:\/\/cfcontabil.com\/cf\/wp-json\/wp\/v2\/users\/1"}],"replies":[{"embeddable":true,"href":"http:\/\/cfcontabil.com\/cf\/wp-json\/wp\/v2\/comments?post=2630"}],"version-history":[{"count":1,"href":"http:\/\/cfcontabil.com\/cf\/wp-json\/wp\/v2\/posts\/2630\/revisions"}],"predecessor-version":[{"id":2633,"href":"http:\/\/cfcontabil.com\/cf\/wp-json\/wp\/v2\/posts\/2630\/revisions\/2633"}],"wp:featuredmedia":[{"embeddable":true,"href":"http:\/\/cfcontabil.com\/cf\/wp-json\/wp\/v2\/media\/2632"}],"wp:attachment":[{"href":"http:\/\/cfcontabil.com\/cf\/wp-json\/wp\/v2\/media?parent=2630"}],"wp:term":[{"taxonomy":"category","embeddable":true,"href":"http:\/\/cfcontabil.com\/cf\/wp-json\/wp\/v2\/categories?post=2630"},{"taxonomy":"post_tag","embeddable":true,"href":"http:\/\/cfcontabil.com\/cf\/wp-json\/wp\/v2\/tags?post=2630"}],"curies":[{"name":"wp","href":"https:\/\/api.w.org\/{rel}","templated":true}]}}