{"id":2640,"date":"2021-08-19T08:14:18","date_gmt":"2021-08-19T11:14:18","guid":{"rendered":"https:\/\/cfcontabil.com\/cf\/?p=2640"},"modified":"2021-08-19T15:51:57","modified_gmt":"2021-08-19T18:51:57","slug":"receita-federal-alerta-sobre-golpe-em-emprestimo-ou-financiamento","status":"publish","type":"post","link":"http:\/\/cfcontabil.com\/cf\/receita-federal-alerta-sobre-golpe-em-emprestimo-ou-financiamento\/","title":{"rendered":"Receita Federal alerta sobre golpe em empr\u00e9stimo ou financiamento"},"content":{"rendered":"\n<p><em>Notifica\u00e7\u00e3o postal falsa exige pagamento de IOF para desbloqueio de empr\u00e9stimo em institui\u00e7\u00e3o financeira<\/em><\/p>\n\n\n\n<p>Receita Federal identificou um novo tipo de golpe aplicado com o nome da institui\u00e7\u00e3o. Trata-se de uma notifica\u00e7\u00e3o postal falsa, na qual \u00e9 exigido o pagamento de IOF para desbloqueio de valores de empr\u00e9stimo em institui\u00e7\u00e3o financeira.&nbsp;<\/p>\n\n\n\n<p>IOF \u00e9 o Imposto sobre Opera\u00e7\u00f5es Financeiras, relativos a cr\u00e9dito, c\u00e2mbio e seguros, ou t\u00edtulos e valores mobili\u00e1rios.&nbsp;<\/p>\n\n\n\n<h3 class=\"wp-block-heading\">Como funciona o golpe<\/h3>\n\n\n\n<p>Ao negociar um empr\u00e9stimo ou financiamento com uma institui\u00e7\u00e3o financeira, a pessoa recebe pelo correio uma notifica\u00e7\u00e3o cobrando o IOF, supostamente emitida pela Receita Federal.&nbsp;<\/p>\n\n\n\n<p>O documento falso alega que o cr\u00e9dito ou financiamento ser\u00e1 desbloqueado somente com o pagamento do imposto. Na correspond\u00eancia h\u00e1 dados banc\u00e1rios para dep\u00f3sito e uma assinatura falsa.&nbsp;<\/p>\n\n\n\n<p>Trata-se de um golpe, j\u00e1 que a Receita Federal n\u00e3o fornece dados banc\u00e1rios para o recolhimento de tributos federais via dep\u00f3sito ou transfer\u00eancia.&nbsp;<\/p>\n\n\n\n<p>O recolhimento do IOF \u00e9 feito exclusivamente via Documento de Arrecada\u00e7\u00e3o de Receitas Federais (Darf) e a cobran\u00e7a e o recolhimento do IOF s\u00e3o efetuados pelo respons\u00e1vel tribut\u00e1rio, ou seja, pela institui\u00e7\u00e3o financeira que concede o cr\u00e9dito.&nbsp;<\/p>\n\n\n\n<p>Os golpistas geralmente cometem erros que possibilitam identificar que se trata de um golpe. Fique atento aos erros de portugu\u00eas, informa\u00e7\u00f5es confusas ou incorretas e orienta\u00e7\u00f5es desencontradas. Esses s\u00e3o alguns dos sinais de que a correspond\u00eancia pode ser falsa.<\/p>\n\n\n\n<p>Em caso de d\u00favidas, envie uma den\u00fancia \u00e0 Ouvidoria do Minist\u00e9rio da Economia, pela internet, clicando?<a href=\"https:\/\/www.gov.br\/economia\/pt-br\/canais_atendimento\/ouvidoria\/ouvidoria\">aqui.<\/a><\/p>\n\n\n\n<p>Os indiv\u00edduos que aplicam o golpe, fazendo-se passar por servidores da Receita Federal, ser\u00e3o investigados e poder\u00e3o responder pelos crimes de estelionato, falsidade ideol\u00f3gica e falsa identidade, al\u00e9m dos danos causados \u00e0 imagem da institui\u00e7\u00e3o e ao servidor indevidamente envolvido.<\/p>\n\n\n\n<p><em>Informa\u00e7\u00f5es da&nbsp;<a rel=\"noreferrer noopener\" href=\"https:\/\/www.gov.br\/receitafederal\/pt-br\" target=\"_blank\">Receita Federal&nbsp;<\/a><\/em><\/p>\n","protected":false},"excerpt":{"rendered":"<p>Notifica\u00e7\u00e3o postal falsa exige pagamento de IOF para desbloqueio de empr\u00e9stimo em institui\u00e7\u00e3o financeira Receita Federal identificou um novo tipo de golpe aplicado com o nome da institui\u00e7\u00e3o. Trata-se de uma notifica\u00e7\u00e3o postal falsa, na qual \u00e9 exigido o pagamento de IOF para desbloqueio de valores de empr\u00e9stimo em institui\u00e7\u00e3o financeira.&nbsp; IOF \u00e9 o Imposto [&hellip;]<\/p>\n","protected":false},"author":1,"featured_media":2645,"comment_status":"open","ping_status":"open","sticky":false,"template":"","format":"standard","meta":{"jetpack_post_was_ever_published":false,"_jetpack_newsletter_access":"","_jetpack_dont_email_post_to_subs":false,"_jetpack_newsletter_tier_id":0,"_jetpack_memberships_contains_paywalled_content":false,"_jetpack_memberships_contains_paid_content":false,"footnotes":"","jetpack_publicize_message":"","jetpack_publicize_feature_enabled":true,"jetpack_social_post_already_shared":true,"jetpack_social_options":{"image_generator_settings":{"template":"highway","default_image_id":0,"font":"","enabled":false},"version":2}},"categories":[22],"tags":[766,71,85,845,74],"class_list":["post-2640","post","type-post","status-publish","format-standard","has-post-thumbnail","hentry","category-geral","tag-emprestimo","tag-federal","tag-golpe","tag-iof","tag-receita"],"jetpack_publicize_connections":[],"jetpack_featured_media_url":"https:\/\/i0.wp.com\/cfcontabil.com\/cf\/wp-content\/uploads\/2021\/08\/euro-coins-currency-money-106152.jpeg?fit=1880%2C1253","jetpack_sharing_enabled":true,"jetpack_shortlink":"https:\/\/wp.me\/p2wklX-GA","jetpack-related-posts":[{"id":1960,"url":"http:\/\/cfcontabil.com\/cf\/donos-de-pequenos-negocios-apontam-melhoria-do-acesso-ao-credito\/","url_meta":{"origin":2640,"position":0},"title":"Donos de pequenos neg\u00f3cios apontam melhoria do acesso ao cr\u00e9dito","author":"Ab\u00edlio Gon\u00e7alves","date":"28 de novembro de 2019","format":false,"excerpt":"Pesquisa realizada pelo Sebrae mostra que mais empres\u00e1rios buscaram empr\u00e9stimos em 2019 e que houve melhora na avalia\u00e7\u00e3o do sistema financeiro A melhora dos \u00edndices de confian\u00e7a dos empres\u00e1rios brasileiros, identificada na Sondagem Conjuntural realizada pelo Sebrae, contribui para que os donos de pequenos neg\u00f3cios retomem o interesse em buscar\u2026","rel":"","context":"Em &quot;Consultoria Empresarial&quot;","block_context":{"text":"Consultoria Empresarial","link":"http:\/\/cfcontabil.com\/cf\/category\/consultoria\/"},"img":{"alt_text":"","src":"https:\/\/i0.wp.com\/cfcontabil.com\/cf\/wp-content\/uploads\/2019\/11\/pequenos-neg%C3%B3cios.jpg?fit=600%2C310&resize=350%2C200","width":350,"height":200,"srcset":"https:\/\/i0.wp.com\/cfcontabil.com\/cf\/wp-content\/uploads\/2019\/11\/pequenos-neg%C3%B3cios.jpg?fit=600%2C310&resize=350%2C200 1x, https:\/\/i0.wp.com\/cfcontabil.com\/cf\/wp-content\/uploads\/2019\/11\/pequenos-neg%C3%B3cios.jpg?fit=600%2C310&resize=525%2C300 1.5x"},"classes":[]},{"id":2133,"url":"http:\/\/cfcontabil.com\/cf\/antecipacao-de-irpf-ofertas-dos-bancos-atraem-contribuintes-atencao-as-regras\/","url_meta":{"origin":2640,"position":1},"title":"Antecipa\u00e7\u00e3o de IRPF: ofertas dos Bancos atraem contribuintes, aten\u00e7\u00e3o as regras!","author":"Ab\u00edlio Gon\u00e7alves","date":"6 de mar\u00e7o de 2020","format":false,"excerpt":"Com juros mais baixos que o normal,\u00a0 muitos contribuintes contratam empr\u00e9stimo para antecipar a devolu\u00e7\u00e3o do IR. Sem planejamento e estudo, na maioria dos casos n\u00e3o \u00e9 muito vantajoso. No geral, s\u00f3 vale a pena se houver urg\u00eancia para receber o dinheiro. Os principais bancos em opera\u00e7\u00e3o no Brasil anunciaram\u2026","rel":"","context":"Em &quot;Departamento Fiscal&quot;","block_context":{"text":"Departamento Fiscal","link":"http:\/\/cfcontabil.com\/cf\/category\/df\/"},"img":{"alt_text":"","src":"https:\/\/i0.wp.com\/cfcontabil.com\/cf\/wp-content\/uploads\/2020\/03\/IRPF-ANTECIPA%C3%87%C3%83O-RESTITUI%C3%87%C3%83O.jpeg?fit=1200%2C675&resize=350%2C200","width":350,"height":200,"srcset":"https:\/\/i0.wp.com\/cfcontabil.com\/cf\/wp-content\/uploads\/2020\/03\/IRPF-ANTECIPA%C3%87%C3%83O-RESTITUI%C3%87%C3%83O.jpeg?fit=1200%2C675&resize=350%2C200 1x, https:\/\/i0.wp.com\/cfcontabil.com\/cf\/wp-content\/uploads\/2020\/03\/IRPF-ANTECIPA%C3%87%C3%83O-RESTITUI%C3%87%C3%83O.jpeg?fit=1200%2C675&resize=525%2C300 1.5x, https:\/\/i0.wp.com\/cfcontabil.com\/cf\/wp-content\/uploads\/2020\/03\/IRPF-ANTECIPA%C3%87%C3%83O-RESTITUI%C3%87%C3%83O.jpeg?fit=1200%2C675&resize=700%2C400 2x, https:\/\/i0.wp.com\/cfcontabil.com\/cf\/wp-content\/uploads\/2020\/03\/IRPF-ANTECIPA%C3%87%C3%83O-RESTITUI%C3%87%C3%83O.jpeg?fit=1200%2C675&resize=1050%2C600 3x"},"classes":[]},{"id":2200,"url":"http:\/\/cfcontabil.com\/cf\/governo-anuncia-r-40-bi-para-financiar-salario-do-trabalhador-de-pequenas-e-medias-empresas\/","url_meta":{"origin":2640,"position":2},"title":"Governo anuncia R$ 40 bi para financiar sal\u00e1rio do trabalhador de pequenas e m\u00e9dias empresas","author":"Ab\u00edlio Gon\u00e7alves","date":"27 de mar\u00e7o de 2020","format":false,"excerpt":"Empr\u00e9stimo cobrir\u00e1 dois meses de folha e ser\u00e1 limitado a dois sal\u00e1rios m\u00ednimos por funcion\u00e1rio, informou o presidente do BC. Empresas n\u00e3o poder\u00e3o demitir no per\u00edodo. O governo federal anunciou nesta sexta-feira (27) uma linha de cr\u00e9dito emergencial para pequenas e m\u00e9dias empresas e que vai ajud\u00e1-las a pagar os\u2026","rel":"","context":"Em &quot;Departamento Pessoal&quot;","block_context":{"text":"Departamento Pessoal","link":"http:\/\/cfcontabil.com\/cf\/category\/dp\/"},"img":{"alt_text":"","src":"https:\/\/i0.wp.com\/cfcontabil.com\/cf\/wp-content\/uploads\/2019\/11\/salario.jpg?fit=703%2C436&resize=350%2C200","width":350,"height":200,"srcset":"https:\/\/i0.wp.com\/cfcontabil.com\/cf\/wp-content\/uploads\/2019\/11\/salario.jpg?fit=703%2C436&resize=350%2C200 1x, https:\/\/i0.wp.com\/cfcontabil.com\/cf\/wp-content\/uploads\/2019\/11\/salario.jpg?fit=703%2C436&resize=525%2C300 1.5x, https:\/\/i0.wp.com\/cfcontabil.com\/cf\/wp-content\/uploads\/2019\/11\/salario.jpg?fit=703%2C436&resize=700%2C400 2x"},"classes":[]},{"id":1205,"url":"http:\/\/cfcontabil.com\/cf\/os-dedos-duros-do-ir-que-te-fazem-cair-na-malha-fina\/","url_meta":{"origin":2640,"position":3},"title":"Os dedos-duros do IR que te fazem cair na malha fina","author":"Ab\u00edlio Gon\u00e7alves","date":"12 de abril de 2016","format":false,"excerpt":"O contribuinte que est\u00e1 obrigado a declarar o Imposto de Renda (IR) 2016 precisa ter aten\u00e7\u00e3o redobrada ao preencher alguns dados da declara\u00e7\u00e3o que \"deduram\" ao Fisco eventuais omiss\u00f5es ou inconsist\u00eancias. A cada ano, a Receita Federal exige que mais empresas e entidades enviem informa\u00e7\u00f5es sobre as movimenta\u00e7\u00f5es dos contribuintes\u2026","rel":"","context":"Em &quot;Geral&quot;","block_context":{"text":"Geral","link":"http:\/\/cfcontabil.com\/cf\/category\/geral\/"},"img":{"alt_text":"","src":"","width":0,"height":0},"classes":[]},{"id":2219,"url":"http:\/\/cfcontabil.com\/cf\/governo-decide-manter-cronograma-de-restituicao-do-imposto-de-renda\/","url_meta":{"origin":2640,"position":4},"title":"Governo decide manter cronograma de restitui\u00e7\u00e3o do Imposto de Renda","author":"Ab\u00edlio Gon\u00e7alves","date":"4 de abril de 2020","format":false,"excerpt":"No primeiro lote, previsto para maio, ser\u00e1 dada prioridade para idosos, portadores de defici\u00eancia e doen\u00e7a grave O governo federal anunciou nesta quinta-feira (2) que decidiu manter o cronograma previsto para restitui\u00e7\u00f5es do Imposto de Renda. \"Considerando toda esta situa\u00e7\u00e3o excepcional que estamos vivenciando neste momento, decidimos manter o cronograma\u2026","rel":"","context":"Em &quot;Departamento Fiscal&quot;","block_context":{"text":"Departamento Fiscal","link":"http:\/\/cfcontabil.com\/cf\/category\/df\/"},"img":{"alt_text":"","src":"https:\/\/i0.wp.com\/cfcontabil.com\/cf\/wp-content\/uploads\/2017\/02\/restituicao-imposto-de-renda-1.jpg?fit=600%2C300&resize=350%2C200","width":350,"height":200,"srcset":"https:\/\/i0.wp.com\/cfcontabil.com\/cf\/wp-content\/uploads\/2017\/02\/restituicao-imposto-de-renda-1.jpg?fit=600%2C300&resize=350%2C200 1x, https:\/\/i0.wp.com\/cfcontabil.com\/cf\/wp-content\/uploads\/2017\/02\/restituicao-imposto-de-renda-1.jpg?fit=600%2C300&resize=525%2C300 1.5x"},"classes":[]},{"id":1064,"url":"http:\/\/cfcontabil.com\/cf\/receita-federal-regulamenta-transmissao-de-informacoes-relativas-ao-rerct\/","url_meta":{"origin":2640,"position":5},"title":"Receita Federal regulamenta transmiss\u00e3o de informa\u00e7\u00f5es relativas ao RERCT","author":"Ab\u00edlio Gon\u00e7alves","date":"15 de mar\u00e7o de 2017","format":false,"excerpt":"Receita Federal lan\u00e7a Instru\u00e7\u00e3o Normativa (IN) RFB n\u00b0 1699\/2017 que disp\u00f5e sobre a obrigatoriedade de presta\u00e7\u00e3o de informa\u00e7\u00f5es na e-Financeira. Foi publicada dia 10.03\u00a0no Di\u00e1rio Oficial da Uni\u00e3o a IN RFB n\u00b0 1699\/2017, que trata de informa\u00e7\u00f5es da e-Financeira referentes ao Regime Especial de Regulariza\u00e7\u00e3o Cambial e Tribut\u00e1ria (RERCT). A\u2026","rel":"","context":"Em &quot;Departamento Fiscal&quot;","block_context":{"text":"Departamento Fiscal","link":"http:\/\/cfcontabil.com\/cf\/category\/df\/"},"img":{"alt_text":"","src":"https:\/\/i0.wp.com\/cfcontabil.com\/cf\/wp-content\/uploads\/2016\/03\/fiscaliza%C3%A7%C3%A3o-8-1.jpg?fit=825%2C367&resize=350%2C200","width":350,"height":200,"srcset":"https:\/\/i0.wp.com\/cfcontabil.com\/cf\/wp-content\/uploads\/2016\/03\/fiscaliza%C3%A7%C3%A3o-8-1.jpg?fit=825%2C367&resize=350%2C200 1x, https:\/\/i0.wp.com\/cfcontabil.com\/cf\/wp-content\/uploads\/2016\/03\/fiscaliza%C3%A7%C3%A3o-8-1.jpg?fit=825%2C367&resize=525%2C300 1.5x, https:\/\/i0.wp.com\/cfcontabil.com\/cf\/wp-content\/uploads\/2016\/03\/fiscaliza%C3%A7%C3%A3o-8-1.jpg?fit=825%2C367&resize=700%2C400 2x"},"classes":[]}],"jetpack_likes_enabled":true,"_links":{"self":[{"href":"http:\/\/cfcontabil.com\/cf\/wp-json\/wp\/v2\/posts\/2640","targetHints":{"allow":["GET"]}}],"collection":[{"href":"http:\/\/cfcontabil.com\/cf\/wp-json\/wp\/v2\/posts"}],"about":[{"href":"http:\/\/cfcontabil.com\/cf\/wp-json\/wp\/v2\/types\/post"}],"author":[{"embeddable":true,"href":"http:\/\/cfcontabil.com\/cf\/wp-json\/wp\/v2\/users\/1"}],"replies":[{"embeddable":true,"href":"http:\/\/cfcontabil.com\/cf\/wp-json\/wp\/v2\/comments?post=2640"}],"version-history":[{"count":2,"href":"http:\/\/cfcontabil.com\/cf\/wp-json\/wp\/v2\/posts\/2640\/revisions"}],"predecessor-version":[{"id":2646,"href":"http:\/\/cfcontabil.com\/cf\/wp-json\/wp\/v2\/posts\/2640\/revisions\/2646"}],"wp:featuredmedia":[{"embeddable":true,"href":"http:\/\/cfcontabil.com\/cf\/wp-json\/wp\/v2\/media\/2645"}],"wp:attachment":[{"href":"http:\/\/cfcontabil.com\/cf\/wp-json\/wp\/v2\/media?parent=2640"}],"wp:term":[{"taxonomy":"category","embeddable":true,"href":"http:\/\/cfcontabil.com\/cf\/wp-json\/wp\/v2\/categories?post=2640"},{"taxonomy":"post_tag","embeddable":true,"href":"http:\/\/cfcontabil.com\/cf\/wp-json\/wp\/v2\/tags?post=2640"}],"curies":[{"name":"wp","href":"https:\/\/api.w.org\/{rel}","templated":true}]}}