{"id":2642,"date":"2021-08-20T05:15:00","date_gmt":"2021-08-20T08:15:00","guid":{"rendered":"https:\/\/cfcontabil.com\/cf\/?p=2642"},"modified":"2021-08-19T08:18:40","modified_gmt":"2021-08-19T11:18:40","slug":"uso-da-internet-no-brasil-cresce-e-chega-a-81-da-populacao-diz-pesquisa","status":"publish","type":"post","link":"http:\/\/cfcontabil.com\/cf\/uso-da-internet-no-brasil-cresce-e-chega-a-81-da-populacao-diz-pesquisa\/","title":{"rendered":"Uso da internet no Brasil cresce, e chega a 81% da popula\u00e7\u00e3o, diz pesquisa"},"content":{"rendered":"\n<p>Edi\u00e7\u00e3o de 2020 da TIC Domic\u00edlios indica que acesso \u00e0 internet aumentou principalmente em domic\u00edlios das classes C e D\/E. No entanto, os n\u00edveis de conectividade desse grupo ainda s\u00e3o bem inferiores aos das classes A e B.<\/p>\n\n\n\n<p>O uso da internet no Brasil cresceu em 2020, passando de 74% para 81% da popula\u00e7\u00e3o, o que representa 152 milh\u00f5es de pessoas.<\/p>\n\n\n\n<p>Os dados foram divulgados nesta quarta-feira (18) pela pesquisa TIC Domic\u00edlios, realizada pelo Centro Regional de Estudos para o Desenvolvimento da Sociedade da Informa\u00e7\u00e3o (Cetic.br).<\/p>\n\n\n\n<p>Segundo o levantamento, a maior alta foi registrada por usu\u00e1rios na \u00e1rea rural. O uso de internet neste grupo cresceu de 53%, em 2019, para 70%, em 2020. Na \u00e1rea urbana, o \u00edndice passou de 77% para 83%.<\/p>\n\n\n\n<p>A pesquisa apontou que\u00a0o grupo de domic\u00edlios no Brasil com acesso \u00e0 internet subiu de 71% para 83%. A diferen\u00e7a para a quantidade de usu\u00e1rios existe porque alguns moradores de uma resid\u00eancia podem ter internet, mas n\u00e3o acess\u00e1-la.<\/p>\n\n\n\n<p>O acesso \u00e0 internet foi ampliado principalmente nos domic\u00edlios das classes C e D\/E. Na classe C, a propor\u00e7\u00e3o de domic\u00edlios com internet subiu de 80%, em 2019, para 91%. Nas classes D\/E, o \u00edndice passou de 50% para 64%.<\/p>\n\n\n\n<p>Apesar disso, estes grupos ainda tem n\u00edveis de conectividade menores que os da classe A e B, em que 100% e 99% dos domic\u00edlios t\u00eam acesso \u00e0 internet, respectivamente.<\/p>\n\n\n\n<p>Em 2015, a diferen\u00e7a no acesso \u00e0 internet entre domic\u00edlios da classes A e D\/E era de 83 pontos percentuais. Em 2020, a dist\u00e2ncia caiu para 36 pontos percentuais.<\/p>\n\n\n\n<h2 class=\"wp-block-heading\">Onde a internet \u00e9 acessada<\/h2>\n\n\n\n<p>A edi\u00e7\u00e3o de 2020 da TIC Domic\u00edlios tamb\u00e9m indica um crescimento do uso da internet por meio de smart TVs.<\/p>\n\n\n\n<p>Em 2019, esses dispositivos eram usados por 37% dos brasileiros. Em 2020, o \u00edndice subiu para 44%, superando o acesso pelo computador, que permaneceu em 42%.<\/p>\n\n\n\n<p>O celular continua como principal dispositivo usado para acessar a internet. Por mais um ano, o aparelho foi usado por 99% dos usu\u00e1rios.<\/p>\n\n\n\n<h2 class=\"wp-block-heading\">O que os brasileiros acessam<\/h2>\n\n\n\n<p>O Cetic.br aponta que, com a pandemia, atividades como estudos e transa\u00e7\u00f5es financeiras migraram para a internet.<\/p>\n\n\n\n<p>De acordo com a pesquisa, o grupo de brasileiros que realizou cursos \u00e0 dist\u00e2ncia subiu de 12%, em 2019, para 21%, em 2020.<\/p>\n\n\n\n<p>O levantamento indica ainda crescimento nos grupos de pessoas que realizaram atividades ou pesquisas escolares (de 41% para 45%) e que estudaram na internet por conta pr\u00f3pria (de 40% para 44%).<\/p>\n\n\n\n<p>As atividades de trabalho pela internet, que, em 2019, foram realizadas por 33% dos brasileiros, tamb\u00e9m se tornaram mais comuns. Em 2020, o \u00edndice de pessoas que permaneceu online para trabalhar foi de 38%.<\/p>\n\n\n\n<p>O grupo de brasileiros que fez consultas, pagamentos ou outras transa\u00e7\u00f5es financeiras pelo celular subiu de 33% para 43%.<\/p>\n\n\n\n<p>Fonte: G1<\/p>\n","protected":false},"excerpt":{"rendered":"<p>Edi\u00e7\u00e3o de 2020 da TIC Domic\u00edlios indica que acesso \u00e0 internet aumentou principalmente em domic\u00edlios das classes C e D\/E. No entanto, os n\u00edveis de conectividade desse grupo ainda s\u00e3o bem inferiores aos das classes A e B. O uso da internet no Brasil cresceu em 2020, passando de 74% para 81% da popula\u00e7\u00e3o, o [&hellip;]<\/p>\n","protected":false},"author":1,"featured_media":2643,"comment_status":"open","ping_status":"open","sticky":false,"template":"","format":"standard","meta":{"jetpack_post_was_ever_published":false,"_jetpack_newsletter_access":"","_jetpack_dont_email_post_to_subs":false,"_jetpack_newsletter_tier_id":0,"_jetpack_memberships_contains_paywalled_content":false,"_jetpack_memberships_contains_paid_content":false,"footnotes":"","jetpack_publicize_message":"","jetpack_publicize_feature_enabled":true,"jetpack_social_post_already_shared":true,"jetpack_social_options":{"image_generator_settings":{"template":"highway","default_image_id":0,"font":"","enabled":false},"version":2}},"categories":[22],"tags":[119,55],"class_list":["post-2642","post","type-post","status-publish","format-standard","has-post-thumbnail","hentry","category-geral","tag-brasil","tag-internet"],"jetpack_publicize_connections":[],"jetpack_featured_media_url":"https:\/\/i0.wp.com\/cfcontabil.com\/cf\/wp-content\/uploads\/2021\/08\/pexels-photo-1092644.jpeg?fit=1880%2C1253","jetpack_sharing_enabled":true,"jetpack_shortlink":"https:\/\/wp.me\/p2wklX-GC","jetpack-related-posts":[{"id":2655,"url":"http:\/\/cfcontabil.com\/cf\/brasil-tem-152-milhoes-de-pessoas-com-acesso-a-internet\/","url_meta":{"origin":2642,"position":0},"title":"Brasil tem 152 milh\u00f5es de pessoas com acesso \u00e0 internet","author":"Ab\u00edlio Gon\u00e7alves","date":"24 de agosto de 2021","format":false,"excerpt":"Dia do Internauta mostra que, apesar de amplo, acesso ainda \u00e9 desigual. O internauta tem um dia dedicado a ele, 23 de agosto, data em que, no ano de 1991, a rede mundial de computadores foi aberta ao mundo. No Brasil, tem crescido, ano a ano, o n\u00famero de pessoas\u2026","rel":"","context":"Em &quot;Geral&quot;","block_context":{"text":"Geral","link":"http:\/\/cfcontabil.com\/cf\/category\/geral\/"},"img":{"alt_text":"white switch hub turned on","src":"https:\/\/i0.wp.com\/cfcontabil.com\/cf\/wp-content\/uploads\/2021\/08\/network-cable-ethernet-computer-159304.jpeg?fit=1200%2C800&resize=350%2C200","width":350,"height":200,"srcset":"https:\/\/i0.wp.com\/cfcontabil.com\/cf\/wp-content\/uploads\/2021\/08\/network-cable-ethernet-computer-159304.jpeg?fit=1200%2C800&resize=350%2C200 1x, https:\/\/i0.wp.com\/cfcontabil.com\/cf\/wp-content\/uploads\/2021\/08\/network-cable-ethernet-computer-159304.jpeg?fit=1200%2C800&resize=525%2C300 1.5x, https:\/\/i0.wp.com\/cfcontabil.com\/cf\/wp-content\/uploads\/2021\/08\/network-cable-ethernet-computer-159304.jpeg?fit=1200%2C800&resize=700%2C400 2x, https:\/\/i0.wp.com\/cfcontabil.com\/cf\/wp-content\/uploads\/2021\/08\/network-cable-ethernet-computer-159304.jpeg?fit=1200%2C800&resize=1050%2C600 3x"},"classes":[]},{"id":2125,"url":"http:\/\/cfcontabil.com\/cf\/mudanca-na-assinatura-digital-na-junta-comercial-drei-n-075-2020\/","url_meta":{"origin":2642,"position":1},"title":"MUDAN\u00c7A NA ASSINATURA DIGITAL NA JUNTA COMERCIAL &#8211; DREI N\u00b0 075\/2020","author":"Ab\u00edlio Gon\u00e7alves","date":"27 de fevereiro de 2020","format":false,"excerpt":"ASSINATURA DIGITAL DE ATOS E DOCUMENTOS LEVADOS A REGISTRO NA JUNTA COMERCIAL - DREI N\u00b0 075\/2020 Foi publicada no D.O.U (19.02.2020) a Instru\u00e7\u00e3o Normativa DREI n\u00b0 75\/2020\u00a0que trata sobre a assinatura digital de atos e documentos levados a registro na Junta Comercial, onde,\u00a0a partir de 02.03.2020, passa a ser aceita\u2026","rel":"","context":"Em &quot;Consultoria Empresarial&quot;","block_context":{"text":"Consultoria Empresarial","link":"http:\/\/cfcontabil.com\/cf\/category\/consultoria\/"},"img":{"alt_text":"","src":"https:\/\/i0.wp.com\/cfcontabil.com\/cf\/wp-content\/uploads\/2020\/02\/Assinatura-digital-Junta-Comercial-2.jpeg?fit=1080%2C1080&resize=350%2C200","width":350,"height":200,"srcset":"https:\/\/i0.wp.com\/cfcontabil.com\/cf\/wp-content\/uploads\/2020\/02\/Assinatura-digital-Junta-Comercial-2.jpeg?fit=1080%2C1080&resize=350%2C200 1x, https:\/\/i0.wp.com\/cfcontabil.com\/cf\/wp-content\/uploads\/2020\/02\/Assinatura-digital-Junta-Comercial-2.jpeg?fit=1080%2C1080&resize=525%2C300 1.5x, https:\/\/i0.wp.com\/cfcontabil.com\/cf\/wp-content\/uploads\/2020\/02\/Assinatura-digital-Junta-Comercial-2.jpeg?fit=1080%2C1080&resize=700%2C400 2x, https:\/\/i0.wp.com\/cfcontabil.com\/cf\/wp-content\/uploads\/2020\/02\/Assinatura-digital-Junta-Comercial-2.jpeg?fit=1080%2C1080&resize=1050%2C600 3x"},"classes":[]},{"id":2404,"url":"http:\/\/cfcontabil.com\/cf\/mei-que-ultrapassou-limite-de-faturamento-em-2020-deve-mudar-de-categoria\/","url_meta":{"origin":2642,"position":2},"title":"MEI que ultrapassou limite de faturamento em 2020 deve mudar de categoria","author":"Ab\u00edlio Gon\u00e7alves","date":"18 de janeiro de 2021","format":false,"excerpt":"Vale procurar um contador a fim de fazer a migra\u00e7\u00e3o e evitar recolhimentos retroativos Fonte: Estad\u00e3o Conte\u00fado O microempreendedor individual (MEI) que em 2020 excedeu o limite de faturamento em at\u00e9 20%, n\u00e3o ultrapassando R$ 97,2 mil, deve ficar atento para a mudan\u00e7a de categoria, se encaixando em microempresa. Vale\u2026","rel":"","context":"Em &quot;Consultoria Empresarial&quot;","block_context":{"text":"Consultoria Empresarial","link":"http:\/\/cfcontabil.com\/cf\/category\/consultoria\/"},"img":{"alt_text":"","src":"https:\/\/i0.wp.com\/cfcontabil.com\/cf\/wp-content\/uploads\/2021\/01\/faturamento-1280x720-1.jpg?fit=1200%2C675&resize=350%2C200","width":350,"height":200,"srcset":"https:\/\/i0.wp.com\/cfcontabil.com\/cf\/wp-content\/uploads\/2021\/01\/faturamento-1280x720-1.jpg?fit=1200%2C675&resize=350%2C200 1x, https:\/\/i0.wp.com\/cfcontabil.com\/cf\/wp-content\/uploads\/2021\/01\/faturamento-1280x720-1.jpg?fit=1200%2C675&resize=525%2C300 1.5x, https:\/\/i0.wp.com\/cfcontabil.com\/cf\/wp-content\/uploads\/2021\/01\/faturamento-1280x720-1.jpg?fit=1200%2C675&resize=700%2C400 2x, https:\/\/i0.wp.com\/cfcontabil.com\/cf\/wp-content\/uploads\/2021\/01\/faturamento-1280x720-1.jpg?fit=1200%2C675&resize=1050%2C600 3x"},"classes":[]},{"id":2329,"url":"http:\/\/cfcontabil.com\/cf\/receita-federal-cria-servico-online-para-validacao-da-procuracao-rfb-com-firma-reconhecida\/","url_meta":{"origin":2642,"position":3},"title":"Receita Federal cria servi\u00e7o online para valida\u00e7\u00e3o da Procura\u00e7\u00e3o RFB com firma reconhecida","author":"Ab\u00edlio Gon\u00e7alves","date":"24 de agosto de 2020","format":false,"excerpt":"Medida, dispon\u00edvel no Portal e-CAC, permitir\u00e1 a redu\u00e7\u00e3o do atendimento presencial em cerca de 25% A Receita Federal do Brasil (RFB) passou a oferecer ao contribuinte, no\u00a0Portal e-CAC, o servi\u00e7o Procura\u00e7\u00e3o RFB com firma reconhecida em cart\u00f3rio por meio do Dossi\u00ea Digital de Atendimento (DDA). A medida visa reduzir o\u2026","rel":"","context":"Em &quot;Consultoria Empresarial&quot;","block_context":{"text":"Consultoria Empresarial","link":"http:\/\/cfcontabil.com\/cf\/category\/consultoria\/"},"img":{"alt_text":"","src":"https:\/\/i0.wp.com\/cfcontabil.com\/cf\/wp-content\/uploads\/2020\/03\/RECEITA_FEDERAL.jpeg?fit=768%2C512&resize=350%2C200","width":350,"height":200,"srcset":"https:\/\/i0.wp.com\/cfcontabil.com\/cf\/wp-content\/uploads\/2020\/03\/RECEITA_FEDERAL.jpeg?fit=768%2C512&resize=350%2C200 1x, https:\/\/i0.wp.com\/cfcontabil.com\/cf\/wp-content\/uploads\/2020\/03\/RECEITA_FEDERAL.jpeg?fit=768%2C512&resize=525%2C300 1.5x, https:\/\/i0.wp.com\/cfcontabil.com\/cf\/wp-content\/uploads\/2020\/03\/RECEITA_FEDERAL.jpeg?fit=768%2C512&resize=700%2C400 2x"},"classes":[]},{"id":2621,"url":"http:\/\/cfcontabil.com\/cf\/entidades-exigem-criterios-claros-para-remocao-de-conteudo-da-internet\/","url_meta":{"origin":2642,"position":4},"title":"Entidades exigem crit\u00e9rios claros para remo\u00e7\u00e3o de conte\u00fado da internet","author":"Ab\u00edlio Gon\u00e7alves","date":"11 de agosto de 2021","format":false,"excerpt":"Organiza\u00e7\u00f5es da sociedade civil defendem que o chamado \"PL de combate das fake news\" exija que as pol\u00edticas de uso, de remo\u00e7\u00e3o e de direcionamento de conte\u00fado das redes sociais sejam mais transparentes para o usu\u00e1rio. O tema foi debatido em audi\u00eancia p\u00fablica, nesta ter\u00e7a-feira (10), do grupo de trabalho\u2026","rel":"","context":"Em &quot;Geral&quot;","block_context":{"text":"Geral","link":"http:\/\/cfcontabil.com\/cf\/category\/geral\/"},"img":{"alt_text":"white and black letter blocks","src":"https:\/\/i0.wp.com\/cfcontabil.com\/cf\/wp-content\/uploads\/2021\/08\/pexels-photo-3989901.jpeg?fit=1200%2C800&resize=350%2C200","width":350,"height":200,"srcset":"https:\/\/i0.wp.com\/cfcontabil.com\/cf\/wp-content\/uploads\/2021\/08\/pexels-photo-3989901.jpeg?fit=1200%2C800&resize=350%2C200 1x, https:\/\/i0.wp.com\/cfcontabil.com\/cf\/wp-content\/uploads\/2021\/08\/pexels-photo-3989901.jpeg?fit=1200%2C800&resize=525%2C300 1.5x, https:\/\/i0.wp.com\/cfcontabil.com\/cf\/wp-content\/uploads\/2021\/08\/pexels-photo-3989901.jpeg?fit=1200%2C800&resize=700%2C400 2x, https:\/\/i0.wp.com\/cfcontabil.com\/cf\/wp-content\/uploads\/2021\/08\/pexels-photo-3989901.jpeg?fit=1200%2C800&resize=1050%2C600 3x"},"classes":[]},{"id":1968,"url":"http:\/\/cfcontabil.com\/cf\/receita-federal-divulga-norma-sobre-a-declaracao-do-imposto-sobre-a-renda-retido-na-fonte-2020\/","url_meta":{"origin":2642,"position":5},"title":"Receita Federal divulga norma sobre a Declara\u00e7\u00e3o do Imposto sobre a Renda Retido na Fonte 2020","author":"Ab\u00edlio Gon\u00e7alves","date":"29 de novembro de 2019","format":false,"excerpt":"Declara\u00e7\u00e3o dever\u00e1 ser apresentada at\u00e9 as 23h59min59s do dia 28 de fevereiro de 2020 Foi publicada hoje, no Di\u00e1rio Oficial da Uni\u00e3o, a\u00a0Instru\u00e7\u00e3o Normativa RFB n\u00ba 1.915, de 2019, que disp\u00f5e sobre a Declara\u00e7\u00e3o do Imposto sobre a Renda Retido na Fonte referente ao ano-calend\u00e1rio de 2019 \u2013 Dirf 2020.\u2026","rel":"","context":"Em &quot;Departamento Fiscal&quot;","block_context":{"text":"Departamento Fiscal","link":"http:\/\/cfcontabil.com\/cf\/category\/df\/"},"img":{"alt_text":"","src":"https:\/\/i0.wp.com\/cfcontabil.com\/cf\/wp-content\/uploads\/2019\/11\/dirf-imposto-renda-banner.png?fit=886%2C346&resize=350%2C200","width":350,"height":200,"srcset":"https:\/\/i0.wp.com\/cfcontabil.com\/cf\/wp-content\/uploads\/2019\/11\/dirf-imposto-renda-banner.png?fit=886%2C346&resize=350%2C200 1x, https:\/\/i0.wp.com\/cfcontabil.com\/cf\/wp-content\/uploads\/2019\/11\/dirf-imposto-renda-banner.png?fit=886%2C346&resize=525%2C300 1.5x, https:\/\/i0.wp.com\/cfcontabil.com\/cf\/wp-content\/uploads\/2019\/11\/dirf-imposto-renda-banner.png?fit=886%2C346&resize=700%2C400 2x"},"classes":[]}],"jetpack_likes_enabled":true,"_links":{"self":[{"href":"http:\/\/cfcontabil.com\/cf\/wp-json\/wp\/v2\/posts\/2642","targetHints":{"allow":["GET"]}}],"collection":[{"href":"http:\/\/cfcontabil.com\/cf\/wp-json\/wp\/v2\/posts"}],"about":[{"href":"http:\/\/cfcontabil.com\/cf\/wp-json\/wp\/v2\/types\/post"}],"author":[{"embeddable":true,"href":"http:\/\/cfcontabil.com\/cf\/wp-json\/wp\/v2\/users\/1"}],"replies":[{"embeddable":true,"href":"http:\/\/cfcontabil.com\/cf\/wp-json\/wp\/v2\/comments?post=2642"}],"version-history":[{"count":1,"href":"http:\/\/cfcontabil.com\/cf\/wp-json\/wp\/v2\/posts\/2642\/revisions"}],"predecessor-version":[{"id":2644,"href":"http:\/\/cfcontabil.com\/cf\/wp-json\/wp\/v2\/posts\/2642\/revisions\/2644"}],"wp:featuredmedia":[{"embeddable":true,"href":"http:\/\/cfcontabil.com\/cf\/wp-json\/wp\/v2\/media\/2643"}],"wp:attachment":[{"href":"http:\/\/cfcontabil.com\/cf\/wp-json\/wp\/v2\/media?parent=2642"}],"wp:term":[{"taxonomy":"category","embeddable":true,"href":"http:\/\/cfcontabil.com\/cf\/wp-json\/wp\/v2\/categories?post=2642"},{"taxonomy":"post_tag","embeddable":true,"href":"http:\/\/cfcontabil.com\/cf\/wp-json\/wp\/v2\/tags?post=2642"}],"curies":[{"name":"wp","href":"https:\/\/api.w.org\/{rel}","templated":true}]}}