{"id":2647,"date":"2021-08-23T05:15:00","date_gmt":"2021-08-23T08:15:00","guid":{"rendered":"https:\/\/cfcontabil.com\/cf\/?p=2647"},"modified":"2021-08-20T13:24:49","modified_gmt":"2021-08-20T16:24:49","slug":"facebook-diz-que-remocao-de-contas-falsas-cresceu-13-no-segundo-trimestre","status":"publish","type":"post","link":"http:\/\/cfcontabil.com\/cf\/facebook-diz-que-remocao-de-contas-falsas-cresceu-13-no-segundo-trimestre\/","title":{"rendered":"Facebook diz que remo\u00e7\u00e3o de contas falsas cresceu 13% no segundo trimestre"},"content":{"rendered":"\n<p>O&nbsp;<a href=\"https:\/\/g1.globo.com\/tudo-sobre\/facebook\/\">Facebook<\/a>&nbsp;informou ter removido&nbsp;1,7 bilh\u00e3o de contas falsas no segundo trimestre de 2021. O resultado representa um crescimento de 13% em rela\u00e7\u00e3o ao mesmo per\u00edodo de 2020, quando a rede social excluiu 1,5 bilh\u00e3o de contas falsas.<\/p>\n\n\n\n<p>Os dados foram divulgados na \u00faltima quarta-feira (18) na edi\u00e7\u00e3o mais recente do relat\u00f3rio do Facebook sobre a aplica\u00e7\u00e3o de seus Padr\u00f5es de Comunidade.<\/p>\n\n\n\n<p>Segundo a empresa, o crescimento foi registrado por conta de melhorias em seu sistema de detec\u00e7\u00e3o proativa, um m\u00e9todo que n\u00e3o depende de den\u00fancias enviadas por usu\u00e1rios.<\/p>\n\n\n\n<p>O levantamento do Facebook indica que 99,8% das contas falsas removidas foram identificadas com esse sistema.&nbsp;As den\u00fancias dos usu\u00e1rios representaram apenas 0,2% das contas removidas neste trimestre.<\/p>\n\n\n\n<p>A companhia estima que, entre abril e junho de 2021, a quantidade de contas falsas que conseguiu contornar a fiscaliza\u00e7\u00e3o representa 5% da base de usu\u00e1rios mensais.<\/p>\n\n\n\n<h2 class=\"wp-block-heading\">Discurso de \u00f3dio<\/h2>\n\n\n\n<p>Ainda de acordo com o Facebook, a remo\u00e7\u00e3o de conte\u00fados por discurso de \u00f3dio aumentou 40% em rela\u00e7\u00e3o ao segundo trimestre de 2020. A plataforma afirmou que&nbsp;31,5 milh\u00f5es de post foram removidos entre abril e junho, contra 22,5 milh\u00f5es no mesmo per\u00edodo do ano passado.<\/p>\n\n\n\n<p>O Instagram teve alta de 206% na remo\u00e7\u00e3o de conte\u00fados por discurso de \u00f3dio. A rede social passou de 3,2 milh\u00f5es de itens removidos no segundo trimestre de 2020 para 9,8 milh\u00f5es no mesmo per\u00edodo de 2021.<\/p>\n\n\n\n<p>Em seu relat\u00f3rio, o Facebook afirma que o crescimento tamb\u00e9m foi causado por conta de uma melhoria em sua detec\u00e7\u00e3o proativa.<\/p>\n\n\n\n<p>A empresa diz que investimentos em intelig\u00eancia artificial permitem detectar mais tipos de viola\u00e7\u00f5es de discursos de \u00f3dio em suas redes sociais.<\/p>\n\n\n\n<p>Sem depender tanto de alertas dos usu\u00e1rios, a companhia aponta que consegue reduzir a quantidade de publica\u00e7\u00f5es com discurso de \u00f3dio que realmente s\u00e3o visualizadas por outras pessoas.<\/p>\n\n\n\n<p>No segundo trimestre de 2021, a cada 10 mil visualiza\u00e7\u00f5es de conte\u00fados, 5 envolviam itens com discurso de \u00f3dio. No terceiro trimestre de 2020, quando este \u00edndice foi adotado, ele estava em 10 ou 11 a cada 10 mil visualiza\u00e7\u00f5es.<\/p>\n\n\n\n<h2 class=\"wp-block-heading\">Desinforma\u00e7\u00e3o sobre a pandemia<\/h2>\n\n\n\n<p>O documento tamb\u00e9m indica que Facebook e Instagram removeram 20 milh\u00f5es de posts por viola\u00e7\u00f5es da pol\u00edtica contra desinforma\u00e7\u00e3o sobre a Covid-19.<\/p>\n\n\n\n<p>De acordo com a empresa, mais de 3.000 contas, p\u00e1ginas e grupos foram exclu\u00eddos por descumprirem de forma repetida regras que impedem a dissemina\u00e7\u00e3o de informa\u00e7\u00f5es enganosas sobre a pandemia.<\/p>\n\n\n\n<p>Al\u00e9m disso, 190 milh\u00f5es de posts foram sinalizados por ag\u00eancias de checagem de fatos por contarem com informa\u00e7\u00f5es falsas, parcialmente falsas, adulteradas ou sem contexto.<\/p>\n\n\n\n<p>Fonte: G1<\/p>\n","protected":false},"excerpt":{"rendered":"<p>O&nbsp;Facebook&nbsp;informou ter removido&nbsp;1,7 bilh\u00e3o de contas falsas no segundo trimestre de 2021. O resultado representa um crescimento de 13% em rela\u00e7\u00e3o ao mesmo per\u00edodo de 2020, quando a rede social excluiu 1,5 bilh\u00e3o de contas falsas. Os dados foram divulgados na \u00faltima quarta-feira (18) na edi\u00e7\u00e3o mais recente do relat\u00f3rio do Facebook sobre a aplica\u00e7\u00e3o [&hellip;]<\/p>\n","protected":false},"author":1,"featured_media":2648,"comment_status":"open","ping_status":"open","sticky":false,"template":"","format":"standard","meta":{"jetpack_post_was_ever_published":false,"_jetpack_newsletter_access":"","_jetpack_dont_email_post_to_subs":false,"_jetpack_newsletter_tier_id":0,"_jetpack_memberships_contains_paywalled_content":false,"_jetpack_memberships_contains_paid_content":false,"footnotes":"","jetpack_publicize_message":"","jetpack_publicize_feature_enabled":true,"jetpack_social_post_already_shared":true,"jetpack_social_options":{"image_generator_settings":{"template":"highway","default_image_id":0,"font":"","enabled":false},"version":2}},"categories":[22],"tags":[846,491],"class_list":["post-2647","post","type-post","status-publish","format-standard","has-post-thumbnail","hentry","category-geral","tag-rede","tag-social"],"jetpack_publicize_connections":[],"jetpack_featured_media_url":"https:\/\/i0.wp.com\/cfcontabil.com\/cf\/wp-content\/uploads\/2021\/08\/pexels-photo-2733663.jpeg?fit=1880%2C1253","jetpack_sharing_enabled":true,"jetpack_shortlink":"https:\/\/wp.me\/p2wklX-GH","jetpack-related-posts":[{"id":2547,"url":"http:\/\/cfcontabil.com\/cf\/facebook-deve-indenizar-usuarios-por-exclusao-indevida-de-contas\/","url_meta":{"origin":2647,"position":0},"title":"Facebook deve indenizar usu\u00e1rios por exclus\u00e3o indevida de contas","author":"Ab\u00edlio Gon\u00e7alves","date":"6 de agosto de 2021","format":false,"excerpt":"Devido \u00e0 unilateralidade das medidas e\u00a0aos impactos na renda dos usu\u00e1rios, a Justi\u00e7a de S\u00e3o Paulo condenou o Facebook a indenizar duas pessoas cujas contas nas redes sociais\u00a0foram exclu\u00eddas repentinamente. Nos dois casos, os autores dependiam das redes sociais para garantir seu sustento: um\u00a0influencer\u00a0da \u00e1rea de\u00a0perfumaria, que analisa e avalia\u2026","rel":"","context":"Em &quot;Geral&quot;","block_context":{"text":"Geral","link":"http:\/\/cfcontabil.com\/cf\/category\/geral\/"},"img":{"alt_text":"","src":"https:\/\/i0.wp.com\/cfcontabil.com\/cf\/wp-content\/uploads\/2021\/08\/facebook-processo.png?fit=754%2C529&resize=350%2C200","width":350,"height":200,"srcset":"https:\/\/i0.wp.com\/cfcontabil.com\/cf\/wp-content\/uploads\/2021\/08\/facebook-processo.png?fit=754%2C529&resize=350%2C200 1x, https:\/\/i0.wp.com\/cfcontabil.com\/cf\/wp-content\/uploads\/2021\/08\/facebook-processo.png?fit=754%2C529&resize=525%2C300 1.5x, https:\/\/i0.wp.com\/cfcontabil.com\/cf\/wp-content\/uploads\/2021\/08\/facebook-processo.png?fit=754%2C529&resize=700%2C400 2x"},"classes":[]},{"id":1028,"url":"http:\/\/cfcontabil.com\/cf\/artigo-a-contabilidade-na-era-da-midia-social\/","url_meta":{"origin":2647,"position":1},"title":"Artigo: A contabilidade na era da m\u00eddia social","author":"Ab\u00edlio Gon\u00e7alves","date":"17 de outubro de 2012","format":false,"excerpt":"Um artigo interessante publicado pelo SESCON de Campinas falando sobre as m\u00eddias digitais, um exemplo para todos os contabilistas, confira a mat\u00e9ria: Como sindicatos, escrit\u00f3rios e editoras est\u00e3o utilizando a internet em busca de divulga\u00e7\u00e3o Houve uma \u00e9poca em que conseguir informa\u00e7\u00f5es sobre o mundo cont\u00e1bil era extremamente dif\u00edcil. Os\u2026","rel":"","context":"Em &quot;Geral&quot;","block_context":{"text":"Geral","link":"http:\/\/cfcontabil.com\/cf\/category\/geral\/"},"img":{"alt_text":"","src":"https:\/\/i0.wp.com\/cfcontabil.com\/cf\/wp-content\/uploads\/2012\/10\/curtirCONTABILIDADE.jpg?resize=350%2C200","width":350,"height":200},"classes":[]},{"id":2010,"url":"http:\/\/cfcontabil.com\/cf\/cresceu-19-a-economia-do-df-no-terceiro-trimestre-de-2019\/","url_meta":{"origin":2647,"position":2},"title":"Cresceu 1,9% a economia do DF no terceiro trimestre de 2019","author":"Ab\u00edlio Gon\u00e7alves","date":"12 de dezembro de 2019","format":false,"excerpt":"Todos os setores locais evolu\u00edram, com destaque para a Constru\u00e7\u00e3o Civil que reverteu uma s\u00e9rie de resultados negativos desde 2013 e ascendeu 0,8% Segundo o \u00cdndice de Desempenho Econ\u00f4mico do Distrito Federal (Idecon-DF), a economia do Distrito Federal cresceu 1,8% no terceiro trimestre de 2019 na compara\u00e7\u00e3o com o mesmo\u2026","rel":"","context":"Em &quot;Consultoria Empresarial&quot;","block_context":{"text":"Consultoria Empresarial","link":"http:\/\/cfcontabil.com\/cf\/category\/consultoria\/"},"img":{"alt_text":"","src":"https:\/\/i0.wp.com\/cfcontabil.com\/cf\/wp-content\/uploads\/2019\/10\/empresarios.jpg?fit=640%2C433&resize=350%2C200","width":350,"height":200,"srcset":"https:\/\/i0.wp.com\/cfcontabil.com\/cf\/wp-content\/uploads\/2019\/10\/empresarios.jpg?fit=640%2C433&resize=350%2C200 1x, https:\/\/i0.wp.com\/cfcontabil.com\/cf\/wp-content\/uploads\/2019\/10\/empresarios.jpg?fit=640%2C433&resize=525%2C300 1.5x"},"classes":[]},{"id":1972,"url":"http:\/\/cfcontabil.com\/cf\/dez-opcoes-de-contas-digitais-para-meis-e-pequenos-empresarios\/","url_meta":{"origin":2647,"position":3},"title":"Dez op\u00e7\u00f5es de contas digitais para MEIs e pequenos empres\u00e1rios","author":"Ab\u00edlio Gon\u00e7alves","date":"3 de dezembro de 2019","format":false,"excerpt":"De olho neste mercado, fintechs oferecem desde tarifa de manuten\u00e7\u00e3o zero a boletos sem custos e Ted's gratuitos A onda de fintechs que atingiu seis em cada dez brasileiros (64%) que t\u00eam acesso a computadores e celulares est\u00e1 cada vez mais pr\u00f3xima de atingir tamb\u00e9m os microempreendedores e pequenos neg\u00f3cios.\u2026","rel":"","context":"Em &quot;Consultoria Empresarial&quot;","block_context":{"text":"Consultoria Empresarial","link":"http:\/\/cfcontabil.com\/cf\/category\/consultoria\/"},"img":{"alt_text":"","src":"https:\/\/i0.wp.com\/cfcontabil.com\/cf\/wp-content\/uploads\/2019\/12\/contas-digitais.jpg?fit=678%2C452&resize=350%2C200","width":350,"height":200,"srcset":"https:\/\/i0.wp.com\/cfcontabil.com\/cf\/wp-content\/uploads\/2019\/12\/contas-digitais.jpg?fit=678%2C452&resize=350%2C200 1x, https:\/\/i0.wp.com\/cfcontabil.com\/cf\/wp-content\/uploads\/2019\/12\/contas-digitais.jpg?fit=678%2C452&resize=525%2C300 1.5x"},"classes":[]},{"id":2621,"url":"http:\/\/cfcontabil.com\/cf\/entidades-exigem-criterios-claros-para-remocao-de-conteudo-da-internet\/","url_meta":{"origin":2647,"position":4},"title":"Entidades exigem crit\u00e9rios claros para remo\u00e7\u00e3o de conte\u00fado da internet","author":"Ab\u00edlio Gon\u00e7alves","date":"11 de agosto de 2021","format":false,"excerpt":"Organiza\u00e7\u00f5es da sociedade civil defendem que o chamado \"PL de combate das fake news\" exija que as pol\u00edticas de uso, de remo\u00e7\u00e3o e de direcionamento de conte\u00fado das redes sociais sejam mais transparentes para o usu\u00e1rio. O tema foi debatido em audi\u00eancia p\u00fablica, nesta ter\u00e7a-feira (10), do grupo de trabalho\u2026","rel":"","context":"Em &quot;Geral&quot;","block_context":{"text":"Geral","link":"http:\/\/cfcontabil.com\/cf\/category\/geral\/"},"img":{"alt_text":"white and black letter blocks","src":"https:\/\/i0.wp.com\/cfcontabil.com\/cf\/wp-content\/uploads\/2021\/08\/pexels-photo-3989901.jpeg?fit=1200%2C800&resize=350%2C200","width":350,"height":200,"srcset":"https:\/\/i0.wp.com\/cfcontabil.com\/cf\/wp-content\/uploads\/2021\/08\/pexels-photo-3989901.jpeg?fit=1200%2C800&resize=350%2C200 1x, https:\/\/i0.wp.com\/cfcontabil.com\/cf\/wp-content\/uploads\/2021\/08\/pexels-photo-3989901.jpeg?fit=1200%2C800&resize=525%2C300 1.5x, https:\/\/i0.wp.com\/cfcontabil.com\/cf\/wp-content\/uploads\/2021\/08\/pexels-photo-3989901.jpeg?fit=1200%2C800&resize=700%2C400 2x, https:\/\/i0.wp.com\/cfcontabil.com\/cf\/wp-content\/uploads\/2021\/08\/pexels-photo-3989901.jpeg?fit=1200%2C800&resize=1050%2C600 3x"},"classes":[]},{"id":2640,"url":"http:\/\/cfcontabil.com\/cf\/receita-federal-alerta-sobre-golpe-em-emprestimo-ou-financiamento\/","url_meta":{"origin":2647,"position":5},"title":"Receita Federal alerta sobre golpe em empr\u00e9stimo ou financiamento","author":"Ab\u00edlio Gon\u00e7alves","date":"19 de agosto de 2021","format":false,"excerpt":"Notifica\u00e7\u00e3o postal falsa exige pagamento de IOF para desbloqueio de empr\u00e9stimo em institui\u00e7\u00e3o financeira Receita Federal identificou um novo tipo de golpe aplicado com o nome da institui\u00e7\u00e3o. Trata-se de uma notifica\u00e7\u00e3o postal falsa, na qual \u00e9 exigido o pagamento de IOF para desbloqueio de valores de empr\u00e9stimo em institui\u00e7\u00e3o\u2026","rel":"","context":"Em &quot;Geral&quot;","block_context":{"text":"Geral","link":"http:\/\/cfcontabil.com\/cf\/category\/geral\/"},"img":{"alt_text":"pile of gold round coins","src":"https:\/\/i0.wp.com\/cfcontabil.com\/cf\/wp-content\/uploads\/2021\/08\/euro-coins-currency-money-106152.jpeg?fit=1200%2C800&resize=350%2C200","width":350,"height":200,"srcset":"https:\/\/i0.wp.com\/cfcontabil.com\/cf\/wp-content\/uploads\/2021\/08\/euro-coins-currency-money-106152.jpeg?fit=1200%2C800&resize=350%2C200 1x, https:\/\/i0.wp.com\/cfcontabil.com\/cf\/wp-content\/uploads\/2021\/08\/euro-coins-currency-money-106152.jpeg?fit=1200%2C800&resize=525%2C300 1.5x, https:\/\/i0.wp.com\/cfcontabil.com\/cf\/wp-content\/uploads\/2021\/08\/euro-coins-currency-money-106152.jpeg?fit=1200%2C800&resize=700%2C400 2x, https:\/\/i0.wp.com\/cfcontabil.com\/cf\/wp-content\/uploads\/2021\/08\/euro-coins-currency-money-106152.jpeg?fit=1200%2C800&resize=1050%2C600 3x"},"classes":[]}],"jetpack_likes_enabled":true,"_links":{"self":[{"href":"http:\/\/cfcontabil.com\/cf\/wp-json\/wp\/v2\/posts\/2647","targetHints":{"allow":["GET"]}}],"collection":[{"href":"http:\/\/cfcontabil.com\/cf\/wp-json\/wp\/v2\/posts"}],"about":[{"href":"http:\/\/cfcontabil.com\/cf\/wp-json\/wp\/v2\/types\/post"}],"author":[{"embeddable":true,"href":"http:\/\/cfcontabil.com\/cf\/wp-json\/wp\/v2\/users\/1"}],"replies":[{"embeddable":true,"href":"http:\/\/cfcontabil.com\/cf\/wp-json\/wp\/v2\/comments?post=2647"}],"version-history":[{"count":1,"href":"http:\/\/cfcontabil.com\/cf\/wp-json\/wp\/v2\/posts\/2647\/revisions"}],"predecessor-version":[{"id":2649,"href":"http:\/\/cfcontabil.com\/cf\/wp-json\/wp\/v2\/posts\/2647\/revisions\/2649"}],"wp:featuredmedia":[{"embeddable":true,"href":"http:\/\/cfcontabil.com\/cf\/wp-json\/wp\/v2\/media\/2648"}],"wp:attachment":[{"href":"http:\/\/cfcontabil.com\/cf\/wp-json\/wp\/v2\/media?parent=2647"}],"wp:term":[{"taxonomy":"category","embeddable":true,"href":"http:\/\/cfcontabil.com\/cf\/wp-json\/wp\/v2\/categories?post=2647"},{"taxonomy":"post_tag","embeddable":true,"href":"http:\/\/cfcontabil.com\/cf\/wp-json\/wp\/v2\/tags?post=2647"}],"curies":[{"name":"wp","href":"https:\/\/api.w.org\/{rel}","templated":true}]}}