{"id":2655,"date":"2021-08-24T09:32:56","date_gmt":"2021-08-24T12:32:56","guid":{"rendered":"https:\/\/cfcontabil.com\/cf\/?p=2655"},"modified":"2021-08-24T09:32:56","modified_gmt":"2021-08-24T12:32:56","slug":"brasil-tem-152-milhoes-de-pessoas-com-acesso-a-internet","status":"publish","type":"post","link":"http:\/\/cfcontabil.com\/cf\/brasil-tem-152-milhoes-de-pessoas-com-acesso-a-internet\/","title":{"rendered":"Brasil tem 152 milh\u00f5es de pessoas com acesso \u00e0 internet"},"content":{"rendered":"\n<h3 class=\"wp-block-heading\">Dia do Internauta mostra que, apesar de amplo, acesso ainda \u00e9 desigual.<\/h3>\n\n\n\n<p>O internauta tem um dia dedicado a ele, 23 de agosto, data em que, no ano de 1991, a rede mundial de computadores foi aberta ao mundo. No Brasil, tem crescido, ano a ano, o n\u00famero de pessoas com acesso \u00e0 internet e a pandemia acelerou esse processo. Por\u00e9m, as desigualdades de acesso ao mundo digital persistem no pa\u00eds, segundo especialistas.<img data-recalc-dims=\"1\" decoding=\"async\" src=\"https:\/\/i0.wp.com\/agenciabrasil.ebc.com.br\/ebc.png?w=1170&#038;ssl=1\"\/><img data-recalc-dims=\"1\" decoding=\"async\" src=\"https:\/\/i0.wp.com\/agenciabrasil.ebc.com.br\/ebc.gif?w=1170&#038;ssl=1\"\/><\/p>\n\n\n\n<p>Pesquisa promovida pelo Comit\u00ea Gestor da Internet do Brasil revelou que, em 2020, o pa\u00eds chegou a 152 milh\u00f5es de usu\u00e1rios &#8211; um aumento de 7% em rela\u00e7\u00e3o a 2019. Com isso, 81% da popula\u00e7\u00e3o com mais de 10 anos t\u00eam internet em casa.&nbsp;<\/p>\n\n\n\n<p>O coordenador da pesquisa, F\u00e1bio Storino, destaca que a pandemia fez com que os indicadores de acesso \u00e0 internet apresentassem os maiores crescimentos dos 16 anos da s\u00e9rie hist\u00f3rica.<\/p>\n\n\n\n<p>O crescimento do total de domic\u00edlios com acesso \u00e0 internet ocorreu em todos os segmentos analisados. As resid\u00eancias da classe C com acesso \u00e0 internet passaram de 80% para 91% em um ano. J\u00e1 os usu\u00e1rios das classes D e E com internet em casa saltaram de 50% para 64% na pandemia.<\/p>\n\n\n\n<p>Por\u00e9m, F\u00e1bio Storino explica que esse acesso \u00e0 internet \u00e9 desigual, uma vez que cerca de 90% das casas das classes D e E se conectam \u00e0 rede exclusivamente pelo celular.<\/p>\n\n\n\n<p>A desigualdade de acesso \u00e0 internet no Brasil se reflete tamb\u00e9m no ensino b\u00e1sico. O censo escolar de 2020 revelou que apenas 32% das escolas p\u00fablicas do ensino fundamental t\u00eam acesso \u00e0 internet para os alunos, porcentagem que chega a 65% no caso das escolas p\u00fablicas do ensino m\u00e9dio.<\/p>\n\n\n\n<p>Al\u00e9m de aumentar os investimentos em infraestrutura para internet nas escolas, o diretor executivo da ONG D3e, Antonio Bara Bresolin, que atua na produ\u00e7\u00e3o de pesquisas para orientar pol\u00edticas de educa\u00e7\u00e3o, afirma que \u00e9 necess\u00e1rio tamb\u00e9m capacitar os profissionais da \u00e1rea.<\/p>\n\n\n\n<p>O governo federal espera aumentar a infraestrutura da internet nas escolas a partir do leil\u00e3o do 5G, previsto para outubro deste ano. Segundo o ministro das Comunica\u00e7\u00f5es, Fabio Faria, 6,9 mil escolas p\u00fablicas urbanas que hoje n\u00e3o t\u00eam acesso \u00e0 internet receber\u00e3o a infraestrutura nos primeiros anos da instala\u00e7\u00e3o do 5G no Brasil. O edital do 5G prev\u00ea investimentos para levar internet de alta velocidade para todas as escolas em locais com mais de 600 habitantes at\u00e9 2029.\u00a0<\/p>\n\n\n\n<p>Por Ag\u00eancia Brasil<\/p>\n","protected":false},"excerpt":{"rendered":"<p>Dia do Internauta mostra que, apesar de amplo, acesso ainda \u00e9 desigual. O internauta tem um dia dedicado a ele, 23 de agosto, data em que, no ano de 1991, a rede mundial de computadores foi aberta ao mundo. No Brasil, tem crescido, ano a ano, o n\u00famero de pessoas com acesso \u00e0 internet e [&hellip;]<\/p>\n","protected":false},"author":1,"featured_media":2656,"comment_status":"open","ping_status":"open","sticky":false,"template":"","format":"standard","meta":{"jetpack_post_was_ever_published":false,"_jetpack_newsletter_access":"","_jetpack_dont_email_post_to_subs":false,"_jetpack_newsletter_tier_id":0,"_jetpack_memberships_contains_paywalled_content":false,"_jetpack_memberships_contains_paid_content":false,"footnotes":"","jetpack_publicize_message":"","jetpack_publicize_feature_enabled":true,"jetpack_social_post_already_shared":true,"jetpack_social_options":{"image_generator_settings":{"template":"highway","default_image_id":0,"font":"","enabled":false},"version":2}},"categories":[22],"tags":[55],"class_list":["post-2655","post","type-post","status-publish","format-standard","has-post-thumbnail","hentry","category-geral","tag-internet"],"jetpack_publicize_connections":[],"jetpack_featured_media_url":"https:\/\/i0.wp.com\/cfcontabil.com\/cf\/wp-content\/uploads\/2021\/08\/network-cable-ethernet-computer-159304.jpeg?fit=1880%2C1253","jetpack_sharing_enabled":true,"jetpack_shortlink":"https:\/\/wp.me\/p2wklX-GP","jetpack-related-posts":[{"id":2642,"url":"http:\/\/cfcontabil.com\/cf\/uso-da-internet-no-brasil-cresce-e-chega-a-81-da-populacao-diz-pesquisa\/","url_meta":{"origin":2655,"position":0},"title":"Uso da internet no Brasil cresce, e chega a 81% da popula\u00e7\u00e3o, diz pesquisa","author":"Ab\u00edlio Gon\u00e7alves","date":"20 de agosto de 2021","format":false,"excerpt":"Edi\u00e7\u00e3o de 2020 da TIC Domic\u00edlios indica que acesso \u00e0 internet aumentou principalmente em domic\u00edlios das classes C e D\/E. No entanto, os n\u00edveis de conectividade desse grupo ainda s\u00e3o bem inferiores aos das classes A e B. O uso da internet no Brasil cresceu em 2020, passando de 74%\u2026","rel":"","context":"Em &quot;Geral&quot;","block_context":{"text":"Geral","link":"http:\/\/cfcontabil.com\/cf\/category\/geral\/"},"img":{"alt_text":"selective focus photography of person holding turned on smartphone","src":"https:\/\/i0.wp.com\/cfcontabil.com\/cf\/wp-content\/uploads\/2021\/08\/pexels-photo-1092644.jpeg?fit=1200%2C800&resize=350%2C200","width":350,"height":200,"srcset":"https:\/\/i0.wp.com\/cfcontabil.com\/cf\/wp-content\/uploads\/2021\/08\/pexels-photo-1092644.jpeg?fit=1200%2C800&resize=350%2C200 1x, https:\/\/i0.wp.com\/cfcontabil.com\/cf\/wp-content\/uploads\/2021\/08\/pexels-photo-1092644.jpeg?fit=1200%2C800&resize=525%2C300 1.5x, https:\/\/i0.wp.com\/cfcontabil.com\/cf\/wp-content\/uploads\/2021\/08\/pexels-photo-1092644.jpeg?fit=1200%2C800&resize=700%2C400 2x, https:\/\/i0.wp.com\/cfcontabil.com\/cf\/wp-content\/uploads\/2021\/08\/pexels-photo-1092644.jpeg?fit=1200%2C800&resize=1050%2C600 3x"},"classes":[]},{"id":1164,"url":"http:\/\/cfcontabil.com\/cf\/receita-paga-hoje-restituicao-residual-do-imposto-de-renda-pessoa-fisica\/","url_meta":{"origin":2655,"position":1},"title":"Receita paga hoje restitui\u00e7\u00e3o residual do Imposto de Renda Pessoa F\u00edsica","author":"Ab\u00edlio Gon\u00e7alves","date":"16 de maio de 2017","format":false,"excerpt":"A Receita Federal paga hoje (15) restitui\u00e7\u00e3o residual do Imposto de Renda da Pessoa F\u00edsica (IRPF), referente aos exerc\u00edcios de 2008 a 2016. O cr\u00e9dito banc\u00e1rio para 128.232 contribuintes totaliza R$ 213,4 milh\u00f5es, dos quais R$ 74,7 milh\u00f5es se referem aos contribuintes com direito a prioridade no recebimento: 22.107 idosos\u2026","rel":"","context":"Em &quot;Departamento Fiscal&quot;","block_context":{"text":"Departamento Fiscal","link":"http:\/\/cfcontabil.com\/cf\/category\/df\/"},"img":{"alt_text":"","src":"https:\/\/i0.wp.com\/cfcontabil.com\/cf\/wp-content\/uploads\/2017\/02\/irpfrfb-1.jpg?fit=640%2C340&resize=350%2C200","width":350,"height":200,"srcset":"https:\/\/i0.wp.com\/cfcontabil.com\/cf\/wp-content\/uploads\/2017\/02\/irpfrfb-1.jpg?fit=640%2C340&resize=350%2C200 1x, https:\/\/i0.wp.com\/cfcontabil.com\/cf\/wp-content\/uploads\/2017\/02\/irpfrfb-1.jpg?fit=640%2C340&resize=525%2C300 1.5x"},"classes":[]},{"id":730,"url":"http:\/\/cfcontabil.com\/cf\/receita-vai-ampliar-marcacao-de-atendimento-presencial-pela-internet\/","url_meta":{"origin":2655,"position":2},"title":"Receita vai ampliar marca\u00e7\u00e3o de atendimento presencial pela internet","author":"Ab\u00edlio Gon\u00e7alves","date":"4 de abril de 2016","format":false,"excerpt":"A Receita Federal ampliar\u00e1 o servi\u00e7o de agendamento na internet para os contribuintes que necessitam de atendimento presencial como parte do projeto de moderniza\u00e7\u00e3o do Fisco. As mudan\u00e7as est\u00e3o na Portaria 457, de 28 de mar\u00e7o deste ano, que regulamenta um conjunto de procedimentos relativos ao atendimento presencial da Receita,\u2026","rel":"","context":"Em &quot;Consultoria Empresarial&quot;","block_context":{"text":"Consultoria Empresarial","link":"http:\/\/cfcontabil.com\/cf\/category\/consultoria\/"},"img":{"alt_text":"","src":"https:\/\/i0.wp.com\/cfcontabil.com\/cf\/wp-content\/uploads\/2016\/04\/notebook-1.jpg?fit=627%2C400&resize=350%2C200","width":350,"height":200,"srcset":"https:\/\/i0.wp.com\/cfcontabil.com\/cf\/wp-content\/uploads\/2016\/04\/notebook-1.jpg?fit=627%2C400&resize=350%2C200 1x, https:\/\/i0.wp.com\/cfcontabil.com\/cf\/wp-content\/uploads\/2016\/04\/notebook-1.jpg?fit=627%2C400&resize=525%2C300 1.5x"},"classes":[]},{"id":1197,"url":"http:\/\/cfcontabil.com\/cf\/sine-facil-mais-de-120-mil-downloads-e-55-mil-pessoas-encaminhadas-para-vagas-de-emprego\/","url_meta":{"origin":2655,"position":3},"title":"SINE F\u00c1CIL &#8211; Mais de 120 mil downloads e 5,5 mil pessoas encaminhadas para vagas de emprego","author":"Ab\u00edlio Gon\u00e7alves","date":"23 de junho de 2017","format":false,"excerpt":"Com tr\u00eas semanas de funcionamento, aplicativo superou resultados. Lan\u00e7ado pelo Minist\u00e9rio do Trabalho h\u00e1 tr\u00eas semanas, o Sine F\u00e1cil j\u00e1 registrou 124.715 downloads at\u00e9 a \u00faltima segunda (12) e encaminhou 5.590 pessoas para vagas de emprego. Em apenas um dia, o aplicativo, criado para facilitar o acesso do trabalhador a\u2026","rel":"","context":"Em &quot;Departamento Pessoal&quot;","block_context":{"text":"Departamento Pessoal","link":"http:\/\/cfcontabil.com\/cf\/category\/dp\/"},"img":{"alt_text":"","src":"https:\/\/i0.wp.com\/cfcontabil.com\/cf\/wp-content\/uploads\/2017\/05\/carteira-de-trabalho-1.jpg?fit=590%2C302&resize=350%2C200","width":350,"height":200,"srcset":"https:\/\/i0.wp.com\/cfcontabil.com\/cf\/wp-content\/uploads\/2017\/05\/carteira-de-trabalho-1.jpg?fit=590%2C302&resize=350%2C200 1x, https:\/\/i0.wp.com\/cfcontabil.com\/cf\/wp-content\/uploads\/2017\/05\/carteira-de-trabalho-1.jpg?fit=590%2C302&resize=525%2C300 1.5x"},"classes":[]},{"id":1985,"url":"http:\/\/cfcontabil.com\/cf\/receita-abre-na-segunda-feira-consultas-ao-7o-lote-do-ir-2019-restituicoes-somam-r-700-milhoes\/","url_meta":{"origin":2655,"position":4},"title":"Receita abre na segunda-feira consultas ao 7\u00ba lote do IR 2019; restitui\u00e7\u00f5es somam R$ 700 milh\u00f5es","author":"Ab\u00edlio Gon\u00e7alves","date":"7 de dezembro de 2019","format":false,"excerpt":"Lote contempla 320.606 pessoas e ser\u00e1 pago em 16 de dezembro. Consultas devem ser feitas pelo site da Receita, ou por meio do aplicativo para tablets e smartphones. A Secretaria da Receita Federal informou que ser\u00e3o abertas na segunda-feira (9), a partir das 9h, as consultas ao s\u00e9timo lote de\u2026","rel":"","context":"Em &quot;Departamento Fiscal&quot;","block_context":{"text":"Departamento Fiscal","link":"http:\/\/cfcontabil.com\/cf\/category\/df\/"},"img":{"alt_text":"","src":"https:\/\/i0.wp.com\/cfcontabil.com\/cf\/wp-content\/uploads\/2017\/02\/imposto-de-renda-2017-1.jpg?fit=640%2C365&resize=350%2C200","width":350,"height":200,"srcset":"https:\/\/i0.wp.com\/cfcontabil.com\/cf\/wp-content\/uploads\/2017\/02\/imposto-de-renda-2017-1.jpg?fit=640%2C365&resize=350%2C200 1x, https:\/\/i0.wp.com\/cfcontabil.com\/cf\/wp-content\/uploads\/2017\/02\/imposto-de-renda-2017-1.jpg?fit=640%2C365&resize=525%2C300 1.5x"},"classes":[]},{"id":2247,"url":"http:\/\/cfcontabil.com\/cf\/regularizar-cpf\/","url_meta":{"origin":2655,"position":5},"title":"Regularizar CPF","author":"Ab\u00edlio Gon\u00e7alves","date":"8 de abril de 2020","format":false,"excerpt":"Nota de esclarecimento sobre regulariza\u00e7\u00e3o do CPF para recebimento de aux\u00edlio emergencial de R$ 600,00 para trabalhadores informais, desempregados, MEIs e contribuintes individuais do INSS Servi\u00e7o de regulariza\u00e7\u00e3o est\u00e1 dispon\u00edvel 24 horas por dia, 7 dias da semana. Conforme amplamente anunciado, o Governo Federal disponibilizou aux\u00edlio emergencial de R$ 600,00\u2026","rel":"","context":"Em \"altera\u00e7\u00e3o\"","block_context":{"text":"altera\u00e7\u00e3o","link":"http:\/\/cfcontabil.com\/cf\/tag\/alteracao\/"},"img":{"alt_text":"","src":"https:\/\/i0.wp.com\/cfcontabil.com\/cf\/wp-content\/uploads\/2020\/04\/cpf.png?fit=400%2C256&resize=350%2C200","width":350,"height":200},"classes":[]}],"jetpack_likes_enabled":true,"_links":{"self":[{"href":"http:\/\/cfcontabil.com\/cf\/wp-json\/wp\/v2\/posts\/2655","targetHints":{"allow":["GET"]}}],"collection":[{"href":"http:\/\/cfcontabil.com\/cf\/wp-json\/wp\/v2\/posts"}],"about":[{"href":"http:\/\/cfcontabil.com\/cf\/wp-json\/wp\/v2\/types\/post"}],"author":[{"embeddable":true,"href":"http:\/\/cfcontabil.com\/cf\/wp-json\/wp\/v2\/users\/1"}],"replies":[{"embeddable":true,"href":"http:\/\/cfcontabil.com\/cf\/wp-json\/wp\/v2\/comments?post=2655"}],"version-history":[{"count":1,"href":"http:\/\/cfcontabil.com\/cf\/wp-json\/wp\/v2\/posts\/2655\/revisions"}],"predecessor-version":[{"id":2657,"href":"http:\/\/cfcontabil.com\/cf\/wp-json\/wp\/v2\/posts\/2655\/revisions\/2657"}],"wp:featuredmedia":[{"embeddable":true,"href":"http:\/\/cfcontabil.com\/cf\/wp-json\/wp\/v2\/media\/2656"}],"wp:attachment":[{"href":"http:\/\/cfcontabil.com\/cf\/wp-json\/wp\/v2\/media?parent=2655"}],"wp:term":[{"taxonomy":"category","embeddable":true,"href":"http:\/\/cfcontabil.com\/cf\/wp-json\/wp\/v2\/categories?post=2655"},{"taxonomy":"post_tag","embeddable":true,"href":"http:\/\/cfcontabil.com\/cf\/wp-json\/wp\/v2\/tags?post=2655"}],"curies":[{"name":"wp","href":"https:\/\/api.w.org\/{rel}","templated":true}]}}