{"id":2658,"date":"2021-08-25T11:50:13","date_gmt":"2021-08-25T14:50:13","guid":{"rendered":"https:\/\/cfcontabil.com\/cf\/?p=2658"},"modified":"2021-08-25T11:50:13","modified_gmt":"2021-08-25T14:50:13","slug":"como-o-esocial-simplificado-ajudara-pequenas-empresas-a-regularizar-funcionarios","status":"publish","type":"post","link":"http:\/\/cfcontabil.com\/cf\/como-o-esocial-simplificado-ajudara-pequenas-empresas-a-regularizar-funcionarios\/","title":{"rendered":"Como o eSocial simplificado ajudar\u00e1 pequenas empresas a regularizar funcion\u00e1rios"},"content":{"rendered":"\n<p>O\u00a0<a rel=\"noreferrer noopener\" href=\"https:\/\/login.esocial.gov.br\/login.aspx\" target=\"_blank\">eSocial<\/a>\u00a0\u00e9 um sistema do governo federal que\u00a0unifica o acesso a informa\u00e7\u00f5es dos trabalhadores de uma empresa, por parte do empregador. A partir de outubro, ele ganhar\u00e1 um m\u00f3dulo simplificado\u00a0para ajudar o Microempreendedor Individual (MEI) a prestar informa\u00e7\u00f5es sobre a empresa. Na pr\u00e1tica, ele vai estimular os pequenos empreendedores a combater a informalidade, regularizando de forma simples suas\u00a0contrata\u00e7\u00f5es e postos de trabalho.<\/p>\n\n\n\n<p>A&nbsp;vers\u00e3o web simplificada do&nbsp;eSocial ser\u00e1&nbsp;uma plataforma&nbsp;para escritura\u00e7\u00e3o digital das obriga\u00e7\u00f5es legais das empresas. Seu intuito \u00e9&nbsp;facilitar o preenchimento dos c\u00e1lculos de pagamento dos tributos, encargos trabalhistas e obriga\u00e7\u00f5es previdenci\u00e1rias em fun\u00e7\u00e3o dos trabalhadores de cada companhia.<\/p>\n\n\n\n<p>O servi\u00e7o coletar\u00e1 informa\u00e7\u00f5es como cadastramento, v\u00ednculos empregat\u00edcios, contribui\u00e7\u00f5es previdenci\u00e1rias, folha de pagamento e outras relacionadas aos funcion\u00e1rios.\u00a0Outra vantagem ser\u00e1\u00a0a\u00a0disponibilidade\u00a0de\u00a0gera\u00e7\u00e3o unificada e simplificada das guias para recolhimentos de contribui\u00e7\u00e3o previdenci\u00e1ria (INSS) e FGTS, por meio do Documento de Arrecada\u00e7\u00e3o do eSocial (DAE).<\/p>\n\n\n\n<p>O MEI s\u00f3 precisar\u00e1 us\u00e1-lo&nbsp;em casos que&nbsp;ele tiver no m\u00ednimo um empregado. Al\u00e9m dos microempreendedores, segurados especiais que trabalham em pequena produ\u00e7\u00e3o ou de forma familiar poder\u00e3o usar o novo&nbsp;eSocial.&nbsp;<\/p>\n\n\n\n<p>A expectativa \u00e9 que o novo eSocial reduza a burocracia&nbsp;e&nbsp;estimule mais contrata\u00e7\u00f5es nos pequenos neg\u00f3cios. \u201cCerca 3,5% dos 13 milh\u00f5es de MEI t\u00eam empregados contratados formalmente. Com o lan\u00e7amento, \u00e9 poss\u00edvel que muitos que j\u00e1 possuam empregados ou auxiliares n\u00e3o formalizados optem pela formaliza\u00e7\u00e3o. Isso vai gerar mais postos de emprego e beneficiar mais pessoas com os direitos previdenci\u00e1rios e trabalhistas\u201d, afirma Helena Rego, analista de pol\u00edticas p\u00fablicas do Sebrae, em comunicado \u00e0 imprensa.<\/p>\n\n\n\n<p>Para Rego, a digitaliza\u00e7\u00e3o dos processos trabalhistas \u00e9 uma ferramenta importante para desburocratizar as rotinas do pequeno empreendedor. \u201cS\u00e3o trabalhadores que possuem uma rotina intensa. Muitos deles se dedicam sozinhos aos neg\u00f3cios. Com essa facilidade, aquela pessoa que, por exemplo, faz refei\u00e7\u00f5es para vender todos os dias pode contratar uma outra pessoa para ajudar e ficar\u00e1 mais simples regularizar esta m\u00e3o de obra\u201d, pontua.<\/p>\n\n\n\n<p>Fonte:&nbsp;<a href=\"https:\/\/www.contabeis.com.br\/noticias\/47406\/saiba-mais-sobre-o-esocial-web-simplificado-mei\/\" target=\"_blank\" rel=\"noreferrer noopener\">Cont\u00e1beis<\/a>, Sebrae<\/p>\n","protected":false},"excerpt":{"rendered":"<p>O\u00a0eSocial\u00a0\u00e9 um sistema do governo federal que\u00a0unifica o acesso a informa\u00e7\u00f5es dos trabalhadores de uma empresa, por parte do empregador. A partir de outubro, ele ganhar\u00e1 um m\u00f3dulo simplificado\u00a0para ajudar o Microempreendedor Individual (MEI) a prestar informa\u00e7\u00f5es sobre a empresa. Na pr\u00e1tica, ele vai estimular os pequenos empreendedores a combater a informalidade, regularizando de forma [&hellip;]<\/p>\n","protected":false},"author":1,"featured_media":1387,"comment_status":"open","ping_status":"open","sticky":false,"template":"","format":"standard","meta":{"jetpack_post_was_ever_published":false,"_jetpack_newsletter_access":"","_jetpack_dont_email_post_to_subs":false,"_jetpack_newsletter_tier_id":0,"_jetpack_memberships_contains_paywalled_content":false,"_jetpack_memberships_contains_paid_content":false,"footnotes":"","jetpack_publicize_message":"","jetpack_publicize_feature_enabled":true,"jetpack_social_post_already_shared":true,"jetpack_social_options":{"image_generator_settings":{"template":"highway","default_image_id":0,"font":"","enabled":false},"version":2}},"categories":[29],"tags":[303,78,179,41],"class_list":["post-2658","post","type-post","status-publish","format-standard","has-post-thumbnail","hentry","category-dp","tag-empresa","tag-esocial","tag-funcionario","tag-trabalhista"],"jetpack_publicize_connections":[],"jetpack_featured_media_url":"https:\/\/i0.wp.com\/cfcontabil.com\/cf\/wp-content\/uploads\/2018\/09\/esocial-1-810x456-1.jpg?fit=810%2C456","jetpack_sharing_enabled":true,"jetpack_shortlink":"https:\/\/wp.me\/p2wklX-GS","jetpack-related-posts":[{"id":2651,"url":"http:\/\/cfcontabil.com\/cf\/esocial-apresenta-novo-layout-mais-acessivel-e-simplificado\/","url_meta":{"origin":2658,"position":0},"title":"eSocial apresenta novo layout mais acess\u00edvel e simplificado","author":"Ab\u00edlio Gon\u00e7alves","date":"23 de agosto de 2021","format":false,"excerpt":"Atualiza\u00e7\u00e3o no sistema traz novidades que beneficiam e agilizam o envio de informa\u00e7\u00f5es pelos usu\u00e1rios. Anova vers\u00e3o do eSocial j\u00e1 foi implementada e traz novidades, dentre elas, atualiza\u00e7\u00f5es nas solu\u00e7\u00f5es web e no aplicativo mobile. Nesta nova vers\u00e3o, o sistema foi programado para simplificar o envio de informa\u00e7\u00f5es pelos empregadores,\u2026","rel":"","context":"Em &quot;Departamento Pessoal&quot;","block_context":{"text":"Departamento Pessoal","link":"http:\/\/cfcontabil.com\/cf\/category\/dp\/"},"img":{"alt_text":"","src":"https:\/\/i0.wp.com\/cfcontabil.com\/cf\/wp-content\/uploads\/2018\/10\/esocial-24-09-2-750x430-1.jpg?fit=750%2C430&resize=350%2C200","width":350,"height":200,"srcset":"https:\/\/i0.wp.com\/cfcontabil.com\/cf\/wp-content\/uploads\/2018\/10\/esocial-24-09-2-750x430-1.jpg?fit=750%2C430&resize=350%2C200 1x, https:\/\/i0.wp.com\/cfcontabil.com\/cf\/wp-content\/uploads\/2018\/10\/esocial-24-09-2-750x430-1.jpg?fit=750%2C430&resize=525%2C300 1.5x, https:\/\/i0.wp.com\/cfcontabil.com\/cf\/wp-content\/uploads\/2018\/10\/esocial-24-09-2-750x430-1.jpg?fit=750%2C430&resize=700%2C400 2x"},"classes":[]},{"id":1272,"url":"http:\/\/cfcontabil.com\/cf\/esocial-libera-ambiente-de-testes-para-todas-as-empresas-do-pais\/","url_meta":{"origin":2658,"position":1},"title":"eSocial libera ambiente de testes para todas as empresas do pa\u00eds","author":"Ab\u00edlio Gon\u00e7alves","date":"7 de agosto de 2017","format":false,"excerpt":"Etapa tem como objetivo preparar o setor produtivo para o in\u00edcio da obrigatoriedade do sistema em 2018 O eSocial disponibiliza, a partir da ter\u00e7a-feira (1\u00b0), o acesso ao ambiente de testes da plataforma para todas as empresas do pa\u00eds. A etapa tem como objetivo preparar o setor produtivo para o\u2026","rel":"","context":"Em &quot;Departamento Fiscal&quot;","block_context":{"text":"Departamento Fiscal","link":"http:\/\/cfcontabil.com\/cf\/category\/df\/"},"img":{"alt_text":"","src":"https:\/\/i0.wp.com\/cfcontabil.com\/cf\/wp-content\/uploads\/2017\/06\/esocial-462x234-1.png?fit=462%2C234&resize=350%2C200","width":350,"height":200},"classes":[]},{"id":1374,"url":"http:\/\/cfcontabil.com\/cf\/receita-federal-intensifica-esclarecimentos-sobre-esocial\/","url_meta":{"origin":2658,"position":2},"title":"Receita Federal intensifica esclarecimentos sobre eSocial","author":"Ab\u00edlio Gon\u00e7alves","date":"30 de agosto de 2018","format":false,"excerpt":"Servi\u00e7o gratuito funciona de segunda \u00e0 sexta-feira, das 7h \u00e0s 19h Com objetivo de intensificar informa\u00e7\u00f5es e esclarecer d\u00favidas sobre o funcionamento do Sistema de Escritura\u00e7\u00e3o Digital das Obriga\u00e7\u00f5es Fiscais, Previd\u00eanci\u00e1rias e Trabalhistas (eSocial), a Receita Federal disponibilizou mais uma ferramenta de comunica\u00e7\u00e3o, o servi\u00e7o de 0800. O canal aceitar\u00e1\u2026","rel":"","context":"Em &quot;Departamento Pessoal&quot;","block_context":{"text":"Departamento Pessoal","link":"http:\/\/cfcontabil.com\/cf\/category\/dp\/"},"img":{"alt_text":"","src":"https:\/\/i0.wp.com\/cfcontabil.com\/cf\/wp-content\/uploads\/2017\/02\/receita-federal-1-1.png?fit=702%2C325&resize=350%2C200","width":350,"height":200,"srcset":"https:\/\/i0.wp.com\/cfcontabil.com\/cf\/wp-content\/uploads\/2017\/02\/receita-federal-1-1.png?fit=702%2C325&resize=350%2C200 1x, https:\/\/i0.wp.com\/cfcontabil.com\/cf\/wp-content\/uploads\/2017\/02\/receita-federal-1-1.png?fit=702%2C325&resize=525%2C300 1.5x, https:\/\/i0.wp.com\/cfcontabil.com\/cf\/wp-content\/uploads\/2017\/02\/receita-federal-1-1.png?fit=702%2C325&resize=700%2C400 2x"},"classes":[]},{"id":1343,"url":"http:\/\/cfcontabil.com\/cf\/esocial-passa-a-valer-para-todas-as-empresas-do-pais-a-partir-de-16-de-julho\/","url_meta":{"origin":2658,"position":3},"title":"ESocial Passa a Valer Para Todas as Empresas do Pa\u00eds a Partir de 16 de Julho","author":"Ab\u00edlio Gon\u00e7alves","date":"14 de julho de 2018","format":false,"excerpt":"A partir do dia 16 de julho, todas as empresas privadas do pa\u00eds, incluindo micro e pequenas empresas e microempreendedores individuais\u00a0(MEIs)\u00a0que possuam empregados, dever\u00e3o utilizar o Sistema de Escritura\u00e7\u00e3o Digital das Obriga\u00e7\u00f5es Fiscais, Previdenci\u00e1rias e Trabalhistas\u00a0(eSocial)\u00a0. Esse grupo representa 4 milh\u00f5es de empregadores e cerca de 30 milh\u00f5es de trabalhadores.\u2026","rel":"","context":"Em &quot;Departamento Pessoal&quot;","block_context":{"text":"Departamento Pessoal","link":"http:\/\/cfcontabil.com\/cf\/category\/dp\/"},"img":{"alt_text":"","src":"https:\/\/i0.wp.com\/cfcontabil.com\/cf\/wp-content\/uploads\/2018\/07\/Cronograma_de_implanta%C3%A7%C3%A3o_do_eSocial-1.png?fit=1024%2C768&resize=350%2C200","width":350,"height":200,"srcset":"https:\/\/i0.wp.com\/cfcontabil.com\/cf\/wp-content\/uploads\/2018\/07\/Cronograma_de_implanta%C3%A7%C3%A3o_do_eSocial-1.png?fit=1024%2C768&resize=350%2C200 1x, https:\/\/i0.wp.com\/cfcontabil.com\/cf\/wp-content\/uploads\/2018\/07\/Cronograma_de_implanta%C3%A7%C3%A3o_do_eSocial-1.png?fit=1024%2C768&resize=525%2C300 1.5x, https:\/\/i0.wp.com\/cfcontabil.com\/cf\/wp-content\/uploads\/2018\/07\/Cronograma_de_implanta%C3%A7%C3%A3o_do_eSocial-1.png?fit=1024%2C768&resize=700%2C400 2x"},"classes":[]},{"id":1348,"url":"http:\/\/cfcontabil.com\/cf\/empresas-relatam-dificuldades-e-despreparo-na-implantacao-do-esocial\/","url_meta":{"origin":2658,"position":4},"title":"Empresas relatam dificuldades e despreparo na implanta\u00e7\u00e3o do eSocial","author":"Ab\u00edlio Gon\u00e7alves","date":"13 de agosto de 2018","format":false,"excerpt":"Para n\u00e3o deixar de cumprir prazos, escrit\u00f3rios e condom\u00ednios contrataram servi\u00e7os e funcion\u00e1rios nas \u00e1reas de TI e recursos humanos; governo diz que toma provid\u00eancias para facilitar o uso da ferramenta. Fonte: G1 Ang\u00e9lica Arbex, diretora de relacionamento da Lello Condom\u00ednios: empresa levou 4 meses para corrigir inconsist\u00eancias de dados\u2026","rel":"","context":"Em &quot;Departamento Pessoal&quot;","block_context":{"text":"Departamento Pessoal","link":"http:\/\/cfcontabil.com\/cf\/category\/dp\/"},"img":{"alt_text":"","src":"https:\/\/i0.wp.com\/cfcontabil.com\/cf\/wp-content\/uploads\/2017\/06\/esocial-462x234-1.png?fit=462%2C234&resize=350%2C200","width":350,"height":200},"classes":[]},{"id":1745,"url":"http:\/\/cfcontabil.com\/cf\/esocial-define-datas-para-implantacao-de-alteracoes-no-novo-sistema\/","url_meta":{"origin":2658,"position":5},"title":"eSocial define datas para implanta\u00e7\u00e3o de altera\u00e7\u00f5es no novo sistema","author":"Ab\u00edlio Gon\u00e7alves","date":"10 de outubro de 2019","format":false,"excerpt":"O\u00a0eSocial\u00a0divulgou nesta quinta-feira,10, a\u00a0Nota T\u00e9cnica 15\/2019\u00a0que traz a previs\u00e3o de implanta\u00e7\u00e3o da Escritura\u00e7\u00e3o Digital das Obriga\u00e7\u00f5es Fiscais, Previdenci\u00e1rias e Trabalhistas \u2013\u00a0eSocial\u00a0nos ambientes de produ\u00e7\u00e3o e teste. A nota tem como objetivo implantar as primeiras medidas de simplifica\u00e7\u00e3o e\u00a0 moderniza\u00e7\u00e3o do\u00a0eSocial,\u00a0conforme disposto no art. 9\u00ba da\u00a0Portaria 300\/2019.\u00a0 Al\u00e9m disso, a revis\u00e3o\u2026","rel":"","context":"Em &quot;Departamento Pessoal&quot;","block_context":{"text":"Departamento Pessoal","link":"http:\/\/cfcontabil.com\/cf\/category\/dp\/"},"img":{"alt_text":"","src":"https:\/\/i0.wp.com\/cfcontabil.com\/cf\/wp-content\/uploads\/2018\/10\/esocial-24-09-2-750x430-1.jpg?fit=750%2C430&resize=350%2C200","width":350,"height":200,"srcset":"https:\/\/i0.wp.com\/cfcontabil.com\/cf\/wp-content\/uploads\/2018\/10\/esocial-24-09-2-750x430-1.jpg?fit=750%2C430&resize=350%2C200 1x, https:\/\/i0.wp.com\/cfcontabil.com\/cf\/wp-content\/uploads\/2018\/10\/esocial-24-09-2-750x430-1.jpg?fit=750%2C430&resize=525%2C300 1.5x, https:\/\/i0.wp.com\/cfcontabil.com\/cf\/wp-content\/uploads\/2018\/10\/esocial-24-09-2-750x430-1.jpg?fit=750%2C430&resize=700%2C400 2x"},"classes":[]}],"jetpack_likes_enabled":true,"_links":{"self":[{"href":"http:\/\/cfcontabil.com\/cf\/wp-json\/wp\/v2\/posts\/2658","targetHints":{"allow":["GET"]}}],"collection":[{"href":"http:\/\/cfcontabil.com\/cf\/wp-json\/wp\/v2\/posts"}],"about":[{"href":"http:\/\/cfcontabil.com\/cf\/wp-json\/wp\/v2\/types\/post"}],"author":[{"embeddable":true,"href":"http:\/\/cfcontabil.com\/cf\/wp-json\/wp\/v2\/users\/1"}],"replies":[{"embeddable":true,"href":"http:\/\/cfcontabil.com\/cf\/wp-json\/wp\/v2\/comments?post=2658"}],"version-history":[{"count":1,"href":"http:\/\/cfcontabil.com\/cf\/wp-json\/wp\/v2\/posts\/2658\/revisions"}],"predecessor-version":[{"id":2659,"href":"http:\/\/cfcontabil.com\/cf\/wp-json\/wp\/v2\/posts\/2658\/revisions\/2659"}],"wp:featuredmedia":[{"embeddable":true,"href":"http:\/\/cfcontabil.com\/cf\/wp-json\/wp\/v2\/media\/1387"}],"wp:attachment":[{"href":"http:\/\/cfcontabil.com\/cf\/wp-json\/wp\/v2\/media?parent=2658"}],"wp:term":[{"taxonomy":"category","embeddable":true,"href":"http:\/\/cfcontabil.com\/cf\/wp-json\/wp\/v2\/categories?post=2658"},{"taxonomy":"post_tag","embeddable":true,"href":"http:\/\/cfcontabil.com\/cf\/wp-json\/wp\/v2\/tags?post=2658"}],"curies":[{"name":"wp","href":"https:\/\/api.w.org\/{rel}","templated":true}]}}