{"id":2682,"date":"2021-12-30T18:07:53","date_gmt":"2021-12-30T21:07:53","guid":{"rendered":"https:\/\/cfcontabil.com\/cf\/?p=2682"},"modified":"2022-01-19T17:02:35","modified_gmt":"2022-01-19T20:02:35","slug":"empresa-de-marketing-digital-mei-ou-ltda","status":"publish","type":"post","link":"http:\/\/cfcontabil.com\/cf\/empresa-de-marketing-digital-mei-ou-ltda\/","title":{"rendered":"Empresa de Marketing Digital, MEI ou LTDA?"},"content":{"rendered":"\t\t<div data-elementor-type=\"wp-post\" data-elementor-id=\"2682\" class=\"elementor elementor-2682\" data-elementor-post-type=\"post\">\n\t\t\t\t\t\t<section class=\"elementor-section elementor-top-section elementor-element elementor-element-1454d292 elementor-section-boxed elementor-section-height-default elementor-section-height-default\" data-id=\"1454d292\" data-element_type=\"section\" data-e-type=\"section\">\n\t\t\t\t\t\t<div class=\"elementor-container elementor-column-gap-default\">\n\t\t\t\t\t<div class=\"elementor-column elementor-col-100 elementor-top-column elementor-element elementor-element-134249dc\" data-id=\"134249dc\" data-element_type=\"column\" data-e-type=\"column\">\n\t\t\t<div class=\"elementor-widget-wrap elementor-element-populated\">\n\t\t\t\t\t\t<div class=\"elementor-element elementor-element-8706007 elementor-widget elementor-widget-heading\" data-id=\"8706007\" data-element_type=\"widget\" data-e-type=\"widget\" data-widget_type=\"heading.default\">\n\t\t\t\t<div class=\"elementor-widget-container\">\n\t\t\t\t\t<h2 class=\"elementor-heading-title elementor-size-default\">\ud835\udc02\ud835\udc28\ud835\udc26\ud835\udc28 \ud835\udc1a\ud835\udc1b\ud835\udc2b\ud835\udc22\ud835\udc2b uma \ud835\udc1a\ud835\udc20\u00ea\ud835\udc27\ud835\udc1c\ud835\udc22\ud835\udc1a \ud835\udc28\ud835\udc2e empresa de \ud835\udc29\ud835\udc2b\ud835\udc28\ud835\udc1d\ud835\udc2e\u00e7\u00e3\ud835\udc28 \ud835\udc1d\ud835\udc1e \ud835\udc22\ud835\udc27\ud835\udc1f\ud835\udc28\ud835\udc29\ud835\udc2b\ud835\udc28\ud835\udc1d\ud835\udc2e\ud835\udc2d\ud835\udc28\ud835\udc2c? <br>\u00c9 necess\u00e1rio um \ud835\udc02\ud835\udc0d\ud835\udc0f\ud835\udc09?<\/h2>\t\t\t\t<\/div>\n\t\t\t\t<\/div>\n\t\t\t\t<div class=\"elementor-element elementor-element-55e6dd38 elementor-widget elementor-widget-text-editor\" data-id=\"55e6dd38\" data-element_type=\"widget\" data-e-type=\"widget\" data-widget_type=\"text-editor.default\">\n\t\t\t\t<div class=\"elementor-widget-container\">\n\t\t\t\t\t\t\t\t\t<p>O <strong>MEI<\/strong> n\u00e3o abrange servi\u00e7os de consultoria ou ag\u00eancia de publicidade, tr\u00e1fego pago e assessoria de empresas. O servi\u00e7os de <strong>Marketing Digital<\/strong> se enquadraria no CNAE 7319-0\/03 (marketing), desenquadrado do regime do MEI em 2019.<\/p><p>Geralmente s\u00e3o servi\u00e7os que demandam <em>a entrega de nota fiscal,<\/em> quando executados para empresas de m\u00e9dio e grande porte e ainda se recomenda, nesta modalidade, o aux\u00edlio de um contador de confian\u00e7a para manter a escritura\u00e7\u00e3o e os relat\u00f3rios cont\u00e1beis em dia, mesmo se optar iniciar como MEI.<\/p><p>Afinal, <em>abrir ou n\u00e3o<\/em> uma empresa?<br \/><br \/>\u00c9 muito importante ter um CNPJ, definitivamente \u00e9 mais seguro, paga menos impostos do que prestar servi\u00e7os como pessoa f\u00edsica e gera um ar de credibilidade maior no mercado de trabalho.<\/p>\t\t\t\t\t\t\t\t<\/div>\n\t\t\t\t<\/div>\n\t\t\t\t<div class=\"elementor-element elementor-element-665169f0 elementor-widget elementor-widget-text-editor\" data-id=\"665169f0\" data-element_type=\"widget\" data-e-type=\"widget\" data-widget_type=\"text-editor.default\">\n\t\t\t\t<div class=\"elementor-widget-container\">\n\t\t\t\t\t\t\t\t\t<p>O primeiro passo \u00e9 saber quais ser\u00e3o os servi\u00e7os do seu empreendimento digital, ou seja, as atividades econ\u00f4micas (CNAE) para realizar a escolha correta da <em>natureza jur\u00eddica da empresa<\/em> (MEI ou microempresa), e se haver\u00e1 necessidade de emiss\u00e3o de nota fiscal, qual o tamanho do faturamento previsto e o p\u00fablico que ser\u00e1 seu cliente para determinar <em>o regime tribut\u00e1rio<\/em> (SIMEI, Simples Nacional e outros). O aux\u00edlio do contador \u00e9 essencial nestes passos.<\/p>\t\t\t\t\t\t\t\t<\/div>\n\t\t\t\t<\/div>\n\t\t\t\t<div class=\"elementor-element elementor-element-40007c6a elementor-widget elementor-widget-text-editor\" data-id=\"40007c6a\" data-element_type=\"widget\" data-e-type=\"widget\" data-widget_type=\"text-editor.default\">\n\t\t\t\t<div class=\"elementor-widget-container\">\n\t\t\t\t\t\t\t\t\t<p><strong>ESCOLHA DAS ATIVIDADES<\/strong><\/p><p>Empresas que trabalham com produtos digitais (ebooks, cursos online, etc), segue algumas sugest\u00f5es das atividades permitidas (CNAE) para iniciar seus trabalhos pelo MEI:<\/p><p><em><strong>-Promotor de vendas: 7319-0\/02;<\/strong><\/em><br \/><em><strong>-Instrutor de Cursos Gerenciais: 8599-6\/04;<\/strong><\/em><br \/><em><strong>-Editor de v\u00eddeo independente: 5912-0\/99.<\/strong><\/em><\/p><p>Outras sugest\u00f5es de composi\u00e7\u00e3o:<\/p><p><strong>Design Digital &amp; Social Media:<\/strong><\/p><ul><li>Editor (a) de revistas (5813-1\/00)<\/li><li>Editor(a) de lista de dados e de outras informa\u00e7\u00f5es (5819-1\/00)<\/li><li>Editor (a) de v\u00eddeo (5912-0\/99)<\/li><\/ul><p><strong>Diagramador ou Criador de Sites:<\/strong><\/p><ul><li>Digitador (a) (8219-9\/99)<\/li><li>Editor(a) de jornais di\u00e1rios (5812-3\/01)<\/li><li>Editor(a) de jornais n\u00e3o di\u00e1rios (5812-3\/02)<\/li><li>Editor(a) de lista de dados e de outras informa\u00e7\u00f5es (5819-1\/00)<\/li><li>Editor(a) de livros (5811-5\/00)<\/li><li>Editor (a) de revistas (5813-1\/00)<\/li><\/ul><p><strong>Categorias Ideais para o Designer que escolheu a parte Impressa da profiss\u00e3o:<\/strong><\/p><ul><li>Artes\u00e3o(\u00e3) em papel (1749-4\/00)<\/li><li>Serigrafista (1813-0\/99)<\/li><li>Serigrafista publicit\u00e1rio (1813-0\/01)<\/li><li>Fotocopiador (a) (8219-9\/01)<\/li><li>Cartazista, pintor de faixas publicit\u00e1rias e de letras (8299-7\/99)<\/li><\/ul><p>\u00c9 importante se atentar que caso esteja em d\u00favida, \u00e9 poss\u00edvel acrescentar at\u00e9 15 atividades secund\u00e1rias al\u00e9m da principal, e tamb\u00e9m tenha em mente que \u00e9 importante ter mais de uma fonte de renda no seu neg\u00f3cio, logo como recomenda\u00e7\u00e3o pessoal, eu indico que ponha uma de cada \u00e1rea citada acima.<\/p><p>Se \u00e9 <em>um empreendimento digital maior<\/em>, como ag\u00eancia ou um lan\u00e7amento com valor superior ao limite do MEI, posso sugerir as seguintes atividades para abrir uma microempresa (ME):<\/p><p><em><strong>-6319-4\/00 &#8211; Portais, provedores de conte\u00fado e outros servi\u00e7os de informa\u00e7\u00e3o na internet (Anexo III)<\/strong><\/em><br \/><em><strong>-8599-6\/04 &#8211; Treinamento em desenvolvimento profissional e gerencial (Anexo III)<\/strong><\/em><br \/><em><strong>-8599-6\/99 &#8211; Outras atividades de ensino n\u00e3o especificadas anteriormente (Anexo III)<\/strong><\/em><br \/><em><strong>-7319-0\/02 &#8211; Promo\u00e7\u00e3o de vendas (Anexo III)<\/strong><\/em><br \/><em><strong>-7319-0\/03 &#8211; Marketing direto (Anexo III)<\/strong><\/em><br \/><em><strong>-5912-0\/99 &#8211; Atividades de p\u00f3s produ\u00e7\u00e3o cinematogr\u00e1fica, de v\u00eddeos e de programas de televis\u00e3o n\u00e3o especificadas anteriormente (Anexo III)<\/strong><\/em><br \/><em><strong>-7420-0\/04 &#8211; Filmagem de festas e eventos (Anexo III)<\/strong><\/em><br \/><em><strong>-5819-1\/00 &#8211; Edi\u00e7\u00e3o de cadastros, listas e de outros produtos gr\u00e1ficos (Anexo III)<\/strong><\/em><br \/><em><strong>-8230-0\/01 &#8211; Servi\u00e7os de organiza\u00e7\u00e3o de feiras, congressos, exposi\u00e7\u00f5es e festas (Anexo III)<\/strong><\/em><\/p><p>Lembre-se que aqui s\u00e3o sugest\u00f5es, como pode retirar ou acrescentar outras atividades que ser\u00e3o particularmente interessantes para seu neg\u00f3cio digital.<\/p>\t\t\t\t\t\t\t\t<\/div>\n\t\t\t\t<\/div>\n\t\t\t\t\t<\/div>\n\t\t<\/div>\n\t\t\t\t\t<\/div>\n\t\t<\/section>\n\t\t\t\t<section class=\"elementor-section elementor-top-section elementor-element elementor-element-7b64ceac elementor-section-boxed elementor-section-height-default elementor-section-height-default\" data-id=\"7b64ceac\" data-element_type=\"section\" data-e-type=\"section\">\n\t\t\t\t\t\t<div class=\"elementor-container elementor-column-gap-no\">\n\t\t\t\t\t<div class=\"elementor-column elementor-col-100 elementor-top-column elementor-element elementor-element-583acf36\" data-id=\"583acf36\" data-element_type=\"column\" data-e-type=\"column\">\n\t\t\t<div class=\"elementor-widget-wrap elementor-element-populated\">\n\t\t\t\t\t\t<div class=\"elementor-element elementor-element-6faf16ae elementor-pagination-position-inside elementor-widget elementor-widget-image-carousel\" data-id=\"6faf16ae\" data-element_type=\"widget\" data-e-type=\"widget\" data-settings=\"{&quot;slides_to_show&quot;:&quot;1&quot;,&quot;navigation&quot;:&quot;dots&quot;,&quot;autoplay&quot;:&quot;yes&quot;,&quot;pause_on_hover&quot;:&quot;yes&quot;,&quot;pause_on_interaction&quot;:&quot;yes&quot;,&quot;autoplay_speed&quot;:5000,&quot;infinite&quot;:&quot;yes&quot;,&quot;effect&quot;:&quot;slide&quot;,&quot;speed&quot;:500}\" data-widget_type=\"image-carousel.default\">\n\t\t\t\t<div class=\"elementor-widget-container\">\n\t\t\t\t\t\t\t<div class=\"elementor-image-carousel-wrapper swiper\" role=\"region\" aria-roledescription=\"carousel\" aria-label=\"Carrossel de imagens\" dir=\"ltr\">\n\t\t\t<div class=\"elementor-image-carousel swiper-wrapper\" aria-live=\"off\">\n\t\t\t\t\t\t\t\t<div class=\"swiper-slide\" role=\"group\" aria-roledescription=\"slide\" aria-label=\"1 de 2\"><figure class=\"swiper-slide-inner\"><img decoding=\"async\" class=\"swiper-slide-image\" src=\"https:\/\/i0.wp.com\/cfcontabil.com\/cf\/wp-content\/uploads\/2019\/09\/lhtqjazuprq-breather.jpg?fit=1024%2C555&amp;ssl=1\" alt=\"lhtqjazuprq-breather.jpg\" \/><\/figure><\/div><div class=\"swiper-slide\" role=\"group\" aria-roledescription=\"slide\" aria-label=\"2 de 2\"><figure class=\"swiper-slide-inner\"><img decoding=\"async\" class=\"swiper-slide-image\" src=\"https:\/\/i0.wp.com\/cfcontabil.com\/cf\/wp-content\/uploads\/2019\/09\/9l_326fiszk-luca-bravo.jpg?fit=1200%2C650&amp;ssl=1\" alt=\"9l_326fiszk-luca-bravo.jpg\" \/><\/figure><\/div>\t\t\t<\/div>\n\t\t\t\t\t\t\t\n\t\t\t\t\t\t\t\t\t<div class=\"swiper-pagination\"><\/div>\n\t\t\t\t\t\t\t\t\t<\/div>\n\t\t\t\t\t\t<\/div>\n\t\t\t\t<\/div>\n\t\t\t\t\t<\/div>\n\t\t<\/div>\n\t\t\t\t\t<\/div>\n\t\t<\/section>\n\t\t\t\t<section class=\"elementor-section elementor-top-section elementor-element elementor-element-6a260e13 elementor-section-boxed elementor-section-height-default elementor-section-height-default\" data-id=\"6a260e13\" data-element_type=\"section\" data-e-type=\"section\">\n\t\t\t\t\t\t<div class=\"elementor-container elementor-column-gap-default\">\n\t\t\t\t\t<div class=\"elementor-column elementor-col-100 elementor-top-column elementor-element elementor-element-59db5428\" data-id=\"59db5428\" data-element_type=\"column\" data-e-type=\"column\">\n\t\t\t<div class=\"elementor-widget-wrap elementor-element-populated\">\n\t\t\t\t\t\t<div class=\"elementor-element elementor-element-7ea612f1 elementor-widget elementor-widget-text-editor\" data-id=\"7ea612f1\" data-element_type=\"widget\" data-e-type=\"widget\" data-widget_type=\"text-editor.default\">\n\t\t\t\t<div class=\"elementor-widget-container\">\n\t\t\t\t\t\t\t\t\t<p>\ud835\uddd8 \ud835\uddf9\ud835\uddf2\ud835\uddfa\ud835\uddef\ud835\uddff\ud835\uddf2-\ud835\ude00\ud835\uddf2: \ud835\uddfb\ud835\uddfc \ud835\udde0\ud835\uddd8\ud835\udddc \ud835\uddf5<strong>\u00e1<\/strong> \ud835\uddfc \ud835\uddf9\ud835\uddf6\ud835\uddfa\ud835\uddf6\ud835\ude01\ud835\uddf2 \ud835\uddf1\ud835\uddfc \ud835\uddf3\ud835\uddee\ud835\ude01\ud835\ude02\ud835\uddff\ud835\uddee\ud835\uddfa\ud835\uddf2\ud835\uddfb\ud835\ude01\ud835\uddfc \ud835\uddf2\ud835\uddfa \ud835\udde5<strong>$<\/strong> \ud835\udff4\ud835\udfed\ud835\uddfa\ud835\uddf6\ud835\uddf9 \ud835\uddee\ud835\uddfb\ud835\ude02\ud835\uddee\ud835\uddf9.<\/p><p>Caso sua previs\u00e3o de recebimentos no primeiro lan\u00e7amento seja superior, como um 6 em 7, \u00e9 melhor buscar uma consultoria cont\u00e1bil espec\u00edfica para seu projeto e criar um planejamento tribut\u00e1rio e buscar a natureza societ\u00e1ria correta.<\/p>\t\t\t\t\t\t\t\t<\/div>\n\t\t\t\t<\/div>\n\t\t\t\t<div class=\"elementor-element elementor-element-b71c244 elementor-widget elementor-widget-text-editor\" data-id=\"b71c244\" data-element_type=\"widget\" data-e-type=\"widget\" data-widget_type=\"text-editor.default\">\n\t\t\t\t<div class=\"elementor-widget-container\">\n\t\t\t\t\t\t\t\t\t<div class=\"cxmmr5t8 oygrvhab hcukyx3x c1et5uql o9v6fnle ii04i59q\"><div dir=\"auto\">\ud835\udc04 \ud835\udc1c\ud835\udc1a\ud835\udc2c\ud835\udc28 \ud835\udc28 \ud835\udc1e\ud835\udc31\ud835\udc29\ud835\udc1e\ud835\udc2b\ud835\udc2d \ud835\udc28\ud835\udc2e \ud835\udc29\ud835\udc2b\ud835\udc28\ud835\udc1d\ud835\udc2e\ud835\udc2d\ud835\udc28\ud835\udc2b \ud835\udc2c\ud835\udc1e\ud835\udc23\ud835\udc1a \ud835\udc1d\ud835\udc28 \ud835\udc2c\ud835\udc1e\ud835\udc2b\ud835\udc2f\ud835\udc22\u00e7\ud835\udc28 \ud835\udc29\u00fa\ud835\udc1b\ud835\udc25\ud835\udc22\ud835\udc1c\ud835\udc28?<\/div><div dir=\"auto\">\u00a0<\/div><\/div><div class=\"cxmmr5t8 oygrvhab hcukyx3x c1et5uql o9v6fnle ii04i59q\"><div dir=\"auto\">Segundo a previs\u00e3o legal o servidor p\u00fablico \u00e9 proibido de exercer atividade como empres\u00e1rio, portanto, esta categoria n\u00e3o se enquadra como MEI.<\/div><div dir=\"auto\">Contudo, se servidor p\u00fablico for aposentado, exceto por invalidez, poder\u00e1 ser MEI.<\/div><\/div><div class=\"cxmmr5t8 oygrvhab hcukyx3x c1et5uql o9v6fnle ii04i59q\"><div dir=\"auto\">Conforme o artigo 117, inciso X, da Lei n\u00ba 8.112\/90, que disp\u00f5e sobre o regime jur\u00eddico dos servidores p\u00fablicos civis da Uni\u00e3o, das autarquias e das funda\u00e7\u00f5es p\u00fablicas federais:<\/div><\/div><div class=\"cxmmr5t8 oygrvhab hcukyx3x c1et5uql o9v6fnle ii04i59q\"><div dir=\"auto\">\u201cArt. 117. Ao servidor \u00e9 proibido:<\/div><\/div><div class=\"cxmmr5t8 oygrvhab hcukyx3x c1et5uql o9v6fnle ii04i59q\"><div dir=\"auto\">(&#8230;)<\/div><\/div><div class=\"cxmmr5t8 oygrvhab hcukyx3x c1et5uql o9v6fnle ii04i59q\"><div dir=\"auto\">X &#8211; participar de ger\u00eancia ou administra\u00e7\u00e3o de sociedade privada, personificada ou n\u00e3o personificada, exercer o com\u00e9rcio, exceto na qualidade de acionista, cotista ou comandit\u00e1rio;\u201d<\/div><\/div><div class=\"cxmmr5t8 oygrvhab hcukyx3x c1et5uql o9v6fnle ii04i59q\"><div dir=\"auto\">Isso n\u00e3o impede da participa\u00e7\u00e3o como s\u00f3cio em uma outra natureza jur\u00eddica, como a LTDA (sociedade), desde que n\u00e3o exer\u00e7a ger\u00eancia ou administra\u00e7\u00e3o da empresa.<\/div><div dir=\"auto\">\u00a0<\/div><\/div><div class=\"cxmmr5t8 oygrvhab hcukyx3x c1et5uql o9v6fnle ii04i59q\"><div dir=\"auto\">\ud835\udc02\ud835\udc1a\ud835\udc2c\ud835\udc28 \ud835\udc28 \ud835\udc1e\ud835\udc31\ud835\udc29\ud835\udc1e\ud835\udc2b\ud835\udc2d \ud835\udc28\ud835\udc2e \ud835\udc29\ud835\udc2b\ud835\udc28\ud835\udc1d\ud835\udc2e\ud835\udc2d\ud835\udc28\ud835\udc2b \ud835\udc2d\ud835\udc1e\ud835\udc27\ud835\udc21\ud835\udc1a \ud835\udc28\ud835\udc2e\ud835\udc2d\ud835\udc2b\ud835\udc1a \ud835\udc1e\ud835\udc26\ud835\udc29\ud835\udc2b\ud835\udc1e\ud835\udc2c\ud835\udc1a (\ud835\udc0b\ud835\udc13\ud835\udc03\ud835\udc00)?<\/div><\/div><div class=\"cxmmr5t8 oygrvhab hcukyx3x c1et5uql o9v6fnle ii04i59q\"><div dir=\"auto\">\u00a0<\/div><div dir=\"auto\">N\u00e3o se pode abrir um MEI, de acordo com a legisla\u00e7\u00e3o em vigor:<\/div><\/div><div class=\"cxmmr5t8 oygrvhab hcukyx3x c1et5uql o9v6fnle ii04i59q\"><div dir=\"auto\">Art. 91. (&#8230;)<\/div><div dir=\"auto\">III &#8211; n\u00e3o participe de outra empresa como titular, s\u00f3cio ou administrador; (Lei Complementar n\u00ba 123, de 2006, art. 18-A, \u00a7 4\u00ba, inciso III)<\/div><div dir=\"auto\">Fonte: Resolu\u00e7\u00e3o CGSN 94\/2011<\/div><\/div><div class=\"cxmmr5t8 oygrvhab hcukyx3x c1et5uql o9v6fnle ii04i59q\"><div dir=\"auto\">Se precisa abrir uma outra empresa em nome da expert, poder\u00e1 verificar a op\u00e7\u00e3o de abrir uma EIRELI (individual), no Simples Nacional. Nesta op\u00e7\u00e3o, ter\u00e1 todos os encargos e despesas de uma microempresa (com a emiss\u00e3o de notas fiscais, imposto sobre faturamento, contabilidade respons\u00e1vel&#8230;).<\/div><\/div><div class=\"cxmmr5t8 oygrvhab hcukyx3x c1et5uql o9v6fnle ii04i59q\"><div dir=\"auto\">Uma sugest\u00e3o: Pode apurar se empresa que a expert ou produtor participa como LTDA, tem a possibilidade de se formalizar o contrato, caso tenha as atividades corretas no CNPJ.<\/div><\/div><div class=\"cxmmr5t8 oygrvhab hcukyx3x c1et5uql o9v6fnle ii04i59q\"><div dir=\"auto\">\u00a0<\/div><div dir=\"auto\">\ud835\udc0f\ud835\udc2b\ud835\udc1e\ud835\udc1c\ud835\udc22\ud835\udc2c\ud835\udc28 \ud835\udc1e\ud835\udc26\ud835\udc22\ud835\udc2d\ud835\udc22\ud835\udc2b \ud835\udc27\ud835\udc28\ud835\udc2d\ud835\udc1a\ud835\udc2c, \ud835\udc28 \ud835\udc2a\ud835\udc2e\ud835\udc1e \ud835\udc1f\ud835\udc1a\ud835\udc33\ud835\udc1e\ud835\udc2b?<\/div><\/div><div class=\"cxmmr5t8 oygrvhab hcukyx3x c1et5uql o9v6fnle ii04i59q\"><div dir=\"auto\">\u00a0<\/div><div dir=\"auto\"><em>Como MEI,<\/em> ser\u00e1 necess\u00e1rio:<\/div><\/div><div class=\"cxmmr5t8 oygrvhab hcukyx3x c1et5uql o9v6fnle ii04i59q\"><div dir=\"auto\">a) verificar a inscri\u00e7\u00e3o estadual e solicitar a inscri\u00e7\u00e3o municipal (no DF n\u00e3o precisa da I.M.);<\/div><div dir=\"auto\">b) solicitar o credenciamento da nota fiscal eletr\u00f4nica;<\/div><div dir=\"auto\">c) adquirir o certificado digital e-CNPJ;<\/div><div dir=\"auto\">d) cadastrar no emissor de notas e realizar a valida\u00e7\u00e3o (por exemplo: HOTMART \u00e9 o e-notas);<\/div><div dir=\"auto\">e) as notas s\u00e3o emitidas em nome dos clientes que compraram os infoprodutos.<\/div><\/div><div class=\"cxmmr5t8 oygrvhab hcukyx3x c1et5uql o9v6fnle ii04i59q\"><div dir=\"auto\">\u00a0<\/div><div dir=\"auto\">Em rela\u00e7\u00e3o ao imposto fixo mensal, basta n\u00e3o ultrapassar o limite teto (R$ 81 mil) e pagar em dia o DAS MEI durante o ano.<\/div><\/div><div class=\"cxmmr5t8 oygrvhab hcukyx3x c1et5uql o9v6fnle ii04i59q\"><div dir=\"auto\"><br \/>No caso da necessidade de\u00a0 <em>migrar de MEI para ME (Micro Empresa)<\/em>, realize com um contador o planejamento tribut\u00e1rio, verifique as al\u00edquotas sobre o seu faturamento e n\u00e3o seja surpreendido com a nova carga tribut\u00e1ria e de custos mensais no futuro.<\/div><div dir=\"auto\">\u00a0<\/div><\/div><div class=\"cxmmr5t8 oygrvhab hcukyx3x c1et5uql o9v6fnle ii04i59q\"><div dir=\"auto\">\ud835\ude72\ud835\ude9b\ud835\ude8e\ud835\ude92\ud835\ude98 \ud835\ude9a\ud835\ude9e\ud835\ude8e \ud835\ude9c\u00e3\ud835\ude98 \ud835\ude8a\ud835\ude9c \ud835\ude8d\u00fa\ud835\ude9f\ud835\ude92\ud835\ude8d\ud835\ude8a\ud835\ude9c \ud835\ude99\ud835\ude9b\ud835\ude92\ud835\ude97\ud835\ude8c\ud835\ude92\ud835\ude99\ud835\ude8a\ud835\ude92\ud835\ude9c. \ud835\ude82\ud835\ude8e \ud835\ude99\ud835\ude9b\ud835\ude8e\ud835\ude8c\ud835\ude92\ud835\ude9c\ud835\ude8a\ud835\ude9b \ud835\ude8d\ud835\ude8e \ud835\ude8a\ud835\ude93\ud835\ude9e\ud835\ude8d\ud835\ude8a, \ud835\ude8c\ud835\ude98\ud835\ude96\ud835\ude8e\ud835\ude97\ud835\ude9d\ud835\ude8a \ud835\ude8a\ud835\ude9a\ud835\ude9e\ud835\ude92 \ud835\ude9a\ud835\ude9e\ud835\ude8e \ud835\ude8f\ud835\ude8a\ud835\ude9b\ud835\ude8e\ud835\ude92 \ud835\ude98 \ud835\ude99\ud835\ude98\ud835\ude9c\ud835\ude9c\u00ed\ud835\ude9f\ud835\ude8e\ud835\ude95 \ud835\ude99\ud835\ude8a\ud835\ude9b\ud835\ude8a \ud835\ude95\ud835\ude91\ud835\ude8e \ud835\ude8a\ud835\ude93\ud835\ude9e\ud835\ude8d\ud835\ude8a\ud835\ude9b \ud835\ude8e\ud835\ude96 \ud835\ude9c\ud835\ude8e\ud835\ude9e \ud835\ude8e\ud835\ude96\ud835\ude99\ud835\ude9b\ud835\ude8e\ud835\ude8e\ud835\ude97\ud835\ude8d\ud835\ude92\ud835\ude96\ud835\ude8e\ud835\ude97\ud835\ude9d\ud835\ude98.<\/div><div dir=\"auto\">\ud83c\udd51\ud83c\udd5e\ud83c\udd50 \ud83c\udd62\ud83c\udd5e\ud83c\udd61\ud83c\udd63\ud83c\udd54!<\/div><\/div>\t\t\t\t\t\t\t\t<\/div>\n\t\t\t\t<\/div>\n\t\t\t\t\t<\/div>\n\t\t<\/div>\n\t\t\t\t\t<\/div>\n\t\t<\/section>\n\t\t\t\t<section class=\"elementor-section elementor-top-section elementor-element elementor-element-421f657b elementor-section-boxed elementor-section-height-default elementor-section-height-default\" data-id=\"421f657b\" data-element_type=\"section\" data-e-type=\"section\">\n\t\t\t\t\t\t<div class=\"elementor-container elementor-column-gap-default\">\n\t\t\t\t\t<div class=\"elementor-column elementor-col-100 elementor-top-column elementor-element elementor-element-487f88a\" data-id=\"487f88a\" data-element_type=\"column\" data-e-type=\"column\">\n\t\t\t<div class=\"elementor-widget-wrap elementor-element-populated\">\n\t\t\t\t\t\t<div class=\"elementor-element elementor-element-e20f81 elementor-widget-divider--view-line elementor-widget elementor-widget-divider\" data-id=\"e20f81\" data-element_type=\"widget\" data-e-type=\"widget\" data-widget_type=\"divider.default\">\n\t\t\t\t<div class=\"elementor-widget-container\">\n\t\t\t\t\t\t\t<div class=\"elementor-divider\">\n\t\t\t<span class=\"elementor-divider-separator\">\n\t\t\t\t\t\t<\/span>\n\t\t<\/div>\n\t\t\t\t\t\t<\/div>\n\t\t\t\t<\/div>\n\t\t\t\t\t<\/div>\n\t\t<\/div>\n\t\t\t\t\t<\/div>\n\t\t<\/section>\n\t\t\t\t<\/div>\n\t\t","protected":false},"excerpt":{"rendered":"<p>Empresa de Marketing Digital, MEI ou LTDA?<\/p>\n","protected":false},"author":1,"featured_media":2686,"comment_status":"open","ping_status":"open","sticky":false,"template":"","format":"standard","meta":{"jetpack_post_was_ever_published":false,"_jetpack_newsletter_access":"","_jetpack_dont_email_post_to_subs":false,"_jetpack_newsletter_tier_id":0,"_jetpack_memberships_contains_paywalled_content":false,"_jetpack_memberships_contains_paid_content":false,"footnotes":"","jetpack_publicize_message":"","jetpack_publicize_feature_enabled":true,"jetpack_social_post_already_shared":false,"jetpack_social_options":{"image_generator_settings":{"template":"highway","default_image_id":0,"font":"","enabled":false},"version":2}},"categories":[849],"tags":[700,598,303,851,850],"class_list":["post-2682","post","type-post","status-publish","format-standard","has-post-thumbnail","hentry","category-digital","tag-abertura","tag-cnpj","tag-empresa","tag-ltda","tag-marketing"],"jetpack_publicize_connections":[],"jetpack_featured_media_url":"https:\/\/i0.wp.com\/cfcontabil.com\/cf\/wp-content\/uploads\/2021\/12\/mkt-digital-de-CF-Contabil-Logo-2.png?fit=1280%2C720","jetpack_sharing_enabled":true,"jetpack_shortlink":"https:\/\/wp.me\/p2wklX-Hg","jetpack-related-posts":[{"id":649,"url":"http:\/\/cfcontabil.com\/cf\/prazo-de-entrega-da-rais-termina-em-18marco\/","url_meta":{"origin":2682,"position":0},"title":"Prazo de Entrega da RAIS Termina em 18\/Mar\u00e7o","author":"Ab\u00edlio Gon\u00e7alves","date":"10 de mar\u00e7o de 2016","format":false,"excerpt":"Para o ano base 2015, o\u00a0prazo para a entrega da\u00a0RAIS \u2013 Rela\u00e7\u00e3o Anual de Informa\u00e7\u00f5es Sociais\u00a0encerra-se no dia 18\/03\/2016.\u00a0\u00a0O prazo n\u00e3o ser\u00e1 prorrogado. Segundo a Portaria n\u00ba 269, de 29 de dezembro de 2015, do Minist\u00e9rio do Trabalho e Emprego (MTE), a entrega da Rais n\u00e3o ser\u00e1 prorrogada. Assim, a\u2026","rel":"","context":"Em &quot;Departamento Pessoal&quot;","block_context":{"text":"Departamento Pessoal","link":"http:\/\/cfcontabil.com\/cf\/category\/dp\/"},"img":{"alt_text":"","src":"https:\/\/i0.wp.com\/cfcontabil.com\/cf\/wp-content\/uploads\/2016\/03\/rais-2016-2-2.jpg?fit=530%2C249&resize=350%2C200","width":350,"height":200,"srcset":"https:\/\/i0.wp.com\/cfcontabil.com\/cf\/wp-content\/uploads\/2016\/03\/rais-2016-2-2.jpg?fit=530%2C249&resize=350%2C200 1x, https:\/\/i0.wp.com\/cfcontabil.com\/cf\/wp-content\/uploads\/2016\/03\/rais-2016-2-2.jpg?fit=530%2C249&resize=525%2C300 1.5x"},"classes":[]},{"id":2541,"url":"http:\/\/cfcontabil.com\/cf\/receita-federal-novos-servicos-por-processo-digital\/","url_meta":{"origin":2682,"position":1},"title":"Receita Federal: novos servi\u00e7os por processo digital","author":"Ab\u00edlio Gon\u00e7alves","date":"5 de agosto de 2021","format":false,"excerpt":"A partir de agora, servi\u00e7os relativos ao CAEPF e CNO que dependem de an\u00e1lise de um servidor da Receita Federal poder\u00e3o ser solicitados via processo digital, aberto pelo pr\u00f3prio contribuinte no e-CAC. A Receita Federal disponibilizou nesta segunda-feira, 02 de agosto, novos servi\u00e7os que passam a ser solicitados por meio\u2026","rel":"","context":"Em &quot;Geral&quot;","block_context":{"text":"Geral","link":"http:\/\/cfcontabil.com\/cf\/category\/geral\/"},"img":{"alt_text":"","src":"https:\/\/i0.wp.com\/cfcontabil.com\/cf\/wp-content\/uploads\/2017\/02\/receita-federal-1-1.png?fit=702%2C325&resize=350%2C200","width":350,"height":200,"srcset":"https:\/\/i0.wp.com\/cfcontabil.com\/cf\/wp-content\/uploads\/2017\/02\/receita-federal-1-1.png?fit=702%2C325&resize=350%2C200 1x, https:\/\/i0.wp.com\/cfcontabil.com\/cf\/wp-content\/uploads\/2017\/02\/receita-federal-1-1.png?fit=702%2C325&resize=525%2C300 1.5x, https:\/\/i0.wp.com\/cfcontabil.com\/cf\/wp-content\/uploads\/2017\/02\/receita-federal-1-1.png?fit=702%2C325&resize=700%2C400 2x"},"classes":[]},{"id":1124,"url":"http:\/\/cfcontabil.com\/cf\/empresa-com-mais-de-4-funcionarios-deve-usar-certificado-digital-no-acesso-ao-conectividade-social\/","url_meta":{"origin":2682,"position":2},"title":"Empresa com mais de 4 funcion\u00e1rios deve usar Certificado Digital no acesso ao Conectividade social","author":"Ab\u00edlio Gon\u00e7alves","date":"14 de abril de 2017","format":false,"excerpt":"Para quem ainda n\u00e3o conhece, o Conectividade Social \u00e9 o canal obrigat\u00f3rio para o envio de informa\u00e7\u00f5es ao FGTS \u2013 Fundo de Garantia do Tempo de Servi\u00e7o e \u00e0 Previd\u00eancia Social Ou seja, trata-se de um canal eletr\u00f4nico de relacionamento que pode ser utilizado para troca de informa\u00e7\u00f5es relacionadas ao\u2026","rel":"","context":"Em &quot;Departamento Pessoal&quot;","block_context":{"text":"Departamento Pessoal","link":"http:\/\/cfcontabil.com\/cf\/category\/dp\/"},"img":{"alt_text":"","src":"https:\/\/i0.wp.com\/cfcontabil.com\/cf\/wp-content\/uploads\/2017\/04\/conectividade-social-1.jpg?fit=960%2C720&resize=350%2C200","width":350,"height":200,"srcset":"https:\/\/i0.wp.com\/cfcontabil.com\/cf\/wp-content\/uploads\/2017\/04\/conectividade-social-1.jpg?fit=960%2C720&resize=350%2C200 1x, https:\/\/i0.wp.com\/cfcontabil.com\/cf\/wp-content\/uploads\/2017\/04\/conectividade-social-1.jpg?fit=960%2C720&resize=525%2C300 1.5x, https:\/\/i0.wp.com\/cfcontabil.com\/cf\/wp-content\/uploads\/2017\/04\/conectividade-social-1.jpg?fit=960%2C720&resize=700%2C400 2x"},"classes":[]},{"id":1954,"url":"http:\/\/cfcontabil.com\/cf\/mutirao-amplia-atendimento-a-empreendedores-em-taguatinga\/","url_meta":{"origin":2682,"position":3},"title":"Mutir\u00e3o amplia atendimento a empreendedores em Taguatinga","author":"Ab\u00edlio Gon\u00e7alves","date":"27 de novembro de 2019","format":false,"excerpt":"Com o apoio do Sebrae, unidade m\u00f3vel do Simplifica PJ d\u00e1 cursos para melhorar gest\u00e3o de microempresas AG\u00caNCIA BRAS\u00cdLIA * Equipe de t\u00e9cnicos far\u00e1 palestras e promover\u00e1 semin\u00e1rios e oficinas sobre temas como gerenciamento e vendas, coaching\u00a0do empreendedor, controles financeiros e planos de marketing | Foto: Reprodu\u00e7\u00e3o Em parceria com\u2026","rel":"","context":"Em &quot;Consultoria Empresarial&quot;","block_context":{"text":"Consultoria Empresarial","link":"http:\/\/cfcontabil.com\/cf\/category\/consultoria\/"},"img":{"alt_text":"","src":"https:\/\/i0.wp.com\/agenciabrasilia.df.gov.br\/wp-conteudo\/uploads\/2019\/11\/Tagua.png?resize=350%2C200","width":350,"height":200,"srcset":"https:\/\/i0.wp.com\/agenciabrasilia.df.gov.br\/wp-conteudo\/uploads\/2019\/11\/Tagua.png?resize=350%2C200 1x, https:\/\/i0.wp.com\/agenciabrasilia.df.gov.br\/wp-conteudo\/uploads\/2019\/11\/Tagua.png?resize=525%2C300 1.5x, https:\/\/i0.wp.com\/agenciabrasilia.df.gov.br\/wp-conteudo\/uploads\/2019\/11\/Tagua.png?resize=700%2C400 2x"},"classes":[]},{"id":1976,"url":"http:\/\/cfcontabil.com\/cf\/receita-federal-publica-instrucao-normativa-com-orientacao-para-abertura-de-dossie-digital-a-distancia-dda-de-cnpj\/","url_meta":{"origin":2682,"position":4},"title":"Receita Federal publica Instru\u00e7\u00e3o Normativa com orienta\u00e7\u00e3o para abertura de Dossi\u00ea Digital a Dist\u00e2ncia (DDA) de CNPJ","author":"Ab\u00edlio Gon\u00e7alves","date":"4 de dezembro de 2019","format":false,"excerpt":"Foi publicada em 26 de novembro a\u00a0IN RFB n\u00ba 1.914\/2019\u00a0determinando que as empresas tributadas com base no lucro real, presumido ou arbitrado devem apresentar o Documento B\u00e1sico de Entrada obrigatoriamente via\u00a0DDA e-CAC. Para dar mais agilidade \u00e0 an\u00e1lise de atos relativos ao CNPJ (inscri\u00e7\u00e3o, altera\u00e7\u00e3o, baixa), a equipe de atendimento\u2026","rel":"","context":"Em &quot;Departamento Fiscal&quot;","block_context":{"text":"Departamento Fiscal","link":"http:\/\/cfcontabil.com\/cf\/category\/df\/"},"img":{"alt_text":"","src":"https:\/\/i0.wp.com\/cfcontabil.com\/cf\/wp-content\/uploads\/2017\/02\/receita-federal-1-1.png?fit=702%2C325&resize=350%2C200","width":350,"height":200,"srcset":"https:\/\/i0.wp.com\/cfcontabil.com\/cf\/wp-content\/uploads\/2017\/02\/receita-federal-1-1.png?fit=702%2C325&resize=350%2C200 1x, https:\/\/i0.wp.com\/cfcontabil.com\/cf\/wp-content\/uploads\/2017\/02\/receita-federal-1-1.png?fit=702%2C325&resize=525%2C300 1.5x, https:\/\/i0.wp.com\/cfcontabil.com\/cf\/wp-content\/uploads\/2017\/02\/receita-federal-1-1.png?fit=702%2C325&resize=700%2C400 2x"},"classes":[]},{"id":1039,"url":"http:\/\/cfcontabil.com\/cf\/servicos-medicos-a-dmed-e-o-imposto-de-renda\/","url_meta":{"origin":2682,"position":5},"title":"Servi\u00e7os M\u00e9dicos: A Dmed e o Imposto de Renda","author":"Ab\u00edlio Gon\u00e7alves","date":"8 de mar\u00e7o de 2017","format":false,"excerpt":"A Declara\u00e7\u00e3o de Servi\u00e7os M\u00e9dicos e de Sa\u00fade \u2013 Dmed deste ano precisa ser apresentada por todas as empresas ou pessoas f\u00edsicas equiparadas a pessoas jur\u00eddicas (aquelas que, em nome individual, tenha qualquer atividade econ\u00f4mica de natureza civil ou comercial, com o fim de lucro), at\u00e9 o dia 31 de\u2026","rel":"","context":"Em &quot;Departamento Fiscal&quot;","block_context":{"text":"Departamento Fiscal","link":"http:\/\/cfcontabil.com\/cf\/category\/df\/"},"img":{"alt_text":"","src":"https:\/\/i0.wp.com\/cfcontabil.com\/cf\/wp-content\/uploads\/2017\/03\/DMED2017-1.png?fit=1024%2C768&resize=350%2C200","width":350,"height":200,"srcset":"https:\/\/i0.wp.com\/cfcontabil.com\/cf\/wp-content\/uploads\/2017\/03\/DMED2017-1.png?fit=1024%2C768&resize=350%2C200 1x, https:\/\/i0.wp.com\/cfcontabil.com\/cf\/wp-content\/uploads\/2017\/03\/DMED2017-1.png?fit=1024%2C768&resize=525%2C300 1.5x, https:\/\/i0.wp.com\/cfcontabil.com\/cf\/wp-content\/uploads\/2017\/03\/DMED2017-1.png?fit=1024%2C768&resize=700%2C400 2x"},"classes":[]}],"jetpack_likes_enabled":true,"_links":{"self":[{"href":"http:\/\/cfcontabil.com\/cf\/wp-json\/wp\/v2\/posts\/2682","targetHints":{"allow":["GET"]}}],"collection":[{"href":"http:\/\/cfcontabil.com\/cf\/wp-json\/wp\/v2\/posts"}],"about":[{"href":"http:\/\/cfcontabil.com\/cf\/wp-json\/wp\/v2\/types\/post"}],"author":[{"embeddable":true,"href":"http:\/\/cfcontabil.com\/cf\/wp-json\/wp\/v2\/users\/1"}],"replies":[{"embeddable":true,"href":"http:\/\/cfcontabil.com\/cf\/wp-json\/wp\/v2\/comments?post=2682"}],"version-history":[{"count":17,"href":"http:\/\/cfcontabil.com\/cf\/wp-json\/wp\/v2\/posts\/2682\/revisions"}],"predecessor-version":[{"id":2734,"href":"http:\/\/cfcontabil.com\/cf\/wp-json\/wp\/v2\/posts\/2682\/revisions\/2734"}],"wp:featuredmedia":[{"embeddable":true,"href":"http:\/\/cfcontabil.com\/cf\/wp-json\/wp\/v2\/media\/2686"}],"wp:attachment":[{"href":"http:\/\/cfcontabil.com\/cf\/wp-json\/wp\/v2\/media?parent=2682"}],"wp:term":[{"taxonomy":"category","embeddable":true,"href":"http:\/\/cfcontabil.com\/cf\/wp-json\/wp\/v2\/categories?post=2682"},{"taxonomy":"post_tag","embeddable":true,"href":"http:\/\/cfcontabil.com\/cf\/wp-json\/wp\/v2\/tags?post=2682"}],"curies":[{"name":"wp","href":"https:\/\/api.w.org\/{rel}","templated":true}]}}