{"id":2748,"date":"2022-02-23T11:08:50","date_gmt":"2022-02-23T14:08:50","guid":{"rendered":"https:\/\/cfcontabil.com\/cf\/?p=2748"},"modified":"2022-02-25T14:52:21","modified_gmt":"2022-02-25T17:52:21","slug":"imposto-de-renda-2022-prepare-seus-documentos-esta-semana","status":"publish","type":"post","link":"http:\/\/cfcontabil.com\/cf\/imposto-de-renda-2022-prepare-seus-documentos-esta-semana\/","title":{"rendered":"Imposto de Renda 2022: prepare seus documentos esta semana!"},"content":{"rendered":"\n<p>Separe seus documentos para fazer a declara\u00e7\u00e3o a partir de 7 de mar\u00e7o.<\/p>\n\n\n\n<p>Inicia na pr\u00f3xima semana, no dia 2 de mar\u00e7o, o prazo para realiza\u00e7\u00e3o da declara\u00e7\u00e3o do Imposto de Renda. Por volta de 30 milh\u00f5es de brasileiros e brasileiras que s\u00e3o obrigados a declarar. <\/p>\n\n\n\n<p>Quem deve declarar em 2022 s\u00e3o as pessoas que receberam aux\u00edlio emergencial e lucraram acima de R$ 22 mil, todos que tiveram rendimentos tribut\u00e1veis acima de R$ 28 mil, quem realizou transa\u00e7\u00f5es comerciais ou vendas acima de R$ 300 mil e quem lucrou com atividades rurais num valor acima de R$ 142 mil. Investidores da bolsa de valores e estrangeiros residentes no Brasil tamb\u00e9m est\u00e3o obrigados fazer a declara\u00e7\u00e3o.<\/p>\n\n\n\n<!--more-->\n\n\n\n<p>As empresas, bancos e institui\u00e7\u00f5es financeiras precisam entregar o informe de rendimentos at\u00e9 28 de fevereiro. O extrato para o Imposto de Renda 2022 dos aposentados e pensionistas j\u00e1 est\u00e1 dispon\u00edvel no site e no <a href=\"https:\/\/meu.inss.gov.br\/\" target=\"_blank\" rel=\"noreferrer noopener\" title=\"aplicativo do Meu INSS\">aplicativo do Meu INSS<\/a> ou no banco em que recebe a aposentadoria ou pens\u00e3o.<\/p>\n\n\n\n<p>O prazo para a entrega do Imposto de Renda 2022 dever\u00e1 ser at\u00e9 29 de abril, sendo que em 2021 foi prorrogado at\u00e9 o fim de maio por conta da pandemia.<\/p>\n\n\n\n<p>O programa Imposto de Renda da Pessoa F\u00edsica (IRPF 2022) ainda n\u00e3o est\u00e1 dispon\u00edvel para download &#8211; a&nbsp;previs\u00e3o \u00e9 que isto aconte\u00e7a no dia 7 de mar\u00e7o, in\u00edcio da entrega da declara\u00e7\u00e3o.<\/p>\n\n\n\n<p>Ap\u00f3s o preenchimento e envio da declara\u00e7\u00e3o, o contribuinte deve acompanhar a an\u00e1lise dos documentos pela Receita Federal.<\/p>\n\n\n\n<p>Os comprovantes e documentos fiscais devem ser guardados por, <strong>no m\u00ednimo cinco anos<\/strong>, caso a Receita pe\u00e7a para o contribuinte comprovar a veracidade das informa\u00e7\u00f5es.<br \/><br \/>A tabela de al\u00edquotas deve permanecer a mesma, mas ser\u00e1 oficializada durante a semana com a an\u00fancio das regras pela Receita Federal.&nbsp;<\/p>\n\n\n\n<p>Precisa de aux\u00edlio no preenchimento da sua declara\u00e7\u00e3o? Conte com nossa assessoria!<br \/><strong><br \/><a href=\"https:\/\/wa.me\/message\/PB3HBWDR5VE4C1\" target=\"_blank\" rel=\"noreferrer noopener\" title=\"Envie uma mensagem para CF Cont\u00e1bil Digital no WhatsApp. Clique aqui!\">Envie uma mensagem para CF Cont\u00e1bil Digital no WhatsApp. Clique aqui!<\/a><\/strong><\/p>\n\n\n\n<p><\/p>\n","protected":false},"excerpt":{"rendered":"<p>Separe seus documentos para fazer a declara\u00e7\u00e3o a partir de 2 de mar\u00e7o.<\/p>\n","protected":false},"author":1,"featured_media":2775,"comment_status":"open","ping_status":"open","sticky":true,"template":"","format":"standard","meta":{"jetpack_post_was_ever_published":false,"_jetpack_newsletter_access":"","_jetpack_dont_email_post_to_subs":false,"_jetpack_newsletter_tier_id":0,"_jetpack_memberships_contains_paywalled_content":false,"_jetpack_memberships_contains_paid_content":false,"footnotes":"","jetpack_publicize_message":"","jetpack_publicize_feature_enabled":true,"jetpack_social_post_already_shared":true,"jetpack_social_options":{"image_generator_settings":{"template":"highway","default_image_id":0,"font":"","enabled":false},"version":2}},"categories":[677],"tags":[106,141,115,854],"class_list":["post-2748","post","type-post","status-publish","format-standard","has-post-thumbnail","hentry","category-imposto-de-renda","tag-declaracao","tag-imposto-de-renda","tag-irpf","tag-pessoa-fisica"],"jetpack_publicize_connections":[],"jetpack_featured_media_url":"https:\/\/i0.wp.com\/cfcontabil.com\/cf\/wp-content\/uploads\/2022\/02\/Banner-na-imposto-de-renda-Miniatura-do-YouTube.png?fit=1280%2C720","jetpack_sharing_enabled":true,"jetpack_shortlink":"https:\/\/wp.me\/p2wklX-Ik","jetpack-related-posts":[{"id":2951,"url":"http:\/\/cfcontabil.com\/cf\/guia-completo-do-irpf-2024-documentos-e-dicas-essenciais\/","url_meta":{"origin":2748,"position":0},"title":"GUIA COMPLETO DO IRPF 2024: Documentos e Dicas Essenciais","author":"Ab\u00edlio Gon\u00e7alves","date":"8 de fevereiro de 2024","format":false,"excerpt":"Estamos entrando na temporada de acerto de contas com o Le\u00e3o, e para tornar esse processo o mais tranquilo poss\u00edvel, preparamos um guia completo para voc\u00ea entender tudo sobre o Imposto de Renda Pessoa F\u00edsica (IRPF) 2024. O Que \u00c9 o IRPF? O Imposto de Renda Pessoa F\u00edsica \u00e9 uma\u2026","rel":"","context":"Em &quot;Geral&quot;","block_context":{"text":"Geral","link":"http:\/\/cfcontabil.com\/cf\/category\/geral\/"},"img":{"alt_text":"","src":"https:\/\/i0.wp.com\/cfcontabil.com\/cf\/wp-content\/uploads\/2024\/02\/cfcontabil-blog-irpf-2024-2.png?fit=1200%2C675&resize=350%2C200","width":350,"height":200,"srcset":"https:\/\/i0.wp.com\/cfcontabil.com\/cf\/wp-content\/uploads\/2024\/02\/cfcontabil-blog-irpf-2024-2.png?fit=1200%2C675&resize=350%2C200 1x, https:\/\/i0.wp.com\/cfcontabil.com\/cf\/wp-content\/uploads\/2024\/02\/cfcontabil-blog-irpf-2024-2.png?fit=1200%2C675&resize=525%2C300 1.5x, https:\/\/i0.wp.com\/cfcontabil.com\/cf\/wp-content\/uploads\/2024\/02\/cfcontabil-blog-irpf-2024-2.png?fit=1200%2C675&resize=700%2C400 2x, https:\/\/i0.wp.com\/cfcontabil.com\/cf\/wp-content\/uploads\/2024\/02\/cfcontabil-blog-irpf-2024-2.png?fit=1200%2C675&resize=1050%2C600 3x"},"classes":[]},{"id":1050,"url":"http:\/\/cfcontabil.com\/cf\/imposto-de-renda-2017-mei-como-declarar-os-rendimentos\/","url_meta":{"origin":2748,"position":1},"title":"Imposto de Renda 2017: MEI, como declarar os rendimentos?","author":"Ab\u00edlio Gon\u00e7alves","date":"11 de mar\u00e7o de 2017","format":false,"excerpt":"Com o in\u00edcio do per\u00edodo de entrega do do Imposto de Renda de 2017 - de 2 de mar\u00e7o a 28 de abril -, d\u00favidas come\u00e7am a surgir sobre o processo de declara\u00e7\u00e3o. Atrav\u00e9s do servi\u00e7o tira-d\u00favidas lan\u00e7ado por O GLOBO e Extra, leitores enviaram perguntas sobre como deve ser\u2026","rel":"","context":"Em &quot;Departamento Fiscal&quot;","block_context":{"text":"Departamento Fiscal","link":"http:\/\/cfcontabil.com\/cf\/category\/df\/"},"img":{"alt_text":"","src":"https:\/\/i0.wp.com\/cfcontabil.com\/cf\/wp-content\/uploads\/2017\/02\/irpfrfb-1.jpg?fit=640%2C340&resize=350%2C200","width":350,"height":200,"srcset":"https:\/\/i0.wp.com\/cfcontabil.com\/cf\/wp-content\/uploads\/2017\/02\/irpfrfb-1.jpg?fit=640%2C340&resize=350%2C200 1x, https:\/\/i0.wp.com\/cfcontabil.com\/cf\/wp-content\/uploads\/2017\/02\/irpfrfb-1.jpg?fit=640%2C340&resize=525%2C300 1.5x"},"classes":[]},{"id":699,"url":"http:\/\/cfcontabil.com\/cf\/imposto-de-renda-declaracao-em-conjunto-ou-separado\/","url_meta":{"origin":2748,"position":2},"title":"Imposto de Renda &#8211; declara\u00e7\u00e3o em conjunto ou separado?","author":"Ab\u00edlio Gon\u00e7alves","date":"28 de mar\u00e7o de 2016","format":false,"excerpt":"Uma d\u00favida muito constante para quem declara Imposto de Renda Pessoa F\u00edsica \u00e9 se vale a pena fazer declara\u00e7\u00e3o em conjunto ou separado. Contudo segundo o s\u00f3cio da Delgado & Freitas Advogados, Fabio Delgado, isso depender\u00e1 de uma an\u00e1lise individual de cada caso. \u00a0 Segundo Delgado, uma primeira situa\u00e7\u00e3o \u00e9\u2026","rel":"","context":"Em &quot;Geral&quot;","block_context":{"text":"Geral","link":"http:\/\/cfcontabil.com\/cf\/category\/geral\/"},"img":{"alt_text":"declaracaoconjunta","src":"https:\/\/i0.wp.com\/cfcontabil.com\/cf\/wp-content\/uploads\/2016\/03\/declaracaoconjunta.jpg?resize=350%2C200","width":350,"height":200},"classes":[]},{"id":330,"url":"http:\/\/cfcontabil.com\/cf\/comeca-o-acerto-de-contas\/","url_meta":{"origin":2748,"position":3},"title":"Come\u00e7a o acerto de contas!","author":"Ab\u00edlio Gon\u00e7alves","date":"1 de mar\u00e7o de 2013","format":false,"excerpt":"A partir de hoje (1) inicia o per\u00edodo da entrega da declara\u00e7\u00e3o do IRPF (Imposto de Renda Pessoa F\u00edsica) 2013. E segundo as normas publicadas no DOU (Di\u00e1rio Oficial da Uni\u00e3o) de 19\/02, \u00a0a declara\u00e7\u00e3o dever\u00e1 ser entregue at\u00e9 \u00e0s 23h59m59s do dia 30 de abril, a entrega fora do\u2026","rel":"","context":"Em &quot;Geral&quot;","block_context":{"text":"Geral","link":"http:\/\/cfcontabil.com\/cf\/category\/geral\/"},"img":{"alt_text":"calendario","src":"https:\/\/i0.wp.com\/www.cfcontabil.com\/images\/marco2013.jpg?resize=350%2C200","width":350,"height":200,"srcset":"https:\/\/i0.wp.com\/www.cfcontabil.com\/images\/marco2013.jpg?resize=350%2C200 1x, https:\/\/i0.wp.com\/www.cfcontabil.com\/images\/marco2013.jpg?resize=525%2C300 1.5x"},"classes":[]},{"id":1138,"url":"http:\/\/cfcontabil.com\/cf\/mais-de-7-milhoes-de-contribuintes-deixam-o-ir-para-a-ultima-hora\/","url_meta":{"origin":2748,"position":4},"title":"Mais de 7 milh\u00f5es de contribuintes deixam o IR para a \u00faltima hora","author":"Ab\u00edlio Gon\u00e7alves","date":"26 de abril de 2017","format":false,"excerpt":"A Receita Federal informou que at\u00e9 o fim dessa quarta-feira, dia 26, recebeu cerca de 20,89 milh\u00f5es de declara\u00e7\u00f5es do Imposto de Renda da Pessoa F\u00edsica (IRPF) 2017. O que significa que quase 8 milh\u00f5es de contribuintes est\u00e3o deixando para os \u00faltimos momentos, pois s\u00e3o esperados 28,3 milh\u00f5es de documentos.\u2026","rel":"","context":"Em &quot;Departamento Fiscal&quot;","block_context":{"text":"Departamento Fiscal","link":"http:\/\/cfcontabil.com\/cf\/category\/df\/"},"img":{"alt_text":"","src":"","width":0,"height":0},"classes":[]},{"id":741,"url":"http:\/\/cfcontabil.com\/cf\/mei-deve-declarar-imposto-de-renda\/","url_meta":{"origin":2748,"position":5},"title":"MEI Deve Declarar Imposto de Renda?","author":"Ab\u00edlio Gon\u00e7alves","date":"13 de abril de 2016","format":false,"excerpt":"O Microempreendedor Individual (MEI) deve declarar imposto de renda em seu CPF pr\u00f3prio se estiver sujeito \u00e0 obrigatoriedade de entrega. Est\u00e1 obrigada a apresentar a Declara\u00e7\u00e3o de Ajuste Anual referente ao exerc\u00edcio de 2015, a pessoa f\u00edsica residente no Brasil que, no ano-calend\u00e1rio de 2014: I \u2013 recebeu rendimentos tribut\u00e1veis,\u2026","rel":"","context":"Em &quot;Consultoria Empresarial&quot;","block_context":{"text":"Consultoria Empresarial","link":"http:\/\/cfcontabil.com\/cf\/category\/consultoria\/"},"img":{"alt_text":"","src":"https:\/\/i0.wp.com\/cfcontabil.com\/cf\/wp-content\/uploads\/2016\/04\/leao_do_imposto_de_renda-1.jpg?fit=620%2C345&resize=350%2C200","width":350,"height":200,"srcset":"https:\/\/i0.wp.com\/cfcontabil.com\/cf\/wp-content\/uploads\/2016\/04\/leao_do_imposto_de_renda-1.jpg?fit=620%2C345&resize=350%2C200 1x, https:\/\/i0.wp.com\/cfcontabil.com\/cf\/wp-content\/uploads\/2016\/04\/leao_do_imposto_de_renda-1.jpg?fit=620%2C345&resize=525%2C300 1.5x"},"classes":[]}],"jetpack_likes_enabled":true,"_links":{"self":[{"href":"http:\/\/cfcontabil.com\/cf\/wp-json\/wp\/v2\/posts\/2748","targetHints":{"allow":["GET"]}}],"collection":[{"href":"http:\/\/cfcontabil.com\/cf\/wp-json\/wp\/v2\/posts"}],"about":[{"href":"http:\/\/cfcontabil.com\/cf\/wp-json\/wp\/v2\/types\/post"}],"author":[{"embeddable":true,"href":"http:\/\/cfcontabil.com\/cf\/wp-json\/wp\/v2\/users\/1"}],"replies":[{"embeddable":true,"href":"http:\/\/cfcontabil.com\/cf\/wp-json\/wp\/v2\/comments?post=2748"}],"version-history":[{"count":3,"href":"http:\/\/cfcontabil.com\/cf\/wp-json\/wp\/v2\/posts\/2748\/revisions"}],"predecessor-version":[{"id":2776,"href":"http:\/\/cfcontabil.com\/cf\/wp-json\/wp\/v2\/posts\/2748\/revisions\/2776"}],"wp:featuredmedia":[{"embeddable":true,"href":"http:\/\/cfcontabil.com\/cf\/wp-json\/wp\/v2\/media\/2775"}],"wp:attachment":[{"href":"http:\/\/cfcontabil.com\/cf\/wp-json\/wp\/v2\/media?parent=2748"}],"wp:term":[{"taxonomy":"category","embeddable":true,"href":"http:\/\/cfcontabil.com\/cf\/wp-json\/wp\/v2\/categories?post=2748"},{"taxonomy":"post_tag","embeddable":true,"href":"http:\/\/cfcontabil.com\/cf\/wp-json\/wp\/v2\/tags?post=2748"}],"curies":[{"name":"wp","href":"https:\/\/api.w.org\/{rel}","templated":true}]}}