{"id":2758,"date":"2022-02-24T06:25:00","date_gmt":"2022-02-24T09:25:00","guid":{"rendered":"https:\/\/cfcontabil.com\/cf\/?p=2758"},"modified":"2022-02-25T15:05:23","modified_gmt":"2022-02-25T18:05:23","slug":"guia-completo-do-irpf-2022","status":"publish","type":"post","link":"http:\/\/cfcontabil.com\/cf\/guia-completo-do-irpf-2022\/","title":{"rendered":"GUIA COMPLETO DO IRPF 2022:"},"content":{"rendered":"\n<p><strong>Quais os documentos necess\u00e1rios para preencher a declara\u00e7\u00e3o?<\/strong><\/p>\n\n\n\n<p>Ser\u00e1 necess\u00e1rio ter em m\u00e3os: RG, CPF (do declarante e seus dependentes), extrato do INSS (aposentados\/pensionistas), comprovante de rendimento (fontes pagadoras\/sal\u00e1rios) e recebimentos de aluguel, recibos\/notas fiscais de despesa com atendimento m\u00e9dico e odontol\u00f3gico, mensalidades escolares, universit\u00e1rias e plano de sa\u00fade, documentos de compra e venda de bens.<\/p>\n\n\n\n<!--more-->\n\n\n\n<p>No caso de <strong>financiamento<\/strong>, o nome do banco e o n\u00famero do contrato, assim como o valor financiado dever\u00e3o ser descritos na declara\u00e7\u00e3o de bens. Para aplica\u00e7\u00f5es financeiras e contas banc\u00e1rias, obter o informe dos rendimentos financeiros, que pode ser oferecido pelo banco ou corretora.<\/p>\n\n\n\n<figure class=\"wp-block-embed is-type-wp-embed is-provider-cf-contabil-digital wp-block-embed-cf-contabil-digital\"><div class=\"wp-block-embed__wrapper\">\n<blockquote class=\"wp-embedded-content\" data-secret=\"w1QNuc95pg\"><a href=\"https:\/\/cfcontabil.com\/cf\/imposto-de-renda-2022-prepare-seus-documentos-esta-semana\/\">Imposto de Renda 2022: prepare seus documentos esta semana!<\/a><\/blockquote><iframe class=\"wp-embedded-content\" sandbox=\"allow-scripts\" security=\"restricted\" style=\"position: absolute; clip: rect(1px, 1px, 1px, 1px);\" title=\"&#8220;Imposto de Renda 2022: prepare seus documentos esta semana!&#8221; &#8212; CF Cont\u00e1bil Digital\" src=\"https:\/\/cfcontabil.com\/cf\/imposto-de-renda-2022-prepare-seus-documentos-esta-semana\/embed\/#?secret=4wf32pqlsc#?secret=w1QNuc95pg\" data-secret=\"w1QNuc95pg\" width=\"600\" height=\"338\" frameborder=\"0\" marginwidth=\"0\" marginheight=\"0\" scrolling=\"no\"><\/iframe>\n<\/div><\/figure>\n\n\n\n<p><\/p>\n\n\n\n<p>CHECKLIST DE <strong>DOCUMENTOS<\/strong> E INFORMA\u00c7\u00d5ES IMPORTANTES:<\/p>\n\n\n\n<h2 class=\"wp-block-heading\">CPF dos dependentes<\/h2>\n\n\n\n<p>Quem tem&nbsp;<strong>dependentes na declara\u00e7\u00e3o precisa informar o CPF de todos eles, inclusive das crian\u00e7as<\/strong>. Se algum dos seus dependentes ainda n\u00e3o possui o CPF, solicite o documento em qualquer ag\u00eancia do Banco do Brasil, da Caixa Econ\u00f4mica Federal ou dos Correios.<\/p>\n\n\n\n<p>Ser\u00e1 poss\u00edvel cadastrar o e-mail e o celular dos dependentes e \u00e9 obrigat\u00f3rio indicar se o dependente mora ou n\u00e3o com o titular do IRPF.<\/p>\n\n\n\n<h2 class=\"wp-block-heading\">Informe de rendimento das empresas<\/h2>\n\n\n\n<p><strong>Empresas, bancos e corretoras de investimentos t\u00eam at\u00e9 28 de fevereiro <\/strong>para enviar os informes de rendimentos de 2022. <\/p>\n\n\n\n<p><strong>Quem foi demitido ou pediu demiss\u00e3o de uma empresa em 2021 <\/strong>tamb\u00e9m deve receber o informe de rendimentos do seu antigo empregador.<\/p>\n\n\n\n<h2 class=\"wp-block-heading\">Aux\u00edlio Emergencial<\/h2>\n\n\n\n<p><strong>\u00c9 obrigat\u00f3rio declarar <\/strong>quando o valor somado das outras rendas ultrapassa R$ 28.559,70.<\/p>\n\n\n\n<h2 class=\"wp-block-heading\">Informe de rendimento de bancos e corretoras<\/h2>\n\n\n\n<p><strong>O informe de rendimentos dos bancos e das corretoras<\/strong>&nbsp;mostra as opera\u00e7\u00f5es e as posi\u00e7\u00f5es financeiras de 2021, como valores depositados na conta e valores investidos em produtos financeiros e seus rendimentos.<\/p>\n\n\n\n<h2 class=\"wp-block-heading\">Extrato do INSS<\/h2>\n\n\n\n<p>Aposentados podem acessar o extrato do INSS no&nbsp;<a href=\"https:\/\/meu.inss.gov.br\/central\/#\/login?redirectUrl=\/\" target=\"_blank\" rel=\"noreferrer noopener\"><strong>Portal Meu INSS<\/strong><\/a>&nbsp;ou retirar o extrato nas ag\u00eancias do INSS, com agendamento pr\u00e9vio pela internet.<\/p>\n\n\n\n<h2 class=\"wp-block-heading\">Comprovante de rendimento e pagamento de alugu\u00e9is<\/h2>\n\n\n\n<p><strong>Quem paga ou recebe alugu\u00e9is tamb\u00e9m deve reunir documentos que detalham os valores<\/strong>. As imobili\u00e1rias podem fornecer esses comprovantes. Se o inquilino for pessoa f\u00edsica e os pagamentos foram feitos diretamente ao propriet\u00e1rio, sem o interm\u00e9dio de imobili\u00e1rias, a comprova\u00e7\u00e3o junto \u00e0 Receita \u00e9 feita com os recibos dos dep\u00f3sitos banc\u00e1rios.<\/p>\n\n\n\n<p>Siga o checklist abaixo:<br \/>\u2013 Das empresas onde prestou servi\u00e7os;&nbsp;<strong>pr\u00f3-labore \/ distribui\u00e7\u00e3o de lucros (empres\u00e1rios), trabalho assalariado ou presta\u00e7\u00e3o de aut\u00f4nomos<\/strong>;<br \/>\u2013 Dos&nbsp;<strong>alugu\u00e9is recebidos e os pagos<\/strong>&nbsp;de pessoas f\u00edsicas ou jur\u00eddicas;<br \/>\u2013 Das&nbsp;<strong>institui\u00e7\u00f5es financeiras<\/strong>&nbsp;(bancos e corretora de valores) com n\u00ba do CNPJ;<br \/>\u2013&nbsp;<strong>Informe de Rendimentos do INSS<\/strong>&nbsp;ou de Aposentadorias e outros rendimentos, inclusive dos dependentes (filhos, c\u00f4njuge. Entre outros \u2013 Dependente somente com o n\u00ba do CPF.<br \/>\u2013 Informa\u00e7\u00f5es e documentos de&nbsp;<strong>outras rendas<\/strong>, tais como recebimento de pens\u00e3o aliment\u00edcia, doa\u00e7\u00f5es e heran\u00e7as recebidas, dentre outras;<br \/>\u2013 Resumo mensal do&nbsp;<strong>Livro Caixa&nbsp;com mem\u00f3ria de c\u00e1lculo<\/strong>&nbsp;(para prestadores de servi\u00e7os e aut\u00f4nomos);<br \/>\u2013 Pagamento de Darf\u2019s (c\u00f3digo 0190) referente ao&nbsp;<strong>Carn\u00ea Le\u00e3o<\/strong>;<br \/>\u2013 Pagamento de Darf\u2019s (c\u00f3digo 0246) referente ao&nbsp;<strong>Imposto Complementar;<\/strong><br \/>\u2013 Cr\u00e9ditos de NF-e (Paulista) se houver ;<\/p>\n\n\n\n<h2 class=\"wp-block-heading\">Recibos de m\u00e9dicos, dentistas e educa\u00e7\u00e3o<\/h2>\n\n\n\n<p><strong>As despesas com m\u00e9dicos, dentistas e outros profissionais de sa\u00fade, exames, interna\u00e7\u00f5es e planos de sa\u00fade podem ser deduzidas integralmente no Imposto de Renda<\/strong>. Os pap\u00e9is devem discriminar o nome do prestador, endere\u00e7o, o servi\u00e7o prestado, valor, CPF ou CNPJ de quem prestou o servi\u00e7o, al\u00e9m do seu nome completo e CPF.<\/p>\n\n\n\n<p><strong>As despesas com escolas de ensino fundamental, m\u00e9dio, superior, p\u00f3s-gradua\u00e7\u00e3o ou t\u00e9cnico<\/strong> podem ser deduzidas parcialmente no Imposto de Renda. Junte os boletos ou recibos de pagamento, que devem trazer o nome da escola e o CNPJ, al\u00e9m do nome do aluno.<\/p>\n\n\n\n<h2 class=\"wp-block-heading\">Documentos de compra e venda de bens e direitos<\/h2>\n\n\n\n<p><strong>Quem vendeu ou comprou um carro, im\u00f3vel ou qualquer outro bem no ano passado deve ter em m\u00e3os o contrato, escritura, nota fiscal ou recibo<\/strong>. As principais informa\u00e7\u00f5es dos comprovantes s\u00e3o nome e CPF\/CNPJ de quem comprou ou vendeu, se o neg\u00f3cio foi pago \u00e0 vista, a prazo ou financiado.<br \/><\/p>\n\n\n\n<p>Na compra e\/ou vendas de<strong> im\u00f3veis e\/ou bens<\/strong> separe o Contrato de compra e venda ou Escritura e Matr\u00edcula do Registro de Im\u00f3veis e a Notifica\u00e7\u00e3o de Lan\u00e7amento do IPTU (capa onde constam \u00e1rea constru\u00edda e de terreno bem como o seu uso); para <strong>aumentar o valor do bem im\u00f3vel<\/strong>, junto os comprovantes de gastos com reforma ou constru\u00e7\u00e3o; nota fiscal ou recibos na compra ou venda de <strong>ve\u00edculos (carro, motos, etc)<\/strong> e o n\u00ba do RENAVAN; e nas <strong>participa\u00e7\u00f5es societ\u00e1rias<\/strong> separe a c\u00f3pia do Contrato social ou altera\u00e7\u00e3o Contratual ou certificado MEI.<\/p>\n\n\n\n<h2 class=\"wp-block-heading\">Investimentos e a\u00e7\u00f5es<\/h2>\n\n\n\n<p>Quem teve, em qualquer m\u00eas de 2021, ganho de capital na venda de bens ou direitos sujeito \u00e0 incid\u00eancia do imposto, ou realizou opera\u00e7\u00f5es em bolsas de valores, de mercadorias, de futuros e assemelhadas tamb\u00e9m deve declarar.<\/p>\n\n\n\n<h3 class=\"wp-block-heading\"><strong>D\u00edvidas e \u00f4nus (empr\u00e9stimos, financiamentos e afins)<\/strong><\/h3>\n\n\n\n<p>\u2013 Informa\u00e7\u00f5es e documentos de&nbsp;<strong>d\u00edvida e \u00f4nus<\/strong>&nbsp;contra\u00eddos e\/ou pagos no per\u00edodo;<br \/>\u2013 Documentos relativos a&nbsp;<strong>Ganhos em Atividades Rurais<\/strong>;<br \/>\u2013 Pagamentos e&nbsp;<strong>doa\u00e7\u00f5es<\/strong>&nbsp;efetuadas;<br \/>\u2013 Comprovantes de pagamentos de&nbsp;<strong>assist\u00eancia m\u00e9dica<\/strong>, m\u00e9dicos, dentistas, hospitais, escolas, pens\u00e3o aliment\u00edcia em decorr\u00eancia de decis\u00e3o judicial por alimentando, doa\u00e7\u00f5es para fins de incentivos fiscais entre outros.<\/p>\n\n\n\n<p>Todos os comprovantes dever\u00e3o conter informa\u00e7\u00f5es do&nbsp;<strong>CNPJ ou CPF do prestador de servi\u00e7os<\/strong>&nbsp;e estar em via original, comprovantes oficiais de doa\u00e7\u00e3o a candidato pol\u00edtico.<\/p>\n\n\n\n<h3 class=\"wp-block-heading\"><strong>INFORMA\u00c7\u00d5ES IMPORTANTES:<\/strong><\/h3>\n\n\n\n<p>\u2013 Dados da&nbsp;<strong>conta banc\u00e1ria<\/strong>&nbsp;para restitui\u00e7\u00e3o ou d\u00e9bitos das cotas de imposto apurado, caso haja;<br \/>\u2013 Nome, CPF, grau de parentesco dos dependentes e data de nascimento;<br \/>\u2013 Endere\u00e7o atualizado;<br \/>\u2013 C\u00f3pia da&nbsp;<strong>\u00faltima Declara\u00e7\u00e3o de&nbsp;Imposto de Renda&nbsp;Pessoa F\u00edsica<\/strong>&nbsp;(completa) entregue;<br \/>\u2013 Caso possua Certificado Digital \u2013 (e-CPF) a declara\u00e7\u00e3o poder\u00e1 ser entregue com mais seguran\u00e7a.<\/p>\n\n\n\n<h3 class=\"wp-block-heading\"><strong>Cuidado com as dedu\u00e7\u00f5es no Imposto de Renda<\/strong><\/h3>\n\n\n\n<p>Para deduzir gastos da base de c\u00e1lculo, \u00e9 preciso que estejam previstos na lei do RIR\/99, com a finalidade de obter uma maior restitui\u00e7\u00e3o, reduzir o pagamento devido de IRPF&nbsp;(Imposto de Renda Pessoa F\u00edsica) ou mesmo por falta de conhecimento, alguns contribuintes separam&nbsp; gastos&nbsp;<strong>n\u00e3o dedut\u00edveis<\/strong>, ou seja, ser\u00e3o&nbsp;<em>desconsiderados<\/em>&nbsp;pela Receita Federal e a declara\u00e7\u00e3o poder\u00e1 entrar na Malha Fina.<\/p>\n\n\n\n<p>Vejamos alguns exemplos de&nbsp;<strong>informa\u00e7\u00f5es n\u00e3o obrigat\u00f3rias e\/ou n\u00e3o dedut\u00edveis<\/strong>:<\/p>\n\n\n\n<p>\u2013&nbsp;<strong>Bens m\u00f3veis<\/strong>, tais como antiguidades, obras de arte, objeto de uso pessoal e utens\u00edlios, bem como os direitos cujo valor de aquisi\u00e7\u00e3o unit\u00e1rio&nbsp;<strong>seja inferior a R$ 5.000,00<\/strong>;<br \/>\u2013&nbsp;<strong>Bens de consumo n\u00e3o-dur\u00e1veis<\/strong>&nbsp;\u2013 exemplo: computadores, televis\u00e3o, m\u00f3veis;<br \/>\u2013&nbsp;<strong>Saldos de aplica\u00e7\u00f5es financeiras e de conta corrente banc\u00e1ria<\/strong>&nbsp;cujo valor individual em 31\/12\/2021 seja&nbsp;<strong>inferior a R$ 140,00<\/strong>;<br \/>\u2013 Os&nbsp;<strong>\u00f4nus reais e obriga\u00e7\u00f5es da PF<\/strong>&nbsp;e de seus dependentes em 31\/12\/2021, com valor inferior a R$ 5.000,00;<br \/>\u2013&nbsp;<strong>Gastos com aulas<\/strong>: idiomas estrangeiros, m\u00fasica, dan\u00e7a, nata\u00e7\u00e3o, gin\u00e1stica, t\u00eanis, pilotagem, dic\u00e7\u00e3o, corte e costura, inform\u00e1tica e assemelhados, bem como gastos com cursos preparat\u00f3rios para concursos e vestibular;<br \/>\u2013 Gastos com uniforme, material e transporte escolar, gastos com disserta\u00e7\u00e3o de mestrado ou tese de doutorado, bem como gastos com passagens e estadias feitos pelo contribuinte, com ele pr\u00f3prio ou com seus dependentes, a fim de estudar no exterior,&nbsp;<strong>n\u00e3o podem ser deduzidos como despesas de Instru\u00e7\u00e3o<\/strong>.<br \/>\u2013 Pagamentos feitos a entidades que tenham por objeto a cria\u00e7\u00e3o e a educa\u00e7\u00e3o de menores desvalidos e abandonados;<br \/>\u2013 As&nbsp;<strong>contribui\u00e7\u00f5es<\/strong>&nbsp;pagas \u00e0s Associa\u00e7\u00f5es de Pais e Mestres e as associa\u00e7\u00f5es voltadas para a educa\u00e7\u00e3o;<br \/>\u2013 Valor despendido para pagamento do cr\u00e9dito educativo;<br \/>\u2013 Gastos com alimenta\u00e7\u00e3o e transporte p\u00fablico ou privado;<br \/>\u2013 Plano de Sa\u00fade, quando \u00e9 pago pela empresa e despesas com seguro-sa\u00fade, medicamentos (exceto se estiver em conta hospitalar);<br \/>\u2013 Servi\u00e7os de coleta e armazenamento de c\u00e9lula-tronco;<br \/>\u2013 Contrata\u00e7\u00e3o de&nbsp;<strong>enfermeiros particulares<\/strong>;<br \/>\u2013 Despesas com passagem e hotel para fins de tratamento m\u00e9dico;<br \/>\u2013 Implante de silicone, botox e afins, quando considerado um&nbsp;<strong>tratamento est\u00e9tico<\/strong>;<br \/>\u2013 Gastos com&nbsp;<strong>veterin\u00e1rios entre outros\u2026<\/strong><\/p>\n\n\n\n<h2 class=\"wp-block-heading\">Principais dedu\u00e7\u00f5es permitidas:<\/h2>\n\n\n\n<h2 class=\"wp-block-heading\">1. Dependentes<\/h2>\n\n\n\n<p>C\u00f4njuge, filhos, netos, companheira(o), av\u00f3s, pais e at\u00e9 sogros podem ser classificados como dependentes desde que voc\u00ea respeite condi\u00e7\u00f5es como idade e comprova\u00e7\u00e3o judicial de depend\u00eancia.<\/p>\n\n\n\n<p>Vale lembrar que a partir de agora, \u00e9 obrigat\u00f3rio informar o CPF de todos os dependentes, mesmo daqueles que tenham menos de 8 anos de idade. At\u00e9 ent\u00e3o, essa obrigatoriedade existia apenas para aqueles com idade acima dos 8 anos.<\/p>\n\n\n\n<p>Voc\u00ea pode descontar R$ 2.275,08 por dependente, mas caso o valor m\u00e1ximo ultrapasse R$ 28.559,70 ao ano, os dependentes precisam fazer a declara\u00e7\u00e3o em separado, mesmo se forem menores de idade.<\/p>\n\n\n\n<p>A dica aqui \u00e9 simular na declara\u00e7\u00e3o com ou sem dependente, comparando o saldo do imposto a pagar ou restituir. Ah, e os bens ou investimentos que est\u00e3o no nome dos dependentes como contas poupan\u00e7a ou planos de previd\u00eancia precisam ser informados, viu? Negligenci\u00e1-los pode fazer com que a declara\u00e7\u00e3o caia na malha fiscal.<\/p>\n\n\n\n<h3 class=\"wp-block-heading\">Quem pode ser considerado dependente?<\/h3>\n\n\n\n<ul class=\"wp-block-list\"><li>Filho(a) ou enteado(a) com at\u00e9 21 anos de idade<\/li><li>Filho(a) ou enteado(a) com at\u00e9 24 anos de idade que est\u00e1 cursando universidade ou escola t\u00e9cnica de segundo grau<\/li><li>Filho(a) ou enteado(a) de qualquer idade quando incapacitado f\u00edsica ou mentalmente<\/li><li>Irm\u00e3(o), neto(a) ou bisneto(a) com at\u00e9 21 anos de idade de quem o contribuinte detenha guarda judicial (qualquer idade se for incapacitado f\u00edsica ou mentalmente)<\/li><li>Irm\u00e3(o), neto(a) ou bisneto(a) com at\u00e9 24 anos de idade se ainda estiver cursando universidade ou escola t\u00e9cnica de segundo grau<\/li><li>Menor pobre de at\u00e9 21 anos no qual o contribuinte det\u00e9m guarda judicial<\/li><li>Pessoa absolutamente incapaz (da qual o contribuinte seja curador ou tutor)<\/li><li>Companheiro(a) com quem o contribuinte tenha um filho(a)<\/li><li>Companheiro(a) com quem o contribuinte vive h\u00e1 mais de 5 anos<\/li><li>C\u00f4njuge<\/li><li>Pais, av\u00f3s e bisav\u00f3s que tenham recebido rendimentos (tribut\u00e1veis ou n\u00e3o) at\u00e9 R$ 22.847,76 ao ano<\/li><li>Sogros e sogras, desde que o casal fa\u00e7a a declara\u00e7\u00e3o em conjunto<\/li><\/ul>\n\n\n\n<p><strong>Importante:&nbsp;<\/strong>filhos de casais separados n\u00e3o podem constar em ambas declara\u00e7\u00f5es dos pais. \u00c9 preciso haver um entendimento, pois somente quem possui a guarda judicial que pode adicionar como dependente.<\/p>\n\n\n\n<h2 class=\"wp-block-heading\">2. Educa\u00e7\u00e3o<\/h2>\n\n\n\n<p>As despesas que s\u00e3o relativas \u00e0 educa\u00e7\u00e3o do contribuinte, dependentes ou dos que recebem pens\u00e3o aliment\u00edcia podem ser descontadas em at\u00e9 R$ 3.561,50 por pessoa no ano. O valor integral pago deve ser informado para n\u00e3o haver discrep\u00e2ncia quando cruzado com os valores da institui\u00e7\u00f5es de Ensino \u00e0 Receita.<\/p>\n\n\n\n<p>E quais gastos podem ser deduzidos quando o assunto \u00e9 Educa\u00e7\u00e3o?<\/p>\n\n\n\n<p>Aqueles gastos com ensino fundamental, ensino m\u00e9dio ou ensino superior. Al\u00e9m disso, cursos de especializa\u00e7\u00e3o, t\u00e9cnico ou profissionalizante s\u00e3o aceitos, bem como cursos de p\u00f3s-gradua\u00e7\u00e3o, mestrado e doutorado..<\/p>\n\n\n\n<p>Os beb\u00eas e crian\u00e7as tamb\u00e9m n\u00e3o ficam de fora, portanto despesas com eles em creches, pr\u00e9-escolas e institui\u00e7\u00f5es de ensino infantil fazem parte da lista aceita pela Receita Federal.<\/p>\n\n\n\n<p><strong>Importante:&nbsp;<\/strong>despesas com alimenta\u00e7\u00e3o, transporte, material escolar ou uniformes, assim como cursinhos pr\u00e9-vestibulares, cursos de idiomas, esportes e artes n\u00e3o fazem parte das despesas aceita pela RF.<\/p>\n\n\n\n<h2 class=\"wp-block-heading\">3. Despesas M\u00e9dicas<\/h2>\n\n\n\n<p>Pagamentos efetuados para o seu pr\u00f3prio tratamento ou o de dependentes relacionadas a m\u00e9dicos de qualquer especialidade, plano de sa\u00fade, dentistas, fonoaudi\u00f3logos, fisioterapeutas, terapeutas ocupacionais, psic\u00f3logos, hospitais e exames laboratoriais podem ser descontados.<\/p>\n\n\n\n<p>Assim como servi\u00e7os radiol\u00f3gicos, aparelhos ortop\u00e9dicos e pr\u00f3teses dent\u00e1rias e ortop\u00e9dicas. Lembrando que as pr\u00f3teses dent\u00e1rias e aparelhos ortod\u00f4nticos requerem comprova\u00e7\u00e3o e nota fiscal para provar o benef\u00edcio em termos de sa\u00fade.<\/p>\n\n\n\n<p>Outro que pode entrar na lista \u00e9 o marca-passo, desde que esteja incluso na conta emitida pelo profissional ou na conta hospitalar. O mesmo vale para a cadeira de rodas.<\/p>\n\n\n\n<p><strong>Importante:<\/strong>&nbsp;despesas com massagistas e enfermeiros s\u00f3 podem ser inclu\u00eddas se ocorrem em hospitais e constarem em nota fiscal. Consultas m\u00e9dicas sem recibo e rem\u00e9dios comprados em farm\u00e1cia, mesmo com uso cont\u00ednuo, n\u00e3o podem ser deduzidos.<\/p>\n\n\n\n<p>Todas as despesas de sa\u00fade do contribuinte, dependentes e alimentados podem ser descontadas integralmente do Imposto de Renda.<\/p>\n\n\n\n<h3 class=\"wp-block-heading\">E as cirurgias pl\u00e1sticas?<\/h3>\n\n\n\n<p>As cirurgias pl\u00e1sticas (reparadoras ou n\u00e3o) podem ser deduzidas desde que a finalidade seja para prevenir, manter ou recuperar a sa\u00fade f\u00edsica e mental do paciente. \u00c9 por isso que despesas com pr\u00f3tese de silicone n\u00e3o s\u00e3o dedut\u00edveis na maioria das vezes, a n\u00e3o ser que elas passem a integrar a conta emitida do hospital como uma despesa m\u00e9dica dedut\u00edvel.<\/p>\n\n\n\n<h3 class=\"wp-block-heading\">E se o tratamento m\u00e9dico foi feito no exterior?<\/h3>\n\n\n\n<p>Voc\u00ea pode deduzi-lo do imposto desde que tenha todas as notas e recibos para comprovar os gastos. Obviamente, as despesas referentes \u00e0 viagem como passagem, hospedagem e alimenta\u00e7\u00e3o n\u00e3o podem ser descontadas. Para evitar fraudes, a Receita Federal faz um cerco pesado aos lan\u00e7amentos contidos na declara\u00e7\u00e3o, portanto guarde recibos e notas fiscais e sempre pe\u00e7a para inclu\u00edrem seu nome completo e CPF por quem emitir.<\/p>\n\n\n\n<p>De acordo com a legisla\u00e7\u00e3o vigente, <strong>dependente e alimentando <\/strong>s\u00e3o figuras diferentes na declara\u00e7\u00e3o do Imposto de Renda, portanto n\u00e3o \u00e9 poss\u00edvel declarar como Dependente e Alimentando na declara\u00e7\u00e3o um mesmo benefici\u00e1rio (CPF).<\/p>\n\n\n\n<p>As <strong>despesas m\u00e9dicas e com instru\u00e7\u00e3o do alimentando <\/strong>somente poder\u00e3o ser deduzidas se tamb\u00e9m <strong>constarem expressamente<\/strong> na senten\u00e7a judicial ou de escritura p\u00fablica como obriga\u00e7\u00e3o de quem paga a pens\u00e3o.<\/p>\n\n\n\n<h3 class=\"wp-block-heading\">Como funciona no caso de pais separados?<\/h3>\n\n\n\n<p>Nesta situa\u00e7\u00e3o, os pais precisam oficializar a situa\u00e7\u00e3o em ju\u00edzo e esclarecer quem ficar\u00e1 com a guarda e o valor da pens\u00e3o aliment\u00edcia a ser paga pelo outro c\u00f4njuge ou ex-c\u00f4njuge. \u00c9 muito importante verificar se o valor da pens\u00e3o aliment\u00edcia foi atrelado ao sal\u00e1rio m\u00ednimo (corrigido anualmente), pois se for um valor fixo sem especificar corre\u00e7\u00e3o poder\u00e1 haver questionamento pela Receita Federal.<\/p>\n\n\n\n<p><strong>Importante:&nbsp;<\/strong>o abatimento indevido de pens\u00e3o pode gerar multa de 75% sobre o imposto que n\u00e3o foi pago corretamente.<\/p>\n\n\n\n<h2 class=\"wp-block-heading\">5. Previd\u00eancia Privada<\/h2>\n\n\n\n<p>Contribui\u00e7\u00f5es para fundos previdenci\u00e1rios privados do tipo PGBL podem deduzir at\u00e9 12% da renda tribut\u00e1vel, ao passo que os planos VGBL n\u00e3o permitem dedu\u00e7\u00e3o.<\/p>\n\n\n\n<p>A aten\u00e7\u00e3o redobrada aqui \u00e9 para os contribuintes que pagam um plano de previd\u00eancia para o filho. Respeitando o limite dos 12% da renda, o abatimento do imposto s\u00f3 \u00e9 poss\u00edvel se o plano do filho for PGBL e ele conste como dependente na declara\u00e7\u00e3o e o contribuinte pague o INSS em nome do filho no caso dele ser maior de 16 anos.<\/p>\n\n\n\n<h2 class=\"wp-block-heading\">6. Livro-caixa<\/h2>\n\n\n\n<p>Os profissionais aut\u00f4nomos podem descontar algumas despesas do livro-caixa, como sal\u00e1rio e encargos trabalhistas de empregados registrados. Al\u00e9m disso, se servi\u00e7os prestados por terceiros forem essenciais \u00e0s suas atividades, eles tamb\u00e9m podem ser colocados nesta conta, tais como: pagamento de \u00e1gua, luz, telefone, aluguel e gastos com material de escrit\u00f3rio ou benfeitorias no im\u00f3vel.<\/p>\n\n\n\n<p>Por outro lado, se o contribuinte trabalhar em casa ter\u00e1 que diferenciar claramente o que \u00e9 despesas residencial e o que \u00e9 gasto profissional. Neste caso, a Receita Federal permite deduzir no m\u00e1ximo um quinto das despesas.<\/p>\n\n\n\n<p>O mesmo vale para livros, jornais, revistas e roupas especiais que sejam comprovadas como necess\u00e1rias para o exerc\u00edcio da profiss\u00e3o. Encontros cient\u00edficos e participa\u00e7\u00e3o em congressos e semin\u00e1rios podem ser deduzidas incluindo gastos com hospedagem e transporte \u2014 desde que tamb\u00e9m sejam comprovadas.<\/p>\n\n\n\n<h3 class=\"wp-block-heading\">Transporte, combust\u00edvel e manuten\u00e7\u00e3o de ve\u00edculo podem ser deduzidas?<\/h3>\n\n\n\n<p>Sim, desde que o contribuinte seja representante comercial e utilize o ve\u00edculo para realizar a sua atividade.<\/p>\n\n\n\n<p><strong>Importante:&nbsp;<\/strong>as despesas do livro-caixa precisam estar coerentes com a receita gerada pelo trabalhador aut\u00f4nomo e nunca podem super\u00e1-las mensalmente. Caso superem em um m\u00eas, \u00e9 necess\u00e1rio lan\u00e7ar o excesso no m\u00eas seguinte com a exce\u00e7\u00e3o do m\u00eas de dezembro, uma vez que voc\u00ea \u00e9 permitido jogar despesas para o ano subsequente.<\/p>\n\n\n\n<h2 class=\"wp-block-heading\">Dedu\u00e7\u00f5es permitidas e pouco conhecidas:<\/h2>\n\n\n\n<ul class=\"wp-block-list\"><li><strong>Cadeira de rodas:&nbsp;<\/strong>elas tamb\u00e9m podem ser deduzidas e o valor precisa ser informado como despesa m\u00e9dica. Caso n\u00e3o esteja na conta do hospital, guarde a nota fiscal da compra e obtenha um laudo m\u00e9dico para comprovar.<\/li><li><strong>Marca-passo:&nbsp;<\/strong>desde que conste na conta do hospital, ele pode ser adicionado para dedu\u00e7\u00e3o do Imposto de Renda.<\/li><li><strong>Pr\u00f3teses dent\u00e1rias:&nbsp;<\/strong>dentaduras, coroas e pontes podem ser deduzidas se o dentista emitir nota. Isso tamb\u00e9m vale na aquisi\u00e7\u00e3o do aparelho.<\/li><li><strong>Perna e bra\u00e7o mec\u00e2nico:&nbsp;<\/strong>pernas e bra\u00e7os mec\u00e2nicos, bem como palmilhas e cal\u00e7ados ortop\u00e9dicos podem ser deduzidos se informados como despesas m\u00e9dicas. Assim como a cadeira de rodas, se n\u00e3o houver conta de hospital, \u00e9 necess\u00e1rio guardar a nota fiscal e obter um laudo m\u00e9dico.<\/li><li><strong>Massagistas e enfermeiros:&nbsp;<\/strong>voc\u00ea pode deduzir as contas com eles desde que o contribuinte ou dependente tenha ficado internado e estes valores estejam na fatura emitida pelo estabelecimento hospitalar.<\/li><\/ul>\n\n\n\n<p>\u00c9 preciso muito cuidado com os documentos utilizados para evitar problemas com o FISCO.<\/p>\n\n\n\n<p><strong>Aten\u00e7\u00e3o aos Prazos:<\/strong><\/p>\n\n\n\n<p>As pessoas f\u00edsicas que s\u00e3o obrigadas devem apresentar a declara\u00e7\u00e3o no per\u00edodo de&nbsp;<strong>07 de mar\u00e7o a&nbsp;29&nbsp;de abril de 2022<\/strong>.<\/p>\n\n\n\n<h3 class=\"wp-block-heading\"><strong>Informa\u00e7\u00f5es Adicionais<\/strong> &#8211; Declara\u00e7\u00e3o  de Falecidos (ESP\u00d3LIO)<\/h3>\n\n\n\n<p>A Declara\u00e7\u00e3o de Ajuste Anual relativa&nbsp;<strong>a esp\u00f3lio<\/strong>, independentemente de ser inicial ou intermedi\u00e1ria, ou a&nbsp;<strong>Declara\u00e7\u00e3o Final de Esp\u00f3lio<\/strong>, que se enquadre nas hip\u00f3teses previstas na Instru\u00e7\u00e3o Normativa RFB n\u00ba 1.924, de&nbsp;19&nbsp;de fevereiro de 2020,&nbsp;deve ser apresentada em m\u00eddia remov\u00edvel em uma unidade da RFB, durante o seu hor\u00e1rio de expediente, sem a necessidade de utiliza\u00e7\u00e3o de certificado digital.<\/p>\n\n\n\n<h1 class=\"wp-block-heading\">Por que contratar um contador para declarar o Imposto de Renda?<\/h1>\n\n\n\n<h2 class=\"wp-block-heading\">Contar com a experi\u00eancia de um contador pode ser a melhor alternativa para evitar problemas.<\/h2>\n\n\n\n<p>Mesmo as declara\u00e7\u00f5es mais simples, que possuem poucas informa\u00e7\u00f5es, podem ter detalhes que n\u00e3o s\u00e3o conhecidos pelo contribuinte. Para declara\u00e7\u00f5es mais complexas, com diversas fontes de renda e dependentes, por exemplo, \u00e9 indispens\u00e1vel a contrata\u00e7\u00e3o de um profissional.<\/p>\n\n\n\n<p class=\"has-medium-font-size\"><strong><a href=\"https:\/\/wa.me\/message\/PB3HBWDR5VE4C1\" target=\"_blank\" rel=\"noreferrer noopener\">Envie uma mensagem para CF Cont\u00e1bil Digital no WhatsApp. Clique aqui!<\/a><\/strong><\/p>\n","protected":false},"excerpt":{"rendered":"<p>Quais os documentos necess\u00e1rios para preencher a declara\u00e7\u00e3o?<\/p>\n","protected":false},"author":1,"featured_media":2771,"comment_status":"open","ping_status":"open","sticky":false,"template":"","format":"standard","meta":{"jetpack_post_was_ever_published":false,"_jetpack_newsletter_access":"","_jetpack_dont_email_post_to_subs":false,"_jetpack_newsletter_tier_id":0,"_jetpack_memberships_contains_paywalled_content":false,"_jetpack_memberships_contains_paid_content":false,"footnotes":"","jetpack_publicize_message":"","jetpack_publicize_feature_enabled":true,"jetpack_social_post_already_shared":true,"jetpack_social_options":{"image_generator_settings":{"template":"highway","default_image_id":0,"font":"","enabled":false},"version":2}},"categories":[677],"tags":[21,106,107,108,115,110,111],"class_list":["post-2758","post","type-post","status-publish","format-standard","has-post-thumbnail","hentry","category-imposto-de-renda","tag-contabilidade","tag-declaracao","tag-fisica","tag-imposto","tag-irpf","tag-pessoa","tag-renda"],"jetpack_publicize_connections":[],"jetpack_featured_media_url":"https:\/\/i0.wp.com\/cfcontabil.com\/cf\/wp-content\/uploads\/2022\/02\/Imposto-de-renda-2022-Miniatura-do-YouTube-1.png?fit=1280%2C720","jetpack_sharing_enabled":true,"jetpack_shortlink":"https:\/\/wp.me\/p2wklX-Iu","jetpack-related-posts":[{"id":2856,"url":"http:\/\/cfcontabil.com\/cf\/prepare-a-sua-documentacao-para-o-imposto-de-renda-pessoa-fisica\/","url_meta":{"origin":2758,"position":0},"title":"Prepare a sua documenta\u00e7\u00e3o para o Imposto de Renda Pessoa F\u00edsica!","author":"Ab\u00edlio Gon\u00e7alves","date":"23 de fevereiro de 2023","format":false,"excerpt":"Come\u00e7a no dia\u00a015 de mar\u00e7o\u00a0o prazo para envio das declara\u00e7\u00f5es do Imposto de Renda 2023. A data foi anunciada pela Receita Federal. Chegou a hora de preparar sua documenta\u00e7\u00e3o com anteced\u00eancia.","rel":"","context":"Em &quot;Geral&quot;","block_context":{"text":"Geral","link":"http:\/\/cfcontabil.com\/cf\/category\/geral\/"},"img":{"alt_text":"","src":"https:\/\/i0.wp.com\/cfcontabil.com\/cf\/wp-content\/uploads\/2023\/02\/Imposto-de-Renda-Contabilidade-Post-Feed-para-Instagram.png?fit=1200%2C675&resize=350%2C200","width":350,"height":200,"srcset":"https:\/\/i0.wp.com\/cfcontabil.com\/cf\/wp-content\/uploads\/2023\/02\/Imposto-de-Renda-Contabilidade-Post-Feed-para-Instagram.png?fit=1200%2C675&resize=350%2C200 1x, https:\/\/i0.wp.com\/cfcontabil.com\/cf\/wp-content\/uploads\/2023\/02\/Imposto-de-Renda-Contabilidade-Post-Feed-para-Instagram.png?fit=1200%2C675&resize=525%2C300 1.5x, https:\/\/i0.wp.com\/cfcontabil.com\/cf\/wp-content\/uploads\/2023\/02\/Imposto-de-Renda-Contabilidade-Post-Feed-para-Instagram.png?fit=1200%2C675&resize=700%2C400 2x, https:\/\/i0.wp.com\/cfcontabil.com\/cf\/wp-content\/uploads\/2023\/02\/Imposto-de-Renda-Contabilidade-Post-Feed-para-Instagram.png?fit=1200%2C675&resize=1050%2C600 3x"},"classes":[]},{"id":3155,"url":"http:\/\/cfcontabil.com\/cf\/%e2%9c%85-irpf-2025-checklist-completo-para-voce-declarar-sem-dor-de-cabeca\/","url_meta":{"origin":2758,"position":1},"title":"IRPF 2025: Checklist completo para voc\u00ea declarar sem dor de cabe\u00e7a","author":"Ab\u00edlio Gon\u00e7alves","date":"24 de abril de 2025","format":false,"excerpt":"A temporada de declara\u00e7\u00e3o do Imposto de Renda 2025 j\u00e1 come\u00e7ou, e para n\u00e3o correr riscos com a Receita Federal, o ideal \u00e9 estar com toda a documenta\u00e7\u00e3o organizada o quanto antes. Se voc\u00ea est\u00e1 em d\u00favida sobre o que precisa reunir, este checklist vai te ajudar. Anote a\u00ed: Documentos\u2026","rel":"","context":"Em &quot;Imposto de Renda&quot;","block_context":{"text":"Imposto de Renda","link":"http:\/\/cfcontabil.com\/cf\/category\/imposto-de-renda\/"},"img":{"alt_text":"","src":"https:\/\/i0.wp.com\/cfcontabil.com\/cf\/wp-content\/uploads\/2025\/04\/um-checklist-de-documentos-sobre-uma-mesa-de-trabalho.png?fit=1024%2C768&resize=350%2C200","width":350,"height":200,"srcset":"https:\/\/i0.wp.com\/cfcontabil.com\/cf\/wp-content\/uploads\/2025\/04\/um-checklist-de-documentos-sobre-uma-mesa-de-trabalho.png?fit=1024%2C768&resize=350%2C200 1x, https:\/\/i0.wp.com\/cfcontabil.com\/cf\/wp-content\/uploads\/2025\/04\/um-checklist-de-documentos-sobre-uma-mesa-de-trabalho.png?fit=1024%2C768&resize=525%2C300 1.5x, https:\/\/i0.wp.com\/cfcontabil.com\/cf\/wp-content\/uploads\/2025\/04\/um-checklist-de-documentos-sobre-uma-mesa-de-trabalho.png?fit=1024%2C768&resize=700%2C400 2x"},"classes":[]},{"id":2951,"url":"http:\/\/cfcontabil.com\/cf\/guia-completo-do-irpf-2024-documentos-e-dicas-essenciais\/","url_meta":{"origin":2758,"position":2},"title":"GUIA COMPLETO DO IRPF 2024: Documentos e Dicas Essenciais","author":"Ab\u00edlio Gon\u00e7alves","date":"8 de fevereiro de 2024","format":false,"excerpt":"Estamos entrando na temporada de acerto de contas com o Le\u00e3o, e para tornar esse processo o mais tranquilo poss\u00edvel, preparamos um guia completo para voc\u00ea entender tudo sobre o Imposto de Renda Pessoa F\u00edsica (IRPF) 2024. O Que \u00c9 o IRPF? O Imposto de Renda Pessoa F\u00edsica \u00e9 uma\u2026","rel":"","context":"Em &quot;Geral&quot;","block_context":{"text":"Geral","link":"http:\/\/cfcontabil.com\/cf\/category\/geral\/"},"img":{"alt_text":"","src":"https:\/\/i0.wp.com\/cfcontabil.com\/cf\/wp-content\/uploads\/2024\/02\/cfcontabil-blog-irpf-2024-2.png?fit=1200%2C675&resize=350%2C200","width":350,"height":200,"srcset":"https:\/\/i0.wp.com\/cfcontabil.com\/cf\/wp-content\/uploads\/2024\/02\/cfcontabil-blog-irpf-2024-2.png?fit=1200%2C675&resize=350%2C200 1x, https:\/\/i0.wp.com\/cfcontabil.com\/cf\/wp-content\/uploads\/2024\/02\/cfcontabil-blog-irpf-2024-2.png?fit=1200%2C675&resize=525%2C300 1.5x, https:\/\/i0.wp.com\/cfcontabil.com\/cf\/wp-content\/uploads\/2024\/02\/cfcontabil-blog-irpf-2024-2.png?fit=1200%2C675&resize=700%2C400 2x, https:\/\/i0.wp.com\/cfcontabil.com\/cf\/wp-content\/uploads\/2024\/02\/cfcontabil-blog-irpf-2024-2.png?fit=1200%2C675&resize=1050%2C600 3x"},"classes":[]},{"id":2121,"url":"http:\/\/cfcontabil.com\/cf\/irpf-2020-prazo-e-ate-dia-28-para-receber-o-informe-de-rendimentos\/","url_meta":{"origin":2758,"position":3},"title":"IRPF 2020: Prazo \u00e9 at\u00e9 dia 28 para receber o informe de rendimentos","author":"Ab\u00edlio Gon\u00e7alves","date":"26 de fevereiro de 2020","format":false,"excerpt":"Estamos a poucos dias para iniciar a entrega a Declara\u00e7\u00e3o do Imposto de Renda Pessoa F\u00edsica de 2020, portanto \u00e9 importante ter uma aten\u00e7\u00e3o especial a documenta\u00e7\u00e3o necess\u00e1ria. Um dos documentos mais importantes \u00e9 o informe de rendimentos, pois nele cont\u00e9m todas as informa\u00e7\u00f5es prestadas pelas empresas, bancos e corretoras\u2026","rel":"","context":"Em &quot;Departamento Fiscal&quot;","block_context":{"text":"Departamento Fiscal","link":"http:\/\/cfcontabil.com\/cf\/category\/df\/"},"img":{"alt_text":"","src":"https:\/\/i0.wp.com\/cfcontabil.com\/cf\/wp-content\/uploads\/2020\/02\/Informe-de-Rendimentos-IRPF-2.jpg?fit=1080%2C1080&resize=350%2C200","width":350,"height":200,"srcset":"https:\/\/i0.wp.com\/cfcontabil.com\/cf\/wp-content\/uploads\/2020\/02\/Informe-de-Rendimentos-IRPF-2.jpg?fit=1080%2C1080&resize=350%2C200 1x, https:\/\/i0.wp.com\/cfcontabil.com\/cf\/wp-content\/uploads\/2020\/02\/Informe-de-Rendimentos-IRPF-2.jpg?fit=1080%2C1080&resize=525%2C300 1.5x, https:\/\/i0.wp.com\/cfcontabil.com\/cf\/wp-content\/uploads\/2020\/02\/Informe-de-Rendimentos-IRPF-2.jpg?fit=1080%2C1080&resize=700%2C400 2x, https:\/\/i0.wp.com\/cfcontabil.com\/cf\/wp-content\/uploads\/2020\/02\/Informe-de-Rendimentos-IRPF-2.jpg?fit=1080%2C1080&resize=1050%2C600 3x"},"classes":[]},{"id":343,"url":"http:\/\/cfcontabil.com\/cf\/irpf-2013-chegando-ao-fim\/","url_meta":{"origin":2758,"position":4},"title":"IRPF 2013 chegando ao fim!","author":"Ab\u00edlio Gon\u00e7alves","date":"17 de abril de 2013","format":false,"excerpt":"Se aproxima o fim do prazo de entrega da Declara\u00e7\u00e3o do Imposto de Renda Pessoa F\u00edsica de 2013, que encerra dia 30 de abril. Est\u00e1 obrigado a apresentar a declara\u00e7\u00e3o quem recebeu rendimentos tribut\u00e1veis superiores a R$ 24.556,65 em 2012 (ano-base para a declara\u00e7\u00e3o do IR de 2013), mas h\u00e1\u2026","rel":"","context":"Em &quot;Geral&quot;","block_context":{"text":"Geral","link":"http:\/\/cfcontabil.com\/cf\/category\/geral\/"},"img":{"alt_text":"Imposto de Renda","src":"https:\/\/i0.wp.com\/www.blogdajoice.com\/wp-content\/uploads\/2013\/03\/Charge-Le%C3%A3o-Imposto-de-Renda.jpg?resize=350%2C200","width":350,"height":200},"classes":[]},{"id":2748,"url":"http:\/\/cfcontabil.com\/cf\/imposto-de-renda-2022-prepare-seus-documentos-esta-semana\/","url_meta":{"origin":2758,"position":5},"title":"Imposto de Renda 2022: prepare seus documentos esta semana!","author":"Ab\u00edlio Gon\u00e7alves","date":"23 de fevereiro de 2022","format":false,"excerpt":"Separe seus documentos para fazer a declara\u00e7\u00e3o a partir de 2 de mar\u00e7o.","rel":"","context":"Em &quot;Imposto de Renda&quot;","block_context":{"text":"Imposto de Renda","link":"http:\/\/cfcontabil.com\/cf\/category\/imposto-de-renda\/"},"img":{"alt_text":"","src":"https:\/\/i0.wp.com\/cfcontabil.com\/cf\/wp-content\/uploads\/2022\/02\/Banner-na-imposto-de-renda-Miniatura-do-YouTube.png?fit=1200%2C675&resize=350%2C200","width":350,"height":200,"srcset":"https:\/\/i0.wp.com\/cfcontabil.com\/cf\/wp-content\/uploads\/2022\/02\/Banner-na-imposto-de-renda-Miniatura-do-YouTube.png?fit=1200%2C675&resize=350%2C200 1x, https:\/\/i0.wp.com\/cfcontabil.com\/cf\/wp-content\/uploads\/2022\/02\/Banner-na-imposto-de-renda-Miniatura-do-YouTube.png?fit=1200%2C675&resize=525%2C300 1.5x, https:\/\/i0.wp.com\/cfcontabil.com\/cf\/wp-content\/uploads\/2022\/02\/Banner-na-imposto-de-renda-Miniatura-do-YouTube.png?fit=1200%2C675&resize=700%2C400 2x, https:\/\/i0.wp.com\/cfcontabil.com\/cf\/wp-content\/uploads\/2022\/02\/Banner-na-imposto-de-renda-Miniatura-do-YouTube.png?fit=1200%2C675&resize=1050%2C600 3x"},"classes":[]}],"jetpack_likes_enabled":true,"_links":{"self":[{"href":"http:\/\/cfcontabil.com\/cf\/wp-json\/wp\/v2\/posts\/2758","targetHints":{"allow":["GET"]}}],"collection":[{"href":"http:\/\/cfcontabil.com\/cf\/wp-json\/wp\/v2\/posts"}],"about":[{"href":"http:\/\/cfcontabil.com\/cf\/wp-json\/wp\/v2\/types\/post"}],"author":[{"embeddable":true,"href":"http:\/\/cfcontabil.com\/cf\/wp-json\/wp\/v2\/users\/1"}],"replies":[{"embeddable":true,"href":"http:\/\/cfcontabil.com\/cf\/wp-json\/wp\/v2\/comments?post=2758"}],"version-history":[{"count":7,"href":"http:\/\/cfcontabil.com\/cf\/wp-json\/wp\/v2\/posts\/2758\/revisions"}],"predecessor-version":[{"id":2778,"href":"http:\/\/cfcontabil.com\/cf\/wp-json\/wp\/v2\/posts\/2758\/revisions\/2778"}],"wp:featuredmedia":[{"embeddable":true,"href":"http:\/\/cfcontabil.com\/cf\/wp-json\/wp\/v2\/media\/2771"}],"wp:attachment":[{"href":"http:\/\/cfcontabil.com\/cf\/wp-json\/wp\/v2\/media?parent=2758"}],"wp:term":[{"taxonomy":"category","embeddable":true,"href":"http:\/\/cfcontabil.com\/cf\/wp-json\/wp\/v2\/categories?post=2758"},{"taxonomy":"post_tag","embeddable":true,"href":"http:\/\/cfcontabil.com\/cf\/wp-json\/wp\/v2\/tags?post=2758"}],"curies":[{"name":"wp","href":"https:\/\/api.w.org\/{rel}","templated":true}]}}