{"id":2853,"date":"2023-02-23T10:01:23","date_gmt":"2023-02-23T13:01:23","guid":{"rendered":"https:\/\/cfcontabil.com\/cf\/?p=2853"},"modified":"2023-02-23T10:01:25","modified_gmt":"2023-02-23T13:01:25","slug":"dirf-dasn-ecf-ecd-as-principais-declaracoes-anuais-para-empresas","status":"publish","type":"post","link":"http:\/\/cfcontabil.com\/cf\/dirf-dasn-ecf-ecd-as-principais-declaracoes-anuais-para-empresas\/","title":{"rendered":"DIRF, DASN, ECF, ECD: as principais declara\u00e7\u00f5es anuais para empresas"},"content":{"rendered":"\n<p>As empresas s\u00e3o obrigadas a fornecer v\u00e1rias declara\u00e7\u00f5es anuais ao governo para cumprir suas obriga\u00e7\u00f5es fiscais e cont\u00e1beis. Essas declara\u00e7\u00f5es s\u00e3o fundamentais para garantir que as empresas estejam em conformidade com as leis e regulamentos fiscais em vigor. Neste artigo, discutiremos algumas das principais declara\u00e7\u00f5es anuais para pessoa jur\u00eddica e seus prazos de entrega.<\/p>\n\n\n\n<ol class=\"wp-block-list\">\n<li><strong>Declara\u00e7\u00e3o de Imposto de Renda Retido na Fonte (DIRF)<\/strong><\/li>\n<\/ol>\n\n\n\n<p>A DIRF \u00e9 uma declara\u00e7\u00e3o que deve ser apresentada por todas as empresas que fizeram reten\u00e7\u00f5es de Imposto de Renda na Fonte (IRRF) no ano fiscal anterior. Essa declara\u00e7\u00e3o deve incluir informa\u00e7\u00f5es sobre os valores retidos, bem como os benefici\u00e1rios dessas reten\u00e7\u00f5es. A DIRF deve ser enviada at\u00e9 o \u00faltimo dia \u00fatil do m\u00eas de fevereiro do ano seguinte.<\/p>\n\n\n\n<ol class=\"wp-block-list\" start=\"2\">\n<li><strong>Declara\u00e7\u00e3o Anual do Simples Nacional (DASN)<\/strong><\/li>\n<\/ol>\n\n\n\n<p>A DASN \u00e9 uma declara\u00e7\u00e3o que deve ser apresentada pelas empresas que s\u00e3o optantes pelo Simples Nacional. Essa declara\u00e7\u00e3o deve conter informa\u00e7\u00f5es sobre a receita bruta da empresa no ano anterior, bem como sobre as suas despesas e folha de pagamento. A DASN deve ser entregue at\u00e9 o \u00faltimo dia \u00fatil do m\u00eas de mar\u00e7o do ano seguinte.<\/p>\n\n\n\n<ol class=\"wp-block-list\" start=\"3\">\n<li><strong>Escritura\u00e7\u00e3o Cont\u00e1bil Fiscal (ECF)<\/strong><\/li>\n<\/ol>\n\n\n\n<p>A ECF \u00e9 uma declara\u00e7\u00e3o que deve ser apresentada por todas as empresas, incluindo as optantes pelo Simples Nacional. Essa declara\u00e7\u00e3o tem como objetivo informar a Receita Federal sobre a escritura\u00e7\u00e3o cont\u00e1bil e fiscal da empresa. A ECF deve ser entregue at\u00e9 o \u00faltimo dia \u00fatil do m\u00eas de julho do ano seguinte.<\/p>\n\n\n\n<ol class=\"wp-block-list\" start=\"4\">\n<li><strong>Escritura\u00e7\u00e3o Cont\u00e1bil Digital (ECD)<\/strong><\/li>\n<\/ol>\n\n\n\n<p>A ECD \u00e9 uma declara\u00e7\u00e3o que deve ser apresentada por todas as empresas que possuem escritura\u00e7\u00e3o cont\u00e1bil. Essa declara\u00e7\u00e3o tem como objetivo informar a Receita Federal sobre a contabilidade da empresa. A ECD deve ser entregue at\u00e9 o \u00faltimo dia \u00fatil do m\u00eas de julho do ano seguinte.<\/p>\n\n\n\n<ol class=\"wp-block-list\" start=\"5\">\n<li><strong>Declara\u00e7\u00e3o de D\u00e9bitos e Cr\u00e9ditos Tribut\u00e1rios Federais (DCTF)<\/strong><\/li>\n<\/ol>\n\n\n\n<p>A DCTF \u00e9 uma declara\u00e7\u00e3o que deve ser apresentada pelas empresas que possuem d\u00e9bitos e cr\u00e9ditos tribut\u00e1rios federais. Essa declara\u00e7\u00e3o tem como objetivo informar a Receita Federal sobre os d\u00e9bitos e cr\u00e9ditos tribut\u00e1rios da empresa. A DCTF deve ser entregue mensalmente at\u00e9 o 15\u00ba dia \u00fatil do segundo m\u00eas seguinte ao m\u00eas de ocorr\u00eancia dos fatos geradores.<\/p>\n\n\n\n<p>Essas s\u00e3o algumas das principais declara\u00e7\u00f5es anuais para pessoa jur\u00eddica. \u00c9 fundamental que as empresas fiquem atentas aos prazos de entrega e cumpram com suas obriga\u00e7\u00f5es fiscais e cont\u00e1beis para evitar poss\u00edveis penalidades. Al\u00e9m dessas declara\u00e7\u00f5es, existem outras obriga\u00e7\u00f5es fiscais e cont\u00e1beis que as empresas precisam cumprir, e \u00e9 importante que elas estejam sempre atualizadas sobre essas obriga\u00e7\u00f5es para manter a conformidade fiscal e cont\u00e1bil.<\/p>\n","protected":false},"excerpt":{"rendered":"<p>As empresas s\u00e3o obrigadas a fornecer v\u00e1rias declara\u00e7\u00f5es anuais ao governo para cumprir suas obriga\u00e7\u00f5es fiscais e cont\u00e1beis.<\/p>\n","protected":false},"author":1,"featured_media":2854,"comment_status":"open","ping_status":"open","sticky":false,"template":"","format":"standard","meta":{"jetpack_post_was_ever_published":false,"_jetpack_newsletter_access":"","_jetpack_dont_email_post_to_subs":false,"_jetpack_newsletter_tier_id":0,"_jetpack_memberships_contains_paywalled_content":false,"_jetpack_memberships_contains_paid_content":false,"footnotes":"","jetpack_publicize_message":"","jetpack_publicize_feature_enabled":true,"jetpack_social_post_already_shared":true,"jetpack_social_options":{"image_generator_settings":{"template":"highway","default_image_id":0,"font":"","enabled":false},"version":2}},"categories":[22],"tags":[],"class_list":["post-2853","post","type-post","status-publish","format-standard","has-post-thumbnail","hentry","category-geral"],"jetpack_publicize_connections":[],"jetpack_featured_media_url":"https:\/\/i0.wp.com\/cfcontabil.com\/cf\/wp-content\/uploads\/2023\/02\/czNmcy1wcml2YXRlL3Jhd3BpeGVsX2ltYWdlcy93ZWJzaXRlX2NvbnRlbnQvbHIvbnMxODExLWltYWdlLWt3dnljbzN4LmpwZw.jpg?fit=1300%2C975","jetpack_sharing_enabled":true,"jetpack_shortlink":"https:\/\/wp.me\/p2wklX-K1","jetpack-related-posts":[{"id":877,"url":"http:\/\/cfcontabil.com\/cf\/atraso-em-liberacao-de-programa-da-dirf-pode-comprometer-a-declaracao-de-imposto-de-renda\/","url_meta":{"origin":2853,"position":0},"title":"Atraso em libera\u00e7\u00e3o de programa da Dirf pode comprometer a declara\u00e7\u00e3o de imposto de renda","author":"Ab\u00edlio Gon\u00e7alves","date":"26 de janeiro de 2017","format":false,"excerpt":"CFC encaminhou\u00a0of\u00edcio para Receita solicitando a imediata disponibiliza\u00e7\u00e3o de programa de transmiss\u00e3o da DIRF O Conselho Federal de Contabilidade (CFC) enviou, nesta ter\u00e7a-feira (24), of\u00edcio ao secret\u00e1rio da Receita Federal, Jorge Rachid, pedindo a prorroga\u00e7\u00e3o do prazo de entrega da Declara\u00e7\u00e3o do Imposto de Renda Retido na Fonte (Dirf), previsto\u2026","rel":"","context":"Em &quot;Departamento Pessoal&quot;","block_context":{"text":"Departamento Pessoal","link":"http:\/\/cfcontabil.com\/cf\/category\/dp\/"},"img":{"alt_text":"","src":"https:\/\/i0.wp.com\/cfcontabil.com\/cf\/wp-content\/uploads\/2017\/01\/DIRF_698x57613-1.jpg?fit=1000%2C826&resize=350%2C200","width":350,"height":200,"srcset":"https:\/\/i0.wp.com\/cfcontabil.com\/cf\/wp-content\/uploads\/2017\/01\/DIRF_698x57613-1.jpg?fit=1000%2C826&resize=350%2C200 1x, https:\/\/i0.wp.com\/cfcontabil.com\/cf\/wp-content\/uploads\/2017\/01\/DIRF_698x57613-1.jpg?fit=1000%2C826&resize=525%2C300 1.5x, https:\/\/i0.wp.com\/cfcontabil.com\/cf\/wp-content\/uploads\/2017\/01\/DIRF_698x57613-1.jpg?fit=1000%2C826&resize=700%2C400 2x"},"classes":[]},{"id":2108,"url":"http:\/\/cfcontabil.com\/cf\/dirf-sem-erros-prepare-se-para-a-entrega\/","url_meta":{"origin":2853,"position":1},"title":"DIRF sem erros: prepare-se para a entrega","author":"Ab\u00edlio Gon\u00e7alves","date":"18 de fevereiro de 2020","format":false,"excerpt":"O prazo para entregar a DIRF referente ao ano-calend\u00e1rio 2019 \u00e9 dia 28 de fevereiro de 2020, a DIRF tem como objetivo informar os rendimentos pagos e\/ou reten\u00e7\u00f5es na fonte sob algumas circunst\u00e2ncias previstas na legisla\u00e7\u00e3o. O prazo para entregar a DIRF referente ao ano-calend\u00e1rio 2019 \u00e9 dia 28 de\u2026","rel":"","context":"Em &quot;Departamento Fiscal&quot;","block_context":{"text":"Departamento Fiscal","link":"http:\/\/cfcontabil.com\/cf\/category\/df\/"},"img":{"alt_text":"","src":"https:\/\/i0.wp.com\/cfcontabil.com\/cf\/wp-content\/uploads\/2019\/11\/dirf-imposto-renda.jpg?fit=609%2C503&resize=350%2C200","width":350,"height":200,"srcset":"https:\/\/i0.wp.com\/cfcontabil.com\/cf\/wp-content\/uploads\/2019\/11\/dirf-imposto-renda.jpg?fit=609%2C503&resize=350%2C200 1x, https:\/\/i0.wp.com\/cfcontabil.com\/cf\/wp-content\/uploads\/2019\/11\/dirf-imposto-renda.jpg?fit=609%2C503&resize=525%2C300 1.5x"},"classes":[]},{"id":1072,"url":"http:\/\/cfcontabil.com\/cf\/receita-federal-estabelece-a-obrigatoriedade-a-escrituracao-digital-de-retencoes-e-outras-informacoes-fiscais-efd-reinf\/","url_meta":{"origin":2853,"position":2},"title":"Receita Federal estabelece a obrigatoriedade \u00e0 Escritura\u00e7\u00e3o Digital de Reten\u00e7\u00f5es e Outras Informa\u00e7\u00f5es Fiscais (EFD-Reinf)","author":"Ab\u00edlio Gon\u00e7alves","date":"17 de mar\u00e7o de 2017","format":false,"excerpt":"EFD-Reinf tem informa\u00e7\u00f5es prestadas na Dirf e na GFIP. Foi publicada hoje no Di\u00e1rio Ofical da Uni\u00e3o a IN RFB n\u00b0 1701 que estabelece a obrigatoriedade \u00e0 Escritura\u00e7\u00e3o Digital de Reten\u00e7\u00f5es e Outras Informa\u00e7\u00f5es Fiscais (EFD-Reinf). Com a institui\u00e7\u00e3o da EFD-Reinf, cuja obriga\u00e7\u00e3o de entrega dever\u00e1 ser cumprida a partir\u2026","rel":"","context":"Em &quot;Departamento Fiscal&quot;","block_context":{"text":"Departamento Fiscal","link":"http:\/\/cfcontabil.com\/cf\/category\/df\/"},"img":{"alt_text":"","src":"https:\/\/i0.wp.com\/cfcontabil.com\/cf\/wp-content\/uploads\/2017\/02\/receita-federal-1-1.png?fit=702%2C325&resize=350%2C200","width":350,"height":200,"srcset":"https:\/\/i0.wp.com\/cfcontabil.com\/cf\/wp-content\/uploads\/2017\/02\/receita-federal-1-1.png?fit=702%2C325&resize=350%2C200 1x, https:\/\/i0.wp.com\/cfcontabil.com\/cf\/wp-content\/uploads\/2017\/02\/receita-federal-1-1.png?fit=702%2C325&resize=525%2C300 1.5x, https:\/\/i0.wp.com\/cfcontabil.com\/cf\/wp-content\/uploads\/2017\/02\/receita-federal-1-1.png?fit=702%2C325&resize=700%2C400 2x"},"classes":[]},{"id":1968,"url":"http:\/\/cfcontabil.com\/cf\/receita-federal-divulga-norma-sobre-a-declaracao-do-imposto-sobre-a-renda-retido-na-fonte-2020\/","url_meta":{"origin":2853,"position":3},"title":"Receita Federal divulga norma sobre a Declara\u00e7\u00e3o do Imposto sobre a Renda Retido na Fonte 2020","author":"Ab\u00edlio Gon\u00e7alves","date":"29 de novembro de 2019","format":false,"excerpt":"Declara\u00e7\u00e3o dever\u00e1 ser apresentada at\u00e9 as 23h59min59s do dia 28 de fevereiro de 2020 Foi publicada hoje, no Di\u00e1rio Oficial da Uni\u00e3o, a\u00a0Instru\u00e7\u00e3o Normativa RFB n\u00ba 1.915, de 2019, que disp\u00f5e sobre a Declara\u00e7\u00e3o do Imposto sobre a Renda Retido na Fonte referente ao ano-calend\u00e1rio de 2019 \u2013 Dirf 2020.\u2026","rel":"","context":"Em &quot;Departamento Fiscal&quot;","block_context":{"text":"Departamento Fiscal","link":"http:\/\/cfcontabil.com\/cf\/category\/df\/"},"img":{"alt_text":"","src":"https:\/\/i0.wp.com\/cfcontabil.com\/cf\/wp-content\/uploads\/2019\/11\/dirf-imposto-renda-banner.png?fit=886%2C346&resize=350%2C200","width":350,"height":200,"srcset":"https:\/\/i0.wp.com\/cfcontabil.com\/cf\/wp-content\/uploads\/2019\/11\/dirf-imposto-renda-banner.png?fit=886%2C346&resize=350%2C200 1x, https:\/\/i0.wp.com\/cfcontabil.com\/cf\/wp-content\/uploads\/2019\/11\/dirf-imposto-renda-banner.png?fit=886%2C346&resize=525%2C300 1.5x, https:\/\/i0.wp.com\/cfcontabil.com\/cf\/wp-content\/uploads\/2019\/11\/dirf-imposto-renda-banner.png?fit=886%2C346&resize=700%2C400 2x"},"classes":[]},{"id":2976,"url":"http:\/\/cfcontabil.com\/cf\/desvendando-o-dedo-duro-do-imposto-de-renda-o-cruzamento-de-informacoes\/","url_meta":{"origin":2853,"position":4},"title":"Desvendando o &#8220;dedo-duro&#8221; do Imposto de Renda: O Cruzamento de Informa\u00e7\u00f5es","author":"Ab\u00edlio Gon\u00e7alves","date":"7 de maio de 2024","format":false,"excerpt":"Voc\u00ea j\u00e1 se perguntou como a Receita Federal consegue detectar inconsist\u00eancias, omiss\u00f5es, mentiras e fraudes na declara\u00e7\u00e3o de Imposto de Renda? O segredo est\u00e1 no eficiente mecanismo de cruzamento de informa\u00e7\u00f5es. Quando voc\u00ea submete sua declara\u00e7\u00e3o de IR, todas as informa\u00e7\u00f5es fornecidas s\u00e3o minuciosamente comparadas com os dados provenientes de\u2026","rel":"","context":"Em &quot;Geral&quot;","block_context":{"text":"Geral","link":"http:\/\/cfcontabil.com\/cf\/category\/geral\/"},"img":{"alt_text":"","src":"https:\/\/i0.wp.com\/cfcontabil.com\/cf\/wp-content\/uploads\/2024\/05\/cruzamento-cfcontabil.png?fit=1200%2C675&resize=350%2C200","width":350,"height":200,"srcset":"https:\/\/i0.wp.com\/cfcontabil.com\/cf\/wp-content\/uploads\/2024\/05\/cruzamento-cfcontabil.png?fit=1200%2C675&resize=350%2C200 1x, https:\/\/i0.wp.com\/cfcontabil.com\/cf\/wp-content\/uploads\/2024\/05\/cruzamento-cfcontabil.png?fit=1200%2C675&resize=525%2C300 1.5x, https:\/\/i0.wp.com\/cfcontabil.com\/cf\/wp-content\/uploads\/2024\/05\/cruzamento-cfcontabil.png?fit=1200%2C675&resize=700%2C400 2x, https:\/\/i0.wp.com\/cfcontabil.com\/cf\/wp-content\/uploads\/2024\/05\/cruzamento-cfcontabil.png?fit=1200%2C675&resize=1050%2C600 3x"},"classes":[]},{"id":894,"url":"http:\/\/cfcontabil.com\/cf\/receita-federal-disponibiliza-o-programa-gerador-da-dirf-2017\/","url_meta":{"origin":2853,"position":5},"title":"Receita Federal disponibiliza o Programa Gerador da DIRF 2017","author":"Ab\u00edlio Gon\u00e7alves","date":"27 de janeiro de 2017","format":false,"excerpt":"A Declara\u00e7\u00e3o do Imposto de Renda Retido na Fonte \u2013 DIRF \u2013 \u00e9 uma obriga\u00e7\u00e3o tribut\u00e1ria acess\u00f3ria devida por todas as pessoas jur\u00eddicas \u2013 independentemente da forma de tributa\u00e7\u00e3o perante o imposto de renda \u2013 da reten\u00e7\u00e3o do IRF - Imposto de Renda na Fonte. Aten\u00e7\u00e3o ao prazo de entrega\u2026","rel":"","context":"Em &quot;Departamento Pessoal&quot;","block_context":{"text":"Departamento Pessoal","link":"http:\/\/cfcontabil.com\/cf\/category\/dp\/"},"img":{"alt_text":"","src":"https:\/\/i0.wp.com\/cfcontabil.com\/cf\/wp-content\/uploads\/2017\/01\/dirf-2017-tem-novo-prazo-de-entrega-1.png?fit=1200%2C627&resize=350%2C200","width":350,"height":200,"srcset":"https:\/\/i0.wp.com\/cfcontabil.com\/cf\/wp-content\/uploads\/2017\/01\/dirf-2017-tem-novo-prazo-de-entrega-1.png?fit=1200%2C627&resize=350%2C200 1x, https:\/\/i0.wp.com\/cfcontabil.com\/cf\/wp-content\/uploads\/2017\/01\/dirf-2017-tem-novo-prazo-de-entrega-1.png?fit=1200%2C627&resize=525%2C300 1.5x, https:\/\/i0.wp.com\/cfcontabil.com\/cf\/wp-content\/uploads\/2017\/01\/dirf-2017-tem-novo-prazo-de-entrega-1.png?fit=1200%2C627&resize=700%2C400 2x, https:\/\/i0.wp.com\/cfcontabil.com\/cf\/wp-content\/uploads\/2017\/01\/dirf-2017-tem-novo-prazo-de-entrega-1.png?fit=1200%2C627&resize=1050%2C600 3x"},"classes":[]}],"jetpack_likes_enabled":true,"_links":{"self":[{"href":"http:\/\/cfcontabil.com\/cf\/wp-json\/wp\/v2\/posts\/2853","targetHints":{"allow":["GET"]}}],"collection":[{"href":"http:\/\/cfcontabil.com\/cf\/wp-json\/wp\/v2\/posts"}],"about":[{"href":"http:\/\/cfcontabil.com\/cf\/wp-json\/wp\/v2\/types\/post"}],"author":[{"embeddable":true,"href":"http:\/\/cfcontabil.com\/cf\/wp-json\/wp\/v2\/users\/1"}],"replies":[{"embeddable":true,"href":"http:\/\/cfcontabil.com\/cf\/wp-json\/wp\/v2\/comments?post=2853"}],"version-history":[{"count":1,"href":"http:\/\/cfcontabil.com\/cf\/wp-json\/wp\/v2\/posts\/2853\/revisions"}],"predecessor-version":[{"id":2855,"href":"http:\/\/cfcontabil.com\/cf\/wp-json\/wp\/v2\/posts\/2853\/revisions\/2855"}],"wp:featuredmedia":[{"embeddable":true,"href":"http:\/\/cfcontabil.com\/cf\/wp-json\/wp\/v2\/media\/2854"}],"wp:attachment":[{"href":"http:\/\/cfcontabil.com\/cf\/wp-json\/wp\/v2\/media?parent=2853"}],"wp:term":[{"taxonomy":"category","embeddable":true,"href":"http:\/\/cfcontabil.com\/cf\/wp-json\/wp\/v2\/categories?post=2853"},{"taxonomy":"post_tag","embeddable":true,"href":"http:\/\/cfcontabil.com\/cf\/wp-json\/wp\/v2\/tags?post=2853"}],"curies":[{"name":"wp","href":"https:\/\/api.w.org\/{rel}","templated":true}]}}