{"id":2856,"date":"2023-02-23T10:32:52","date_gmt":"2023-02-23T13:32:52","guid":{"rendered":"https:\/\/cfcontabil.com\/cf\/?p=2856"},"modified":"2023-02-23T10:32:54","modified_gmt":"2023-02-23T13:32:54","slug":"prepare-a-sua-documentacao-para-o-imposto-de-renda-pessoa-fisica","status":"publish","type":"post","link":"http:\/\/cfcontabil.com\/cf\/prepare-a-sua-documentacao-para-o-imposto-de-renda-pessoa-fisica\/","title":{"rendered":"Prepare a sua documenta\u00e7\u00e3o para o Imposto de Renda Pessoa F\u00edsica!"},"content":{"rendered":"\n<p>Come\u00e7a no dia\u00a0<strong>15 de mar\u00e7o<\/strong>\u00a0o prazo para envio das declara\u00e7\u00f5es do Imposto de Renda 2023. A data foi anunciada pela Receita Federal. Chegou a hora de preparar sua documenta\u00e7\u00e3o com anteced\u00eancia.<\/p>\n\n\n\n<p>Os documentos necess\u00e1rios para realizar a entrega da Declara\u00e7\u00e3o do Imposto de Renda Pessoa F\u00edsica (IRPF) variam de acordo com a situa\u00e7\u00e3o do contribuinte e podem incluir:<\/p>\n\n\n\n<ol class=\"wp-block-list\">\n<li><strong>Informes de Rendimentos: <\/strong>S\u00e3o documentos que comprovam a renda recebida no ano anterior, tais como: sal\u00e1rios, aposentadoria, pens\u00e3o, rendimentos de alugu\u00e9is, entre outros.<\/li>\n\n\n\n<li><strong>Comprovantes de pagamentos: <\/strong>Recibos de pagamentos de despesas dedut\u00edveis, como sa\u00fade, educa\u00e7\u00e3o, pens\u00e3o aliment\u00edcia, doa\u00e7\u00f5es, previd\u00eancia privada, entre outros.<\/li>\n\n\n\n<li><strong>Informes banc\u00e1rios:<\/strong> Documentos que comprovem os saldos e rendimentos obtidos em contas banc\u00e1rias, investimentos, aplica\u00e7\u00f5es financeiras, entre outros.<\/li>\n\n\n\n<li><strong>Bens e direitos:<\/strong> Informa\u00e7\u00f5es sobre im\u00f3veis, ve\u00edculos, terrenos, joias, obras de arte, a\u00e7\u00f5es, entre outros bens e direitos.<\/li>\n\n\n\n<li><strong>D\u00edvidas e \u00f4nus: <\/strong>Informa\u00e7\u00f5es sobre empr\u00e9stimos, financiamentos, d\u00edvidas com cart\u00f5es de cr\u00e9dito, entre outros \u00f4nus.<\/li>\n\n\n\n<li><strong>Documentos pessoais:<\/strong> CPF, RG, comprovante de endere\u00e7o e informa\u00e7\u00f5es sobre dependentes, se houver.<\/li>\n\n\n\n<li><strong>Declara\u00e7\u00e3o anterior: <\/strong>Caso tenha feito a declara\u00e7\u00e3o do IRPF no ano anterior, \u00e9 necess\u00e1rio ter em m\u00e3os a declara\u00e7\u00e3o anterior.<\/li>\n\n\n\n<li><strong>Documentos adicionais:<\/strong> Dependendo da situa\u00e7\u00e3o do contribuinte, podem ser necess\u00e1rios outros documentos espec\u00edficos, como documentos de compra e venda de im\u00f3veis, ganho de capital, extratos de FGTS, recibos de doa\u00e7\u00f5es, extratos ou comprovantes de a\u00e7\u00f5es e investimentos, entre outros.<\/li>\n<\/ol>\n\n\n\n<p>\u00c9 importante lembrar que a lista de documentos pode variar de acordo com as mudan\u00e7as na legisla\u00e7\u00e3o tribut\u00e1ria e com a situa\u00e7\u00e3o de cada contribuinte. <\/p>\n\n\n\n<p>Por isso, \u00e9 importante consultar as orienta\u00e7\u00f5es da Receita Federal do Brasil para garantir que todos os documentos necess\u00e1rios estejam em ordem. <\/p>\n\n\n\n<p>A previs\u00e3o \u00e9 que dia 28 de fevereiro seja apresentado as novas regras para o IRPF de 2023.<\/p>\n","protected":false},"excerpt":{"rendered":"<p>Come\u00e7a no dia\u00a015 de mar\u00e7o\u00a0o prazo para envio das declara\u00e7\u00f5es do Imposto de Renda 2023. A data foi anunciada pela Receita Federal. Chegou a hora de preparar sua documenta\u00e7\u00e3o com anteced\u00eancia.<\/p>\n","protected":false},"author":1,"featured_media":2857,"comment_status":"open","ping_status":"open","sticky":false,"template":"","format":"standard","meta":{"jetpack_post_was_ever_published":false,"_jetpack_newsletter_access":"","_jetpack_dont_email_post_to_subs":false,"_jetpack_newsletter_tier_id":0,"_jetpack_memberships_contains_paywalled_content":false,"_jetpack_memberships_contains_paid_content":false,"footnotes":"","jetpack_publicize_message":"","jetpack_publicize_feature_enabled":true,"jetpack_social_post_already_shared":true,"jetpack_social_options":{"image_generator_settings":{"template":"highway","default_image_id":0,"font":"","enabled":false},"version":2}},"categories":[22],"tags":[],"class_list":["post-2856","post","type-post","status-publish","format-standard","has-post-thumbnail","hentry","category-geral"],"jetpack_publicize_connections":[],"jetpack_featured_media_url":"https:\/\/i0.wp.com\/cfcontabil.com\/cf\/wp-content\/uploads\/2023\/02\/Imposto-de-Renda-Contabilidade-Post-Feed-para-Instagram.png?fit=1280%2C720","jetpack_sharing_enabled":true,"jetpack_shortlink":"https:\/\/wp.me\/p2wklX-K4","jetpack-related-posts":[{"id":2748,"url":"http:\/\/cfcontabil.com\/cf\/imposto-de-renda-2022-prepare-seus-documentos-esta-semana\/","url_meta":{"origin":2856,"position":0},"title":"Imposto de Renda 2022: prepare seus documentos esta semana!","author":"Ab\u00edlio Gon\u00e7alves","date":"23 de fevereiro de 2022","format":false,"excerpt":"Separe seus documentos para fazer a declara\u00e7\u00e3o a partir de 2 de mar\u00e7o.","rel":"","context":"Em &quot;Imposto de Renda&quot;","block_context":{"text":"Imposto de Renda","link":"http:\/\/cfcontabil.com\/cf\/category\/imposto-de-renda\/"},"img":{"alt_text":"","src":"https:\/\/i0.wp.com\/cfcontabil.com\/cf\/wp-content\/uploads\/2022\/02\/Banner-na-imposto-de-renda-Miniatura-do-YouTube.png?fit=1200%2C675&resize=350%2C200","width":350,"height":200,"srcset":"https:\/\/i0.wp.com\/cfcontabil.com\/cf\/wp-content\/uploads\/2022\/02\/Banner-na-imposto-de-renda-Miniatura-do-YouTube.png?fit=1200%2C675&resize=350%2C200 1x, https:\/\/i0.wp.com\/cfcontabil.com\/cf\/wp-content\/uploads\/2022\/02\/Banner-na-imposto-de-renda-Miniatura-do-YouTube.png?fit=1200%2C675&resize=525%2C300 1.5x, https:\/\/i0.wp.com\/cfcontabil.com\/cf\/wp-content\/uploads\/2022\/02\/Banner-na-imposto-de-renda-Miniatura-do-YouTube.png?fit=1200%2C675&resize=700%2C400 2x, https:\/\/i0.wp.com\/cfcontabil.com\/cf\/wp-content\/uploads\/2022\/02\/Banner-na-imposto-de-renda-Miniatura-do-YouTube.png?fit=1200%2C675&resize=1050%2C600 3x"},"classes":[]},{"id":2951,"url":"http:\/\/cfcontabil.com\/cf\/guia-completo-do-irpf-2024-documentos-e-dicas-essenciais\/","url_meta":{"origin":2856,"position":1},"title":"GUIA COMPLETO DO IRPF 2024: Documentos e Dicas Essenciais","author":"Ab\u00edlio Gon\u00e7alves","date":"8 de fevereiro de 2024","format":false,"excerpt":"Estamos entrando na temporada de acerto de contas com o Le\u00e3o, e para tornar esse processo o mais tranquilo poss\u00edvel, preparamos um guia completo para voc\u00ea entender tudo sobre o Imposto de Renda Pessoa F\u00edsica (IRPF) 2024. O Que \u00c9 o IRPF? O Imposto de Renda Pessoa F\u00edsica \u00e9 uma\u2026","rel":"","context":"Em &quot;Geral&quot;","block_context":{"text":"Geral","link":"http:\/\/cfcontabil.com\/cf\/category\/geral\/"},"img":{"alt_text":"","src":"https:\/\/i0.wp.com\/cfcontabil.com\/cf\/wp-content\/uploads\/2024\/02\/cfcontabil-blog-irpf-2024-2.png?fit=1200%2C675&resize=350%2C200","width":350,"height":200,"srcset":"https:\/\/i0.wp.com\/cfcontabil.com\/cf\/wp-content\/uploads\/2024\/02\/cfcontabil-blog-irpf-2024-2.png?fit=1200%2C675&resize=350%2C200 1x, https:\/\/i0.wp.com\/cfcontabil.com\/cf\/wp-content\/uploads\/2024\/02\/cfcontabil-blog-irpf-2024-2.png?fit=1200%2C675&resize=525%2C300 1.5x, https:\/\/i0.wp.com\/cfcontabil.com\/cf\/wp-content\/uploads\/2024\/02\/cfcontabil-blog-irpf-2024-2.png?fit=1200%2C675&resize=700%2C400 2x, https:\/\/i0.wp.com\/cfcontabil.com\/cf\/wp-content\/uploads\/2024\/02\/cfcontabil-blog-irpf-2024-2.png?fit=1200%2C675&resize=1050%2C600 3x"},"classes":[]},{"id":1234,"url":"http:\/\/cfcontabil.com\/cf\/contribuintes-devem-estar-atentos-aos-termos-do-ir\/","url_meta":{"origin":2856,"position":2},"title":"Contribuintes devem estar atentos aos termos do IR","author":"Ab\u00edlio Gon\u00e7alves","date":"8 de mar\u00e7o de 2017","format":false,"excerpt":"Na retifica\u00e7\u00e3o \u00e9 poss\u00edvel corrigir erros da declara\u00e7\u00e3o enviada Na hora de preencher a declara\u00e7\u00e3o de Imposto de Renda, a quantidade de termos cont\u00e1beis pode confundir quem deve informar os rendimentos \u00e0 Receita Federal. \u00c9 preciso estar atento a esses conceitos para evitar erros e multas por inconsist\u00eancias. Confira alguns\u2026","rel":"","context":"Em &quot;Departamento Fiscal&quot;","block_context":{"text":"Departamento Fiscal","link":"http:\/\/cfcontabil.com\/cf\/category\/df\/"},"img":{"alt_text":"","src":"https:\/\/i0.wp.com\/cfcontabil.com\/cf\/wp-content\/uploads\/2017\/03\/ir-2016-declaracao-retificadora_615x300.png?resize=350%2C200","width":350,"height":200,"srcset":"https:\/\/i0.wp.com\/cfcontabil.com\/cf\/wp-content\/uploads\/2017\/03\/ir-2016-declaracao-retificadora_615x300.png?resize=350%2C200 1x, https:\/\/i0.wp.com\/cfcontabil.com\/cf\/wp-content\/uploads\/2017\/03\/ir-2016-declaracao-retificadora_615x300.png?resize=525%2C300 1.5x"},"classes":[]},{"id":343,"url":"http:\/\/cfcontabil.com\/cf\/irpf-2013-chegando-ao-fim\/","url_meta":{"origin":2856,"position":3},"title":"IRPF 2013 chegando ao fim!","author":"Ab\u00edlio Gon\u00e7alves","date":"17 de abril de 2013","format":false,"excerpt":"Se aproxima o fim do prazo de entrega da Declara\u00e7\u00e3o do Imposto de Renda Pessoa F\u00edsica de 2013, que encerra dia 30 de abril. Est\u00e1 obrigado a apresentar a declara\u00e7\u00e3o quem recebeu rendimentos tribut\u00e1veis superiores a R$ 24.556,65 em 2012 (ano-base para a declara\u00e7\u00e3o do IR de 2013), mas h\u00e1\u2026","rel":"","context":"Em &quot;Geral&quot;","block_context":{"text":"Geral","link":"http:\/\/cfcontabil.com\/cf\/category\/geral\/"},"img":{"alt_text":"Imposto de Renda","src":"https:\/\/i0.wp.com\/www.blogdajoice.com\/wp-content\/uploads\/2013\/03\/Charge-Le%C3%A3o-Imposto-de-Renda.jpg?resize=350%2C200","width":350,"height":200},"classes":[]},{"id":2110,"url":"http:\/\/cfcontabil.com\/cf\/imposto-de-renda-2020-esta-preparado\/","url_meta":{"origin":2856,"position":4},"title":"Imposto de Renda 2020 &#8211; Est\u00e1 preparado?","author":"Ab\u00edlio Gon\u00e7alves","date":"18 de fevereiro de 2020","format":false,"excerpt":"A entrega come\u00e7a dia 02 de mar\u00e7o, por isso a contagem regressiva j\u00e1 come\u00e7ou. Muito importante come\u00e7ar com anteced\u00eancia a prepara\u00e7\u00e3o dos seus documentos para a declara\u00e7\u00e3o do Imposto de Renda 2020. https:\/\/www.youtube.com\/watch?v=UpwbSoIuHaA Para a declara\u00e7\u00e3o de Imposto de Renda o contribuinte tem que organizar e separar diversos documentos importantes.\u2026","rel":"","context":"Em &quot;Departamento Fiscal&quot;","block_context":{"text":"Departamento Fiscal","link":"http:\/\/cfcontabil.com\/cf\/category\/df\/"},"img":{"alt_text":"","src":"https:\/\/i0.wp.com\/cfcontabil.com\/cf\/wp-content\/uploads\/2017\/02\/irpfrfb-1.jpg?fit=640%2C340&resize=350%2C200","width":350,"height":200,"srcset":"https:\/\/i0.wp.com\/cfcontabil.com\/cf\/wp-content\/uploads\/2017\/02\/irpfrfb-1.jpg?fit=640%2C340&resize=350%2C200 1x, https:\/\/i0.wp.com\/cfcontabil.com\/cf\/wp-content\/uploads\/2017\/02\/irpfrfb-1.jpg?fit=640%2C340&resize=525%2C300 1.5x"},"classes":[]},{"id":466,"url":"http:\/\/cfcontabil.com\/cf\/imposto-de-renda-2014-1o-de-marco-a-30-de-abril\/","url_meta":{"origin":2856,"position":5},"title":"Imposto de Renda 2014 ~ Regras e Esclarecimentos","author":"Vin\u00edcius Moizinho","date":"20 de fevereiro de 2014","format":false,"excerpt":"Boa tarde, prezados. Como deve ser de seu conhecimento, estamos em \u00e9poca de elabora\u00e7\u00e3o das Declara\u00e7\u00f5es de Imposto de Renda - Pessoa F\u00edsica 2014, per\u00edodo compreendido entre 06\u00a0de Mar\u00e7o e 30 de Abril, de acordo com os rendimentos referentes ao ano-calend\u00e1rio 2013. Est\u00e1 com d\u00favidas? Quer saber mais a respeito?\u2026","rel":"","context":"Em &quot;Departamento Fiscal&quot;","block_context":{"text":"Departamento Fiscal","link":"http:\/\/cfcontabil.com\/cf\/category\/df\/"},"img":{"alt_text":"","src":"https:\/\/i0.wp.com\/cfcontabil.com\/cf\/wp-content\/uploads\/2013\/10\/IMPOSTO-597x245-2.jpg?fit=597%2C245&resize=350%2C200","width":350,"height":200,"srcset":"https:\/\/i0.wp.com\/cfcontabil.com\/cf\/wp-content\/uploads\/2013\/10\/IMPOSTO-597x245-2.jpg?fit=597%2C245&resize=350%2C200 1x, https:\/\/i0.wp.com\/cfcontabil.com\/cf\/wp-content\/uploads\/2013\/10\/IMPOSTO-597x245-2.jpg?fit=597%2C245&resize=525%2C300 1.5x"},"classes":[]}],"jetpack_likes_enabled":true,"_links":{"self":[{"href":"http:\/\/cfcontabil.com\/cf\/wp-json\/wp\/v2\/posts\/2856","targetHints":{"allow":["GET"]}}],"collection":[{"href":"http:\/\/cfcontabil.com\/cf\/wp-json\/wp\/v2\/posts"}],"about":[{"href":"http:\/\/cfcontabil.com\/cf\/wp-json\/wp\/v2\/types\/post"}],"author":[{"embeddable":true,"href":"http:\/\/cfcontabil.com\/cf\/wp-json\/wp\/v2\/users\/1"}],"replies":[{"embeddable":true,"href":"http:\/\/cfcontabil.com\/cf\/wp-json\/wp\/v2\/comments?post=2856"}],"version-history":[{"count":1,"href":"http:\/\/cfcontabil.com\/cf\/wp-json\/wp\/v2\/posts\/2856\/revisions"}],"predecessor-version":[{"id":2858,"href":"http:\/\/cfcontabil.com\/cf\/wp-json\/wp\/v2\/posts\/2856\/revisions\/2858"}],"wp:featuredmedia":[{"embeddable":true,"href":"http:\/\/cfcontabil.com\/cf\/wp-json\/wp\/v2\/media\/2857"}],"wp:attachment":[{"href":"http:\/\/cfcontabil.com\/cf\/wp-json\/wp\/v2\/media?parent=2856"}],"wp:term":[{"taxonomy":"category","embeddable":true,"href":"http:\/\/cfcontabil.com\/cf\/wp-json\/wp\/v2\/categories?post=2856"},{"taxonomy":"post_tag","embeddable":true,"href":"http:\/\/cfcontabil.com\/cf\/wp-json\/wp\/v2\/tags?post=2856"}],"curies":[{"name":"wp","href":"https:\/\/api.w.org\/{rel}","templated":true}]}}