{"id":2951,"date":"2024-02-08T10:04:40","date_gmt":"2024-02-08T13:04:40","guid":{"rendered":"https:\/\/cfcontabil.com\/cf\/?p=2951"},"modified":"2024-03-06T13:36:51","modified_gmt":"2024-03-06T16:36:51","slug":"guia-completo-do-irpf-2024-documentos-e-dicas-essenciais","status":"publish","type":"post","link":"http:\/\/cfcontabil.com\/cf\/guia-completo-do-irpf-2024-documentos-e-dicas-essenciais\/","title":{"rendered":"GUIA COMPLETO DO IRPF 2024: Documentos e Dicas Essenciais"},"content":{"rendered":"\n<p>Estamos entrando na temporada de acerto de contas com o Le\u00e3o, e para tornar esse processo o mais tranquilo poss\u00edvel, preparamos um guia completo para voc\u00ea entender tudo sobre o Imposto de Renda Pessoa F\u00edsica (IRPF) 2024.<\/p>\n\n\n\n<h2 class=\"wp-block-heading\">O Que \u00c9 o IRPF?<\/h2>\n\n\n\n<p>O Imposto de Renda Pessoa F\u00edsica \u00e9 uma <strong>obriga\u00e7\u00e3o anual <\/strong>em que cada brasileiro declara \u00e0 Receita Federal seus ganhos ao longo do ano anterior. \u00c9 uma forma de acompanhar a evolu\u00e7\u00e3o patrimonial e garantir que todos contribuam de acordo com sua capacidade financeira.<\/p>\n\n\n\n<h2 class=\"wp-block-heading\">Quem Deve Declarar?<\/h2>\n\n\n\n<p>Um dos principais motivos \u00e9 se voc\u00ea recebeu <strong>rendimentos tribut\u00e1veis<\/strong> (sal\u00e1rios, alugu\u00e9is, aposentadorias, etc) acima do teto em 2023, <strong>voc\u00ea precisa declarar o Imposto de Renda<\/strong>. Segue os limites:<\/p>\n\n\n\n<p><em>Atualiza\u00e7\u00e3o dos limites de obrigatoriedade, em fun\u00e7\u00e3o da Lei 14.663\/2023:<\/em><\/p>\n\n\n\n<ul class=\"wp-block-list\">\n<li>Limite de rendimentos tribut\u00e1veis passou de<strong> R$ 28.559,70 para R$ 30.639,90<\/strong><\/li>\n\n\n\n<li>Limite de rendimentos isentos e n\u00e3o tribut\u00e1veis de <strong>R$ 40 mil para R$ 200 mil<\/strong><\/li>\n\n\n\n<li>Receita Bruta da atividade Rural de <strong>R$ 142.798,50 para R$ 153.199,50<\/strong><\/li>\n\n\n\n<li>Posse ou propriedade de bens e direitos de <strong>R$ 300 mil para R$ 800 mil<\/strong><\/li>\n<\/ul>\n\n\n\n<p>No entanto, existem outras circunst\u00e2ncias que tamb\u00e9m exigem a entrega da declara\u00e7\u00e3o do IRPF:<\/p>\n\n\n\n<ul class=\"wp-block-list\">\n<li>Obteve\u00a0<strong>ganho de capital<\/strong>\u00a0na aliena\u00e7\u00e3o de bens ou direitos sujeito ao imposto; ou\u00a0<strong>optou pela isen\u00e7\u00e3o<\/strong>\u00a0sobre a venda de im\u00f3veis, seguido de aquisi\u00e7\u00e3o de outro em at\u00e9 180 dias.<\/li>\n\n\n\n<li>Investidores da bolsa de valores e estrangeiros residentes no Brasil tamb\u00e9m t\u00eam a obriga\u00e7\u00e3o de realizar a declara\u00e7\u00e3o.<\/li>\n\n\n\n<li>Obteve receita bruta na atividade rural em valor acima do\u00a0<strong>limite<\/strong>; ou pretenda\u00a0<strong>compensar<\/strong>\u00a0preju\u00edzos da atividade rural deste ou de anos anteriores.<\/li>\n\n\n\n<li>Teve a posse ou a propriedade, em 31 de dezembro do ano-calend\u00e1rio, de bens ou direitos, inclusive terra nua, acima do&nbsp;<strong>limite<\/strong>.<\/li>\n\n\n\n<li><strong>Passou \u00e0 condi\u00e7\u00e3o de residente<\/strong>\u00a0no Brasil, em qualquer m\u00eas, e nessa condi\u00e7\u00e3o se encontrava em 31 de dezembro do ano-calend\u00e1rio.<\/li>\n<\/ul>\n\n\n\n<p><em>Obrigatoriedade da Lei 14.754\/2023, referente \u00e0 bens e direitos no exterior:<\/em><\/p>\n\n\n\n<ul class=\"wp-block-list\">\n<li>Optou por detalhar bens da entidade controlada como se fossem da pessoa f\u00edsica &#8211; Artigo 8\u00ba<\/li>\n\n\n\n<li>Possuir trust no exterior \u2013 Artigo 11<\/li>\n\n\n\n<li>Deseja atualizar bens no exterior \u2013 Artigo 14<\/li>\n<\/ul>\n\n\n\n<p>Al\u00e9m disso, as empresas, bancos e institui\u00e7\u00f5es financeiras a partir do dia 28 de fevereiro para fornecer o <strong>informe de rendimentos<\/strong>, um documento importante para sua declara\u00e7\u00e3o.<\/p>\n\n\n\n<p>O <strong>extrato de rendimentos<\/strong> destinado ao Imposto de Renda dos aposentados e pensionistas estar\u00e1 dispon\u00edvel no site e no aplicativo do <strong>Meu INSS<\/strong>, bem como no banco onde recebem a aposentadoria ou pens\u00e3o. \u00c9 importante lembrar que o acesso online \u00e9 realizado por meio da conta Gov.br.<\/p>\n\n\n\n<h2 class=\"wp-block-heading\">Prazos Importantes:<\/h2>\n\n\n\n<ul class=\"wp-block-list\">\n<li><strong>In\u00edcio da Declara\u00e7\u00e3o:<\/strong> 15 de mar\u00e7o<\/li>\n\n\n\n<li><strong>Prazo Final:<\/strong> 31 de maio<\/li>\n\n\n\n<li><strong>Pagamento de DARF da 1\u00aa cota e da cota \u00fanica:<\/strong> 31 de maio<\/li>\n<\/ul>\n\n\n\n<p>N\u00e3o deixe para a \u00faltima hora! Fique atento aos prazos para evitar multas por atraso.<\/p>\n\n\n\n<h2 class=\"wp-block-heading\">Checklist de Documentos:<\/h2>\n\n\n\n<p>Para preencher sua declara\u00e7\u00e3o corretamente, voc\u00ea vai precisar dos seguintes documentos:<\/p>\n\n\n\n<ul class=\"wp-block-list\">\n<li>RG e CPF (seu e dos dependentes)<\/li>\n\n\n\n<li>Extrato do INSS (para aposentados\/pensionistas)<\/li>\n\n\n\n<li>Comprovantes de rendimentos (sal\u00e1rios, alugu\u00e9is, etc.)<\/li>\n\n\n\n<li>Recibos de despesas m\u00e9dicas e odontol\u00f3gicas<\/li>\n\n\n\n<li>Comprovantes de despesas com educa\u00e7\u00e3o<\/li>\n\n\n\n<li>Documentos de compra e venda de bens<\/li>\n\n\n\n<li>Recibo e Declara\u00e7\u00e3o IRPF do ano anterior (se houver)<\/li>\n<\/ul>\n\n\n\n<h2 class=\"wp-block-heading\">Principais Dedu\u00e7\u00f5es:<\/h2>\n\n\n\n<ol class=\"wp-block-list\">\n<li><strong>Dependentes:<\/strong> Voc\u00ea pode deduzir at\u00e9 R$ 2.275,08 por dependente. Lembre-se de informar o CPF e data de nascimento de todos.<\/li>\n\n\n\n<li><strong>Educa\u00e7\u00e3o:<\/strong> Despesas com educa\u00e7\u00e3o podem ser deduzidas em at\u00e9 R$ 3.561,50 por pessoa.<\/li>\n\n\n\n<li><strong>Despesas M\u00e9dicas:<\/strong> Gastos com sa\u00fade podem ser totalmente deduzidos, incluindo consultas, exames e planos de sa\u00fade.<\/li>\n\n\n\n<li><strong>Previd\u00eancia Privada:<\/strong> Contribui\u00e7\u00f5es para previd\u00eancia privada podem ser deduzidas em at\u00e9 12% da sua renda tribut\u00e1vel.<\/li>\n\n\n\n<li><strong>Outras Dedu\u00e7\u00f5es:<\/strong> Despesas com aluguel, presta\u00e7\u00f5es de im\u00f3veis financiados e doa\u00e7\u00f5es tamb\u00e9m podem ser deduzidas, conforme determina a legisla\u00e7\u00e3o em cada caso espec\u00edfico.<\/li>\n<\/ol>\n\n\n\n<h2 class=\"wp-block-heading\">MUITA ATEN\u00c7\u00c3O &#8211; O que fazer com os documentos?<\/h2>\n\n\n\n<p>Os comprovantes e documentos fiscais devem ser guardados por,&nbsp;<strong>no m\u00ednimo cinco anos<\/strong>, seja de forma f\u00edsica ou digital, caso a Receita pe\u00e7a para o contribuinte comprovar a veracidade das informa\u00e7\u00f5es.<\/p>\n\n\n\n<figure class=\"wp-block-image size-large\"><a href=\"https:\/\/i0.wp.com\/cfcontabil.com\/cf\/wp-content\/uploads\/2024\/02\/cfcontabil-blog-irpf-2024-1.png?ssl=1\"><img data-recalc-dims=\"1\" fetchpriority=\"high\" decoding=\"async\" width=\"1024\" height=\"576\" data-attachment-id=\"2952\" data-permalink=\"http:\/\/cfcontabil.com\/cf\/guia-completo-do-irpf-2024-documentos-e-dicas-essenciais\/cfcontabil-blog-irpf-2024-1\/\" data-orig-file=\"https:\/\/i0.wp.com\/cfcontabil.com\/cf\/wp-content\/uploads\/2024\/02\/cfcontabil-blog-irpf-2024-1.png?fit=1280%2C720\" data-orig-size=\"1280,720\" data-comments-opened=\"1\" data-image-meta=\"{&quot;aperture&quot;:&quot;0&quot;,&quot;credit&quot;:&quot;&quot;,&quot;camera&quot;:&quot;&quot;,&quot;caption&quot;:&quot;&quot;,&quot;created_timestamp&quot;:&quot;0&quot;,&quot;copyright&quot;:&quot;&quot;,&quot;focal_length&quot;:&quot;0&quot;,&quot;iso&quot;:&quot;0&quot;,&quot;shutter_speed&quot;:&quot;0&quot;,&quot;title&quot;:&quot;&quot;,&quot;orientation&quot;:&quot;0&quot;}\" data-image-title=\"cfcontabil-blog-irpf-2024-1\" data-image-description=\"\" data-image-caption=\"\" data-large-file=\"https:\/\/i0.wp.com\/cfcontabil.com\/cf\/wp-content\/uploads\/2024\/02\/cfcontabil-blog-irpf-2024-1.png?fit=1024%2C576\" src=\"https:\/\/i0.wp.com\/cfcontabil.com\/cf\/wp-content\/uploads\/2024\/02\/cfcontabil-blog-irpf-2024-1-1024x576.png?resize=1024%2C576&#038;ssl=1\" alt=\"\" class=\"wp-image-2952\" srcset=\"https:\/\/i0.wp.com\/cfcontabil.com\/cf\/wp-content\/uploads\/2024\/02\/cfcontabil-blog-irpf-2024-1.png?resize=1024%2C576 1024w, https:\/\/i0.wp.com\/cfcontabil.com\/cf\/wp-content\/uploads\/2024\/02\/cfcontabil-blog-irpf-2024-1.png?resize=300%2C169 300w, https:\/\/i0.wp.com\/cfcontabil.com\/cf\/wp-content\/uploads\/2024\/02\/cfcontabil-blog-irpf-2024-1.png?resize=768%2C432 768w, https:\/\/i0.wp.com\/cfcontabil.com\/cf\/wp-content\/uploads\/2024\/02\/cfcontabil-blog-irpf-2024-1.png?w=1280 1280w\" sizes=\"(max-width: 1024px) 100vw, 1024px\" \/><\/a><\/figure>\n\n\n\n<h2 class=\"wp-block-heading\">Por Que Contratar um Contador?<\/h2>\n\n\n\n<p>Mesmo com todas essas informa\u00e7\u00f5es, sabemos que o processo pode ser complexo. Por isso, estamos aqui para ajudar! Oferecemos assist\u00eancia especializada na elabora\u00e7\u00e3o do imposto de renda, garantindo que tudo seja feito de acordo com as normas da Receita Federal.<\/p>\n\n\n\n<p>Se surgir alguma d\u00favida ou se precisar de ajuda, n\u00e3o hesite em entrar em contato conosco pelo WhatsApp (61) 33816090. Nossa equipe de especialistas est\u00e1 pronta para te ajudar!<\/p>\n\n\n\n<p>Com organiza\u00e7\u00e3o e conhecimento, fazer sua declara\u00e7\u00e3o do Imposto de Renda pode ser mais simples do que voc\u00ea imagina. <\/p>\n\n\n\n<p>Contamos com voc\u00ea para tornar esse processo o mais tranquilo poss\u00edvel. Boa declara\u00e7\u00e3o!<\/p>\n","protected":false},"excerpt":{"rendered":"<p>Estamos entrando na temporada de acerto de contas com o Le\u00e3o, e para tornar esse processo o mais tranquilo poss\u00edvel, preparamos um guia completo para voc\u00ea entender tudo sobre o Imposto de Renda Pessoa F\u00edsica (IRPF) 2024. O Que \u00c9 o IRPF? O Imposto de Renda Pessoa F\u00edsica \u00e9 uma obriga\u00e7\u00e3o anual em que cada [&hellip;]<\/p>\n","protected":false},"author":1,"featured_media":2953,"comment_status":"open","ping_status":"open","sticky":false,"template":"","format":"standard","meta":{"jetpack_post_was_ever_published":false,"_jetpack_newsletter_access":"","_jetpack_dont_email_post_to_subs":false,"_jetpack_newsletter_tier_id":0,"_jetpack_memberships_contains_paywalled_content":false,"_jetpack_memberships_contains_paid_content":false,"footnotes":"","jetpack_publicize_message":"","jetpack_publicize_feature_enabled":true,"jetpack_social_post_already_shared":true,"jetpack_social_options":{"image_generator_settings":{"template":"highway","default_image_id":0,"font":"","enabled":false},"version":2}},"categories":[22],"tags":[861,106,369,434,78,220,108,410,115,111,412,93],"class_list":["post-2951","post","type-post","status-publish","format-standard","has-post-thumbnail","hentry","category-geral","tag-861","tag-declaracao","tag-dependente","tag-despesa","tag-esocial","tag-ganho","tag-imposto","tag-informe","tag-irpf","tag-renda","tag-rendimentos","tag-salario"],"jetpack_publicize_connections":[],"jetpack_featured_media_url":"https:\/\/i0.wp.com\/cfcontabil.com\/cf\/wp-content\/uploads\/2024\/02\/cfcontabil-blog-irpf-2024-2.png?fit=1280%2C720","jetpack_sharing_enabled":true,"jetpack_shortlink":"https:\/\/wp.me\/p2wklX-LB","jetpack-related-posts":[{"id":3155,"url":"http:\/\/cfcontabil.com\/cf\/%e2%9c%85-irpf-2025-checklist-completo-para-voce-declarar-sem-dor-de-cabeca\/","url_meta":{"origin":2951,"position":0},"title":"IRPF 2025: Checklist completo para voc\u00ea declarar sem dor de cabe\u00e7a","author":"Ab\u00edlio Gon\u00e7alves","date":"24 de abril de 2025","format":false,"excerpt":"A temporada de declara\u00e7\u00e3o do Imposto de Renda 2025 j\u00e1 come\u00e7ou, e para n\u00e3o correr riscos com a Receita Federal, o ideal \u00e9 estar com toda a documenta\u00e7\u00e3o organizada o quanto antes. Se voc\u00ea est\u00e1 em d\u00favida sobre o que precisa reunir, este checklist vai te ajudar. Anote a\u00ed: Documentos\u2026","rel":"","context":"Em &quot;Imposto de Renda&quot;","block_context":{"text":"Imposto de Renda","link":"http:\/\/cfcontabil.com\/cf\/category\/imposto-de-renda\/"},"img":{"alt_text":"","src":"https:\/\/i0.wp.com\/cfcontabil.com\/cf\/wp-content\/uploads\/2025\/04\/um-checklist-de-documentos-sobre-uma-mesa-de-trabalho.png?fit=1024%2C768&resize=350%2C200","width":350,"height":200,"srcset":"https:\/\/i0.wp.com\/cfcontabil.com\/cf\/wp-content\/uploads\/2025\/04\/um-checklist-de-documentos-sobre-uma-mesa-de-trabalho.png?fit=1024%2C768&resize=350%2C200 1x, https:\/\/i0.wp.com\/cfcontabil.com\/cf\/wp-content\/uploads\/2025\/04\/um-checklist-de-documentos-sobre-uma-mesa-de-trabalho.png?fit=1024%2C768&resize=525%2C300 1.5x, https:\/\/i0.wp.com\/cfcontabil.com\/cf\/wp-content\/uploads\/2025\/04\/um-checklist-de-documentos-sobre-uma-mesa-de-trabalho.png?fit=1024%2C768&resize=700%2C400 2x"},"classes":[]},{"id":3466,"url":"http:\/\/cfcontabil.com\/cf\/irpf-2026-isencao-de-r-5mil-nova-tabela\/","url_meta":{"origin":2951,"position":1},"title":"IR 2026: Isen\u00e7\u00e3o de R$ 5mil &#8211; Nova Tabela!","author":"Ab\u00edlio Gon\u00e7alves","date":"16 de janeiro de 2026","format":false,"excerpt":"Guia Completo da CF Cont\u00e1bil 1.0 Introdu\u00e7\u00e3o: Voc\u00ea Est\u00e1 Deixando Dinheiro na Mesa?Voc\u00ea sabe se tem direito \u00e0 isen\u00e7\u00e3o total do Imposto de Renda ou se est\u00e1 pagando um imposto que poderia economizar? A resposta pode definir se voc\u00ea receber\u00e1 uma restitui\u00e7\u00e3o maior ou se deixar\u00e1 um dinheiro valioso para\u2026","rel":"","context":"Em &quot;Imposto de Renda&quot;","block_context":{"text":"Imposto de Renda","link":"http:\/\/cfcontabil.com\/cf\/category\/imposto-de-renda\/"},"img":{"alt_text":"","src":"https:\/\/i0.wp.com\/cfcontabil.com\/cf\/wp-content\/uploads\/2026\/01\/IRPF26-NOVA-TABELA-scaled.png?fit=1200%2C670&resize=350%2C200","width":350,"height":200,"srcset":"https:\/\/i0.wp.com\/cfcontabil.com\/cf\/wp-content\/uploads\/2026\/01\/IRPF26-NOVA-TABELA-scaled.png?fit=1200%2C670&resize=350%2C200 1x, https:\/\/i0.wp.com\/cfcontabil.com\/cf\/wp-content\/uploads\/2026\/01\/IRPF26-NOVA-TABELA-scaled.png?fit=1200%2C670&resize=525%2C300 1.5x, https:\/\/i0.wp.com\/cfcontabil.com\/cf\/wp-content\/uploads\/2026\/01\/IRPF26-NOVA-TABELA-scaled.png?fit=1200%2C670&resize=700%2C400 2x, https:\/\/i0.wp.com\/cfcontabil.com\/cf\/wp-content\/uploads\/2026\/01\/IRPF26-NOVA-TABELA-scaled.png?fit=1200%2C670&resize=1050%2C600 3x"},"classes":[]},{"id":2856,"url":"http:\/\/cfcontabil.com\/cf\/prepare-a-sua-documentacao-para-o-imposto-de-renda-pessoa-fisica\/","url_meta":{"origin":2951,"position":2},"title":"Prepare a sua documenta\u00e7\u00e3o para o Imposto de Renda Pessoa F\u00edsica!","author":"Ab\u00edlio Gon\u00e7alves","date":"23 de fevereiro de 2023","format":false,"excerpt":"Come\u00e7a no dia\u00a015 de mar\u00e7o\u00a0o prazo para envio das declara\u00e7\u00f5es do Imposto de Renda 2023. A data foi anunciada pela Receita Federal. Chegou a hora de preparar sua documenta\u00e7\u00e3o com anteced\u00eancia.","rel":"","context":"Em &quot;Geral&quot;","block_context":{"text":"Geral","link":"http:\/\/cfcontabil.com\/cf\/category\/geral\/"},"img":{"alt_text":"","src":"https:\/\/i0.wp.com\/cfcontabil.com\/cf\/wp-content\/uploads\/2023\/02\/Imposto-de-Renda-Contabilidade-Post-Feed-para-Instagram.png?fit=1200%2C675&resize=350%2C200","width":350,"height":200,"srcset":"https:\/\/i0.wp.com\/cfcontabil.com\/cf\/wp-content\/uploads\/2023\/02\/Imposto-de-Renda-Contabilidade-Post-Feed-para-Instagram.png?fit=1200%2C675&resize=350%2C200 1x, https:\/\/i0.wp.com\/cfcontabil.com\/cf\/wp-content\/uploads\/2023\/02\/Imposto-de-Renda-Contabilidade-Post-Feed-para-Instagram.png?fit=1200%2C675&resize=525%2C300 1.5x, https:\/\/i0.wp.com\/cfcontabil.com\/cf\/wp-content\/uploads\/2023\/02\/Imposto-de-Renda-Contabilidade-Post-Feed-para-Instagram.png?fit=1200%2C675&resize=700%2C400 2x, https:\/\/i0.wp.com\/cfcontabil.com\/cf\/wp-content\/uploads\/2023\/02\/Imposto-de-Renda-Contabilidade-Post-Feed-para-Instagram.png?fit=1200%2C675&resize=1050%2C600 3x"},"classes":[]},{"id":802,"url":"http:\/\/cfcontabil.com\/cf\/divulgado-o-cronograma-do-irpf-2017-pela-receita-federal\/","url_meta":{"origin":2951,"position":3},"title":"Divulgado o cronograma do IRPF 2017 pela Receita Federal","author":"Ab\u00edlio Gon\u00e7alves","date":"9 de janeiro de 2017","format":false,"excerpt":"\u00c9 importante saber que al\u00e9m da \u00a0Declara\u00e7\u00e3o de Ajuste Anual da Pessoa F\u00edsica, v\u00e1rios programas e aplicativos auxiliares que visam facilitar o cumprimento das obriga\u00e7\u00f5es tribut\u00e1rias por parte dos contribuintes. Fique atento as datas e n\u00e3o perca os prazos, na d\u00favida, busque um contador para ajudar: A Secretaria da Receita\u2026","rel":"","context":"Em &quot;Geral&quot;","block_context":{"text":"Geral","link":"http:\/\/cfcontabil.com\/cf\/category\/geral\/"},"img":{"alt_text":"","src":"https:\/\/i0.wp.com\/cfcontabil.com\/cf\/wp-content\/uploads\/2017\/01\/leao-imposto-renda-original1-1.jpeg?fit=620%2C349&resize=350%2C200","width":350,"height":200,"srcset":"https:\/\/i0.wp.com\/cfcontabil.com\/cf\/wp-content\/uploads\/2017\/01\/leao-imposto-renda-original1-1.jpeg?fit=620%2C349&resize=350%2C200 1x, https:\/\/i0.wp.com\/cfcontabil.com\/cf\/wp-content\/uploads\/2017\/01\/leao-imposto-renda-original1-1.jpeg?fit=620%2C349&resize=525%2C300 1.5x"},"classes":[]},{"id":2186,"url":"http:\/\/cfcontabil.com\/cf\/secretario-da-receita-diz-que-nao-ha-adiamento-do-prazo-de-entrega-do-irpf\/","url_meta":{"origin":2951,"position":4},"title":"Secret\u00e1rio da Receita diz que n\u00e3o h\u00e1 adiamento do prazo de entrega do IRPF","author":"Ab\u00edlio Gon\u00e7alves","date":"25 de mar\u00e7o de 2020","format":false,"excerpt":"Segundo Tostes, a not\u00edcia sobre adiamento \u00e9 \u201cimprocedente\u201d. Adriana Fernandes - Estad\u00e3o Conte\u00fado O secret\u00e1rio da Receita Federal, Jos\u00e9 Tostes, informou ao jornal O Estado de S. Paulo, por meio da assessoria de comunica\u00e7\u00e3o do Minist\u00e9rio da Economia, que n\u00e3o houve nenhuma mudan\u00e7a no prazo final de entrega da declara\u00e7\u00e3o\u2026","rel":"","context":"Em &quot;Departamento Fiscal&quot;","block_context":{"text":"Departamento Fiscal","link":"http:\/\/cfcontabil.com\/cf\/category\/df\/"},"img":{"alt_text":"","src":"https:\/\/i0.wp.com\/cfcontabil.com\/cf\/wp-content\/uploads\/2016\/03\/entrega-do-imposto-de-renda-2.jpg?fit=645%2C320&resize=350%2C200","width":350,"height":200,"srcset":"https:\/\/i0.wp.com\/cfcontabil.com\/cf\/wp-content\/uploads\/2016\/03\/entrega-do-imposto-de-renda-2.jpg?fit=645%2C320&resize=350%2C200 1x, https:\/\/i0.wp.com\/cfcontabil.com\/cf\/wp-content\/uploads\/2016\/03\/entrega-do-imposto-de-renda-2.jpg?fit=645%2C320&resize=525%2C300 1.5x"},"classes":[]},{"id":2112,"url":"http:\/\/cfcontabil.com\/cf\/contribuintes-podem-baixar-programa-do-imposto-de-renda-2020-nesta-quinta-feira-20\/","url_meta":{"origin":2951,"position":5},"title":"Contribuintes podem baixar programa do Imposto de Renda 2020 nesta quinta-feira (20)","author":"Ab\u00edlio Gon\u00e7alves","date":"20 de fevereiro de 2020","format":false,"excerpt":"Receita Federal espera receber 32 milh\u00f5es de declara\u00e7\u00f5es de pessoas f\u00edsicas https:\/\/www.youtube.com\/watch?v=UpwbSoIuHaA&feature=youtu.be Contribuinte que atrasar a entrega do IRPF 2020 pagar\u00e1 multa de 1% sobre o imposto devido ao m\u00eas. O valor m\u00ednimo \u00e9 de R$ 165,74. - Foto: Secom\/PR Apartir das 8h desta quinta-feira (20), contribuintes poder\u00e3o baixar o\u2026","rel":"","context":"Em &quot;Departamento Fiscal&quot;","block_context":{"text":"Departamento Fiscal","link":"http:\/\/cfcontabil.com\/cf\/category\/df\/"},"img":{"alt_text":"","src":"https:\/\/i0.wp.com\/cfcontabil.com\/cf\/wp-content\/uploads\/2020\/02\/IRPF-regras-youtube.jpeg?fit=1200%2C675&resize=350%2C200","width":350,"height":200,"srcset":"https:\/\/i0.wp.com\/cfcontabil.com\/cf\/wp-content\/uploads\/2020\/02\/IRPF-regras-youtube.jpeg?fit=1200%2C675&resize=350%2C200 1x, https:\/\/i0.wp.com\/cfcontabil.com\/cf\/wp-content\/uploads\/2020\/02\/IRPF-regras-youtube.jpeg?fit=1200%2C675&resize=525%2C300 1.5x, https:\/\/i0.wp.com\/cfcontabil.com\/cf\/wp-content\/uploads\/2020\/02\/IRPF-regras-youtube.jpeg?fit=1200%2C675&resize=700%2C400 2x, https:\/\/i0.wp.com\/cfcontabil.com\/cf\/wp-content\/uploads\/2020\/02\/IRPF-regras-youtube.jpeg?fit=1200%2C675&resize=1050%2C600 3x"},"classes":[]}],"jetpack_likes_enabled":true,"_links":{"self":[{"href":"http:\/\/cfcontabil.com\/cf\/wp-json\/wp\/v2\/posts\/2951","targetHints":{"allow":["GET"]}}],"collection":[{"href":"http:\/\/cfcontabil.com\/cf\/wp-json\/wp\/v2\/posts"}],"about":[{"href":"http:\/\/cfcontabil.com\/cf\/wp-json\/wp\/v2\/types\/post"}],"author":[{"embeddable":true,"href":"http:\/\/cfcontabil.com\/cf\/wp-json\/wp\/v2\/users\/1"}],"replies":[{"embeddable":true,"href":"http:\/\/cfcontabil.com\/cf\/wp-json\/wp\/v2\/comments?post=2951"}],"version-history":[{"count":4,"href":"http:\/\/cfcontabil.com\/cf\/wp-json\/wp\/v2\/posts\/2951\/revisions"}],"predecessor-version":[{"id":2961,"href":"http:\/\/cfcontabil.com\/cf\/wp-json\/wp\/v2\/posts\/2951\/revisions\/2961"}],"wp:featuredmedia":[{"embeddable":true,"href":"http:\/\/cfcontabil.com\/cf\/wp-json\/wp\/v2\/media\/2953"}],"wp:attachment":[{"href":"http:\/\/cfcontabil.com\/cf\/wp-json\/wp\/v2\/media?parent=2951"}],"wp:term":[{"taxonomy":"category","embeddable":true,"href":"http:\/\/cfcontabil.com\/cf\/wp-json\/wp\/v2\/categories?post=2951"},{"taxonomy":"post_tag","embeddable":true,"href":"http:\/\/cfcontabil.com\/cf\/wp-json\/wp\/v2\/tags?post=2951"}],"curies":[{"name":"wp","href":"https:\/\/api.w.org\/{rel}","templated":true}]}}