{"id":2962,"date":"2024-03-07T12:41:56","date_gmt":"2024-03-07T15:41:56","guid":{"rendered":"https:\/\/cfcontabil.com\/cf\/?p=2962"},"modified":"2024-03-07T12:41:58","modified_gmt":"2024-03-07T15:41:58","slug":"o-abc-dos-impostos-imobiliarios-tudo-sobre-iptu-itbi-itcmd-e-mais","status":"publish","type":"post","link":"http:\/\/cfcontabil.com\/cf\/o-abc-dos-impostos-imobiliarios-tudo-sobre-iptu-itbi-itcmd-e-mais\/","title":{"rendered":"O ABC dos Impostos Imobili\u00e1rios: Tudo Sobre IPTU, ITBI, ITCMD e Mais"},"content":{"rendered":"\n<p>Se voc\u00ea \u00e9 como a maioria das pessoas, pensar em impostos pode ser uma dor de cabe\u00e7a. Mas quando se trata do mundo dos im\u00f3veis, entender os impostos \u00e9 essencial para evitar surpresas desagrad\u00e1veis e garantir que voc\u00ea esteja em conformidade com a lei. Por isso, hoje vamos desvendar os mist\u00e9rios por tr\u00e1s do IPTU, ITBI, ITCMD e outros impostos imobili\u00e1rios.<\/p>\n\n\n\n<p><strong>IPTU \u2013 Imposto Predial e Territorial Urbano<\/strong><\/p>\n\n\n\n<p>O IPTU \u00e9 um daqueles impostos que todo propriet\u00e1rio de im\u00f3vel urbano conhece bem. Ele incide sobre qualquer propriedade dentro de \u00e1reas urbanas, seja constru\u00edda ou n\u00e3o. Mas por que temos que pagar o IPTU?<\/p>\n\n\n\n<p>Bem, este imposto \u00e9 uma fonte vital de receita para os munic\u00edpios, ajudando a financiar melhorias e servi\u00e7os essenciais, como educa\u00e7\u00e3o, sa\u00fade e infraestrutura. E embora possa parecer apenas mais uma despesa, manter-se em dia com o IPTU \u00e9 crucial para evitar dores de cabe\u00e7a legais, como cobran\u00e7as judiciais e juros acumulados.<\/p>\n\n\n\n<p><strong>ITBI \u2013 Imposto sobre Transmiss\u00e3o de Bens Im\u00f3veis<\/strong><\/p>\n\n\n\n<p>Quando voc\u00ea compra um im\u00f3vel, \u00e9 prov\u00e1vel que se depare com o ITBI. Este imposto incide sobre a transmiss\u00e3o de propriedade imobili\u00e1ria entre pessoas vivas, seja por compra e venda ou por cess\u00e3o de direitos. A responsabilidade de pagar o ITBI recai sobre o comprador, e as al\u00edquotas variam de acordo com cada munic\u00edpio.<\/p>\n\n\n\n<p>Mas por que \u00e9 t\u00e3o importante pagar o ITBI? Al\u00e9m de ser uma exig\u00eancia legal, o pagamento do ITBI \u00e9 crucial para garantir que a transfer\u00eancia de propriedade seja reconhecida oficialmente. Sem o pagamento adequado do imposto, voc\u00ea pode enfrentar dificuldades para registrar o im\u00f3vel em seu nome.<\/p>\n\n\n\n<p><strong>ITCMD \u2013 Imposto de Transmiss\u00e3o Causa Mortis e Doa\u00e7\u00e3o<\/strong><\/p>\n\n\n\n<p>O ITCMD \u00e9 um imposto estadual que incide sobre a transfer\u00eancia de propriedade por heran\u00e7a (causa mortis) ou por doa\u00e7\u00e3o. Em processos de invent\u00e1rio, o imposto \u00e9 pago pelos herdeiros, enquanto em doa\u00e7\u00f5es, cabe ao benefici\u00e1rio arcar com o tributo.<\/p>\n\n\n\n<p>Mas aten\u00e7\u00e3o: se voc\u00ea est\u00e1 passando por um processo de div\u00f3rcio e h\u00e1 divis\u00e3o desigual de bens, tamb\u00e9m pode ser necess\u00e1rio pagar o ITCMD sobre o valor excedente da partilha.<\/p>\n\n\n\n<p><strong>Imposto sobre o Aluguel<\/strong><\/p>\n\n\n\n<p>Voc\u00ea tem renda proveniente de alugu\u00e9is? Ent\u00e3o \u00e9 importante declarar esses valores no Imposto de Renda. Os rendimentos de aluguel s\u00e3o tribut\u00e1veis e podem aumentar sua carga tribut\u00e1ria, especialmente se voc\u00ea estiver pr\u00f3ximo aos limites de isen\u00e7\u00e3o.<\/p>\n\n\n\n<p><strong>Imposto sobre Ganho de Capital ou Lucro Imobili\u00e1rio<\/strong><\/p>\n\n\n\n<p>Quando voc\u00ea vende um im\u00f3vel, pode estar sujeito ao Imposto sobre Ganho de Capital. Este imposto incide sobre a diferen\u00e7a entre o valor de compra e venda do im\u00f3vel. E lembre-se: o prazo para recolhimento do imposto \u00e9 at\u00e9 o \u00faltimo dia \u00fatil do m\u00eas seguinte \u00e0 venda.<\/p>\n\n\n\n<p>No entanto, h\u00e1 uma boa not\u00edcia: se voc\u00ea vende um im\u00f3vel \u00fanico e utiliza o valor para adquirir outro im\u00f3vel, pode estar isento do imposto. Mas fique atento \u00e0s regras e prazos para garantir que voc\u00ea aproveite esse benef\u00edcio.<\/p>\n\n\n\n<p><strong>Conclus\u00e3o<\/strong>: Impostos imobili\u00e1rios podem ser complexos, mas com o conhecimento adequado, voc\u00ea pode navegar por eles com confian\u00e7a. Lembre-se de consultar um profissional especializado em contabilidade ou direito tribut\u00e1rio para orienta\u00e7\u00e3o espec\u00edfica sobre sua situa\u00e7\u00e3o. E lembre-se, estar em dia com seus impostos \u00e9 essencial para evitar problemas legais e garantir uma jornada tranquila no mundo dos im\u00f3veis.<\/p>\n\n\n\n<p>Conte conosco, entre em contato para esclarecer mais a fundo sobre a situa\u00e7\u00e3o do seu im\u00f3vel!<\/p>\n","protected":false},"excerpt":{"rendered":"<p>Se voc\u00ea \u00e9 como a maioria das pessoas, pensar em impostos pode ser uma dor de cabe\u00e7a. Mas quando se trata do mundo dos im\u00f3veis, entender os impostos \u00e9 essencial para evitar surpresas desagrad\u00e1veis e garantir que voc\u00ea esteja em conformidade com a lei. Por isso, hoje vamos desvendar os mist\u00e9rios por tr\u00e1s do IPTU, [&hellip;]<\/p>\n","protected":false},"author":1,"featured_media":2963,"comment_status":"open","ping_status":"open","sticky":false,"template":"","format":"standard","meta":{"jetpack_post_was_ever_published":false,"_jetpack_newsletter_access":"","_jetpack_dont_email_post_to_subs":false,"_jetpack_newsletter_tier_id":0,"_jetpack_memberships_contains_paywalled_content":false,"_jetpack_memberships_contains_paid_content":false,"footnotes":"","jetpack_publicize_message":"","jetpack_publicize_feature_enabled":true,"jetpack_social_post_already_shared":true,"jetpack_social_options":{"image_generator_settings":{"template":"highway","default_image_id":0,"font":"","enabled":false},"version":2}},"categories":[22],"tags":[106,107,865,108,863,862,864,110,74,111],"class_list":["post-2962","post","type-post","status-publish","format-standard","has-post-thumbnail","hentry","category-geral","tag-declaracao","tag-fisica","tag-imovel","tag-imposto","tag-iptu","tag-itbi","tag-itcmd","tag-pessoa","tag-receita","tag-renda"],"jetpack_publicize_connections":[],"jetpack_featured_media_url":"https:\/\/i0.wp.com\/cfcontabil.com\/cf\/wp-content\/uploads\/2024\/03\/capa-impostos-imoveis-cfcontabil.png?fit=1280%2C720","jetpack_sharing_enabled":true,"jetpack_shortlink":"https:\/\/wp.me\/p2wklX-LM","jetpack-related-posts":[{"id":1859,"url":"http:\/\/cfcontabil.com\/cf\/df-igrejas-serao-cadastradas-para-ter-isencao-de-impostos\/","url_meta":{"origin":2962,"position":0},"title":"DF: igrejas ser\u00e3o cadastradas para ter isen\u00e7\u00e3o de impostos","author":"Ab\u00edlio Gon\u00e7alves","date":"7 de novembro de 2019","format":false,"excerpt":"Governo criou o Cadastro de Templo Religiosos (CTR) a fim de regularizar a concess\u00e3o de imunidade tribut\u00e1ria a entidades de Bras\u00edlia IGO ESTRELA\/METR\u00d3POLES Governo do Distrito Federal (GDF) criou o Cadastro dos\u00a0Templos Religiosos\u00a0(CTR). Institui\u00e7\u00f5es listadas ter\u00e3o o direito de imunidade de impostos automaticamente garantido. Ou seja, n\u00e3o pagar\u00e3o mais tributos.\u2026","rel":"","context":"Em &quot;Geral&quot;","block_context":{"text":"Geral","link":"http:\/\/cfcontabil.com\/cf\/category\/geral\/"},"img":{"alt_text":"","src":"https:\/\/i0.wp.com\/cfcontabil.com\/cf\/wp-content\/uploads\/2019\/11\/igreja.jpg?fit=847%2C362&resize=350%2C200","width":350,"height":200,"srcset":"https:\/\/i0.wp.com\/cfcontabil.com\/cf\/wp-content\/uploads\/2019\/11\/igreja.jpg?fit=847%2C362&resize=350%2C200 1x, https:\/\/i0.wp.com\/cfcontabil.com\/cf\/wp-content\/uploads\/2019\/11\/igreja.jpg?fit=847%2C362&resize=525%2C300 1.5x, https:\/\/i0.wp.com\/cfcontabil.com\/cf\/wp-content\/uploads\/2019\/11\/igreja.jpg?fit=847%2C362&resize=700%2C400 2x"},"classes":[]},{"id":2264,"url":"http:\/\/cfcontabil.com\/cf\/df-tera-refis-mais-eficaz-de-sua-historia\/","url_meta":{"origin":2962,"position":1},"title":"DF ter\u00e1 Refis mais eficaz de sua hist\u00f3ria","author":"Ab\u00edlio Gon\u00e7alves","date":"13 de abril de 2020","format":false,"excerpt":"Secret\u00e1rio de Economia explica que novo programa tem redu\u00e7\u00f5es significativas de al\u00edquotas e pode gerar economia de R$ 823,2 milh\u00f5es \u00e0s empresas Manter a economia nos eixos \u00e9 uma das prioridades do Governo do Distrito Federal. Principalmente em momentos de crise, como \u00e9 o caso das incertezas geradas pela pandemia\u2026","rel":"","context":"Em \"Ativa\"","block_context":{"text":"Ativa","link":"http:\/\/cfcontabil.com\/cf\/tag\/ativa\/"},"img":{"alt_text":"","src":"https:\/\/i0.wp.com\/cfcontabil.com\/cf\/wp-content\/uploads\/2020\/04\/REFIS-DF.jpg?fit=512%2C287&resize=350%2C200","width":350,"height":200},"classes":[]},{"id":2382,"url":"http:\/\/cfcontabil.com\/cf\/contribuintes-tem-ate-hoje-quarta-feira-16-para-aderir-ao-refis\/","url_meta":{"origin":2962,"position":2},"title":"Contribuintes t\u00eam at\u00e9 hoje (quarta-feira, 16) para aderir ao Refis","author":"Ab\u00edlio Gon\u00e7alves","date":"16 de dezembro de 2020","format":false,"excerpt":"O acesso ao portal de servi\u00e7os da Receita do DF pode ser feito por pessoas jur\u00eddicas, mediante certifica\u00e7\u00e3o digital; e por pessoas f\u00edsicas, por certifica\u00e7\u00e3o digital ou mediante login\/senha. Pessoas f\u00edsicas e jur\u00eddicas t\u00eam at\u00e9 quarta-feira (16) para aderir ao Programa de Incentivo \u00e0 Regulariza\u00e7\u00e3o Fiscal \u2013 Refis 2020. Quem\u2026","rel":"","context":"Em &quot;Departamento Fiscal&quot;","block_context":{"text":"Departamento Fiscal","link":"http:\/\/cfcontabil.com\/cf\/category\/df\/"},"img":{"alt_text":"","src":"https:\/\/i0.wp.com\/cfcontabil.com\/cf\/wp-content\/uploads\/2020\/12\/refis-df.jpeg?fit=1200%2C799&resize=350%2C200","width":350,"height":200,"srcset":"https:\/\/i0.wp.com\/cfcontabil.com\/cf\/wp-content\/uploads\/2020\/12\/refis-df.jpeg?fit=1200%2C799&resize=350%2C200 1x, https:\/\/i0.wp.com\/cfcontabil.com\/cf\/wp-content\/uploads\/2020\/12\/refis-df.jpeg?fit=1200%2C799&resize=525%2C300 1.5x, https:\/\/i0.wp.com\/cfcontabil.com\/cf\/wp-content\/uploads\/2020\/12\/refis-df.jpeg?fit=1200%2C799&resize=700%2C400 2x, https:\/\/i0.wp.com\/cfcontabil.com\/cf\/wp-content\/uploads\/2020\/12\/refis-df.jpeg?fit=1200%2C799&resize=1050%2C600 3x"},"classes":[]},{"id":338,"url":"http:\/\/cfcontabil.com\/cf\/parcelamento-tributario-recuperadf\/","url_meta":{"origin":2962,"position":3},"title":"Parcelamento Tribut\u00e1rio \u2013 RECUPERA\/DF","author":"Vin\u00edcius Moizinho","date":"16 de abril de 2013","format":false,"excerpt":"A C\u00e2mara Legislativa do Distrito Federal decretou e o Governador do Distrito Federal sancionou a Lei n\u00ba 5.096, de 10\/04\/2013, que instituiu o Recupera\/DF, novo programa de parcelamento tribut\u00e1rio\u00a0que vai ajudar os empres\u00e1rios e pessoas f\u00edsicas a sanar d\u00e9bitos contra\u00eddos com o GDF at\u00e9 31 de dezembro de 2011. Pela\u2026","rel":"","context":"Em &quot;Contabilidade em geral&quot;","block_context":{"text":"Contabilidade em geral","link":"http:\/\/cfcontabil.com\/cf\/category\/contabilidade-2\/"},"img":{"alt_text":"Governo do Distritp Federal","src":"https:\/\/i0.wp.com\/www.fernandovasconcelos.com\/wp-content\/uploads\/2012\/08\/Logomarca-do-GDF.jpg?resize=350%2C200","width":350,"height":200},"classes":[]},{"id":1205,"url":"http:\/\/cfcontabil.com\/cf\/os-dedos-duros-do-ir-que-te-fazem-cair-na-malha-fina\/","url_meta":{"origin":2962,"position":4},"title":"Os dedos-duros do IR que te fazem cair na malha fina","author":"Ab\u00edlio Gon\u00e7alves","date":"12 de abril de 2016","format":false,"excerpt":"O contribuinte que est\u00e1 obrigado a declarar o Imposto de Renda (IR) 2016 precisa ter aten\u00e7\u00e3o redobrada ao preencher alguns dados da declara\u00e7\u00e3o que \"deduram\" ao Fisco eventuais omiss\u00f5es ou inconsist\u00eancias. A cada ano, a Receita Federal exige que mais empresas e entidades enviem informa\u00e7\u00f5es sobre as movimenta\u00e7\u00f5es dos contribuintes\u2026","rel":"","context":"Em &quot;Geral&quot;","block_context":{"text":"Geral","link":"http:\/\/cfcontabil.com\/cf\/category\/geral\/"},"img":{"alt_text":"","src":"","width":0,"height":0},"classes":[]},{"id":330,"url":"http:\/\/cfcontabil.com\/cf\/comeca-o-acerto-de-contas\/","url_meta":{"origin":2962,"position":5},"title":"Come\u00e7a o acerto de contas!","author":"Ab\u00edlio Gon\u00e7alves","date":"1 de mar\u00e7o de 2013","format":false,"excerpt":"A partir de hoje (1) inicia o per\u00edodo da entrega da declara\u00e7\u00e3o do IRPF (Imposto de Renda Pessoa F\u00edsica) 2013. E segundo as normas publicadas no DOU (Di\u00e1rio Oficial da Uni\u00e3o) de 19\/02, \u00a0a declara\u00e7\u00e3o dever\u00e1 ser entregue at\u00e9 \u00e0s 23h59m59s do dia 30 de abril, a entrega fora do\u2026","rel":"","context":"Em &quot;Geral&quot;","block_context":{"text":"Geral","link":"http:\/\/cfcontabil.com\/cf\/category\/geral\/"},"img":{"alt_text":"calendario","src":"https:\/\/i0.wp.com\/www.cfcontabil.com\/images\/marco2013.jpg?resize=350%2C200","width":350,"height":200,"srcset":"https:\/\/i0.wp.com\/www.cfcontabil.com\/images\/marco2013.jpg?resize=350%2C200 1x, https:\/\/i0.wp.com\/www.cfcontabil.com\/images\/marco2013.jpg?resize=525%2C300 1.5x"},"classes":[]}],"jetpack_likes_enabled":true,"_links":{"self":[{"href":"http:\/\/cfcontabil.com\/cf\/wp-json\/wp\/v2\/posts\/2962","targetHints":{"allow":["GET"]}}],"collection":[{"href":"http:\/\/cfcontabil.com\/cf\/wp-json\/wp\/v2\/posts"}],"about":[{"href":"http:\/\/cfcontabil.com\/cf\/wp-json\/wp\/v2\/types\/post"}],"author":[{"embeddable":true,"href":"http:\/\/cfcontabil.com\/cf\/wp-json\/wp\/v2\/users\/1"}],"replies":[{"embeddable":true,"href":"http:\/\/cfcontabil.com\/cf\/wp-json\/wp\/v2\/comments?post=2962"}],"version-history":[{"count":1,"href":"http:\/\/cfcontabil.com\/cf\/wp-json\/wp\/v2\/posts\/2962\/revisions"}],"predecessor-version":[{"id":2964,"href":"http:\/\/cfcontabil.com\/cf\/wp-json\/wp\/v2\/posts\/2962\/revisions\/2964"}],"wp:featuredmedia":[{"embeddable":true,"href":"http:\/\/cfcontabil.com\/cf\/wp-json\/wp\/v2\/media\/2963"}],"wp:attachment":[{"href":"http:\/\/cfcontabil.com\/cf\/wp-json\/wp\/v2\/media?parent=2962"}],"wp:term":[{"taxonomy":"category","embeddable":true,"href":"http:\/\/cfcontabil.com\/cf\/wp-json\/wp\/v2\/categories?post=2962"},{"taxonomy":"post_tag","embeddable":true,"href":"http:\/\/cfcontabil.com\/cf\/wp-json\/wp\/v2\/tags?post=2962"}],"curies":[{"name":"wp","href":"https:\/\/api.w.org\/{rel}","templated":true}]}}