{"id":2976,"date":"2024-05-07T10:15:39","date_gmt":"2024-05-07T13:15:39","guid":{"rendered":"https:\/\/cfcontabil.com\/cf\/?p=2976"},"modified":"2024-05-07T10:15:41","modified_gmt":"2024-05-07T13:15:41","slug":"desvendando-o-dedo-duro-do-imposto-de-renda-o-cruzamento-de-informacoes","status":"publish","type":"post","link":"http:\/\/cfcontabil.com\/cf\/desvendando-o-dedo-duro-do-imposto-de-renda-o-cruzamento-de-informacoes\/","title":{"rendered":"Desvendando o &#8220;dedo-duro&#8221; do Imposto de Renda: O Cruzamento de Informa\u00e7\u00f5es"},"content":{"rendered":"\n<p>Voc\u00ea j\u00e1 se perguntou como a Receita Federal consegue detectar inconsist\u00eancias, omiss\u00f5es, mentiras e fraudes na declara\u00e7\u00e3o de Imposto de Renda? O segredo est\u00e1 no eficiente mecanismo de cruzamento de informa\u00e7\u00f5es.<\/p>\n\n\n\n<p>Quando voc\u00ea submete sua declara\u00e7\u00e3o de IR, todas as informa\u00e7\u00f5es fornecidas s\u00e3o minuciosamente comparadas com os dados provenientes de outras fontes, como empresas, institui\u00e7\u00f5es financeiras e \u00f3rg\u00e3os p\u00fablicos. Esse processo detalhado permite \u00e0 Receita identificar qualquer discrep\u00e2ncia que possa indicar irregularidades fiscais.<\/p>\n\n\n\n<p>Vamos dar uma olhada em algumas das principais fontes de informa\u00e7\u00f5es cruzadas com a sua declara\u00e7\u00e3o de imposto de renda:<\/p>\n\n\n\n<figure class=\"wp-block-image size-large is-resized\"><a href=\"https:\/\/i0.wp.com\/cfcontabil.com\/cf\/wp-content\/uploads\/2024\/05\/image.png?ssl=1\"><img data-recalc-dims=\"1\" fetchpriority=\"high\" decoding=\"async\" width=\"1024\" height=\"682\" data-attachment-id=\"2978\" data-permalink=\"http:\/\/cfcontabil.com\/cf\/desvendando-o-dedo-duro-do-imposto-de-renda-o-cruzamento-de-informacoes\/image\/\" data-orig-file=\"https:\/\/i0.wp.com\/cfcontabil.com\/cf\/wp-content\/uploads\/2024\/05\/image.png?fit=1280%2C853\" data-orig-size=\"1280,853\" data-comments-opened=\"1\" data-image-meta=\"{&quot;aperture&quot;:&quot;0&quot;,&quot;credit&quot;:&quot;&quot;,&quot;camera&quot;:&quot;&quot;,&quot;caption&quot;:&quot;&quot;,&quot;created_timestamp&quot;:&quot;0&quot;,&quot;copyright&quot;:&quot;&quot;,&quot;focal_length&quot;:&quot;0&quot;,&quot;iso&quot;:&quot;0&quot;,&quot;shutter_speed&quot;:&quot;0&quot;,&quot;title&quot;:&quot;&quot;,&quot;orientation&quot;:&quot;0&quot;}\" data-image-title=\"image\" data-image-description=\"\" data-image-caption=\"\" data-large-file=\"https:\/\/i0.wp.com\/cfcontabil.com\/cf\/wp-content\/uploads\/2024\/05\/image.png?fit=1024%2C682\" src=\"https:\/\/i0.wp.com\/cfcontabil.com\/cf\/wp-content\/uploads\/2024\/05\/image-1024x682.png?resize=1024%2C682&#038;ssl=1\" alt=\"\" class=\"wp-image-2978\" style=\"width:665px;height:auto\" srcset=\"https:\/\/i0.wp.com\/cfcontabil.com\/cf\/wp-content\/uploads\/2024\/05\/image.png?resize=1024%2C682 1024w, https:\/\/i0.wp.com\/cfcontabil.com\/cf\/wp-content\/uploads\/2024\/05\/image.png?resize=300%2C200 300w, https:\/\/i0.wp.com\/cfcontabil.com\/cf\/wp-content\/uploads\/2024\/05\/image.png?resize=768%2C512 768w, https:\/\/i0.wp.com\/cfcontabil.com\/cf\/wp-content\/uploads\/2024\/05\/image.png?w=1280 1280w\" sizes=\"(max-width: 1024px) 100vw, 1024px\" \/><\/a><\/figure>\n\n\n\n<p><strong>1. Corretoras:<\/strong> Ao negociar a\u00e7\u00f5es e outros ativos de renda vari\u00e1vel, a corretora ret\u00e9m um percentual de IR na fonte, conhecido como &#8220;dedo-duro&#8221;. Esse mecanismo permite \u00e0 Receita rastrear as opera\u00e7\u00f5es sujeitas ao pagamento de tributos.<\/p>\n\n\n\n<figure class=\"wp-block-image size-full\"><a href=\"https:\/\/i0.wp.com\/cfcontabil.com\/cf\/wp-content\/uploads\/2024\/05\/image-1.png?ssl=1\"><img data-recalc-dims=\"1\" decoding=\"async\" width=\"559\" height=\"397\" data-attachment-id=\"2979\" data-permalink=\"http:\/\/cfcontabil.com\/cf\/desvendando-o-dedo-duro-do-imposto-de-renda-o-cruzamento-de-informacoes\/image-1\/\" data-orig-file=\"https:\/\/i0.wp.com\/cfcontabil.com\/cf\/wp-content\/uploads\/2024\/05\/image-1.png?fit=559%2C397\" data-orig-size=\"559,397\" data-comments-opened=\"1\" data-image-meta=\"{&quot;aperture&quot;:&quot;0&quot;,&quot;credit&quot;:&quot;&quot;,&quot;camera&quot;:&quot;&quot;,&quot;caption&quot;:&quot;&quot;,&quot;created_timestamp&quot;:&quot;0&quot;,&quot;copyright&quot;:&quot;&quot;,&quot;focal_length&quot;:&quot;0&quot;,&quot;iso&quot;:&quot;0&quot;,&quot;shutter_speed&quot;:&quot;0&quot;,&quot;title&quot;:&quot;&quot;,&quot;orientation&quot;:&quot;0&quot;}\" data-image-title=\"image-1\" data-image-description=\"\" data-image-caption=\"\" data-large-file=\"https:\/\/i0.wp.com\/cfcontabil.com\/cf\/wp-content\/uploads\/2024\/05\/image-1.png?fit=559%2C397\" src=\"https:\/\/i0.wp.com\/cfcontabil.com\/cf\/wp-content\/uploads\/2024\/05\/image-1.png?resize=559%2C397&#038;ssl=1\" alt=\"\" class=\"wp-image-2979\" srcset=\"https:\/\/i0.wp.com\/cfcontabil.com\/cf\/wp-content\/uploads\/2024\/05\/image-1.png?w=559 559w, https:\/\/i0.wp.com\/cfcontabil.com\/cf\/wp-content\/uploads\/2024\/05\/image-1.png?resize=300%2C213 300w\" sizes=\"(max-width: 559px) 100vw, 559px\" \/><\/a><\/figure>\n\n\n\n<p><strong>2. Empresas:<\/strong> Os empregadores s\u00e3o obrigados a fornecer detalhes dos pagamentos feitos aos funcion\u00e1rios atrav\u00e9s da Declara\u00e7\u00e3o do Imposto de Renda Retido na Fonte (DIRF). Isso garante que qualquer omiss\u00e3o de renda seja rapidamente identificada.<\/p>\n\n\n\n<figure class=\"wp-block-image size-full\"><a href=\"https:\/\/i0.wp.com\/cfcontabil.com\/cf\/wp-content\/uploads\/2024\/05\/image-2.png?ssl=1\"><img data-recalc-dims=\"1\" decoding=\"async\" width=\"640\" height=\"360\" data-attachment-id=\"2980\" data-permalink=\"http:\/\/cfcontabil.com\/cf\/desvendando-o-dedo-duro-do-imposto-de-renda-o-cruzamento-de-informacoes\/image-2\/\" data-orig-file=\"https:\/\/i0.wp.com\/cfcontabil.com\/cf\/wp-content\/uploads\/2024\/05\/image-2.png?fit=640%2C360\" data-orig-size=\"640,360\" data-comments-opened=\"1\" data-image-meta=\"{&quot;aperture&quot;:&quot;0&quot;,&quot;credit&quot;:&quot;&quot;,&quot;camera&quot;:&quot;&quot;,&quot;caption&quot;:&quot;&quot;,&quot;created_timestamp&quot;:&quot;0&quot;,&quot;copyright&quot;:&quot;&quot;,&quot;focal_length&quot;:&quot;0&quot;,&quot;iso&quot;:&quot;0&quot;,&quot;shutter_speed&quot;:&quot;0&quot;,&quot;title&quot;:&quot;&quot;,&quot;orientation&quot;:&quot;0&quot;}\" data-image-title=\"image-2\" data-image-description=\"\" data-image-caption=\"\" data-large-file=\"https:\/\/i0.wp.com\/cfcontabil.com\/cf\/wp-content\/uploads\/2024\/05\/image-2.png?fit=640%2C360\" src=\"https:\/\/i0.wp.com\/cfcontabil.com\/cf\/wp-content\/uploads\/2024\/05\/image-2.png?resize=640%2C360&#038;ssl=1\" alt=\"\" class=\"wp-image-2980\" srcset=\"https:\/\/i0.wp.com\/cfcontabil.com\/cf\/wp-content\/uploads\/2024\/05\/image-2.png?w=640 640w, https:\/\/i0.wp.com\/cfcontabil.com\/cf\/wp-content\/uploads\/2024\/05\/image-2.png?resize=300%2C169 300w\" sizes=\"(max-width: 640px) 100vw, 640px\" \/><\/a><\/figure>\n\n\n\n<p><strong>3. Institui\u00e7\u00f5es Financeiras:<\/strong> Bancos e outras institui\u00e7\u00f5es financeiras enviam \u00e0 Receita Federal a Declara\u00e7\u00e3o de Informa\u00e7\u00f5es sobre Movimenta\u00e7\u00e3o Financeira (DIMOF), que inclui dados sobre transa\u00e7\u00f5es financeiras acima de R$ 5 mil. Essas informa\u00e7\u00f5es ajudam a identificar movimenta\u00e7\u00f5es financeiras n\u00e3o declaradas.<\/p>\n\n\n\n<figure class=\"wp-block-image size-full is-resized\"><a href=\"https:\/\/i0.wp.com\/cfcontabil.com\/cf\/wp-content\/uploads\/2024\/05\/image-3.png?ssl=1\"><img data-recalc-dims=\"1\" loading=\"lazy\" decoding=\"async\" width=\"885\" height=\"590\" data-attachment-id=\"2981\" data-permalink=\"http:\/\/cfcontabil.com\/cf\/desvendando-o-dedo-duro-do-imposto-de-renda-o-cruzamento-de-informacoes\/image-3\/\" data-orig-file=\"https:\/\/i0.wp.com\/cfcontabil.com\/cf\/wp-content\/uploads\/2024\/05\/image-3.png?fit=885%2C590\" data-orig-size=\"885,590\" data-comments-opened=\"1\" data-image-meta=\"{&quot;aperture&quot;:&quot;0&quot;,&quot;credit&quot;:&quot;&quot;,&quot;camera&quot;:&quot;&quot;,&quot;caption&quot;:&quot;&quot;,&quot;created_timestamp&quot;:&quot;0&quot;,&quot;copyright&quot;:&quot;&quot;,&quot;focal_length&quot;:&quot;0&quot;,&quot;iso&quot;:&quot;0&quot;,&quot;shutter_speed&quot;:&quot;0&quot;,&quot;title&quot;:&quot;&quot;,&quot;orientation&quot;:&quot;0&quot;}\" data-image-title=\"image-3\" data-image-description=\"\" data-image-caption=\"\" data-large-file=\"https:\/\/i0.wp.com\/cfcontabil.com\/cf\/wp-content\/uploads\/2024\/05\/image-3.png?fit=885%2C590\" src=\"https:\/\/i0.wp.com\/cfcontabil.com\/cf\/wp-content\/uploads\/2024\/05\/image-3.png?resize=885%2C590&#038;ssl=1\" alt=\"\" class=\"wp-image-2981\" style=\"width:639px;height:auto\" srcset=\"https:\/\/i0.wp.com\/cfcontabil.com\/cf\/wp-content\/uploads\/2024\/05\/image-3.png?w=885 885w, https:\/\/i0.wp.com\/cfcontabil.com\/cf\/wp-content\/uploads\/2024\/05\/image-3.png?resize=300%2C200 300w, https:\/\/i0.wp.com\/cfcontabil.com\/cf\/wp-content\/uploads\/2024\/05\/image-3.png?resize=768%2C512 768w\" sizes=\"(max-width: 885px) 100vw, 885px\" \/><\/a><\/figure>\n\n\n\n<p><strong>4. Profissionais de sa\u00fade e hospitais:<\/strong> A Declara\u00e7\u00e3o de Servi\u00e7os M\u00e9dicos e de Sa\u00fade (DMED) fornece \u00e0 Receita dados sobre despesas m\u00e9dicas, facilitando a detec\u00e7\u00e3o de fraudes relacionadas a gastos com sa\u00fade.<\/p>\n\n\n\n<figure class=\"wp-block-image size-full is-resized\"><a href=\"https:\/\/i0.wp.com\/cfcontabil.com\/cf\/wp-content\/uploads\/2024\/05\/image-4.png?ssl=1\"><img data-recalc-dims=\"1\" loading=\"lazy\" decoding=\"async\" width=\"800\" height=\"401\" data-attachment-id=\"2982\" data-permalink=\"http:\/\/cfcontabil.com\/cf\/desvendando-o-dedo-duro-do-imposto-de-renda-o-cruzamento-de-informacoes\/image-4\/\" data-orig-file=\"https:\/\/i0.wp.com\/cfcontabil.com\/cf\/wp-content\/uploads\/2024\/05\/image-4.png?fit=800%2C401\" data-orig-size=\"800,401\" data-comments-opened=\"1\" data-image-meta=\"{&quot;aperture&quot;:&quot;0&quot;,&quot;credit&quot;:&quot;&quot;,&quot;camera&quot;:&quot;&quot;,&quot;caption&quot;:&quot;&quot;,&quot;created_timestamp&quot;:&quot;0&quot;,&quot;copyright&quot;:&quot;&quot;,&quot;focal_length&quot;:&quot;0&quot;,&quot;iso&quot;:&quot;0&quot;,&quot;shutter_speed&quot;:&quot;0&quot;,&quot;title&quot;:&quot;&quot;,&quot;orientation&quot;:&quot;0&quot;}\" data-image-title=\"image-4\" data-image-description=\"\" data-image-caption=\"\" data-large-file=\"https:\/\/i0.wp.com\/cfcontabil.com\/cf\/wp-content\/uploads\/2024\/05\/image-4.png?fit=800%2C401\" src=\"https:\/\/i0.wp.com\/cfcontabil.com\/cf\/wp-content\/uploads\/2024\/05\/image-4.png?resize=800%2C401&#038;ssl=1\" alt=\"\" class=\"wp-image-2982\" style=\"width:636px;height:auto\" srcset=\"https:\/\/i0.wp.com\/cfcontabil.com\/cf\/wp-content\/uploads\/2024\/05\/image-4.png?w=800 800w, https:\/\/i0.wp.com\/cfcontabil.com\/cf\/wp-content\/uploads\/2024\/05\/image-4.png?resize=300%2C150 300w, https:\/\/i0.wp.com\/cfcontabil.com\/cf\/wp-content\/uploads\/2024\/05\/image-4.png?resize=768%2C385 768w\" sizes=\"(max-width: 800px) 100vw, 800px\" \/><\/a><\/figure>\n\n\n\n<p><strong>5. Imobili\u00e1rias e cart\u00f3rios:<\/strong> Transa\u00e7\u00f5es imobili\u00e1rias s\u00e3o reportadas atrav\u00e9s da Declara\u00e7\u00e3o de Informa\u00e7\u00e3o sobre Atividades Imobili\u00e1rias (DIMOB) e Declara\u00e7\u00e3o sobre Opera\u00e7\u00f5es Imobili\u00e1rias (DOI), o que ajuda a identificar ganhos de capital n\u00e3o declarados.<\/p>\n\n\n\n<figure class=\"wp-block-image size-full\"><a href=\"https:\/\/i0.wp.com\/cfcontabil.com\/cf\/wp-content\/uploads\/2024\/05\/image-5.png?ssl=1\"><img data-recalc-dims=\"1\" loading=\"lazy\" decoding=\"async\" width=\"630\" height=\"360\" data-attachment-id=\"2983\" data-permalink=\"http:\/\/cfcontabil.com\/cf\/desvendando-o-dedo-duro-do-imposto-de-renda-o-cruzamento-de-informacoes\/image-5\/\" data-orig-file=\"https:\/\/i0.wp.com\/cfcontabil.com\/cf\/wp-content\/uploads\/2024\/05\/image-5.png?fit=630%2C360\" data-orig-size=\"630,360\" data-comments-opened=\"1\" data-image-meta=\"{&quot;aperture&quot;:&quot;0&quot;,&quot;credit&quot;:&quot;&quot;,&quot;camera&quot;:&quot;&quot;,&quot;caption&quot;:&quot;&quot;,&quot;created_timestamp&quot;:&quot;0&quot;,&quot;copyright&quot;:&quot;&quot;,&quot;focal_length&quot;:&quot;0&quot;,&quot;iso&quot;:&quot;0&quot;,&quot;shutter_speed&quot;:&quot;0&quot;,&quot;title&quot;:&quot;&quot;,&quot;orientation&quot;:&quot;0&quot;}\" data-image-title=\"image-5\" data-image-description=\"\" data-image-caption=\"\" data-large-file=\"https:\/\/i0.wp.com\/cfcontabil.com\/cf\/wp-content\/uploads\/2024\/05\/image-5.png?fit=630%2C360\" src=\"https:\/\/i0.wp.com\/cfcontabil.com\/cf\/wp-content\/uploads\/2024\/05\/image-5.png?resize=630%2C360&#038;ssl=1\" alt=\"\" class=\"wp-image-2983\" srcset=\"https:\/\/i0.wp.com\/cfcontabil.com\/cf\/wp-content\/uploads\/2024\/05\/image-5.png?w=630 630w, https:\/\/i0.wp.com\/cfcontabil.com\/cf\/wp-content\/uploads\/2024\/05\/image-5.png?resize=300%2C171 300w\" sizes=\"(max-width: 630px) 100vw, 630px\" \/><\/a><\/figure>\n\n\n\n<p><strong>6. \u00d3rg\u00e3os p\u00fablicos:<\/strong> Pagamentos de impostos municipais, estaduais e federais s\u00e3o informados ao Fisco, assim como transa\u00e7\u00f5es envolvendo ve\u00edculos e embarca\u00e7\u00f5es particulares.<\/p>\n\n\n\n<figure class=\"wp-block-image size-large is-resized\"><a href=\"https:\/\/i0.wp.com\/cfcontabil.com\/cf\/wp-content\/uploads\/2024\/05\/image-6.png?ssl=1\"><img data-recalc-dims=\"1\" loading=\"lazy\" decoding=\"async\" width=\"1024\" height=\"576\" data-attachment-id=\"2984\" data-permalink=\"http:\/\/cfcontabil.com\/cf\/desvendando-o-dedo-duro-do-imposto-de-renda-o-cruzamento-de-informacoes\/image-6\/\" data-orig-file=\"https:\/\/i0.wp.com\/cfcontabil.com\/cf\/wp-content\/uploads\/2024\/05\/image-6.png?fit=1920%2C1080\" data-orig-size=\"1920,1080\" data-comments-opened=\"1\" data-image-meta=\"{&quot;aperture&quot;:&quot;0&quot;,&quot;credit&quot;:&quot;&quot;,&quot;camera&quot;:&quot;&quot;,&quot;caption&quot;:&quot;&quot;,&quot;created_timestamp&quot;:&quot;0&quot;,&quot;copyright&quot;:&quot;&quot;,&quot;focal_length&quot;:&quot;0&quot;,&quot;iso&quot;:&quot;0&quot;,&quot;shutter_speed&quot;:&quot;0&quot;,&quot;title&quot;:&quot;&quot;,&quot;orientation&quot;:&quot;0&quot;}\" data-image-title=\"image-6\" data-image-description=\"\" data-image-caption=\"\" data-large-file=\"https:\/\/i0.wp.com\/cfcontabil.com\/cf\/wp-content\/uploads\/2024\/05\/image-6.png?fit=1024%2C576\" src=\"https:\/\/i0.wp.com\/cfcontabil.com\/cf\/wp-content\/uploads\/2024\/05\/image-6-1024x576.png?resize=1024%2C576&#038;ssl=1\" alt=\"\" class=\"wp-image-2984\" style=\"width:634px;height:auto\" srcset=\"https:\/\/i0.wp.com\/cfcontabil.com\/cf\/wp-content\/uploads\/2024\/05\/image-6.png?resize=1024%2C576 1024w, https:\/\/i0.wp.com\/cfcontabil.com\/cf\/wp-content\/uploads\/2024\/05\/image-6.png?resize=300%2C169 300w, https:\/\/i0.wp.com\/cfcontabil.com\/cf\/wp-content\/uploads\/2024\/05\/image-6.png?resize=768%2C432 768w, https:\/\/i0.wp.com\/cfcontabil.com\/cf\/wp-content\/uploads\/2024\/05\/image-6.png?resize=1536%2C864 1536w, https:\/\/i0.wp.com\/cfcontabil.com\/cf\/wp-content\/uploads\/2024\/05\/image-6.png?w=1920 1920w\" sizes=\"(max-width: 1024px) 100vw, 1024px\" \/><\/a><\/figure>\n\n\n\n<p><strong>7. Dependentes:<\/strong> O CPF dos dependentes na declara\u00e7\u00e3o \u00e9 obrigat\u00f3rio para evitar duplicidade de registro. Omiss\u00f5es de rendimentos dos dependentes s\u00e3o comuns e podem levar \u00e0 malha fina.<\/p>\n\n\n\n<figure class=\"wp-block-image size-large\"><a href=\"https:\/\/i0.wp.com\/cfcontabil.com\/cf\/wp-content\/uploads\/2024\/05\/image-7.png?ssl=1\"><img data-recalc-dims=\"1\" loading=\"lazy\" decoding=\"async\" width=\"1024\" height=\"562\" data-attachment-id=\"2985\" data-permalink=\"http:\/\/cfcontabil.com\/cf\/desvendando-o-dedo-duro-do-imposto-de-renda-o-cruzamento-de-informacoes\/image-7\/\" data-orig-file=\"https:\/\/i0.wp.com\/cfcontabil.com\/cf\/wp-content\/uploads\/2024\/05\/image-7.png?fit=1052%2C577\" data-orig-size=\"1052,577\" data-comments-opened=\"1\" data-image-meta=\"{&quot;aperture&quot;:&quot;0&quot;,&quot;credit&quot;:&quot;&quot;,&quot;camera&quot;:&quot;&quot;,&quot;caption&quot;:&quot;&quot;,&quot;created_timestamp&quot;:&quot;0&quot;,&quot;copyright&quot;:&quot;&quot;,&quot;focal_length&quot;:&quot;0&quot;,&quot;iso&quot;:&quot;0&quot;,&quot;shutter_speed&quot;:&quot;0&quot;,&quot;title&quot;:&quot;&quot;,&quot;orientation&quot;:&quot;0&quot;}\" data-image-title=\"image-7\" data-image-description=\"\" data-image-caption=\"\" data-large-file=\"https:\/\/i0.wp.com\/cfcontabil.com\/cf\/wp-content\/uploads\/2024\/05\/image-7.png?fit=1024%2C562\" src=\"https:\/\/i0.wp.com\/cfcontabil.com\/cf\/wp-content\/uploads\/2024\/05\/image-7-1024x562.png?resize=1024%2C562&#038;ssl=1\" alt=\"\" class=\"wp-image-2985\" srcset=\"https:\/\/i0.wp.com\/cfcontabil.com\/cf\/wp-content\/uploads\/2024\/05\/image-7.png?resize=1024%2C562 1024w, https:\/\/i0.wp.com\/cfcontabil.com\/cf\/wp-content\/uploads\/2024\/05\/image-7.png?resize=300%2C165 300w, https:\/\/i0.wp.com\/cfcontabil.com\/cf\/wp-content\/uploads\/2024\/05\/image-7.png?resize=768%2C421 768w, https:\/\/i0.wp.com\/cfcontabil.com\/cf\/wp-content\/uploads\/2024\/05\/image-7.png?w=1052 1052w\" sizes=\"(max-width: 1024px) 100vw, 1024px\" \/><\/a><\/figure>\n\n\n\n<p>Depois de enviar sua declara\u00e7\u00e3o, \u00e9 importante acompanhar sua situa\u00e7\u00e3o atrav\u00e9s do sistema Meu Imposto de Renda. As diferentes situa\u00e7\u00f5es, como &#8220;Em an\u00e1lise&#8221; ou &#8220;Com pend\u00eancias&#8221;, indicam os est\u00e1gios do processo de avalia\u00e7\u00e3o pela Receita Federal. <strong>Precisa de aux\u00edlio com sua declara\u00e7\u00e3o? Entre em contato!<\/strong><\/p>\n\n\n\n<p>Pois o cruzamento de informa\u00e7\u00f5es \u00e9 uma ferramenta poderosa que a Receita utiliza para garantir a conformidade fiscal e combater a sonega\u00e7\u00e3o de impostos. Manter suas informa\u00e7\u00f5es corretas e completas \u00e9 essencial para evitar problemas com o Le\u00e3o.<\/p>\n","protected":false},"excerpt":{"rendered":"<p>Voc\u00ea j\u00e1 se perguntou como a Receita Federal consegue detectar inconsist\u00eancias, omiss\u00f5es, mentiras e fraudes na declara\u00e7\u00e3o de Imposto de Renda? O segredo est\u00e1 no eficiente mecanismo de cruzamento de informa\u00e7\u00f5es. Quando voc\u00ea submete sua declara\u00e7\u00e3o de IR, todas as informa\u00e7\u00f5es fornecidas s\u00e3o minuciosamente comparadas com os dados provenientes de outras fontes, como empresas, institui\u00e7\u00f5es [&hellip;]<\/p>\n","protected":false},"author":1,"featured_media":2977,"comment_status":"open","ping_status":"open","sticky":false,"template":"","format":"standard","meta":{"jetpack_post_was_ever_published":false,"_jetpack_newsletter_access":"","_jetpack_dont_email_post_to_subs":false,"_jetpack_newsletter_tier_id":0,"_jetpack_memberships_contains_paywalled_content":false,"_jetpack_memberships_contains_paid_content":false,"footnotes":"","jetpack_publicize_message":"","jetpack_publicize_feature_enabled":true,"jetpack_social_post_already_shared":true,"jetpack_social_options":{"image_generator_settings":{"template":"highway","default_image_id":0,"font":"","enabled":false},"version":2}},"categories":[22],"tags":[21,106,107,108,115,110,111],"class_list":["post-2976","post","type-post","status-publish","format-standard","has-post-thumbnail","hentry","category-geral","tag-contabilidade","tag-declaracao","tag-fisica","tag-imposto","tag-irpf","tag-pessoa","tag-renda"],"jetpack_publicize_connections":[],"jetpack_featured_media_url":"https:\/\/i0.wp.com\/cfcontabil.com\/cf\/wp-content\/uploads\/2024\/05\/cruzamento-cfcontabil.png?fit=1280%2C720","jetpack_sharing_enabled":true,"jetpack_shortlink":"https:\/\/wp.me\/p2wklX-M0","jetpack-related-posts":[{"id":1220,"url":"http:\/\/cfcontabil.com\/cf\/receita-pedira-e-mail-e-numero-de-celular-na-declaracao-de-ir-deste-ano\/","url_meta":{"origin":2976,"position":0},"title":"Receita pedir\u00e1 e-mail e n\u00famero de celular na declara\u00e7\u00e3o de IR deste ano","author":"Ab\u00edlio Gon\u00e7alves","date":"22 de fevereiro de 2017","format":false,"excerpt":"A Receita Federal passar\u00e1 a pedir e-mail e n\u00famero de celular dos contribuintes na declara\u00e7\u00e3o de Imposto de Renda deste ano. O preenchimento dessas informa\u00e7\u00f5es n\u00e3o ser\u00e1 obrigat\u00f3rio. A Receita garante que os dados ser\u00e3o coletados somente para ampliar o cadastro e s\u00f3 ser\u00e3o utilizados com aviso-pr\u00e9vio e autoriza\u00e7\u00e3o dos\u2026","rel":"","context":"Em &quot;Departamento Fiscal&quot;","block_context":{"text":"Departamento Fiscal","link":"http:\/\/cfcontabil.com\/cf\/category\/df\/"},"img":{"alt_text":"","src":"","width":0,"height":0},"classes":[]},{"id":1205,"url":"http:\/\/cfcontabil.com\/cf\/os-dedos-duros-do-ir-que-te-fazem-cair-na-malha-fina\/","url_meta":{"origin":2976,"position":1},"title":"Os dedos-duros do IR que te fazem cair na malha fina","author":"Ab\u00edlio Gon\u00e7alves","date":"12 de abril de 2016","format":false,"excerpt":"O contribuinte que est\u00e1 obrigado a declarar o Imposto de Renda (IR) 2016 precisa ter aten\u00e7\u00e3o redobrada ao preencher alguns dados da declara\u00e7\u00e3o que \"deduram\" ao Fisco eventuais omiss\u00f5es ou inconsist\u00eancias. A cada ano, a Receita Federal exige que mais empresas e entidades enviem informa\u00e7\u00f5es sobre as movimenta\u00e7\u00f5es dos contribuintes\u2026","rel":"","context":"Em &quot;Geral&quot;","block_context":{"text":"Geral","link":"http:\/\/cfcontabil.com\/cf\/category\/geral\/"},"img":{"alt_text":"","src":"","width":0,"height":0},"classes":[]},{"id":1798,"url":"http:\/\/cfcontabil.com\/cf\/exigencia-de-cpf-no-imposto-de-renda-faz-12-milhao-de-dependentes-desaparecer\/","url_meta":{"origin":2976,"position":2},"title":"Exig\u00eancia de CPF no Imposto de Renda faz 1,2 milh\u00e3o de dependentes &#8216;desaparecer&#8217;","author":"Ab\u00edlio Gon\u00e7alves","date":"18 de outubro de 2019","format":false,"excerpt":"Mais rigor do Fisco derruba o n\u00famero de crian\u00e7as e adolescentes na declara\u00e7\u00e3o de pessoa f\u00edsica Em apenas um ano, entre 2017 e 2018, cerca de 1,2 milh\u00e3o de crian\u00e7as e adolescentes desapareceram das declara\u00e7\u00f5es de IR (Imposto de Renda) captadas pela Receita Federal. Levantamento feito pelo Fisco mostra que\u2026","rel":"","context":"Em &quot;Imposto de Renda&quot;","block_context":{"text":"Imposto de Renda","link":"http:\/\/cfcontabil.com\/cf\/category\/imposto-de-renda\/"},"img":{"alt_text":"","src":"https:\/\/i0.wp.com\/cfcontabil.com\/cf\/wp-content\/uploads\/2017\/02\/irpfrfb-1.jpg?fit=640%2C340&resize=350%2C200","width":350,"height":200,"srcset":"https:\/\/i0.wp.com\/cfcontabil.com\/cf\/wp-content\/uploads\/2017\/02\/irpfrfb-1.jpg?fit=640%2C340&resize=350%2C200 1x, https:\/\/i0.wp.com\/cfcontabil.com\/cf\/wp-content\/uploads\/2017\/02\/irpfrfb-1.jpg?fit=640%2C340&resize=525%2C300 1.5x"},"classes":[]},{"id":1146,"url":"http:\/\/cfcontabil.com\/cf\/perdeu-o-prazo-para-a-declaracao-do-imposto-de-renda-veja-o-que-fazer\/","url_meta":{"origin":2976,"position":3},"title":"Perdeu o prazo para a declara\u00e7\u00e3o do Imposto de Renda? Veja o que fazer","author":"Ab\u00edlio Gon\u00e7alves","date":"29 de abril de 2017","format":false,"excerpt":"O prazo para enviar a declara\u00e7\u00e3o do imposto de renda acabou na sexta-feira (28). Alguns brasileiros perderam o prazo e n\u00e3o acertaram as contas com o Le\u00e3o. A especialista em imposto de renda da Thompson Reuters, Vanessa Miranda, explica que o melhor caminho \u00e9 baixar o programa e mandar a\u2026","rel":"","context":"Em &quot;Departamento Fiscal&quot;","block_context":{"text":"Departamento Fiscal","link":"http:\/\/cfcontabil.com\/cf\/category\/df\/"},"img":{"alt_text":"","src":"https:\/\/i0.wp.com\/cfcontabil.com\/cf\/wp-content\/uploads\/2017\/02\/irpf2017-1.png?fit=490%2C247&resize=350%2C200","width":350,"height":200},"classes":[]},{"id":654,"url":"http:\/\/cfcontabil.com\/cf\/conheca-a-historia-do-imposto-de-renda\/","url_meta":{"origin":2976,"position":4},"title":"Conhe\u00e7a a hist\u00f3ria do Imposto de Renda","author":"Ab\u00edlio Gon\u00e7alves","date":"10 de mar\u00e7o de 2016","format":false,"excerpt":"V\u00eddeo est\u00e1 dispon\u00edvel no canal da Receita Federal https:\/\/www.youtube.com\/watch?v=iT6R1atkifk Assista o\u00a0v\u00eddeo\u00a0dispon\u00edvel na TV Receita\u00a0sobre a hist\u00f3ria do Imposto de Renda. O v\u00eddeo mostra a institui\u00e7\u00e3o do tributo no mundo e no Brasil, sua import\u00e2ncia, o destino da arrecada\u00e7\u00e3o, os est\u00e1gios tecnol\u00f3gicos, o preenchimento e a entrega da declara\u00e7\u00e3o. Acredita-se que\u2026","rel":"","context":"Em &quot;Geral&quot;","block_context":{"text":"Geral","link":"http:\/\/cfcontabil.com\/cf\/category\/geral\/"},"img":{"alt_text":"","src":"https:\/\/i0.wp.com\/cfcontabil.com\/cf\/wp-content\/uploads\/2016\/03\/entrega-do-imposto-de-renda-2.jpg?fit=645%2C320&resize=350%2C200","width":350,"height":200,"srcset":"https:\/\/i0.wp.com\/cfcontabil.com\/cf\/wp-content\/uploads\/2016\/03\/entrega-do-imposto-de-renda-2.jpg?fit=645%2C320&resize=350%2C200 1x, https:\/\/i0.wp.com\/cfcontabil.com\/cf\/wp-content\/uploads\/2016\/03\/entrega-do-imposto-de-renda-2.jpg?fit=645%2C320&resize=525%2C300 1.5x"},"classes":[]},{"id":1075,"url":"http:\/\/cfcontabil.com\/cf\/receita-federal-lanca-video-do-imposto-de-renda-2017\/","url_meta":{"origin":2976,"position":5},"title":"Receita Federal lan\u00e7a v\u00eddeo do Imposto de Renda 2017","author":"Ab\u00edlio Gon\u00e7alves","date":"21 de mar\u00e7o de 2017","format":false,"excerpt":"A TV Receita acaba de lan\u00e7ar v\u00eddeo em anima\u00e7\u00e3o para a divulga\u00e7\u00e3o do IRPF 2017. As imagens apresentam as novidades da declara\u00e7\u00e3o deste ano, al\u00e9m de enfatizar de forma l\u00fadica e simplificada os pontos b\u00e1sicos da declara\u00e7\u00e3o de imposto de renda pessoa f\u00edsica. Com bom humor e de forma descontra\u00edda,\u2026","rel":"","context":"Em &quot;Departamento Fiscal&quot;","block_context":{"text":"Departamento Fiscal","link":"http:\/\/cfcontabil.com\/cf\/category\/df\/"},"img":{"alt_text":"","src":"https:\/\/i0.wp.com\/cfcontabil.com\/cf\/wp-content\/uploads\/2017\/02\/irpf2017-1.png?fit=490%2C247&resize=350%2C200","width":350,"height":200},"classes":[]}],"jetpack_likes_enabled":true,"_links":{"self":[{"href":"http:\/\/cfcontabil.com\/cf\/wp-json\/wp\/v2\/posts\/2976","targetHints":{"allow":["GET"]}}],"collection":[{"href":"http:\/\/cfcontabil.com\/cf\/wp-json\/wp\/v2\/posts"}],"about":[{"href":"http:\/\/cfcontabil.com\/cf\/wp-json\/wp\/v2\/types\/post"}],"author":[{"embeddable":true,"href":"http:\/\/cfcontabil.com\/cf\/wp-json\/wp\/v2\/users\/1"}],"replies":[{"embeddable":true,"href":"http:\/\/cfcontabil.com\/cf\/wp-json\/wp\/v2\/comments?post=2976"}],"version-history":[{"count":1,"href":"http:\/\/cfcontabil.com\/cf\/wp-json\/wp\/v2\/posts\/2976\/revisions"}],"predecessor-version":[{"id":2986,"href":"http:\/\/cfcontabil.com\/cf\/wp-json\/wp\/v2\/posts\/2976\/revisions\/2986"}],"wp:featuredmedia":[{"embeddable":true,"href":"http:\/\/cfcontabil.com\/cf\/wp-json\/wp\/v2\/media\/2977"}],"wp:attachment":[{"href":"http:\/\/cfcontabil.com\/cf\/wp-json\/wp\/v2\/media?parent=2976"}],"wp:term":[{"taxonomy":"category","embeddable":true,"href":"http:\/\/cfcontabil.com\/cf\/wp-json\/wp\/v2\/categories?post=2976"},{"taxonomy":"post_tag","embeddable":true,"href":"http:\/\/cfcontabil.com\/cf\/wp-json\/wp\/v2\/tags?post=2976"}],"curies":[{"name":"wp","href":"https:\/\/api.w.org\/{rel}","templated":true}]}}