{"id":2989,"date":"2024-05-16T14:47:22","date_gmt":"2024-05-16T17:47:22","guid":{"rendered":"https:\/\/cfcontabil.com\/cf\/?p=2989"},"modified":"2024-05-16T14:47:24","modified_gmt":"2024-05-16T17:47:24","slug":"dicas-para-iniciar-seu-negocio","status":"publish","type":"post","link":"http:\/\/cfcontabil.com\/cf\/dicas-para-iniciar-seu-negocio\/","title":{"rendered":"DICAS PARA INICIAR SEU NEG\u00d3CIO"},"content":{"rendered":"\n<p>A jornada de empreender um neg\u00f3cio \u00e9 repleta de desafios emocionantes, mas tamb\u00e9m pode ser um terreno escorregadio onde muitas empresas acabam fechando prematuramente, muitas vezes por falta de preparo e orienta\u00e7\u00e3o adequada desde o in\u00edcio.<\/p>\n\n\n\n<p>Aqui na<strong> CF CONT\u00c1BIL DIGITAL<\/strong>, entendemos o qu\u00e3o crucial \u00e9 o papel da contabilidade n\u00e3o apenas na fase inicial, mas durante toda a vida do empreendimento. Afinal, ela n\u00e3o apenas auxilia na abertura da empresa, mas tamb\u00e9m na sua manuten\u00e7\u00e3o e crescimento, ajudando na tomada de decis\u00f5es inteligentes e na administra\u00e7\u00e3o das complexas obriga\u00e7\u00f5es fiscais, tribut\u00e1rias e trabalhistas.<\/p>\n\n\n\n<p>Para aqueles que est\u00e3o prestes a dar o salto no mundo do empreendedorismo, gostar\u00edamos de compartilhar algumas dicas valiosas que v\u00e3o al\u00e9m dos n\u00fameros, abrangendo tanto o aspecto cont\u00e1bil quanto o empreendedorial:<\/p>\n\n\n\n<figure class=\"wp-block-image size-large\"><a href=\"https:\/\/i0.wp.com\/cfcontabil.com\/cf\/wp-content\/uploads\/2024\/05\/cfcontabil-empreender-1.png?ssl=1\"><img data-recalc-dims=\"1\" fetchpriority=\"high\" decoding=\"async\" width=\"1024\" height=\"576\" data-attachment-id=\"2991\" data-permalink=\"http:\/\/cfcontabil.com\/cf\/dicas-para-iniciar-seu-negocio\/cfcontabil-empreender-1\/\" data-orig-file=\"https:\/\/i0.wp.com\/cfcontabil.com\/cf\/wp-content\/uploads\/2024\/05\/cfcontabil-empreender-1.png?fit=1280%2C720\" data-orig-size=\"1280,720\" data-comments-opened=\"1\" data-image-meta=\"{&quot;aperture&quot;:&quot;0&quot;,&quot;credit&quot;:&quot;&quot;,&quot;camera&quot;:&quot;&quot;,&quot;caption&quot;:&quot;&quot;,&quot;created_timestamp&quot;:&quot;0&quot;,&quot;copyright&quot;:&quot;&quot;,&quot;focal_length&quot;:&quot;0&quot;,&quot;iso&quot;:&quot;0&quot;,&quot;shutter_speed&quot;:&quot;0&quot;,&quot;title&quot;:&quot;&quot;,&quot;orientation&quot;:&quot;0&quot;}\" data-image-title=\"cfcontabil-empreender-1\" data-image-description=\"\" data-image-caption=\"\" data-large-file=\"https:\/\/i0.wp.com\/cfcontabil.com\/cf\/wp-content\/uploads\/2024\/05\/cfcontabil-empreender-1.png?fit=1024%2C576\" src=\"https:\/\/i0.wp.com\/cfcontabil.com\/cf\/wp-content\/uploads\/2024\/05\/cfcontabil-empreender-1-1024x576.png?resize=1024%2C576&#038;ssl=1\" alt=\"\" class=\"wp-image-2991\" srcset=\"https:\/\/i0.wp.com\/cfcontabil.com\/cf\/wp-content\/uploads\/2024\/05\/cfcontabil-empreender-1.png?resize=1024%2C576 1024w, https:\/\/i0.wp.com\/cfcontabil.com\/cf\/wp-content\/uploads\/2024\/05\/cfcontabil-empreender-1.png?resize=300%2C169 300w, https:\/\/i0.wp.com\/cfcontabil.com\/cf\/wp-content\/uploads\/2024\/05\/cfcontabil-empreender-1.png?resize=768%2C432 768w, https:\/\/i0.wp.com\/cfcontabil.com\/cf\/wp-content\/uploads\/2024\/05\/cfcontabil-empreender-1.png?w=1280 1280w\" sizes=\"(max-width: 1024px) 100vw, 1024px\" \/><\/a><\/figure>\n\n\n\n<ul class=\"wp-block-list\">\n<li><strong>An\u00e1lise de Viabilidade Financeira:<\/strong> Antes de se aventurar em um novo empreendimento, \u00e9 essencial realizar uma an\u00e1lise minuciosa da viabilidade financeira. Compreender os custos, proje\u00e7\u00f5es de receitas e despesas, al\u00e9m do potencial de lucro, \u00e9 fundamental para evitar armadilhas financeiras no futuro. Nossa equipe de contadores est\u00e1 pronta para ajud\u00e1-lo a desenvolver planilhas financeiras detalhadas e a identificar qualquer risco potencial.<\/li>\n<\/ul>\n\n\n\n<figure class=\"wp-block-image size-large\"><a href=\"https:\/\/i0.wp.com\/cfcontabil.com\/cf\/wp-content\/uploads\/2024\/05\/cfcontabil-empreender-2.png?ssl=1\"><img data-recalc-dims=\"1\" decoding=\"async\" width=\"1024\" height=\"576\" data-attachment-id=\"2992\" data-permalink=\"http:\/\/cfcontabil.com\/cf\/dicas-para-iniciar-seu-negocio\/cfcontabil-empreender-2\/\" data-orig-file=\"https:\/\/i0.wp.com\/cfcontabil.com\/cf\/wp-content\/uploads\/2024\/05\/cfcontabil-empreender-2.png?fit=1280%2C720\" data-orig-size=\"1280,720\" data-comments-opened=\"1\" data-image-meta=\"{&quot;aperture&quot;:&quot;0&quot;,&quot;credit&quot;:&quot;&quot;,&quot;camera&quot;:&quot;&quot;,&quot;caption&quot;:&quot;&quot;,&quot;created_timestamp&quot;:&quot;0&quot;,&quot;copyright&quot;:&quot;&quot;,&quot;focal_length&quot;:&quot;0&quot;,&quot;iso&quot;:&quot;0&quot;,&quot;shutter_speed&quot;:&quot;0&quot;,&quot;title&quot;:&quot;&quot;,&quot;orientation&quot;:&quot;0&quot;}\" data-image-title=\"cfcontabil-empreender-2\" data-image-description=\"\" data-image-caption=\"\" data-large-file=\"https:\/\/i0.wp.com\/cfcontabil.com\/cf\/wp-content\/uploads\/2024\/05\/cfcontabil-empreender-2.png?fit=1024%2C576\" src=\"https:\/\/i0.wp.com\/cfcontabil.com\/cf\/wp-content\/uploads\/2024\/05\/cfcontabil-empreender-2-1024x576.png?resize=1024%2C576&#038;ssl=1\" alt=\"\" class=\"wp-image-2992\" srcset=\"https:\/\/i0.wp.com\/cfcontabil.com\/cf\/wp-content\/uploads\/2024\/05\/cfcontabil-empreender-2.png?resize=1024%2C576 1024w, https:\/\/i0.wp.com\/cfcontabil.com\/cf\/wp-content\/uploads\/2024\/05\/cfcontabil-empreender-2.png?resize=300%2C169 300w, https:\/\/i0.wp.com\/cfcontabil.com\/cf\/wp-content\/uploads\/2024\/05\/cfcontabil-empreender-2.png?resize=768%2C432 768w, https:\/\/i0.wp.com\/cfcontabil.com\/cf\/wp-content\/uploads\/2024\/05\/cfcontabil-empreender-2.png?w=1280 1280w\" sizes=\"(max-width: 1024px) 100vw, 1024px\" \/><\/a><\/figure>\n\n\n\n<ul class=\"wp-block-list\">\n<li><strong>Estrutura Cont\u00e1bil S\u00f3lida desde o In\u00edcio:<\/strong> Manter registros financeiros precisos \u00e9 a espinha dorsal de qualquer neg\u00f3cio bem-sucedido. Comece organizando suas finan\u00e7as desde o primeiro dia e estabele\u00e7a um sistema cont\u00e1bil robusto. Isso inclui n\u00e3o apenas a abertura de contas banc\u00e1rias separadas, mas tamb\u00e9m a implementa\u00e7\u00e3o de software cont\u00e1bil eficiente e a compreens\u00e3o das obriga\u00e7\u00f5es fiscais espec\u00edficas do seu neg\u00f3cio.<\/li>\n<\/ul>\n\n\n\n<figure class=\"wp-block-image size-large\"><a href=\"https:\/\/i0.wp.com\/cfcontabil.com\/cf\/wp-content\/uploads\/2024\/05\/cfcontabil-empreender-3.png?ssl=1\"><img data-recalc-dims=\"1\" decoding=\"async\" width=\"1024\" height=\"576\" data-attachment-id=\"2993\" data-permalink=\"http:\/\/cfcontabil.com\/cf\/dicas-para-iniciar-seu-negocio\/cfcontabil-empreender-3\/\" data-orig-file=\"https:\/\/i0.wp.com\/cfcontabil.com\/cf\/wp-content\/uploads\/2024\/05\/cfcontabil-empreender-3.png?fit=1280%2C720\" data-orig-size=\"1280,720\" data-comments-opened=\"1\" data-image-meta=\"{&quot;aperture&quot;:&quot;0&quot;,&quot;credit&quot;:&quot;&quot;,&quot;camera&quot;:&quot;&quot;,&quot;caption&quot;:&quot;&quot;,&quot;created_timestamp&quot;:&quot;0&quot;,&quot;copyright&quot;:&quot;&quot;,&quot;focal_length&quot;:&quot;0&quot;,&quot;iso&quot;:&quot;0&quot;,&quot;shutter_speed&quot;:&quot;0&quot;,&quot;title&quot;:&quot;&quot;,&quot;orientation&quot;:&quot;0&quot;}\" data-image-title=\"cfcontabil-empreender-3\" data-image-description=\"\" data-image-caption=\"\" data-large-file=\"https:\/\/i0.wp.com\/cfcontabil.com\/cf\/wp-content\/uploads\/2024\/05\/cfcontabil-empreender-3.png?fit=1024%2C576\" src=\"https:\/\/i0.wp.com\/cfcontabil.com\/cf\/wp-content\/uploads\/2024\/05\/cfcontabil-empreender-3-1024x576.png?resize=1024%2C576&#038;ssl=1\" alt=\"\" class=\"wp-image-2993\" srcset=\"https:\/\/i0.wp.com\/cfcontabil.com\/cf\/wp-content\/uploads\/2024\/05\/cfcontabil-empreender-3.png?resize=1024%2C576 1024w, https:\/\/i0.wp.com\/cfcontabil.com\/cf\/wp-content\/uploads\/2024\/05\/cfcontabil-empreender-3.png?resize=300%2C169 300w, https:\/\/i0.wp.com\/cfcontabil.com\/cf\/wp-content\/uploads\/2024\/05\/cfcontabil-empreender-3.png?resize=768%2C432 768w, https:\/\/i0.wp.com\/cfcontabil.com\/cf\/wp-content\/uploads\/2024\/05\/cfcontabil-empreender-3.png?w=1280 1280w\" sizes=\"(max-width: 1024px) 100vw, 1024px\" \/><\/a><\/figure>\n\n\n\n<ul class=\"wp-block-list\">\n<li><strong>Conhe\u00e7a Seu Mercado e Seu P\u00fablico-Alvo:<\/strong> Antes de lan\u00e7ar um novo produto ou servi\u00e7o, \u00e9 fundamental entender profundamente quem s\u00e3o seus potenciais clientes, suas necessidades e como sua oferta se destaca da concorr\u00eancia. Realize pesquisas de mercado detalhadas, an\u00e1lises competitivas e obtenha feedback direto dos seus potenciais clientes para aprimorar sua proposta de valor e estrat\u00e9gia de marketing.<\/li>\n<\/ul>\n\n\n\n<figure class=\"wp-block-image size-large\"><a href=\"https:\/\/i0.wp.com\/cfcontabil.com\/cf\/wp-content\/uploads\/2024\/05\/cfcontabil-empreender-4.png?ssl=1\"><img data-recalc-dims=\"1\" loading=\"lazy\" decoding=\"async\" width=\"1024\" height=\"576\" data-attachment-id=\"2994\" data-permalink=\"http:\/\/cfcontabil.com\/cf\/dicas-para-iniciar-seu-negocio\/cfcontabil-empreender-4\/\" data-orig-file=\"https:\/\/i0.wp.com\/cfcontabil.com\/cf\/wp-content\/uploads\/2024\/05\/cfcontabil-empreender-4.png?fit=1280%2C720\" data-orig-size=\"1280,720\" data-comments-opened=\"1\" data-image-meta=\"{&quot;aperture&quot;:&quot;0&quot;,&quot;credit&quot;:&quot;&quot;,&quot;camera&quot;:&quot;&quot;,&quot;caption&quot;:&quot;&quot;,&quot;created_timestamp&quot;:&quot;0&quot;,&quot;copyright&quot;:&quot;&quot;,&quot;focal_length&quot;:&quot;0&quot;,&quot;iso&quot;:&quot;0&quot;,&quot;shutter_speed&quot;:&quot;0&quot;,&quot;title&quot;:&quot;&quot;,&quot;orientation&quot;:&quot;0&quot;}\" data-image-title=\"cfcontabil-empreender-4\" data-image-description=\"\" data-image-caption=\"\" data-large-file=\"https:\/\/i0.wp.com\/cfcontabil.com\/cf\/wp-content\/uploads\/2024\/05\/cfcontabil-empreender-4.png?fit=1024%2C576\" src=\"https:\/\/i0.wp.com\/cfcontabil.com\/cf\/wp-content\/uploads\/2024\/05\/cfcontabil-empreender-4-1024x576.png?resize=1024%2C576&#038;ssl=1\" alt=\"\" class=\"wp-image-2994\" srcset=\"https:\/\/i0.wp.com\/cfcontabil.com\/cf\/wp-content\/uploads\/2024\/05\/cfcontabil-empreender-4.png?resize=1024%2C576 1024w, https:\/\/i0.wp.com\/cfcontabil.com\/cf\/wp-content\/uploads\/2024\/05\/cfcontabil-empreender-4.png?resize=300%2C169 300w, https:\/\/i0.wp.com\/cfcontabil.com\/cf\/wp-content\/uploads\/2024\/05\/cfcontabil-empreender-4.png?resize=768%2C432 768w, https:\/\/i0.wp.com\/cfcontabil.com\/cf\/wp-content\/uploads\/2024\/05\/cfcontabil-empreender-4.png?w=1280 1280w\" sizes=\"(max-width: 1024px) 100vw, 1024px\" \/><\/a><\/figure>\n\n\n\n<ul class=\"wp-block-list\">\n<li><strong>Mantenha-se Flex\u00edvel e Adapt\u00e1vel:<\/strong> O mundo dos neg\u00f3cios \u00e9 din\u00e2mico, e a capacidade de adapta\u00e7\u00e3o \u00e9 fundamental para o sucesso a longo prazo. Esteja sempre aberto a ajustar sua estrat\u00e9gia com base no feedback do mercado, nas tend\u00eancias do setor e em mudan\u00e7as externas. Nossa equipe de contadores n\u00e3o apenas o ajudar\u00e1 a avaliar o impacto financeiro de suas decis\u00f5es, mas tamb\u00e9m a manter sua empresa \u00e1gil e resiliente diante dos desafios.<\/li>\n<\/ul>\n\n\n\n<p>Lembre-se de que empreender envolve um certo grau de risco, mas com o planejamento cuidadoso, a execu\u00e7\u00e3o diligente e o suporte profissional adequado, voc\u00ea estar\u00e1 preparado para enfrentar os desafios e construir um neg\u00f3cio de sucesso. <\/p>\n\n\n\n<figure class=\"wp-block-image size-large\"><a href=\"https:\/\/i0.wp.com\/cfcontabil.com\/cf\/wp-content\/uploads\/2024\/05\/CF-Contabil-blog-2019.png?ssl=1\"><img data-recalc-dims=\"1\" loading=\"lazy\" decoding=\"async\" width=\"1024\" height=\"380\" data-attachment-id=\"2997\" data-permalink=\"http:\/\/cfcontabil.com\/cf\/dicas-para-iniciar-seu-negocio\/cf-contabil-blog-2019\/\" data-orig-file=\"https:\/\/i0.wp.com\/cfcontabil.com\/cf\/wp-content\/uploads\/2024\/05\/CF-Contabil-blog-2019.png?fit=2277%2C844\" data-orig-size=\"2277,844\" data-comments-opened=\"1\" data-image-meta=\"{&quot;aperture&quot;:&quot;0&quot;,&quot;credit&quot;:&quot;&quot;,&quot;camera&quot;:&quot;&quot;,&quot;caption&quot;:&quot;&quot;,&quot;created_timestamp&quot;:&quot;0&quot;,&quot;copyright&quot;:&quot;&quot;,&quot;focal_length&quot;:&quot;0&quot;,&quot;iso&quot;:&quot;0&quot;,&quot;shutter_speed&quot;:&quot;0&quot;,&quot;title&quot;:&quot;&quot;,&quot;orientation&quot;:&quot;0&quot;}\" data-image-title=\"CF-Contabil-blog-2019\" data-image-description=\"\" data-image-caption=\"\" data-large-file=\"https:\/\/i0.wp.com\/cfcontabil.com\/cf\/wp-content\/uploads\/2024\/05\/CF-Contabil-blog-2019.png?fit=1024%2C380\" src=\"https:\/\/i0.wp.com\/cfcontabil.com\/cf\/wp-content\/uploads\/2024\/05\/CF-Contabil-blog-2019-1024x380.png?resize=1024%2C380&#038;ssl=1\" alt=\"\" class=\"wp-image-2997\" srcset=\"https:\/\/i0.wp.com\/cfcontabil.com\/cf\/wp-content\/uploads\/2024\/05\/CF-Contabil-blog-2019.png?resize=1024%2C380 1024w, https:\/\/i0.wp.com\/cfcontabil.com\/cf\/wp-content\/uploads\/2024\/05\/CF-Contabil-blog-2019.png?resize=300%2C111 300w, https:\/\/i0.wp.com\/cfcontabil.com\/cf\/wp-content\/uploads\/2024\/05\/CF-Contabil-blog-2019.png?resize=768%2C285 768w, https:\/\/i0.wp.com\/cfcontabil.com\/cf\/wp-content\/uploads\/2024\/05\/CF-Contabil-blog-2019.png?resize=1536%2C569 1536w, https:\/\/i0.wp.com\/cfcontabil.com\/cf\/wp-content\/uploads\/2024\/05\/CF-Contabil-blog-2019.png?resize=2048%2C759 2048w\" sizes=\"(max-width: 1024px) 100vw, 1024px\" \/><\/a><\/figure>\n\n\n\n<p>N\u00e3o hesite em nos contatar para uma consultoria especializada antes de abrir as portas da sua empresa. Estamos aqui para ajud\u00e1-lo a alcan\u00e7ar seus objetivos empreendedores com confian\u00e7a e seguran\u00e7a.<\/p>\n","protected":false},"excerpt":{"rendered":"<p>A jornada de empreender um neg\u00f3cio \u00e9 repleta de desafios emocionantes, mas tamb\u00e9m pode ser um terreno escorregadio onde muitas empresas acabam fechando prematuramente, muitas vezes por falta de preparo e orienta\u00e7\u00e3o adequada desde o in\u00edcio. Aqui na CF CONT\u00c1BIL DIGITAL, entendemos o qu\u00e3o crucial \u00e9 o papel da contabilidade n\u00e3o apenas na fase inicial, [&hellip;]<\/p>\n","protected":false},"author":1,"featured_media":2990,"comment_status":"open","ping_status":"open","sticky":false,"template":"","format":"standard","meta":{"jetpack_post_was_ever_published":false,"_jetpack_newsletter_access":"","_jetpack_dont_email_post_to_subs":false,"_jetpack_newsletter_tier_id":0,"_jetpack_memberships_contains_paywalled_content":false,"_jetpack_memberships_contains_paid_content":false,"footnotes":"","jetpack_publicize_message":"","jetpack_publicize_feature_enabled":true,"jetpack_social_post_already_shared":true,"jetpack_social_options":{"image_generator_settings":{"template":"highway","default_image_id":0,"font":"","enabled":false},"version":2}},"categories":[22],"tags":[21,302,303,866],"class_list":["post-2989","post","type-post","status-publish","format-standard","has-post-thumbnail","hentry","category-geral","tag-contabilidade","tag-empreender","tag-empresa","tag-negocio-2"],"jetpack_publicize_connections":[],"jetpack_featured_media_url":"https:\/\/i0.wp.com\/cfcontabil.com\/cf\/wp-content\/uploads\/2024\/05\/cfcontabil-blog-dicas-empreender.png?fit=1280%2C720","jetpack_sharing_enabled":true,"jetpack_shortlink":"https:\/\/wp.me\/p2wklX-Md","jetpack-related-posts":[{"id":1587,"url":"http:\/\/cfcontabil.com\/cf\/tecnologia-e-contabilidade\/","url_meta":{"origin":2989,"position":0},"title":"Tecnologia e Contabilidade","author":"Ab\u00edlio Gon\u00e7alves","date":"16 de setembro de 2019","format":false,"excerpt":"Como surpreende o ritmo das inova\u00e7\u00f5es e a tend\u00eancia mundial com os r\u00e1pidos avan\u00e7os tecnol\u00f3gicos atualmente. \u00c9 um processo sem volta, que vislumbra um tempo novo surgindo. \u00c9 poss\u00edvel ressaltar que o impacto \u00e9 sentindo em todas as \u00e1reas de neg\u00f3cios e at\u00e9 da vida cotidiana. A evolu\u00e7\u00e3o \u00e9 um\u2026","rel":"","context":"Em &quot;Consultoria Empresarial&quot;","block_context":{"text":"Consultoria Empresarial","link":"http:\/\/cfcontabil.com\/cf\/category\/consultoria\/"},"img":{"alt_text":"","src":"https:\/\/i0.wp.com\/cfcontabil.com\/cf\/wp-content\/uploads\/2019\/09\/tecnologia-na-contabilidade-vantagens-1024x633.jpg?fit=1024%2C633&resize=350%2C200","width":350,"height":200,"srcset":"https:\/\/i0.wp.com\/cfcontabil.com\/cf\/wp-content\/uploads\/2019\/09\/tecnologia-na-contabilidade-vantagens-1024x633.jpg?fit=1024%2C633&resize=350%2C200 1x, https:\/\/i0.wp.com\/cfcontabil.com\/cf\/wp-content\/uploads\/2019\/09\/tecnologia-na-contabilidade-vantagens-1024x633.jpg?fit=1024%2C633&resize=525%2C300 1.5x, https:\/\/i0.wp.com\/cfcontabil.com\/cf\/wp-content\/uploads\/2019\/09\/tecnologia-na-contabilidade-vantagens-1024x633.jpg?fit=1024%2C633&resize=700%2C400 2x"},"classes":[]},{"id":563,"url":"http:\/\/cfcontabil.com\/cf\/como-ter-uma-boa-contabilidade-na-sua-empresa\/","url_meta":{"origin":2989,"position":1},"title":"Como ter uma boa contabilidade na sua empresa","author":"Vin\u00edcius Moizinho","date":"17 de novembro de 2014","format":"aside","excerpt":"\u00c9 importante encarar a contabilidade como uma ferramenta que contribui para o gerenciamento do neg\u00f3cio, independente do tamanho ou ramo de atividade da empresa. Pensar dessa forma traz muitas vantagens corporativas, principalmente quanto \u00e0 transpar\u00eancia das transa\u00e7\u00f5es e a real apura\u00e7\u00e3o do lucro ou preju\u00edzo. A primeira dica e a\u2026","rel":"","context":"Em &quot;Geral&quot;","block_context":{"text":"Geral","link":"http:\/\/cfcontabil.com\/cf\/category\/geral\/"},"img":{"alt_text":"","src":"","width":0,"height":0},"classes":[]},{"id":3006,"url":"http:\/\/cfcontabil.com\/cf\/contabil-summit-brasilia-2024-transformando-desafios-em-oportunidades\/","url_meta":{"origin":2989,"position":2},"title":"Cont\u00e1bil Summit Bras\u00edlia 2024: Transformando Desafios em Oportunidades\u00a0","author":"Ab\u00edlio Gon\u00e7alves","date":"22 de julho de 2024","format":false,"excerpt":"No dia 17 de julho, o audit\u00f3rio Sicoob (SIG) foi palco de um evento imperd\u00edvel para empreendedores do setor cont\u00e1bil. Organizado pelo Conselho Regional de Contabilidade do Distrito Federal (CRCDF) e SICOOB Executive, o Cont\u00e1bil Summit Bras\u00edlia reuniu grandes nomes do setor para um dia repleto de palestras sobre gest\u00e3o,\u2026","rel":"","context":"Em &quot;Contabilidade em geral&quot;","block_context":{"text":"Contabilidade em geral","link":"http:\/\/cfcontabil.com\/cf\/category\/contabilidade-2\/"},"img":{"alt_text":"","src":"https:\/\/i0.wp.com\/cfcontabil.com\/cf\/wp-content\/uploads\/2024\/07\/Contabil-Summit-Brasilia.png?fit=1200%2C602&resize=350%2C200","width":350,"height":200,"srcset":"https:\/\/i0.wp.com\/cfcontabil.com\/cf\/wp-content\/uploads\/2024\/07\/Contabil-Summit-Brasilia.png?fit=1200%2C602&resize=350%2C200 1x, https:\/\/i0.wp.com\/cfcontabil.com\/cf\/wp-content\/uploads\/2024\/07\/Contabil-Summit-Brasilia.png?fit=1200%2C602&resize=525%2C300 1.5x, https:\/\/i0.wp.com\/cfcontabil.com\/cf\/wp-content\/uploads\/2024\/07\/Contabil-Summit-Brasilia.png?fit=1200%2C602&resize=700%2C400 2x, https:\/\/i0.wp.com\/cfcontabil.com\/cf\/wp-content\/uploads\/2024\/07\/Contabil-Summit-Brasilia.png?fit=1200%2C602&resize=1050%2C600 3x"},"classes":[]},{"id":3435,"url":"http:\/\/cfcontabil.com\/cf\/da-automacao-a-inteligencia-o-futuro-da-contabilidade-ja-comecou\/","url_meta":{"origin":2989,"position":3},"title":"Da Automa\u00e7\u00e3o \u00e0 Intelig\u00eancia: O Futuro da Contabilidade j\u00e1 Come\u00e7ou","author":"Ab\u00edlio Gon\u00e7alves","date":"10 de setembro de 2025","format":false,"excerpt":"Na \u00faltima edi\u00e7\u00e3o do Conta Azul Con 2025, participei da palestra conduzida por Rodrigo Bogoni e Dercio Bolais, representantes da Thomson Reuters e da Dom\u00ednio. O tema n\u00e3o poderia ser mais atual: como os servi\u00e7os digitais e embarcados est\u00e3o transformando a contabilidade em uma verdadeira consultoria estrat\u00e9gica para empresas de\u2026","rel":"","context":"Em &quot;Geral&quot;","block_context":{"text":"Geral","link":"http:\/\/cfcontabil.com\/cf\/category\/geral\/"},"img":{"alt_text":"","src":"https:\/\/i0.wp.com\/cfcontabil.com\/cf\/wp-content\/uploads\/2025\/09\/conta-azul-con25.png?fit=992%2C388&resize=350%2C200","width":350,"height":200,"srcset":"https:\/\/i0.wp.com\/cfcontabil.com\/cf\/wp-content\/uploads\/2025\/09\/conta-azul-con25.png?fit=992%2C388&resize=350%2C200 1x, https:\/\/i0.wp.com\/cfcontabil.com\/cf\/wp-content\/uploads\/2025\/09\/conta-azul-con25.png?fit=992%2C388&resize=525%2C300 1.5x, https:\/\/i0.wp.com\/cfcontabil.com\/cf\/wp-content\/uploads\/2025\/09\/conta-azul-con25.png?fit=992%2C388&resize=700%2C400 2x"},"classes":[]},{"id":1091,"url":"http:\/\/cfcontabil.com\/cf\/quando-a-contabilidade-alcanca-a-diretoria-das-empresas\/","url_meta":{"origin":2989,"position":4},"title":"Quando a contabilidade alcan\u00e7a a diretoria das empresas","author":"Ab\u00edlio Gon\u00e7alves","date":"28 de mar\u00e7o de 2017","format":false,"excerpt":"Durante s\u00e9culos a contabilidade foi encarada por muitos executivos como sendo um \u201cmal necess\u00e1rio\u201d para atender a reguladores e \u00e0s autoridades fiscais. Para muitos, a contabilidade n\u00e3o merecia considera\u00e7\u00e3o por ser uma ci\u00eancia que sempre olhava para a empresa pelo \u201cretrovisor\u201d, privilegiando o passado ao inv\u00e9s do futuro. Estes, infelizmente,\u2026","rel":"","context":"Em &quot;Geral&quot;","block_context":{"text":"Geral","link":"http:\/\/cfcontabil.com\/cf\/category\/geral\/"},"img":{"alt_text":"","src":"https:\/\/i0.wp.com\/cfcontabil.com\/cf\/wp-content\/uploads\/2017\/03\/placa-diretoria-D_NQ_NP_14395-MLB209863706_6078-F-1.jpg?fit=1200%2C266&resize=350%2C200","width":350,"height":200,"srcset":"https:\/\/i0.wp.com\/cfcontabil.com\/cf\/wp-content\/uploads\/2017\/03\/placa-diretoria-D_NQ_NP_14395-MLB209863706_6078-F-1.jpg?fit=1200%2C266&resize=350%2C200 1x, https:\/\/i0.wp.com\/cfcontabil.com\/cf\/wp-content\/uploads\/2017\/03\/placa-diretoria-D_NQ_NP_14395-MLB209863706_6078-F-1.jpg?fit=1200%2C266&resize=525%2C300 1.5x, https:\/\/i0.wp.com\/cfcontabil.com\/cf\/wp-content\/uploads\/2017\/03\/placa-diretoria-D_NQ_NP_14395-MLB209863706_6078-F-1.jpg?fit=1200%2C266&resize=700%2C400 2x, https:\/\/i0.wp.com\/cfcontabil.com\/cf\/wp-content\/uploads\/2017\/03\/placa-diretoria-D_NQ_NP_14395-MLB209863706_6078-F-1.jpg?fit=1200%2C266&resize=1050%2C600 3x"},"classes":[]},{"id":1202,"url":"http:\/\/cfcontabil.com\/cf\/2013-ano-da-contabilidade-no-brasil\/","url_meta":{"origin":2989,"position":5},"title":"2013: ano da Contabilidade no Brasil","author":"Vin\u00edcius Moizinho","date":"9 de janeiro de 2013","format":false,"excerpt":"\u00a0 O ano de 2013 ser\u00e1, sem d\u00favida, um dos mais importantes para a Contabilidade brasileira. Lideran\u00e7as e \u00f3rg\u00e3os ligados \u00e0 profiss\u00e3o est\u00e3o se unindo para que toda a sociedade saiba e reconhe\u00e7a o verdadeiro papel do profissional da contabilidade. \u00a0 \u00a0 \u00a0 Conhe\u00e7a, a seguir, um pouco do projeto.\u2026","rel":"","context":"Em &quot;Consultoria Empresarial&quot;","block_context":{"text":"Consultoria Empresarial","link":"http:\/\/cfcontabil.com\/cf\/category\/consultoria\/"},"img":{"alt_text":"Ano da Contabilidade no Brasil","src":"http:\/\/www.crcsc.org.br\/arquivosSGC\/BANNER_20121211103353Ano20da20Contabilidade.jpg&w=418&h=238&c=s","width":350,"height":200},"classes":[]}],"jetpack_likes_enabled":true,"_links":{"self":[{"href":"http:\/\/cfcontabil.com\/cf\/wp-json\/wp\/v2\/posts\/2989","targetHints":{"allow":["GET"]}}],"collection":[{"href":"http:\/\/cfcontabil.com\/cf\/wp-json\/wp\/v2\/posts"}],"about":[{"href":"http:\/\/cfcontabil.com\/cf\/wp-json\/wp\/v2\/types\/post"}],"author":[{"embeddable":true,"href":"http:\/\/cfcontabil.com\/cf\/wp-json\/wp\/v2\/users\/1"}],"replies":[{"embeddable":true,"href":"http:\/\/cfcontabil.com\/cf\/wp-json\/wp\/v2\/comments?post=2989"}],"version-history":[{"count":1,"href":"http:\/\/cfcontabil.com\/cf\/wp-json\/wp\/v2\/posts\/2989\/revisions"}],"predecessor-version":[{"id":2998,"href":"http:\/\/cfcontabil.com\/cf\/wp-json\/wp\/v2\/posts\/2989\/revisions\/2998"}],"wp:featuredmedia":[{"embeddable":true,"href":"http:\/\/cfcontabil.com\/cf\/wp-json\/wp\/v2\/media\/2990"}],"wp:attachment":[{"href":"http:\/\/cfcontabil.com\/cf\/wp-json\/wp\/v2\/media?parent=2989"}],"wp:term":[{"taxonomy":"category","embeddable":true,"href":"http:\/\/cfcontabil.com\/cf\/wp-json\/wp\/v2\/categories?post=2989"},{"taxonomy":"post_tag","embeddable":true,"href":"http:\/\/cfcontabil.com\/cf\/wp-json\/wp\/v2\/tags?post=2989"}],"curies":[{"name":"wp","href":"https:\/\/api.w.org\/{rel}","templated":true}]}}