{"id":3006,"date":"2024-07-22T12:41:24","date_gmt":"2024-07-22T15:41:24","guid":{"rendered":"https:\/\/cfcontabil.com\/cf\/?p=3006"},"modified":"2024-07-22T12:41:26","modified_gmt":"2024-07-22T15:41:26","slug":"contabil-summit-brasilia-2024-transformando-desafios-em-oportunidades","status":"publish","type":"post","link":"http:\/\/cfcontabil.com\/cf\/contabil-summit-brasilia-2024-transformando-desafios-em-oportunidades\/","title":{"rendered":"Cont\u00e1bil Summit Bras\u00edlia 2024: Transformando Desafios em Oportunidades\u00a0"},"content":{"rendered":"\n<p>No dia 17 de julho, o audit\u00f3rio Sicoob (SIG) foi palco de um evento imperd\u00edvel para empreendedores do setor cont\u00e1bil. Organizado pelo Conselho Regional de Contabilidade do Distrito Federal (CRCDF) e SICOOB Executive, o <strong>Cont\u00e1bil Summit Bras\u00edlia<\/strong> reuniu grandes nomes do setor para um dia repleto de palestras sobre gest\u00e3o, neg\u00f3cios e inova\u00e7\u00e3o na contabilidade.\u00a0<\/p>\n\n\n\n<p><strong>Abertura do Evento<\/strong>&nbsp;<\/p>\n\n\n\n<p>\u00c0s 9h, o evento come\u00e7ou com a palavra de Danilo Maroja, coordenador da<em> Comiss\u00e3o dos Empres\u00e1rios Cont\u00e1beis do DF<\/em>. Ele destacou que somos de mais de 2.000 empresas cont\u00e1beis em Bras\u00edlia, a maioria sendo microempresas. Maroja enfatizou a import\u00e2ncia do evento em abrir oportunidades para essas empresas crescerem juntas.\u00a0<\/p>\n\n\n\n<figure class=\"wp-block-image size-large\"><a href=\"https:\/\/i0.wp.com\/cfcontabil.com\/cf\/wp-content\/uploads\/2024\/07\/image-3.png?ssl=1\"><img data-recalc-dims=\"1\" fetchpriority=\"high\" decoding=\"async\" width=\"1024\" height=\"473\" data-attachment-id=\"3011\" data-permalink=\"http:\/\/cfcontabil.com\/cf\/contabil-summit-brasilia-2024-transformando-desafios-em-oportunidades\/image-11\/\" data-orig-file=\"https:\/\/i0.wp.com\/cfcontabil.com\/cf\/wp-content\/uploads\/2024\/07\/image-3.png?fit=1600%2C739\" data-orig-size=\"1600,739\" data-comments-opened=\"1\" data-image-meta=\"{&quot;aperture&quot;:&quot;0&quot;,&quot;credit&quot;:&quot;&quot;,&quot;camera&quot;:&quot;&quot;,&quot;caption&quot;:&quot;&quot;,&quot;created_timestamp&quot;:&quot;0&quot;,&quot;copyright&quot;:&quot;&quot;,&quot;focal_length&quot;:&quot;0&quot;,&quot;iso&quot;:&quot;0&quot;,&quot;shutter_speed&quot;:&quot;0&quot;,&quot;title&quot;:&quot;&quot;,&quot;orientation&quot;:&quot;0&quot;}\" data-image-title=\"image\" data-image-description=\"\" data-image-caption=\"\" data-large-file=\"https:\/\/i0.wp.com\/cfcontabil.com\/cf\/wp-content\/uploads\/2024\/07\/image-3.png?fit=1024%2C473\" src=\"https:\/\/i0.wp.com\/cfcontabil.com\/cf\/wp-content\/uploads\/2024\/07\/image-3-1024x473.png?resize=1024%2C473&#038;ssl=1\" alt=\"\" class=\"wp-image-3011\" srcset=\"https:\/\/i0.wp.com\/cfcontabil.com\/cf\/wp-content\/uploads\/2024\/07\/image-3.png?resize=1024%2C473 1024w, https:\/\/i0.wp.com\/cfcontabil.com\/cf\/wp-content\/uploads\/2024\/07\/image-3.png?resize=300%2C139 300w, https:\/\/i0.wp.com\/cfcontabil.com\/cf\/wp-content\/uploads\/2024\/07\/image-3.png?resize=768%2C355 768w, https:\/\/i0.wp.com\/cfcontabil.com\/cf\/wp-content\/uploads\/2024\/07\/image-3.png?resize=1536%2C709 1536w, https:\/\/i0.wp.com\/cfcontabil.com\/cf\/wp-content\/uploads\/2024\/07\/image-3.png?w=1600 1600w\" sizes=\"(max-width: 1024px) 100vw, 1024px\" \/><\/a><\/figure>\n\n\n\n<p>A <em>Comiss\u00e3o dos Empres\u00e1rios Cont\u00e1beis<\/em> tem como objetivos:\u00a0<\/p>\n\n\n\n<p><em>1. Intera\u00e7\u00e3o e networking<\/em>&nbsp;<\/p>\n\n\n\n<p><em>2. Eventos voltados para empresas cont\u00e1beis<\/em>&nbsp;<\/p>\n\n\n\n<p><em>3. Parcerias com CRCDF e SESCON-DF<\/em>&nbsp;<\/p>\n\n\n\n<p><em>4. Grupo Informativo da Comiss\u00e3o<\/em>&nbsp;<\/p>\n\n\n\n<p>Ap\u00f3s a abertura, a mesa foi composta por Luiz Lesse (Presidente do Conselho de Administra\u00e7\u00e3o do SICOOB), Alexandre Alves (Presidente do SESCON-DF), Rafael Machado (Presidente do CRCRJ) e Darlan Barbosa (Presidente do CRCDF).&nbsp;<\/p>\n\n\n\n<figure class=\"wp-block-image size-large\"><a href=\"https:\/\/i0.wp.com\/cfcontabil.com\/cf\/wp-content\/uploads\/2024\/07\/image-2.png?ssl=1\"><img data-recalc-dims=\"1\" decoding=\"async\" width=\"1024\" height=\"473\" data-attachment-id=\"3010\" data-permalink=\"http:\/\/cfcontabil.com\/cf\/contabil-summit-brasilia-2024-transformando-desafios-em-oportunidades\/image-10\/\" data-orig-file=\"https:\/\/i0.wp.com\/cfcontabil.com\/cf\/wp-content\/uploads\/2024\/07\/image-2.png?fit=1600%2C739\" data-orig-size=\"1600,739\" data-comments-opened=\"1\" data-image-meta=\"{&quot;aperture&quot;:&quot;0&quot;,&quot;credit&quot;:&quot;&quot;,&quot;camera&quot;:&quot;&quot;,&quot;caption&quot;:&quot;&quot;,&quot;created_timestamp&quot;:&quot;0&quot;,&quot;copyright&quot;:&quot;&quot;,&quot;focal_length&quot;:&quot;0&quot;,&quot;iso&quot;:&quot;0&quot;,&quot;shutter_speed&quot;:&quot;0&quot;,&quot;title&quot;:&quot;&quot;,&quot;orientation&quot;:&quot;0&quot;}\" data-image-title=\"image\" data-image-description=\"\" data-image-caption=\"\" data-large-file=\"https:\/\/i0.wp.com\/cfcontabil.com\/cf\/wp-content\/uploads\/2024\/07\/image-2.png?fit=1024%2C473\" src=\"https:\/\/i0.wp.com\/cfcontabil.com\/cf\/wp-content\/uploads\/2024\/07\/image-2-1024x473.png?resize=1024%2C473&#038;ssl=1\" alt=\"\" class=\"wp-image-3010\" srcset=\"https:\/\/i0.wp.com\/cfcontabil.com\/cf\/wp-content\/uploads\/2024\/07\/image-2.png?resize=1024%2C473 1024w, https:\/\/i0.wp.com\/cfcontabil.com\/cf\/wp-content\/uploads\/2024\/07\/image-2.png?resize=300%2C139 300w, https:\/\/i0.wp.com\/cfcontabil.com\/cf\/wp-content\/uploads\/2024\/07\/image-2.png?resize=768%2C355 768w, https:\/\/i0.wp.com\/cfcontabil.com\/cf\/wp-content\/uploads\/2024\/07\/image-2.png?resize=1536%2C709 1536w, https:\/\/i0.wp.com\/cfcontabil.com\/cf\/wp-content\/uploads\/2024\/07\/image-2.png?w=1600 1600w\" sizes=\"(max-width: 1024px) 100vw, 1024px\" \/><\/a><\/figure>\n\n\n\n<p><strong>Palestras Inspiradoras<\/strong>&nbsp;<\/p>\n\n\n\n<p><strong>9h30 &#8211; Como Agir de Maneira Empreendedora na Contabilidade<\/strong>&nbsp;<\/p>\n\n\n\n<p>Rafael Machado, presidente do CRCRJ, abriu as palestras abordando a import\u00e2ncia de um prop\u00f3sito maior que o econ\u00f4mico para o sucesso empresarial. Ele apresentou os tr\u00eas pilares de uma empresa: prop\u00f3sitos, pessoas e processos, exemplificando com sua pr\u00f3pria empresa, RM Neg\u00f3cios. Machado destacou a metodologia de diferencia\u00e7\u00e3o de neg\u00f3cios com um leque de servi\u00e7os integrados e a import\u00e2ncia de ter uma miss\u00e3o, vis\u00e3o e valores bem definidos e vis\u00edveis.&nbsp;<\/p>\n\n\n\n<figure class=\"wp-block-image size-large\"><a href=\"https:\/\/i0.wp.com\/cfcontabil.com\/cf\/wp-content\/uploads\/2024\/07\/image-1.png?ssl=1\"><img data-recalc-dims=\"1\" decoding=\"async\" width=\"1024\" height=\"473\" data-attachment-id=\"3009\" data-permalink=\"http:\/\/cfcontabil.com\/cf\/contabil-summit-brasilia-2024-transformando-desafios-em-oportunidades\/image-9\/\" data-orig-file=\"https:\/\/i0.wp.com\/cfcontabil.com\/cf\/wp-content\/uploads\/2024\/07\/image-1.png?fit=1600%2C739\" data-orig-size=\"1600,739\" data-comments-opened=\"1\" data-image-meta=\"{&quot;aperture&quot;:&quot;0&quot;,&quot;credit&quot;:&quot;&quot;,&quot;camera&quot;:&quot;&quot;,&quot;caption&quot;:&quot;&quot;,&quot;created_timestamp&quot;:&quot;0&quot;,&quot;copyright&quot;:&quot;&quot;,&quot;focal_length&quot;:&quot;0&quot;,&quot;iso&quot;:&quot;0&quot;,&quot;shutter_speed&quot;:&quot;0&quot;,&quot;title&quot;:&quot;&quot;,&quot;orientation&quot;:&quot;0&quot;}\" data-image-title=\"image\" data-image-description=\"\" data-image-caption=\"\" data-large-file=\"https:\/\/i0.wp.com\/cfcontabil.com\/cf\/wp-content\/uploads\/2024\/07\/image-1.png?fit=1024%2C473\" src=\"https:\/\/i0.wp.com\/cfcontabil.com\/cf\/wp-content\/uploads\/2024\/07\/image-1-1024x473.png?resize=1024%2C473&#038;ssl=1\" alt=\"\" class=\"wp-image-3009\" srcset=\"https:\/\/i0.wp.com\/cfcontabil.com\/cf\/wp-content\/uploads\/2024\/07\/image-1.png?resize=1024%2C473 1024w, https:\/\/i0.wp.com\/cfcontabil.com\/cf\/wp-content\/uploads\/2024\/07\/image-1.png?resize=300%2C139 300w, https:\/\/i0.wp.com\/cfcontabil.com\/cf\/wp-content\/uploads\/2024\/07\/image-1.png?resize=768%2C355 768w, https:\/\/i0.wp.com\/cfcontabil.com\/cf\/wp-content\/uploads\/2024\/07\/image-1.png?resize=1536%2C709 1536w, https:\/\/i0.wp.com\/cfcontabil.com\/cf\/wp-content\/uploads\/2024\/07\/image-1.png?w=1600 1600w\" sizes=\"(max-width: 1024px) 100vw, 1024px\" \/><\/a><\/figure>\n\n\n\n<p><strong>10h30 &#8211; Rob\u00f4 SEO: Como a IA Pode Impulsionar Seu Neg\u00f3cio no Google<\/strong>&nbsp;<\/p>\n\n\n\n<p>Jonathan Machado apresentou o poder da internet para os neg\u00f3cios, enfatizando a import\u00e2ncia de investir em tr\u00e1fego pago, org\u00e2nico e propriet\u00e1rio. Ele ressaltou que o Google \u00e9 um parceiro de neg\u00f3cios essencial e que a criatividade e estrat\u00e9gia no uso dessas ferramentas s\u00e3o fundamentais para n\u00e3o ser ignorado pelo p\u00fablico.&nbsp;<\/p>\n\n\n\n<figure class=\"wp-block-image size-large\"><a href=\"https:\/\/i0.wp.com\/cfcontabil.com\/cf\/wp-content\/uploads\/2024\/07\/image-4.png?ssl=1\"><img data-recalc-dims=\"1\" loading=\"lazy\" decoding=\"async\" width=\"1024\" height=\"769\" data-attachment-id=\"3012\" data-permalink=\"http:\/\/cfcontabil.com\/cf\/contabil-summit-brasilia-2024-transformando-desafios-em-oportunidades\/image-12\/\" data-orig-file=\"https:\/\/i0.wp.com\/cfcontabil.com\/cf\/wp-content\/uploads\/2024\/07\/image-4.png?fit=1316%2C988\" data-orig-size=\"1316,988\" data-comments-opened=\"1\" data-image-meta=\"{&quot;aperture&quot;:&quot;0&quot;,&quot;credit&quot;:&quot;&quot;,&quot;camera&quot;:&quot;&quot;,&quot;caption&quot;:&quot;&quot;,&quot;created_timestamp&quot;:&quot;0&quot;,&quot;copyright&quot;:&quot;&quot;,&quot;focal_length&quot;:&quot;0&quot;,&quot;iso&quot;:&quot;0&quot;,&quot;shutter_speed&quot;:&quot;0&quot;,&quot;title&quot;:&quot;&quot;,&quot;orientation&quot;:&quot;0&quot;}\" data-image-title=\"image\" data-image-description=\"\" data-image-caption=\"\" data-large-file=\"https:\/\/i0.wp.com\/cfcontabil.com\/cf\/wp-content\/uploads\/2024\/07\/image-4.png?fit=1024%2C769\" src=\"https:\/\/i0.wp.com\/cfcontabil.com\/cf\/wp-content\/uploads\/2024\/07\/image-4-1024x769.png?resize=1024%2C769&#038;ssl=1\" alt=\"\" class=\"wp-image-3012\" srcset=\"https:\/\/i0.wp.com\/cfcontabil.com\/cf\/wp-content\/uploads\/2024\/07\/image-4.png?resize=1024%2C769 1024w, https:\/\/i0.wp.com\/cfcontabil.com\/cf\/wp-content\/uploads\/2024\/07\/image-4.png?resize=300%2C225 300w, https:\/\/i0.wp.com\/cfcontabil.com\/cf\/wp-content\/uploads\/2024\/07\/image-4.png?resize=768%2C577 768w, https:\/\/i0.wp.com\/cfcontabil.com\/cf\/wp-content\/uploads\/2024\/07\/image-4.png?w=1316 1316w\" sizes=\"(max-width: 1024px) 100vw, 1024px\" \/><\/a><\/figure>\n\n\n\n<p><strong>11h30 &#8211; A Gera\u00e7\u00e3o do Caos como Ferramenta de Transforma\u00e7\u00e3o das Empresas Cont\u00e1beis<\/strong>&nbsp;<\/p>\n\n\n\n<p>Hugo Dias, da Alterdata Software, discutiu a teoria do caos como uma ferramenta estrat\u00e9gica para transformar desafios em oportunidades. Ele explicou como o &#8220;caos estrat\u00e9gico&#8221; pode provocar mudan\u00e7as positivas no pensamento dos colaboradores, liderado pelos gestores como agentes do caos.&nbsp;<\/p>\n\n\n\n<figure class=\"wp-block-image size-large\"><a href=\"https:\/\/i0.wp.com\/cfcontabil.com\/cf\/wp-content\/uploads\/2024\/07\/image.png?ssl=1\"><img data-recalc-dims=\"1\" loading=\"lazy\" decoding=\"async\" width=\"1024\" height=\"769\" data-attachment-id=\"3008\" data-permalink=\"http:\/\/cfcontabil.com\/cf\/contabil-summit-brasilia-2024-transformando-desafios-em-oportunidades\/image-8\/\" data-orig-file=\"https:\/\/i0.wp.com\/cfcontabil.com\/cf\/wp-content\/uploads\/2024\/07\/image.png?fit=1316%2C988\" data-orig-size=\"1316,988\" data-comments-opened=\"1\" data-image-meta=\"{&quot;aperture&quot;:&quot;0&quot;,&quot;credit&quot;:&quot;&quot;,&quot;camera&quot;:&quot;&quot;,&quot;caption&quot;:&quot;&quot;,&quot;created_timestamp&quot;:&quot;0&quot;,&quot;copyright&quot;:&quot;&quot;,&quot;focal_length&quot;:&quot;0&quot;,&quot;iso&quot;:&quot;0&quot;,&quot;shutter_speed&quot;:&quot;0&quot;,&quot;title&quot;:&quot;&quot;,&quot;orientation&quot;:&quot;0&quot;}\" data-image-title=\"image\" data-image-description=\"\" data-image-caption=\"\" data-large-file=\"https:\/\/i0.wp.com\/cfcontabil.com\/cf\/wp-content\/uploads\/2024\/07\/image.png?fit=1024%2C769\" src=\"https:\/\/i0.wp.com\/cfcontabil.com\/cf\/wp-content\/uploads\/2024\/07\/image-1024x769.png?resize=1024%2C769&#038;ssl=1\" alt=\"\" class=\"wp-image-3008\" srcset=\"https:\/\/i0.wp.com\/cfcontabil.com\/cf\/wp-content\/uploads\/2024\/07\/image.png?resize=1024%2C769 1024w, https:\/\/i0.wp.com\/cfcontabil.com\/cf\/wp-content\/uploads\/2024\/07\/image.png?resize=300%2C225 300w, https:\/\/i0.wp.com\/cfcontabil.com\/cf\/wp-content\/uploads\/2024\/07\/image.png?resize=768%2C577 768w, https:\/\/i0.wp.com\/cfcontabil.com\/cf\/wp-content\/uploads\/2024\/07\/image.png?w=1316 1316w\" sizes=\"(max-width: 1024px) 100vw, 1024px\" \/><\/a><\/figure>\n\n\n\n<p><strong>14h &#8211; Intelig\u00eancia Artificial na Contabilidade<\/strong>&nbsp;<\/p>\n\n\n\n<p>Roberto Dias Duarte apresentou a relev\u00e2ncia da IA na contabilidade, exemplificando que a IA pode transformar fun\u00e7\u00f5es manuais em processos automatizados e probabil\u00edsticos. Ele demonstrou na pr\u00e1tica como criar uma IA personalizada (GPT) para o setor cont\u00e1bil e as diversas automa\u00e7\u00f5es poss\u00edveis.\u00a0<\/p>\n\n\n\n<figure class=\"wp-block-image size-large\"><a href=\"https:\/\/i0.wp.com\/cfcontabil.com\/cf\/wp-content\/uploads\/2024\/07\/image-5.png?ssl=1\"><img data-recalc-dims=\"1\" loading=\"lazy\" decoding=\"async\" width=\"1024\" height=\"769\" data-attachment-id=\"3013\" data-permalink=\"http:\/\/cfcontabil.com\/cf\/contabil-summit-brasilia-2024-transformando-desafios-em-oportunidades\/image-13\/\" data-orig-file=\"https:\/\/i0.wp.com\/cfcontabil.com\/cf\/wp-content\/uploads\/2024\/07\/image-5.png?fit=1316%2C988\" data-orig-size=\"1316,988\" data-comments-opened=\"1\" data-image-meta=\"{&quot;aperture&quot;:&quot;0&quot;,&quot;credit&quot;:&quot;&quot;,&quot;camera&quot;:&quot;&quot;,&quot;caption&quot;:&quot;&quot;,&quot;created_timestamp&quot;:&quot;0&quot;,&quot;copyright&quot;:&quot;&quot;,&quot;focal_length&quot;:&quot;0&quot;,&quot;iso&quot;:&quot;0&quot;,&quot;shutter_speed&quot;:&quot;0&quot;,&quot;title&quot;:&quot;&quot;,&quot;orientation&quot;:&quot;0&quot;}\" data-image-title=\"image\" data-image-description=\"\" data-image-caption=\"\" data-large-file=\"https:\/\/i0.wp.com\/cfcontabil.com\/cf\/wp-content\/uploads\/2024\/07\/image-5.png?fit=1024%2C769\" src=\"https:\/\/i0.wp.com\/cfcontabil.com\/cf\/wp-content\/uploads\/2024\/07\/image-5-1024x769.png?resize=1024%2C769&#038;ssl=1\" alt=\"\" class=\"wp-image-3013\" srcset=\"https:\/\/i0.wp.com\/cfcontabil.com\/cf\/wp-content\/uploads\/2024\/07\/image-5.png?resize=1024%2C769 1024w, https:\/\/i0.wp.com\/cfcontabil.com\/cf\/wp-content\/uploads\/2024\/07\/image-5.png?resize=300%2C225 300w, https:\/\/i0.wp.com\/cfcontabil.com\/cf\/wp-content\/uploads\/2024\/07\/image-5.png?resize=768%2C577 768w, https:\/\/i0.wp.com\/cfcontabil.com\/cf\/wp-content\/uploads\/2024\/07\/image-5.png?w=1316 1316w\" sizes=\"(max-width: 1024px) 100vw, 1024px\" \/><\/a><\/figure>\n\n\n\n<p><strong>15h &#8211; 5 Passos para Lucrar com a Sua Empresa<\/strong>&nbsp;<\/p>\n\n\n\n<p>Daniel Fernandes, conhecido como &#8220;o m\u00e9dico de empresas&#8221;, abordou as tr\u00eas dores mais comuns dos empreendedores: falta de caixa, tempo e engajamento da equipe. Ele detalhou os cinco passos para lucrar mais: metas, planejamento, a\u00e7\u00e3o, monitoramento e nova a\u00e7\u00e3o. Fernandes enfatizou a import\u00e2ncia de m\u00e9todo e orienta\u00e7\u00e3o para o sucesso empresarial.&nbsp;<\/p>\n\n\n\n<figure class=\"wp-block-image size-large\"><a href=\"https:\/\/i0.wp.com\/cfcontabil.com\/cf\/wp-content\/uploads\/2024\/07\/image-7.png?ssl=1\"><img data-recalc-dims=\"1\" loading=\"lazy\" decoding=\"async\" width=\"1024\" height=\"583\" data-attachment-id=\"3015\" data-permalink=\"http:\/\/cfcontabil.com\/cf\/contabil-summit-brasilia-2024-transformando-desafios-em-oportunidades\/image-15\/\" data-orig-file=\"https:\/\/i0.wp.com\/cfcontabil.com\/cf\/wp-content\/uploads\/2024\/07\/image-7.png?fit=1315%2C749\" data-orig-size=\"1315,749\" data-comments-opened=\"1\" data-image-meta=\"{&quot;aperture&quot;:&quot;0&quot;,&quot;credit&quot;:&quot;&quot;,&quot;camera&quot;:&quot;&quot;,&quot;caption&quot;:&quot;&quot;,&quot;created_timestamp&quot;:&quot;0&quot;,&quot;copyright&quot;:&quot;&quot;,&quot;focal_length&quot;:&quot;0&quot;,&quot;iso&quot;:&quot;0&quot;,&quot;shutter_speed&quot;:&quot;0&quot;,&quot;title&quot;:&quot;&quot;,&quot;orientation&quot;:&quot;0&quot;}\" data-image-title=\"image\" data-image-description=\"\" data-image-caption=\"\" data-large-file=\"https:\/\/i0.wp.com\/cfcontabil.com\/cf\/wp-content\/uploads\/2024\/07\/image-7.png?fit=1024%2C583\" src=\"https:\/\/i0.wp.com\/cfcontabil.com\/cf\/wp-content\/uploads\/2024\/07\/image-7-1024x583.png?resize=1024%2C583&#038;ssl=1\" alt=\"\" class=\"wp-image-3015\" srcset=\"https:\/\/i0.wp.com\/cfcontabil.com\/cf\/wp-content\/uploads\/2024\/07\/image-7.png?resize=1024%2C583 1024w, https:\/\/i0.wp.com\/cfcontabil.com\/cf\/wp-content\/uploads\/2024\/07\/image-7.png?resize=300%2C171 300w, https:\/\/i0.wp.com\/cfcontabil.com\/cf\/wp-content\/uploads\/2024\/07\/image-7.png?resize=768%2C437 768w, https:\/\/i0.wp.com\/cfcontabil.com\/cf\/wp-content\/uploads\/2024\/07\/image-7.png?w=1315 1315w\" sizes=\"(max-width: 1024px) 100vw, 1024px\" \/><\/a><\/figure>\n\n\n\n<p><strong>Encerramento e Pr\u00f3ximo Evento<\/strong>&nbsp;<\/p>\n\n\n\n<p>O evento foi encerrado com um talk show onde Danilo Maroja coordenou uma rodada de perguntas e respostas dos presentes.&nbsp;&nbsp;<\/p>\n\n\n\n<figure class=\"wp-block-image size-large\"><a href=\"https:\/\/i0.wp.com\/cfcontabil.com\/cf\/wp-content\/uploads\/2024\/07\/image-8.png?ssl=1\"><img data-recalc-dims=\"1\" loading=\"lazy\" decoding=\"async\" width=\"1024\" height=\"768\" data-attachment-id=\"3016\" data-permalink=\"http:\/\/cfcontabil.com\/cf\/contabil-summit-brasilia-2024-transformando-desafios-em-oportunidades\/image-16\/\" data-orig-file=\"https:\/\/i0.wp.com\/cfcontabil.com\/cf\/wp-content\/uploads\/2024\/07\/image-8.png?fit=4000%2C3000\" data-orig-size=\"4000,3000\" data-comments-opened=\"1\" data-image-meta=\"{&quot;aperture&quot;:&quot;0&quot;,&quot;credit&quot;:&quot;&quot;,&quot;camera&quot;:&quot;&quot;,&quot;caption&quot;:&quot;&quot;,&quot;created_timestamp&quot;:&quot;0&quot;,&quot;copyright&quot;:&quot;&quot;,&quot;focal_length&quot;:&quot;0&quot;,&quot;iso&quot;:&quot;0&quot;,&quot;shutter_speed&quot;:&quot;0&quot;,&quot;title&quot;:&quot;&quot;,&quot;orientation&quot;:&quot;0&quot;}\" data-image-title=\"image\" data-image-description=\"\" data-image-caption=\"\" data-large-file=\"https:\/\/i0.wp.com\/cfcontabil.com\/cf\/wp-content\/uploads\/2024\/07\/image-8.png?fit=1024%2C768\" src=\"https:\/\/i0.wp.com\/cfcontabil.com\/cf\/wp-content\/uploads\/2024\/07\/image-8-1024x768.png?resize=1024%2C768&#038;ssl=1\" alt=\"\" class=\"wp-image-3016\" srcset=\"https:\/\/i0.wp.com\/cfcontabil.com\/cf\/wp-content\/uploads\/2024\/07\/image-8.png?resize=1024%2C768 1024w, https:\/\/i0.wp.com\/cfcontabil.com\/cf\/wp-content\/uploads\/2024\/07\/image-8.png?resize=300%2C225 300w, https:\/\/i0.wp.com\/cfcontabil.com\/cf\/wp-content\/uploads\/2024\/07\/image-8.png?resize=768%2C576 768w, https:\/\/i0.wp.com\/cfcontabil.com\/cf\/wp-content\/uploads\/2024\/07\/image-8.png?resize=1536%2C1152 1536w, https:\/\/i0.wp.com\/cfcontabil.com\/cf\/wp-content\/uploads\/2024\/07\/image-8.png?resize=2048%2C1536 2048w, https:\/\/i0.wp.com\/cfcontabil.com\/cf\/wp-content\/uploads\/2024\/07\/image-8.png?w=2340 2340w, https:\/\/i0.wp.com\/cfcontabil.com\/cf\/wp-content\/uploads\/2024\/07\/image-8.png?w=3510 3510w\" sizes=\"(max-width: 1024px) 100vw, 1024px\" \/><\/a><\/figure>\n\n\n\n<p>Al\u00e9m disso, foi anunciado o pr\u00f3ximo grande evento: <strong>DNA Cont\u00e1bil Edi\u00e7\u00e3o Bras\u00edlia<\/strong>, que acontecer\u00e1 em 16 de agosto. Este evento promete reunir contadores de todo o Brasil para discutir as tend\u00eancias e inova\u00e7\u00f5es que moldar\u00e3o o futuro da contabilidade.\u00a0<\/p>\n\n\n\n<p>N\u00e3o perca a oportunidade de aprimorar seus conhecimentos e se conectar com os principais profissionais da \u00e1rea. Acompanhe nossas redes sociais para mais informa\u00e7\u00f5es!&nbsp;<\/p>\n\n\n\n<p><strong>Instagram: [@institutodnacontabil] (<a href=\"https:\/\/www.instagram.com\/institutodnacontabil\" target=\"_blank\" rel=\"noopener\" title=\"\">https:\/\/www.instagram.com\/institutodnacontabil<\/a>)<\/strong>\u00a0<\/p>\n\n\n<div class=\"wp-block-image\">\n<figure class=\"aligncenter size-full\"><a href=\"https:\/\/i0.wp.com\/cfcontabil.com\/cf\/wp-content\/uploads\/2024\/07\/image-6.png?ssl=1\"><img data-recalc-dims=\"1\" loading=\"lazy\" decoding=\"async\" width=\"643\" height=\"416\" data-attachment-id=\"3014\" data-permalink=\"http:\/\/cfcontabil.com\/cf\/contabil-summit-brasilia-2024-transformando-desafios-em-oportunidades\/image-14\/\" data-orig-file=\"https:\/\/i0.wp.com\/cfcontabil.com\/cf\/wp-content\/uploads\/2024\/07\/image-6.png?fit=643%2C416\" data-orig-size=\"643,416\" data-comments-opened=\"1\" data-image-meta=\"{&quot;aperture&quot;:&quot;0&quot;,&quot;credit&quot;:&quot;&quot;,&quot;camera&quot;:&quot;&quot;,&quot;caption&quot;:&quot;&quot;,&quot;created_timestamp&quot;:&quot;0&quot;,&quot;copyright&quot;:&quot;&quot;,&quot;focal_length&quot;:&quot;0&quot;,&quot;iso&quot;:&quot;0&quot;,&quot;shutter_speed&quot;:&quot;0&quot;,&quot;title&quot;:&quot;&quot;,&quot;orientation&quot;:&quot;0&quot;}\" data-image-title=\"image\" data-image-description=\"\" data-image-caption=\"\" data-large-file=\"https:\/\/i0.wp.com\/cfcontabil.com\/cf\/wp-content\/uploads\/2024\/07\/image-6.png?fit=643%2C416\" src=\"https:\/\/i0.wp.com\/cfcontabil.com\/cf\/wp-content\/uploads\/2024\/07\/image-6.png?resize=643%2C416&#038;ssl=1\" alt=\"\" class=\"wp-image-3014\" srcset=\"https:\/\/i0.wp.com\/cfcontabil.com\/cf\/wp-content\/uploads\/2024\/07\/image-6.png?w=643 643w, https:\/\/i0.wp.com\/cfcontabil.com\/cf\/wp-content\/uploads\/2024\/07\/image-6.png?resize=300%2C194 300w\" sizes=\"(max-width: 643px) 100vw, 643px\" \/><\/a><\/figure>\n<\/div>\n\n\n<p>Este foi um evento transformador que certamente impulsionar\u00e1 o sucesso de muitas empresas cont\u00e1beis em Bras\u00edlia. Se voc\u00ea n\u00e3o p\u00f4de comparecer, n\u00e3o deixe de participar dos pr\u00f3ximos eventos e aplicar as estrat\u00e9gias discutidas para levar seu neg\u00f3cio ao topo!&nbsp;<\/p>\n\n\n\n<p><strong><em>Ab\u00edlio Gon\u00e7alves, empres\u00e1rio cont\u00e1bil<\/em><\/strong>&nbsp;<\/p>\n","protected":false},"excerpt":{"rendered":"<p>No dia 17 de julho, o audit\u00f3rio Sicoob (SIG) foi palco de um evento imperd\u00edvel para empreendedores do setor cont\u00e1bil. Organizado pelo Conselho Regional de Contabilidade do Distrito Federal (CRCDF) e SICOOB Executive, o Cont\u00e1bil Summit Bras\u00edlia reuniu grandes nomes do setor para um dia repleto de palestras sobre gest\u00e3o, neg\u00f3cios e inova\u00e7\u00e3o na contabilidade.<\/p>\n","protected":false},"author":1,"featured_media":3007,"comment_status":"open","ping_status":"open","sticky":false,"template":"","format":"standard","meta":{"jetpack_post_was_ever_published":false,"_jetpack_newsletter_access":"","_jetpack_dont_email_post_to_subs":false,"_jetpack_newsletter_tier_id":0,"_jetpack_memberships_contains_paywalled_content":false,"_jetpack_memberships_contains_paid_content":false,"footnotes":"","jetpack_publicize_message":"","jetpack_publicize_feature_enabled":true,"jetpack_social_post_already_shared":true,"jetpack_social_options":{"image_generator_settings":{"template":"highway","default_image_id":0,"font":"","enabled":false},"version":2}},"categories":[69],"tags":[61,21,867,303,169,868],"class_list":["post-3006","post","type-post","status-publish","format-standard","has-post-thumbnail","hentry","category-contabilidade-2","tag-contabil","tag-contabilidade","tag-crcdf","tag-empresa","tag-empresario","tag-evento"],"jetpack_publicize_connections":[],"jetpack_featured_media_url":"https:\/\/i0.wp.com\/cfcontabil.com\/cf\/wp-content\/uploads\/2024\/07\/Contabil-Summit-Brasilia.png?fit=1280%2C642","jetpack_sharing_enabled":true,"jetpack_shortlink":"https:\/\/wp.me\/p2wklX-Mu","jetpack-related-posts":[{"id":1202,"url":"http:\/\/cfcontabil.com\/cf\/2013-ano-da-contabilidade-no-brasil\/","url_meta":{"origin":3006,"position":0},"title":"2013: ano da Contabilidade no Brasil","author":"Vin\u00edcius Moizinho","date":"9 de janeiro de 2013","format":false,"excerpt":"\u00a0 O ano de 2013 ser\u00e1, sem d\u00favida, um dos mais importantes para a Contabilidade brasileira. Lideran\u00e7as e \u00f3rg\u00e3os ligados \u00e0 profiss\u00e3o est\u00e3o se unindo para que toda a sociedade saiba e reconhe\u00e7a o verdadeiro papel do profissional da contabilidade. \u00a0 \u00a0 \u00a0 Conhe\u00e7a, a seguir, um pouco do projeto.\u2026","rel":"","context":"Em &quot;Consultoria Empresarial&quot;","block_context":{"text":"Consultoria Empresarial","link":"http:\/\/cfcontabil.com\/cf\/category\/consultoria\/"},"img":{"alt_text":"Ano da Contabilidade no Brasil","src":"http:\/\/www.crcsc.org.br\/arquivosSGC\/BANNER_20121211103353Ano20da20Contabilidade.jpg&w=418&h=238&c=s","width":350,"height":200},"classes":[]},{"id":611,"url":"http:\/\/cfcontabil.com\/cf\/x-convencao-de-contabildade-do-distrito-federal\/","url_meta":{"origin":3006,"position":1},"title":"X Conven\u00e7\u00e3o de Contabildade do Distrito Federal","author":"Ab\u00edlio Gon\u00e7alves","date":"10 de setembro de 2015","format":false,"excerpt":"\u201cCom a Contabilidade o Brasil se faz Transparente\u201d Com este tema que o Conselho Regional de Contabilidade do Distrito Federal (CRCDF) realizou a X Conven\u00e7\u00e3o de Contabilidade do Distrito Federal, \u00a0nos dias 20 e 21 de agosto\u00a0na sede da LBV, situada na SGAS 915 Sul. A Conven\u00e7\u00e3o de\u00a0Contabilidade \u00e9 um\u2026","rel":"","context":"Em &quot;Consultoria Empresarial&quot;","block_context":{"text":"Consultoria Empresarial","link":"http:\/\/cfcontabil.com\/cf\/category\/consultoria\/"},"img":{"alt_text":"","src":"https:\/\/i0.wp.com\/cfcontabil.com\/cf\/wp-content\/uploads\/2015\/09\/xconvencaocontabilidadedf-tema-2.png?fit=600%2C600&resize=350%2C200","width":350,"height":200,"srcset":"https:\/\/i0.wp.com\/cfcontabil.com\/cf\/wp-content\/uploads\/2015\/09\/xconvencaocontabilidadedf-tema-2.png?fit=600%2C600&resize=350%2C200 1x, https:\/\/i0.wp.com\/cfcontabil.com\/cf\/wp-content\/uploads\/2015\/09\/xconvencaocontabilidadedf-tema-2.png?fit=600%2C600&resize=525%2C300 1.5x"},"classes":[]},{"id":3045,"url":"http:\/\/cfcontabil.com\/cf\/a-importancia-da-contabilidade-no-terceiro-setor-sustentabilidade-e-transparencia-para-associacoes-e-ongs\/","url_meta":{"origin":3006,"position":2},"title":"A Import\u00e2ncia da Contabilidade no Terceiro Setor: Sustentabilidade e Transpar\u00eancia para Associa\u00e7\u00f5es e ONGs","author":"Ab\u00edlio Gon\u00e7alves","date":"9 de dezembro de 2024","format":false,"excerpt":"A contabilidade no terceiro setor desempenha um papel crucial para garantir a integridade e a efici\u00eancia de organiza\u00e7\u00f5es sem fins lucrativos. Associa\u00e7\u00f5es e ONGs, que frequentemente dependem de doa\u00e7\u00f5es e parcerias, precisam de uma base cont\u00e1bil s\u00f3lida para gerenciar recursos, prestar contas e assegurar sua sustentabilidade. Vamos explorar os pilares\u2026","rel":"","context":"Em &quot;Geral&quot;","block_context":{"text":"Geral","link":"http:\/\/cfcontabil.com\/cf\/category\/geral\/"},"img":{"alt_text":"","src":"https:\/\/i0.wp.com\/cfcontabil.com\/cf\/wp-content\/uploads\/2024\/12\/DALL%C2%B7E-2024-12-09-11.02.42-3setor.webp?fit=1200%2C686&resize=350%2C200","width":350,"height":200,"srcset":"https:\/\/i0.wp.com\/cfcontabil.com\/cf\/wp-content\/uploads\/2024\/12\/DALL%C2%B7E-2024-12-09-11.02.42-3setor.webp?fit=1200%2C686&resize=350%2C200 1x, https:\/\/i0.wp.com\/cfcontabil.com\/cf\/wp-content\/uploads\/2024\/12\/DALL%C2%B7E-2024-12-09-11.02.42-3setor.webp?fit=1200%2C686&resize=525%2C300 1.5x, https:\/\/i0.wp.com\/cfcontabil.com\/cf\/wp-content\/uploads\/2024\/12\/DALL%C2%B7E-2024-12-09-11.02.42-3setor.webp?fit=1200%2C686&resize=700%2C400 2x, https:\/\/i0.wp.com\/cfcontabil.com\/cf\/wp-content\/uploads\/2024\/12\/DALL%C2%B7E-2024-12-09-11.02.42-3setor.webp?fit=1200%2C686&resize=1050%2C600 3x"},"classes":[]},{"id":1091,"url":"http:\/\/cfcontabil.com\/cf\/quando-a-contabilidade-alcanca-a-diretoria-das-empresas\/","url_meta":{"origin":3006,"position":3},"title":"Quando a contabilidade alcan\u00e7a a diretoria das empresas","author":"Ab\u00edlio Gon\u00e7alves","date":"28 de mar\u00e7o de 2017","format":false,"excerpt":"Durante s\u00e9culos a contabilidade foi encarada por muitos executivos como sendo um \u201cmal necess\u00e1rio\u201d para atender a reguladores e \u00e0s autoridades fiscais. Para muitos, a contabilidade n\u00e3o merecia considera\u00e7\u00e3o por ser uma ci\u00eancia que sempre olhava para a empresa pelo \u201cretrovisor\u201d, privilegiando o passado ao inv\u00e9s do futuro. Estes, infelizmente,\u2026","rel":"","context":"Em &quot;Geral&quot;","block_context":{"text":"Geral","link":"http:\/\/cfcontabil.com\/cf\/category\/geral\/"},"img":{"alt_text":"","src":"https:\/\/i0.wp.com\/cfcontabil.com\/cf\/wp-content\/uploads\/2017\/03\/placa-diretoria-D_NQ_NP_14395-MLB209863706_6078-F-1.jpg?fit=1200%2C266&resize=350%2C200","width":350,"height":200,"srcset":"https:\/\/i0.wp.com\/cfcontabil.com\/cf\/wp-content\/uploads\/2017\/03\/placa-diretoria-D_NQ_NP_14395-MLB209863706_6078-F-1.jpg?fit=1200%2C266&resize=350%2C200 1x, https:\/\/i0.wp.com\/cfcontabil.com\/cf\/wp-content\/uploads\/2017\/03\/placa-diretoria-D_NQ_NP_14395-MLB209863706_6078-F-1.jpg?fit=1200%2C266&resize=525%2C300 1.5x, https:\/\/i0.wp.com\/cfcontabil.com\/cf\/wp-content\/uploads\/2017\/03\/placa-diretoria-D_NQ_NP_14395-MLB209863706_6078-F-1.jpg?fit=1200%2C266&resize=700%2C400 2x, https:\/\/i0.wp.com\/cfcontabil.com\/cf\/wp-content\/uploads\/2017\/03\/placa-diretoria-D_NQ_NP_14395-MLB209863706_6078-F-1.jpg?fit=1200%2C266&resize=1050%2C600 3x"},"classes":[]},{"id":1,"url":"http:\/\/cfcontabil.com\/cf\/seja-bem-vindo\/","url_meta":{"origin":3006,"position":4},"title":"Seja Bem Vindo! Blog da CF Cont\u00e1bil","author":"Ab\u00edlio Gon\u00e7alves","date":"3 de fevereiro de 2012","format":false,"excerpt":"NOVO SITE! O mercado cont\u00e1bil vem passando por diversas mudan\u00e7as, sendo imprescind\u00edvel maior capacita\u00e7\u00e3o por parte dos profissionais que atuam nesse seguimento. A CF Cont\u00e1bil entendendo a necessidade de manter-se atualizada, busca constantemente se aperfei\u00e7oar, tornando-se parceira de seus clientes para gerar informa\u00e7\u00f5es mais detalhadas, precisas e que sejam mais\u2026","rel":"","context":"Em &quot;Geral&quot;","block_context":{"text":"Geral","link":"http:\/\/cfcontabil.com\/cf\/category\/geral\/"},"img":{"alt_text":"","src":"","width":0,"height":0},"classes":[]},{"id":1404,"url":"http:\/\/cfcontabil.com\/cf\/o-papel-do-profissional-da-contabilidade-na-2a-fase-do-esocial\/","url_meta":{"origin":3006,"position":5},"title":"O papel do profissional da contabilidade na 2\u00aa fase do eSocial","author":"Ab\u00edlio Gon\u00e7alves","date":"18 de outubro de 2018","format":false,"excerpt":"\u00c9 importante orientar o empres\u00e1rio para que os dados dos seus funcion\u00e1rios estejam organizados Fonte: CFC - Por Andr\u00e9a Rosa\u00a0Com informa\u00e7\u00f5es da Receita Federal do Brasil A segunda fase do eSocial teve in\u00edcio nesta quarta-feira (10), abrangendo entidades empresariais com faturamento de at\u00e9 R$ 78 milh\u00f5es no ano de 2016\u2026","rel":"","context":"Em &quot;Departamento Pessoal&quot;","block_context":{"text":"Departamento Pessoal","link":"http:\/\/cfcontabil.com\/cf\/category\/dp\/"},"img":{"alt_text":"","src":"https:\/\/i0.wp.com\/cfcontabil.com\/cf\/wp-content\/uploads\/2017\/06\/esocial-pasta-1.jpg?fit=1000%2C591&resize=350%2C200","width":350,"height":200,"srcset":"https:\/\/i0.wp.com\/cfcontabil.com\/cf\/wp-content\/uploads\/2017\/06\/esocial-pasta-1.jpg?fit=1000%2C591&resize=350%2C200 1x, https:\/\/i0.wp.com\/cfcontabil.com\/cf\/wp-content\/uploads\/2017\/06\/esocial-pasta-1.jpg?fit=1000%2C591&resize=525%2C300 1.5x, https:\/\/i0.wp.com\/cfcontabil.com\/cf\/wp-content\/uploads\/2017\/06\/esocial-pasta-1.jpg?fit=1000%2C591&resize=700%2C400 2x"},"classes":[]}],"jetpack_likes_enabled":true,"_links":{"self":[{"href":"http:\/\/cfcontabil.com\/cf\/wp-json\/wp\/v2\/posts\/3006","targetHints":{"allow":["GET"]}}],"collection":[{"href":"http:\/\/cfcontabil.com\/cf\/wp-json\/wp\/v2\/posts"}],"about":[{"href":"http:\/\/cfcontabil.com\/cf\/wp-json\/wp\/v2\/types\/post"}],"author":[{"embeddable":true,"href":"http:\/\/cfcontabil.com\/cf\/wp-json\/wp\/v2\/users\/1"}],"replies":[{"embeddable":true,"href":"http:\/\/cfcontabil.com\/cf\/wp-json\/wp\/v2\/comments?post=3006"}],"version-history":[{"count":1,"href":"http:\/\/cfcontabil.com\/cf\/wp-json\/wp\/v2\/posts\/3006\/revisions"}],"predecessor-version":[{"id":3017,"href":"http:\/\/cfcontabil.com\/cf\/wp-json\/wp\/v2\/posts\/3006\/revisions\/3017"}],"wp:featuredmedia":[{"embeddable":true,"href":"http:\/\/cfcontabil.com\/cf\/wp-json\/wp\/v2\/media\/3007"}],"wp:attachment":[{"href":"http:\/\/cfcontabil.com\/cf\/wp-json\/wp\/v2\/media?parent=3006"}],"wp:term":[{"taxonomy":"category","embeddable":true,"href":"http:\/\/cfcontabil.com\/cf\/wp-json\/wp\/v2\/categories?post=3006"},{"taxonomy":"post_tag","embeddable":true,"href":"http:\/\/cfcontabil.com\/cf\/wp-json\/wp\/v2\/tags?post=3006"}],"curies":[{"name":"wp","href":"https:\/\/api.w.org\/{rel}","templated":true}]}}