{"id":3045,"date":"2024-12-09T11:03:52","date_gmt":"2024-12-09T14:03:52","guid":{"rendered":"https:\/\/cfcontabil.com\/cf\/?p=3045"},"modified":"2024-12-09T11:03:52","modified_gmt":"2024-12-09T14:03:52","slug":"a-importancia-da-contabilidade-no-terceiro-setor-sustentabilidade-e-transparencia-para-associacoes-e-ongs","status":"publish","type":"post","link":"http:\/\/cfcontabil.com\/cf\/a-importancia-da-contabilidade-no-terceiro-setor-sustentabilidade-e-transparencia-para-associacoes-e-ongs\/","title":{"rendered":"A Import\u00e2ncia da Contabilidade no Terceiro Setor: Sustentabilidade e Transpar\u00eancia para Associa\u00e7\u00f5es e ONGs"},"content":{"rendered":"\n<p>A contabilidade no terceiro setor desempenha um papel crucial para garantir a integridade e a efici\u00eancia de organiza\u00e7\u00f5es sem fins lucrativos. Associa\u00e7\u00f5es e ONGs, que frequentemente dependem de doa\u00e7\u00f5es e parcerias, precisam de uma base cont\u00e1bil s\u00f3lida para gerenciar recursos, prestar contas e assegurar sua sustentabilidade. Vamos explorar os pilares dessa pr\u00e1tica e como aplic\u00e1-la de forma eficaz.<\/p>\n\n\n\n<h3 class=\"wp-block-heading\"><strong>Pilares da Contabilidade no Terceiro Setor<\/strong><\/h3>\n\n\n\n<ol class=\"wp-block-list\">\n<li><strong>Normas Cont\u00e1beis Espec\u00edficas<\/strong><br \/>Organiza\u00e7\u00f5es do terceiro setor devem seguir a <strong>NBC T 10.19<\/strong>, que regula a contabilidade dessas entidades. As demonstra\u00e7\u00f5es financeiras precisam incluir:\n<ul class=\"wp-block-list\">\n<li>Super\u00e1vit ou d\u00e9ficit.<\/li>\n\n\n\n<li>Balan\u00e7o patrimonial.<\/li>\n\n\n\n<li>Notas explicativas detalhadas.<br \/>Essas normas n\u00e3o s\u00e3o apenas uma formalidade; elas aumentam a confian\u00e7a de apoiadores, facilitam auditorias e garantem conformidade com a legisla\u00e7\u00e3o.<\/li>\n<\/ul>\n<\/li>\n\n\n\n<li><strong>Benef\u00edcios Fiscais<\/strong><br \/>Entidades sem fins lucrativos que seguem rigorosamente as normas cont\u00e1beis podem se beneficiar de <strong>isen\u00e7\u00f5es fiscais<\/strong>, como PIS e COFINS. No entanto, essas isen\u00e7\u00f5es dependem de pr\u00e1ticas cont\u00e1beis transparentes e da comprova\u00e7\u00e3o da finalidade social da organiza\u00e7\u00e3o.<\/li>\n\n\n\n<li><strong>Transpar\u00eancia nos Relat\u00f3rios<\/strong><br \/>A clareza nos relat\u00f3rios financeiros \u00e9 essencial para manter a confian\u00e7a dos stakeholders. \u00c9 fundamental apresentar documentos como:\n<ul class=\"wp-block-list\">\n<li><strong>Balan\u00e7o Patrimonial<\/strong>: Mostra o ativo, passivo e patrim\u00f4nio l\u00edquido.<\/li>\n\n\n\n<li><strong>Declara\u00e7\u00e3o de Muta\u00e7\u00f5es do Patrim\u00f4nio Social<\/strong>: Detalha como os recursos foram aplicados.<\/li>\n<\/ul>\n<\/li>\n<\/ol>\n\n\n\n<hr class=\"wp-block-separator has-alpha-channel-opacity\"\/>\n\n\n\n<h3 class=\"wp-block-heading\"><strong>Boas Pr\u00e1ticas de Gest\u00e3o Cont\u00e1bil<\/strong><\/h3>\n\n\n\n<ol class=\"wp-block-list\">\n<li><strong>Registro Detalhado de Doa\u00e7\u00f5es<\/strong><br \/>Todas as doa\u00e7\u00f5es devem ser registradas com informa\u00e7\u00f5es completas, como identifica\u00e7\u00e3o do doador e natureza da receita. Isso facilita auditorias e refor\u00e7a a transpar\u00eancia.<\/li>\n\n\n\n<li><strong>Gest\u00e3o Eficiente de Recursos<\/strong><br \/>A utiliza\u00e7\u00e3o de <strong>softwares financeiros especializados<\/strong> pode ajudar no controle de receitas e despesas, otimizando o uso de recursos e assegurando a efici\u00eancia operacional.<\/li>\n\n\n\n<li><strong>Conformidade com a Legisla\u00e7\u00e3o<\/strong><br \/>Manter-se atualizado com as normas cont\u00e1beis evita problemas fiscais e melhora a reputa\u00e7\u00e3o da organiza\u00e7\u00e3o no mercado.<\/li>\n<\/ol>\n\n\n\n<hr class=\"wp-block-separator has-alpha-channel-opacity\"\/>\n\n\n\n<h3 class=\"wp-block-heading\"><strong>Exemplos de Sucesso no Terceiro Setor<\/strong><\/h3>\n\n\n\n<p>Um estudo recente mostrou que ONGs com gest\u00e3o cont\u00e1bil eficiente n\u00e3o s\u00f3 garantiram a cobertura de despesas com doa\u00e7\u00f5es, mas tamb\u00e9m geraram super\u00e1vit, permitindo expandir seus projetos sociais. Esse sucesso \u00e9 resultado de relat\u00f3rios detalhados, uso estrat\u00e9gico de dados financeiros e um s\u00f3lido planejamento cont\u00e1bil.<\/p>\n\n\n\n<hr class=\"wp-block-separator has-alpha-channel-opacity\"\/>\n\n\n\n<h3 class=\"wp-block-heading\"><strong>Por que a Contabilidade \u00e9 Essencial para o Impacto Social?<\/strong><\/h3>\n\n\n\n<p>A boa gest\u00e3o cont\u00e1bil \u00e9 a base para:<\/p>\n\n\n\n<ul class=\"wp-block-list\">\n<li>Atrair novos apoiadores.<\/li>\n\n\n\n<li>Manter a confian\u00e7a de doadores.<\/li>\n\n\n\n<li>Expandir o impacto social das a\u00e7\u00f5es.<\/li>\n<\/ul>\n\n\n\n<p>Quer potencializar a sua organiza\u00e7\u00e3o e garantir a sustentabilidade financeira?<\/p>\n\n\n\n<hr class=\"wp-block-separator has-alpha-channel-opacity\"\/>\n\n\n\n<h3 class=\"wp-block-heading\"><strong>? Transforme a Gest\u00e3o da Sua ONG com a CF Cont\u00e1bil!<\/strong><\/h3>\n\n\n\n<p>Na <strong>CF Cont\u00e1bil<\/strong>, somos especialistas em contabilidade para o terceiro setor. Ajudamos associa\u00e7\u00f5es e ONGs a implementar pr\u00e1ticas cont\u00e1beis que promovem transpar\u00eancia e resultados duradouros.<\/p>\n\n\n\n<p>? <strong>Entre em contato conosco<\/strong> para agendar uma consultoria personalizada. Juntos, podemos fortalecer a sua miss\u00e3o social!<\/p>\n\n\n\n<p><strong>CF Cont\u00e1bil<\/strong> \u2014 Transformando dados em impacto.<\/p>\n","protected":false},"excerpt":{"rendered":"<p>A contabilidade no terceiro setor desempenha um papel crucial para garantir a integridade e a efici\u00eancia de organiza\u00e7\u00f5es sem fins lucrativos. Associa\u00e7\u00f5es e ONGs, que frequentemente dependem de doa\u00e7\u00f5es e parcerias, precisam de uma base cont\u00e1bil s\u00f3lida para gerenciar recursos, prestar contas e assegurar sua sustentabilidade. Vamos explorar os pilares dessa pr\u00e1tica e como aplic\u00e1-la [&hellip;]<\/p>\n","protected":false},"author":1,"featured_media":3046,"comment_status":"open","ping_status":"open","sticky":false,"template":"","format":"standard","meta":{"jetpack_post_was_ever_published":false,"_jetpack_newsletter_access":"","_jetpack_dont_email_post_to_subs":false,"_jetpack_newsletter_tier_id":0,"_jetpack_memberships_contains_paywalled_content":false,"_jetpack_memberships_contains_paid_content":false,"footnotes":"","jetpack_publicize_message":"","jetpack_publicize_feature_enabled":false,"jetpack_social_post_already_shared":false,"jetpack_social_options":{"image_generator_settings":{"template":"highway","enabled":false},"version":2}},"categories":[22],"tags":[870,21,359,869],"class_list":["post-3045","post","type-post","status-publish","format-standard","has-post-thumbnail","hentry","category-geral","tag-associacoes","tag-contabilidade","tag-ong","tag-terceiro-setor"],"jetpack_publicize_connections":[],"jetpack_featured_media_url":"https:\/\/i0.wp.com\/cfcontabil.com\/cf\/wp-content\/uploads\/2024\/12\/DALL%C2%B7E-2024-12-09-11.02.42-3setor.webp?fit=1792%2C1024","jetpack_sharing_enabled":true,"jetpack_shortlink":"https:\/\/wp.me\/p2wklX-N7","jetpack-related-posts":[{"id":3006,"url":"http:\/\/cfcontabil.com\/cf\/contabil-summit-brasilia-2024-transformando-desafios-em-oportunidades\/","url_meta":{"origin":3045,"position":0},"title":"Cont\u00e1bil Summit Bras\u00edlia 2024: Transformando Desafios em Oportunidades\u00a0","author":"Ab\u00edlio Gon\u00e7alves","date":"22 de julho de 2024","format":false,"excerpt":"No dia 17 de julho, o audit\u00f3rio Sicoob (SIG) foi palco de um evento imperd\u00edvel para empreendedores do setor cont\u00e1bil. Organizado pelo Conselho Regional de Contabilidade do Distrito Federal (CRCDF) e SICOOB Executive, o Cont\u00e1bil Summit Bras\u00edlia reuniu grandes nomes do setor para um dia repleto de palestras sobre gest\u00e3o,\u2026","rel":"","context":"Em &quot;Contabilidade em geral&quot;","block_context":{"text":"Contabilidade em geral","link":"http:\/\/cfcontabil.com\/cf\/category\/contabilidade-2\/"},"img":{"alt_text":"","src":"https:\/\/i0.wp.com\/cfcontabil.com\/cf\/wp-content\/uploads\/2024\/07\/Contabil-Summit-Brasilia.png?fit=1200%2C602&resize=350%2C200","width":350,"height":200,"srcset":"https:\/\/i0.wp.com\/cfcontabil.com\/cf\/wp-content\/uploads\/2024\/07\/Contabil-Summit-Brasilia.png?fit=1200%2C602&resize=350%2C200 1x, https:\/\/i0.wp.com\/cfcontabil.com\/cf\/wp-content\/uploads\/2024\/07\/Contabil-Summit-Brasilia.png?fit=1200%2C602&resize=525%2C300 1.5x, https:\/\/i0.wp.com\/cfcontabil.com\/cf\/wp-content\/uploads\/2024\/07\/Contabil-Summit-Brasilia.png?fit=1200%2C602&resize=700%2C400 2x, https:\/\/i0.wp.com\/cfcontabil.com\/cf\/wp-content\/uploads\/2024\/07\/Contabil-Summit-Brasilia.png?fit=1200%2C602&resize=1050%2C600 3x"},"classes":[]},{"id":1202,"url":"http:\/\/cfcontabil.com\/cf\/2013-ano-da-contabilidade-no-brasil\/","url_meta":{"origin":3045,"position":1},"title":"2013: ano da Contabilidade no Brasil","author":"Vin\u00edcius Moizinho","date":"9 de janeiro de 2013","format":false,"excerpt":"\u00a0 O ano de 2013 ser\u00e1, sem d\u00favida, um dos mais importantes para a Contabilidade brasileira. Lideran\u00e7as e \u00f3rg\u00e3os ligados \u00e0 profiss\u00e3o est\u00e3o se unindo para que toda a sociedade saiba e reconhe\u00e7a o verdadeiro papel do profissional da contabilidade. \u00a0 \u00a0 \u00a0 Conhe\u00e7a, a seguir, um pouco do projeto.\u2026","rel":"","context":"Em &quot;Consultoria Empresarial&quot;","block_context":{"text":"Consultoria Empresarial","link":"http:\/\/cfcontabil.com\/cf\/category\/consultoria\/"},"img":{"alt_text":"Ano da Contabilidade no Brasil","src":"http:\/\/www.crcsc.org.br\/arquivosSGC\/BANNER_20121211103353Ano20da20Contabilidade.jpg&w=418&h=238&c=s","width":350,"height":200},"classes":[]},{"id":908,"url":"http:\/\/cfcontabil.com\/cf\/proposta-cria-declaracao-fiscal-unica-para-organizacoes-sem-fins-lucrativos\/","url_meta":{"origin":3045,"position":2},"title":"Proposta cria declara\u00e7\u00e3o fiscal \u00fanica para organiza\u00e7\u00f5es sem fins lucrativos","author":"Ab\u00edlio Gon\u00e7alves","date":"2 de fevereiro de 2017","format":false,"excerpt":"Para simplificar a presta\u00e7\u00e3o de contas das organiza\u00e7\u00f5es que atuam no terceiro setor, projeto que tramita no Senado cria uma declara\u00e7\u00e3o fiscal e socioecon\u00f4mica \u00fanica para essas pessoas jur\u00eddicas. O terceiro setor \u00e9 composto por empresas e entidades de direito privado, que contam com isen\u00e7\u00f5es tribut\u00e1rias por exercerem atividades de\u2026","rel":"","context":"Em &quot;Departamento Fiscal&quot;","block_context":{"text":"Departamento Fiscal","link":"http:\/\/cfcontabil.com\/cf\/category\/df\/"},"img":{"alt_text":"","src":"https:\/\/i0.wp.com\/cfcontabil.com\/cf\/wp-content\/uploads\/2017\/01\/associa%C3%A7%C3%A3o-1.jpg?fit=1200%2C380&resize=350%2C200","width":350,"height":200,"srcset":"https:\/\/i0.wp.com\/cfcontabil.com\/cf\/wp-content\/uploads\/2017\/01\/associa%C3%A7%C3%A3o-1.jpg?fit=1200%2C380&resize=350%2C200 1x, https:\/\/i0.wp.com\/cfcontabil.com\/cf\/wp-content\/uploads\/2017\/01\/associa%C3%A7%C3%A3o-1.jpg?fit=1200%2C380&resize=525%2C300 1.5x, https:\/\/i0.wp.com\/cfcontabil.com\/cf\/wp-content\/uploads\/2017\/01\/associa%C3%A7%C3%A3o-1.jpg?fit=1200%2C380&resize=700%2C400 2x, https:\/\/i0.wp.com\/cfcontabil.com\/cf\/wp-content\/uploads\/2017\/01\/associa%C3%A7%C3%A3o-1.jpg?fit=1200%2C380&resize=1050%2C600 3x"},"classes":[]},{"id":563,"url":"http:\/\/cfcontabil.com\/cf\/como-ter-uma-boa-contabilidade-na-sua-empresa\/","url_meta":{"origin":3045,"position":3},"title":"Como ter uma boa contabilidade na sua empresa","author":"Vin\u00edcius Moizinho","date":"17 de novembro de 2014","format":"aside","excerpt":"\u00c9 importante encarar a contabilidade como uma ferramenta que contribui para o gerenciamento do neg\u00f3cio, independente do tamanho ou ramo de atividade da empresa. Pensar dessa forma traz muitas vantagens corporativas, principalmente quanto \u00e0 transpar\u00eancia das transa\u00e7\u00f5es e a real apura\u00e7\u00e3o do lucro ou preju\u00edzo. A primeira dica e a\u2026","rel":"","context":"Em &quot;Geral&quot;","block_context":{"text":"Geral","link":"http:\/\/cfcontabil.com\/cf\/category\/geral\/"},"img":{"alt_text":"","src":"","width":0,"height":0},"classes":[]},{"id":611,"url":"http:\/\/cfcontabil.com\/cf\/x-convencao-de-contabildade-do-distrito-federal\/","url_meta":{"origin":3045,"position":4},"title":"X Conven\u00e7\u00e3o de Contabildade do Distrito Federal","author":"Ab\u00edlio Gon\u00e7alves","date":"10 de setembro de 2015","format":false,"excerpt":"\u201cCom a Contabilidade o Brasil se faz Transparente\u201d Com este tema que o Conselho Regional de Contabilidade do Distrito Federal (CRCDF) realizou a X Conven\u00e7\u00e3o de Contabilidade do Distrito Federal, \u00a0nos dias 20 e 21 de agosto\u00a0na sede da LBV, situada na SGAS 915 Sul. A Conven\u00e7\u00e3o de\u00a0Contabilidade \u00e9 um\u2026","rel":"","context":"Em &quot;Consultoria Empresarial&quot;","block_context":{"text":"Consultoria Empresarial","link":"http:\/\/cfcontabil.com\/cf\/category\/consultoria\/"},"img":{"alt_text":"","src":"https:\/\/i0.wp.com\/cfcontabil.com\/cf\/wp-content\/uploads\/2015\/09\/xconvencaocontabilidadedf-tema-2.png?fit=600%2C600&resize=350%2C200","width":350,"height":200,"srcset":"https:\/\/i0.wp.com\/cfcontabil.com\/cf\/wp-content\/uploads\/2015\/09\/xconvencaocontabilidadedf-tema-2.png?fit=600%2C600&resize=350%2C200 1x, https:\/\/i0.wp.com\/cfcontabil.com\/cf\/wp-content\/uploads\/2015\/09\/xconvencaocontabilidadedf-tema-2.png?fit=600%2C600&resize=525%2C300 1.5x"},"classes":[]},{"id":865,"url":"http:\/\/cfcontabil.com\/cf\/1-exame-de-suficiencia-de-2017-boletos-podem-ser-pagos-ate-o-dia-26\/","url_meta":{"origin":3045,"position":5},"title":"1\u00b0 Exame de Sufici\u00eancia de 2017: boletos podem ser pagos at\u00e9 o dia 26","author":"Ab\u00edlio Gon\u00e7alves","date":"24 de janeiro de 2017","format":false,"excerpt":"Foi publicada no Di\u00e1rio Oficial da Uni\u00e3o (DOU), desta ter\u00e7a-feira (24), se\u00e7\u00e3o 3, p\u00e1g. 130, a retifica\u00e7\u00e3o do Edital do 1\u00b0 Exame de Sufici\u00eancia, que altera a data de pagamento do boleto. Os itens alterados no edital foram 2.2, 2.2.1 e 3.13. A data final para o pagamento, ap\u00f3s a\u2026","rel":"","context":"Em &quot;Geral&quot;","block_context":{"text":"Geral","link":"http:\/\/cfcontabil.com\/cf\/category\/geral\/"},"img":{"alt_text":"","src":"https:\/\/i0.wp.com\/cfcontabil.com\/cf\/wp-content\/uploads\/2017\/01\/exame_suficiencia_2016-1.jpg?fit=675%2C302&resize=350%2C200","width":350,"height":200,"srcset":"https:\/\/i0.wp.com\/cfcontabil.com\/cf\/wp-content\/uploads\/2017\/01\/exame_suficiencia_2016-1.jpg?fit=675%2C302&resize=350%2C200 1x, https:\/\/i0.wp.com\/cfcontabil.com\/cf\/wp-content\/uploads\/2017\/01\/exame_suficiencia_2016-1.jpg?fit=675%2C302&resize=525%2C300 1.5x"},"classes":[]}],"jetpack_likes_enabled":true,"_links":{"self":[{"href":"http:\/\/cfcontabil.com\/cf\/wp-json\/wp\/v2\/posts\/3045","targetHints":{"allow":["GET"]}}],"collection":[{"href":"http:\/\/cfcontabil.com\/cf\/wp-json\/wp\/v2\/posts"}],"about":[{"href":"http:\/\/cfcontabil.com\/cf\/wp-json\/wp\/v2\/types\/post"}],"author":[{"embeddable":true,"href":"http:\/\/cfcontabil.com\/cf\/wp-json\/wp\/v2\/users\/1"}],"replies":[{"embeddable":true,"href":"http:\/\/cfcontabil.com\/cf\/wp-json\/wp\/v2\/comments?post=3045"}],"version-history":[{"count":1,"href":"http:\/\/cfcontabil.com\/cf\/wp-json\/wp\/v2\/posts\/3045\/revisions"}],"predecessor-version":[{"id":3047,"href":"http:\/\/cfcontabil.com\/cf\/wp-json\/wp\/v2\/posts\/3045\/revisions\/3047"}],"wp:featuredmedia":[{"embeddable":true,"href":"http:\/\/cfcontabil.com\/cf\/wp-json\/wp\/v2\/media\/3046"}],"wp:attachment":[{"href":"http:\/\/cfcontabil.com\/cf\/wp-json\/wp\/v2\/media?parent=3045"}],"wp:term":[{"taxonomy":"category","embeddable":true,"href":"http:\/\/cfcontabil.com\/cf\/wp-json\/wp\/v2\/categories?post=3045"},{"taxonomy":"post_tag","embeddable":true,"href":"http:\/\/cfcontabil.com\/cf\/wp-json\/wp\/v2\/tags?post=3045"}],"curies":[{"name":"wp","href":"https:\/\/api.w.org\/{rel}","templated":true}]}}