{"id":3155,"date":"2025-04-24T11:52:12","date_gmt":"2025-04-24T14:52:12","guid":{"rendered":"https:\/\/cfcontabil.com\/cf\/?p=3155"},"modified":"2025-04-24T11:54:37","modified_gmt":"2025-04-24T14:54:37","slug":"%e2%9c%85-irpf-2025-checklist-completo-para-voce-declarar-sem-dor-de-cabeca","status":"publish","type":"post","link":"http:\/\/cfcontabil.com\/cf\/%e2%9c%85-irpf-2025-checklist-completo-para-voce-declarar-sem-dor-de-cabeca\/","title":{"rendered":"IRPF 2025: Checklist completo para voc\u00ea declarar sem dor de cabe\u00e7a"},"content":{"rendered":"\n<p>A temporada de declara\u00e7\u00e3o do Imposto de Renda 2025 j\u00e1 come\u00e7ou, e para n\u00e3o correr riscos com a Receita Federal, o ideal \u00e9 estar com toda a documenta\u00e7\u00e3o organizada o quanto antes.<\/p>\n\n\n\n<p>Se voc\u00ea est\u00e1 em d\u00favida sobre o que precisa reunir, este checklist vai te ajudar. Anote a\u00ed:<\/p>\n\n\n\n<hr class=\"wp-block-separator has-alpha-channel-opacity\"\/>\n\n\n\n<h2 class=\"wp-block-heading\">Documentos Pessoais<\/h2>\n\n\n\n<ul class=\"wp-block-list\">\n<li>CPF e RG<\/li>\n\n\n\n<li>Comprovante de endere\u00e7o atualizado<\/li>\n\n\n\n<li>T\u00edtulo de eleitor<\/li>\n\n\n\n<li>Recibo da \u00faltima declara\u00e7\u00e3o (se houver declarado antes)<\/li>\n<\/ul>\n\n\n\n<hr class=\"wp-block-separator has-alpha-channel-opacity\"\/>\n\n\n\n<h2 class=\"wp-block-heading\"> Rendimentos e Carn\u00ea-Le\u00e3o<\/h2>\n\n\n\n<ul class=\"wp-block-list\">\n<li>Informes de rendimentos de bancos, empresas ou INSS<\/li>\n\n\n\n<li>Recibos de atendimentos (caso atue como aut\u00f4nomo)<\/li>\n\n\n\n<li>Extratos do Carn\u00ea-Le\u00e3o, se houver feito o preenchimento mensal<\/li>\n<\/ul>\n\n\n\n<hr class=\"wp-block-separator has-alpha-channel-opacity\"\/>\n\n\n\n<h2 class=\"wp-block-heading\"> Bens e Direitos<\/h2>\n\n\n\n<ul class=\"wp-block-list\">\n<li>Documentos de im\u00f3veis e ve\u00edculos<\/li>\n\n\n\n<li>Extratos de contas banc\u00e1rias e corretoras com saldos em <strong>31\/12\/2024<\/strong><\/li>\n\n\n\n<li>Informes de investimentos (renda fixa, a\u00e7\u00f5es, fundos, etc.)<\/li>\n<\/ul>\n\n\n\n<hr class=\"wp-block-separator has-alpha-channel-opacity\"\/>\n\n\n\n<h2 class=\"wp-block-heading\"> D\u00edvidas e Empr\u00e9stimos<\/h2>\n\n\n\n<ul class=\"wp-block-list\">\n<li>Informes de financiamentos e empr\u00e9stimos com saldo devedor em 31\/12\/2024<\/li>\n<\/ul>\n\n\n\n<hr class=\"wp-block-separator has-alpha-channel-opacity\"\/>\n\n\n\n<h2 class=\"wp-block-heading\"> Despesas Dedut\u00edveis<\/h2>\n\n\n\n<ul class=\"wp-block-list\">\n<li>Comprovantes de despesas m\u00e9dicas (consultas, exames, planos de sa\u00fade)<\/li>\n\n\n\n<li>Mensalidades escolares e de faculdade (pr\u00f3prias ou de dependentes)<\/li>\n<\/ul>\n\n\n\n<hr class=\"wp-block-separator has-alpha-channel-opacity\"\/>\n\n\n\n<h2 class=\"wp-block-heading\"> Dependentes<\/h2>\n\n\n\n<ul class=\"wp-block-list\">\n<li>CPF de todos os dependentes (obrigat\u00f3rio, mesmo menores de idade)<\/li>\n\n\n\n<li>Comprovantes das despesas m\u00e9dicas e escolares de cada um<\/li>\n<\/ul>\n\n\n\n<hr class=\"wp-block-separator has-alpha-channel-opacity\"\/>\n\n\n\n<h3 class=\"wp-block-heading\">Pr\u00f3ximo passo:<\/h3>\n\n\n\n<p>Organize seus documentos o quanto antes e entre em contato conosco. Assim, conseguimos garantir mais seguran\u00e7a, tranquilidade e, claro, as melhores chances de restitui\u00e7\u00e3o!<\/p>\n\n\n\n<hr class=\"wp-block-separator has-alpha-channel-opacity\"\/>\n\n\n\n<h2 class=\"wp-block-heading\">E no caso de Esp\u00f3lio?<\/h2>\n\n\n\n<p>Quando ocorre o falecimento de um contribuinte, \u00e9 necess\u00e1rio apresentar a <strong>Declara\u00e7\u00e3o Final de Esp\u00f3lio<\/strong>, encerrando assim suas obriga\u00e7\u00f5es fiscais.<\/p>\n\n\n\n<h3 class=\"wp-block-heading\"> Quando entregar?<\/h3>\n\n\n\n<p>A declara\u00e7\u00e3o final deve ser enviada <strong>at\u00e9 o prazo da declara\u00e7\u00e3o do IRPF do ano seguinte ao fim do invent\u00e1rio<\/strong>. Em 2025, o prazo vai at\u00e9 <strong>31 de maio<\/strong>.<\/p>\n\n\n\n<hr class=\"wp-block-separator has-alpha-channel-opacity\"\/>\n\n\n\n<h3 class=\"wp-block-heading\"> O que \u00e9 necess\u00e1rio?<\/h3>\n\n\n\n<ul class=\"wp-block-list\">\n<li>Termo de homologa\u00e7\u00e3o da partilha (judicial) ou escritura p\u00fablica de partilha (extrajudicial);<\/li>\n\n\n\n<li>Rela\u00e7\u00e3o completa dos bens e direitos divididos entre os herdeiros;<\/li>\n\n\n\n<li>Dados do inventariante (quem ser\u00e1 respons\u00e1vel pela declara\u00e7\u00e3o);<\/li>\n\n\n\n<li>Rendimentos do falecido at\u00e9 a data do \u00f3bito;<\/li>\n\n\n\n<li>Rendimentos do esp\u00f3lio (como alugu\u00e9is e aplica\u00e7\u00f5es) at\u00e9 a data da partilha.<\/li>\n<\/ul>\n\n\n\n<hr class=\"wp-block-separator has-alpha-channel-opacity\"\/>\n\n\n\n<h3 class=\"wp-block-heading\">Ponto de aten\u00e7\u00e3o:<\/h3>\n\n\n\n<p>Ap\u00f3s essa declara\u00e7\u00e3o, o CPF do falecido \u00e9 encerrado. A partir da\u00ed, <strong>cada herdeiro deve informar os bens recebidos<\/strong> em sua pr\u00f3pria declara\u00e7\u00e3o, na ficha de Bens e Direitos, conforme os valores partilhados.<\/p>\n\n\n\n<hr class=\"wp-block-separator has-alpha-channel-opacity\"\/>\n\n\n\n<p>Se voc\u00ea precisa de ajuda para fazer sua declara\u00e7\u00e3o, seja como contribuinte ou inventariante, <strong>conte com o nosso escrit\u00f3rio cont\u00e1bil para cuidar de tudo com responsabilidade e seguran\u00e7a<\/strong>.<\/p>\n\n\n\n<p> Entre em contato agora mesmo para agendar seu atendimento.<\/p>\n","protected":false},"excerpt":{"rendered":"<p>A temporada de declara\u00e7\u00e3o do Imposto de Renda 2025 j\u00e1 come\u00e7ou, e para n\u00e3o correr riscos com a Receita Federal, o ideal \u00e9 estar com toda a documenta\u00e7\u00e3o organizada o quanto antes. Se voc\u00ea est\u00e1 em d\u00favida sobre o que precisa reunir, este checklist vai te ajudar. Anote a\u00ed: Documentos Pessoais Rendimentos e Carn\u00ea-Le\u00e3o Bens [&hellip;]<\/p>\n","protected":false},"author":1,"featured_media":3159,"comment_status":"open","ping_status":"open","sticky":false,"template":"","format":"standard","meta":{"jetpack_post_was_ever_published":false,"_jetpack_newsletter_access":"","_jetpack_dont_email_post_to_subs":false,"_jetpack_newsletter_tier_id":0,"_jetpack_memberships_contains_paywalled_content":false,"_jetpack_memberships_contains_paid_content":false,"footnotes":"","jetpack_publicize_message":"","jetpack_publicize_feature_enabled":true,"jetpack_social_post_already_shared":true,"jetpack_social_options":{"image_generator_settings":{"template":"highway","default_image_id":0,"font":"","enabled":false},"version":2}},"categories":[677],"tags":[106,107,108,115,110,74,111],"class_list":["post-3155","post","type-post","status-publish","format-standard","has-post-thumbnail","hentry","category-imposto-de-renda","tag-declaracao","tag-fisica","tag-imposto","tag-irpf","tag-pessoa","tag-receita","tag-renda"],"jetpack_publicize_connections":[],"jetpack_featured_media_url":"https:\/\/i0.wp.com\/cfcontabil.com\/cf\/wp-content\/uploads\/2025\/04\/um-checklist-de-documentos-sobre-uma-mesa-de-trabalho.png?fit=1024%2C768","jetpack_sharing_enabled":true,"jetpack_shortlink":"https:\/\/wp.me\/p2wklX-OT","jetpack-related-posts":[{"id":2951,"url":"http:\/\/cfcontabil.com\/cf\/guia-completo-do-irpf-2024-documentos-e-dicas-essenciais\/","url_meta":{"origin":3155,"position":0},"title":"GUIA COMPLETO DO IRPF 2024: Documentos e Dicas Essenciais","author":"Ab\u00edlio Gon\u00e7alves","date":"8 de fevereiro de 2024","format":false,"excerpt":"Estamos entrando na temporada de acerto de contas com o Le\u00e3o, e para tornar esse processo o mais tranquilo poss\u00edvel, preparamos um guia completo para voc\u00ea entender tudo sobre o Imposto de Renda Pessoa F\u00edsica (IRPF) 2024. O Que \u00c9 o IRPF? O Imposto de Renda Pessoa F\u00edsica \u00e9 uma\u2026","rel":"","context":"Em &quot;Geral&quot;","block_context":{"text":"Geral","link":"http:\/\/cfcontabil.com\/cf\/category\/geral\/"},"img":{"alt_text":"","src":"https:\/\/i0.wp.com\/cfcontabil.com\/cf\/wp-content\/uploads\/2024\/02\/cfcontabil-blog-irpf-2024-2.png?fit=1200%2C675&resize=350%2C200","width":350,"height":200,"srcset":"https:\/\/i0.wp.com\/cfcontabil.com\/cf\/wp-content\/uploads\/2024\/02\/cfcontabil-blog-irpf-2024-2.png?fit=1200%2C675&resize=350%2C200 1x, https:\/\/i0.wp.com\/cfcontabil.com\/cf\/wp-content\/uploads\/2024\/02\/cfcontabil-blog-irpf-2024-2.png?fit=1200%2C675&resize=525%2C300 1.5x, https:\/\/i0.wp.com\/cfcontabil.com\/cf\/wp-content\/uploads\/2024\/02\/cfcontabil-blog-irpf-2024-2.png?fit=1200%2C675&resize=700%2C400 2x, https:\/\/i0.wp.com\/cfcontabil.com\/cf\/wp-content\/uploads\/2024\/02\/cfcontabil-blog-irpf-2024-2.png?fit=1200%2C675&resize=1050%2C600 3x"},"classes":[]},{"id":2186,"url":"http:\/\/cfcontabil.com\/cf\/secretario-da-receita-diz-que-nao-ha-adiamento-do-prazo-de-entrega-do-irpf\/","url_meta":{"origin":3155,"position":1},"title":"Secret\u00e1rio da Receita diz que n\u00e3o h\u00e1 adiamento do prazo de entrega do IRPF","author":"Ab\u00edlio Gon\u00e7alves","date":"25 de mar\u00e7o de 2020","format":false,"excerpt":"Segundo Tostes, a not\u00edcia sobre adiamento \u00e9 \u201cimprocedente\u201d. Adriana Fernandes - Estad\u00e3o Conte\u00fado O secret\u00e1rio da Receita Federal, Jos\u00e9 Tostes, informou ao jornal O Estado de S. Paulo, por meio da assessoria de comunica\u00e7\u00e3o do Minist\u00e9rio da Economia, que n\u00e3o houve nenhuma mudan\u00e7a no prazo final de entrega da declara\u00e7\u00e3o\u2026","rel":"","context":"Em &quot;Departamento Fiscal&quot;","block_context":{"text":"Departamento Fiscal","link":"http:\/\/cfcontabil.com\/cf\/category\/df\/"},"img":{"alt_text":"","src":"https:\/\/i0.wp.com\/cfcontabil.com\/cf\/wp-content\/uploads\/2016\/03\/entrega-do-imposto-de-renda-2.jpg?fit=645%2C320&resize=350%2C200","width":350,"height":200,"srcset":"https:\/\/i0.wp.com\/cfcontabil.com\/cf\/wp-content\/uploads\/2016\/03\/entrega-do-imposto-de-renda-2.jpg?fit=645%2C320&resize=350%2C200 1x, https:\/\/i0.wp.com\/cfcontabil.com\/cf\/wp-content\/uploads\/2016\/03\/entrega-do-imposto-de-renda-2.jpg?fit=645%2C320&resize=525%2C300 1.5x"},"classes":[]},{"id":2856,"url":"http:\/\/cfcontabil.com\/cf\/prepare-a-sua-documentacao-para-o-imposto-de-renda-pessoa-fisica\/","url_meta":{"origin":3155,"position":2},"title":"Prepare a sua documenta\u00e7\u00e3o para o Imposto de Renda Pessoa F\u00edsica!","author":"Ab\u00edlio Gon\u00e7alves","date":"23 de fevereiro de 2023","format":false,"excerpt":"Come\u00e7a no dia\u00a015 de mar\u00e7o\u00a0o prazo para envio das declara\u00e7\u00f5es do Imposto de Renda 2023. A data foi anunciada pela Receita Federal. Chegou a hora de preparar sua documenta\u00e7\u00e3o com anteced\u00eancia.","rel":"","context":"Em &quot;Geral&quot;","block_context":{"text":"Geral","link":"http:\/\/cfcontabil.com\/cf\/category\/geral\/"},"img":{"alt_text":"","src":"https:\/\/i0.wp.com\/cfcontabil.com\/cf\/wp-content\/uploads\/2023\/02\/Imposto-de-Renda-Contabilidade-Post-Feed-para-Instagram.png?fit=1200%2C675&resize=350%2C200","width":350,"height":200,"srcset":"https:\/\/i0.wp.com\/cfcontabil.com\/cf\/wp-content\/uploads\/2023\/02\/Imposto-de-Renda-Contabilidade-Post-Feed-para-Instagram.png?fit=1200%2C675&resize=350%2C200 1x, https:\/\/i0.wp.com\/cfcontabil.com\/cf\/wp-content\/uploads\/2023\/02\/Imposto-de-Renda-Contabilidade-Post-Feed-para-Instagram.png?fit=1200%2C675&resize=525%2C300 1.5x, https:\/\/i0.wp.com\/cfcontabil.com\/cf\/wp-content\/uploads\/2023\/02\/Imposto-de-Renda-Contabilidade-Post-Feed-para-Instagram.png?fit=1200%2C675&resize=700%2C400 2x, https:\/\/i0.wp.com\/cfcontabil.com\/cf\/wp-content\/uploads\/2023\/02\/Imposto-de-Renda-Contabilidade-Post-Feed-para-Instagram.png?fit=1200%2C675&resize=1050%2C600 3x"},"classes":[]},{"id":2748,"url":"http:\/\/cfcontabil.com\/cf\/imposto-de-renda-2022-prepare-seus-documentos-esta-semana\/","url_meta":{"origin":3155,"position":3},"title":"Imposto de Renda 2022: prepare seus documentos esta semana!","author":"Ab\u00edlio Gon\u00e7alves","date":"23 de fevereiro de 2022","format":false,"excerpt":"Separe seus documentos para fazer a declara\u00e7\u00e3o a partir de 2 de mar\u00e7o.","rel":"","context":"Em &quot;Imposto de Renda&quot;","block_context":{"text":"Imposto de Renda","link":"http:\/\/cfcontabil.com\/cf\/category\/imposto-de-renda\/"},"img":{"alt_text":"","src":"https:\/\/i0.wp.com\/cfcontabil.com\/cf\/wp-content\/uploads\/2022\/02\/Banner-na-imposto-de-renda-Miniatura-do-YouTube.png?fit=1200%2C675&resize=350%2C200","width":350,"height":200,"srcset":"https:\/\/i0.wp.com\/cfcontabil.com\/cf\/wp-content\/uploads\/2022\/02\/Banner-na-imposto-de-renda-Miniatura-do-YouTube.png?fit=1200%2C675&resize=350%2C200 1x, https:\/\/i0.wp.com\/cfcontabil.com\/cf\/wp-content\/uploads\/2022\/02\/Banner-na-imposto-de-renda-Miniatura-do-YouTube.png?fit=1200%2C675&resize=525%2C300 1.5x, https:\/\/i0.wp.com\/cfcontabil.com\/cf\/wp-content\/uploads\/2022\/02\/Banner-na-imposto-de-renda-Miniatura-do-YouTube.png?fit=1200%2C675&resize=700%2C400 2x, https:\/\/i0.wp.com\/cfcontabil.com\/cf\/wp-content\/uploads\/2022\/02\/Banner-na-imposto-de-renda-Miniatura-do-YouTube.png?fit=1200%2C675&resize=1050%2C600 3x"},"classes":[]},{"id":1075,"url":"http:\/\/cfcontabil.com\/cf\/receita-federal-lanca-video-do-imposto-de-renda-2017\/","url_meta":{"origin":3155,"position":4},"title":"Receita Federal lan\u00e7a v\u00eddeo do Imposto de Renda 2017","author":"Ab\u00edlio Gon\u00e7alves","date":"21 de mar\u00e7o de 2017","format":false,"excerpt":"A TV Receita acaba de lan\u00e7ar v\u00eddeo em anima\u00e7\u00e3o para a divulga\u00e7\u00e3o do IRPF 2017. As imagens apresentam as novidades da declara\u00e7\u00e3o deste ano, al\u00e9m de enfatizar de forma l\u00fadica e simplificada os pontos b\u00e1sicos da declara\u00e7\u00e3o de imposto de renda pessoa f\u00edsica. Com bom humor e de forma descontra\u00edda,\u2026","rel":"","context":"Em &quot;Departamento Fiscal&quot;","block_context":{"text":"Departamento Fiscal","link":"http:\/\/cfcontabil.com\/cf\/category\/df\/"},"img":{"alt_text":"","src":"https:\/\/i0.wp.com\/cfcontabil.com\/cf\/wp-content\/uploads\/2017\/02\/irpf2017-1.png?fit=490%2C247&resize=350%2C200","width":350,"height":200},"classes":[]},{"id":596,"url":"http:\/\/cfcontabil.com\/cf\/ultimo-dia-para-o-irpf-2015-e-hoje\/","url_meta":{"origin":3155,"position":5},"title":"\u00daltimo dia para o IRPF 2015 \u00e9 hoje!","author":"Ab\u00edlio Gon\u00e7alves","date":"30 de abril de 2015","format":false,"excerpt":"Faltando poucas horas para encerrar o prazo da Declara\u00e7\u00e3o do Imposto de Renda ainda tem muito contribuinte em busca de acertar as contas com o le\u00e3o. E para quem deixou a declara\u00e7\u00e3o do Imposto de Renda 2015 para as \u00faltimas horas do prazo, \u00e0s 23h59min de hoje,\u00a0vale ficar atento \u00e0s\u2026","rel":"","context":"Em &quot;Geral&quot;","block_context":{"text":"Geral","link":"http:\/\/cfcontabil.com\/cf\/category\/geral\/"},"img":{"alt_text":"","src":"https:\/\/i0.wp.com\/cfcontabil.com\/cf\/wp-content\/uploads\/2015\/04\/leao-2.jpg?fit=620%2C412&resize=350%2C200","width":350,"height":200,"srcset":"https:\/\/i0.wp.com\/cfcontabil.com\/cf\/wp-content\/uploads\/2015\/04\/leao-2.jpg?fit=620%2C412&resize=350%2C200 1x, https:\/\/i0.wp.com\/cfcontabil.com\/cf\/wp-content\/uploads\/2015\/04\/leao-2.jpg?fit=620%2C412&resize=525%2C300 1.5x"},"classes":[]}],"jetpack_likes_enabled":true,"_links":{"self":[{"href":"http:\/\/cfcontabil.com\/cf\/wp-json\/wp\/v2\/posts\/3155","targetHints":{"allow":["GET"]}}],"collection":[{"href":"http:\/\/cfcontabil.com\/cf\/wp-json\/wp\/v2\/posts"}],"about":[{"href":"http:\/\/cfcontabil.com\/cf\/wp-json\/wp\/v2\/types\/post"}],"author":[{"embeddable":true,"href":"http:\/\/cfcontabil.com\/cf\/wp-json\/wp\/v2\/users\/1"}],"replies":[{"embeddable":true,"href":"http:\/\/cfcontabil.com\/cf\/wp-json\/wp\/v2\/comments?post=3155"}],"version-history":[{"count":2,"href":"http:\/\/cfcontabil.com\/cf\/wp-json\/wp\/v2\/posts\/3155\/revisions"}],"predecessor-version":[{"id":3158,"href":"http:\/\/cfcontabil.com\/cf\/wp-json\/wp\/v2\/posts\/3155\/revisions\/3158"}],"wp:featuredmedia":[{"embeddable":true,"href":"http:\/\/cfcontabil.com\/cf\/wp-json\/wp\/v2\/media\/3159"}],"wp:attachment":[{"href":"http:\/\/cfcontabil.com\/cf\/wp-json\/wp\/v2\/media?parent=3155"}],"wp:term":[{"taxonomy":"category","embeddable":true,"href":"http:\/\/cfcontabil.com\/cf\/wp-json\/wp\/v2\/categories?post=3155"},{"taxonomy":"post_tag","embeddable":true,"href":"http:\/\/cfcontabil.com\/cf\/wp-json\/wp\/v2\/tags?post=3155"}],"curies":[{"name":"wp","href":"https:\/\/api.w.org\/{rel}","templated":true}]}}